
{"id":17444,"date":"2019-12-02T10:00:59","date_gmt":"2019-12-02T08:00:59","guid":{"rendered":"https:\/\/rauchfrei.at\/?p=17444"},"modified":"2019-11-28T16:49:27","modified_gmt":"2019-11-28T14:49:27","slug":"vernetzungstreffen","status":"publish","type":"post","link":"https:\/\/rauchfrei.at\/en\/vernetzungstreffen\/","title":{"rendered":"21. Vernetzungstreffen zur Tabakpr\u00e4vention und -entw\u00f6hnung"},"content":{"rendered":"<p>[et_pb_section bb_built=&#8221;1&#8243; fullwidth=&#8221;off&#8221; specialty=&#8221;off&#8221; _builder_version=&#8221;3.0.99&#8243; module_class=&#8221;header&#8221; next_background_color=&#8221;#000000&#8243;][et_pb_row _builder_version=&#8221;3.0.99&#8243;][et_pb_column type=&#8221;4_4&#8243;][et_pb_dp_dmb_module_10001 _builder_version=&#8221;3.21.1&#8243; subheadline=&#8221;Vernetzung und Austausch am 19.11.2019 in der BVA&#8221; z_index_tablet=&#8221;500&#8243; \/][\/et_pb_column][\/et_pb_row][\/et_pb_section][et_pb_section bb_built=&#8221;1&#8243; _builder_version=&#8221;3.0.99&#8243; custom_padding=&#8221;30px|||&#8221; prev_background_color=&#8221;#000000&#8243;][et_pb_row _builder_version=&#8221;3.0.99&#8243; module_class_2=&#8221;cat-and-tag&#8221; module_class_1=&#8221;blog-content&#8221;][et_pb_column type=&#8221;2_3&#8243;][et_pb_image _builder_version=&#8221;3.21.1&#8243; src=&#8221;https:\/\/rauchfrei.at\/wp-content\/uploads\/MG_7773.jpg&#8221; z_index_tablet=&#8221;500&#8243; \/][et_pb_text _builder_version=&#8221;3.21.1&#8243; z_index_tablet=&#8221;500&#8243;]<\/p>\n<p>Zum 21. Mal fand das Vernetzungstreffen rund um das Thema Tabakpr\u00e4vention und -entw\u00f6hnung statt. Es findet zweimal j\u00e4hrlich statt, Gastgeber in ganz \u00d6sterreich sind Sozialversicherungstr\u00e4ger, die sich f\u00fcr das Thema engagieren. Diesmal lud die BVA in Wien ein und wartete mit einem interessanten und praxisrelevanten Programm auf. \u00dcber 50 Expertinnen und Experten tauschten sich in Wien zum Thema &#8220;Rauchen und Erkrankungen&#8221; aus. Einen ausf\u00fchrlichen Bericht zu den Vortr\u00e4gen finden Sie hier:<\/p>\n<p><a href=\"http:\/\/www.bva.at\/cdscontent\/?contentid=10007.853014&amp;viewmode=content\">Zu den Pr\u00e4sentationen<\/a><\/p>\n<p>[\/et_pb_text][et_pb_post_nav _builder_version=&#8221;3.21.1&#8243; in_same_term=&#8221;off&#8221; z_index_tablet=&#8221;500&#8243; \/][\/et_pb_column][et_pb_column type=&#8221;1_3&#8243;][et_pb_sidebar _builder_version=&#8221;3.0.99&#8243; area=&#8221;et_pb_widget_area_1&#8243; orientation=&#8221;left&#8221; show_border=&#8221;on&#8221; background_layout=&#8221;light&#8221; \/][et_pb_dp_dmb_module_10093 admin_label=&#8221;Das Rauchfrei Ticket&#8221; farbe=&#8221;beige&#8221; headline=&#8221;Das Rauchfrei Ticket &#8211; Informationen f\u00fcr Profis&#8221; image=&#8221;https:\/\/rauchfrei.at\/wp-content\/uploads\/eins-2.jpg&#8221; image_position=&#8221;left&#8221; link_text=&#8221;mehr&#8221; link_url=&#8221;https:\/\/rauchfrei.at\/fuer-gesundheitsberufe\/das-rauchfrei-ticket\/&#8221; image_size=&#8221;90&#8243; _builder_version=&#8221;3.21&#8243; custom_link=&#8221;off&#8221; hover_enabled=&#8221;0&#8243; saved_tabs=&#8221;all&#8221; global_module=&#8221;15118&#8243; \/][et_pb_dp_dmb_module_10080 admin_label=&#8221;Materialdownloads&#8221; link_text=&#8221;hier downloaden&#8221; link_url=&#8221;https:\/\/rauchfrei.at\/broschueren-downloads\/download-broschueren\/&#8221; _builder_version=&#8221;3.19.15&#8243; custom_link=&#8221;off&#8221; hover_enabled=&#8221;0&#8243; saved_tabs=&#8221;all&#8221; global_module=&#8221;13235&#8243;]<\/p>\n<p><span lang=\"DE-AT\"><strong>Brosch\u00fcren, Folder<\/strong> und <strong>Poster<\/strong><\/span><\/p>\n<p>[\/et_pb_dp_dmb_module_10080][\/et_pb_column][\/et_pb_row][\/et_pb_section]<\/p>\n","protected":false},"excerpt":{"rendered":"<p>Zum 21. Mal fand das Vernetzungstreffen rund um das Thema Tabakpr\u00e4vention und \u2013 Entw\u00f6hnung statt. Diesmal war die BVA in Wien Gastgeberin und wartete mit einem interessanten und praxisrelevanten Programm auf.<\/p>\n","protected":false},"author":25,"featured_media":0,"comment_status":"open","ping_status":"open","sticky":false,"template":"","format":"standard","meta":{"_et_pb_use_builder":"on","_et_pb_old_content":"","_et_gb_content_width":"","footnotes":""},"categories":[237,232,234],"tags":[],"class_list":["post-17444","post","type-post","status-publish","format-standard","hentry","category-literatur-und-hintergrundwissen","category-nachrichten-vom-rauchfrei-telefon","category-oesterreichweite-angebote-zur-entwoehnung"],"yoast_head":"<!-- This site is optimized with the Yoast SEO plugin v26.2 - https:\/\/yoast.com\/wordpress\/plugins\/seo\/ -->\n<title>21. Vernetzungstreffen zur Tabakpr\u00e4vention und -entw\u00f6hnung - Rauchfrei Telefon<\/title>\n<meta name=\"robots\" content=\"index, follow, max-snippet:-1, max-image-preview:large, max-video-preview:-1\" \/>\n<link rel=\"canonical\" href=\"https:\/\/rauchfrei.at\/vernetzungstreffen\/\" \/>\n<meta property=\"og:locale\" content=\"en_US\" \/>\n<meta property=\"og:type\" content=\"article\" \/>\n<meta property=\"og:title\" content=\"21. Vernetzungstreffen zur Tabakpr\u00e4vention und -entw\u00f6hnung - Rauchfrei Telefon\" \/>\n<meta property=\"og:description\" content=\"Zum 21. Mal fand das Vernetzungstreffen rund um das Thema Tabakpr\u00e4vention und \u2013 Entw\u00f6hnung statt. Diesmal war die BVA in Wien Gastgeberin und wartete mit einem interessanten und praxisrelevanten Programm auf.\" \/>\n<meta property=\"og:url\" content=\"https:\/\/rauchfrei.at\/vernetzungstreffen\/\" \/>\n<meta property=\"og:site_name\" content=\"Rauchfrei Telefon\" \/>\n<meta property=\"article:published_time\" content=\"2019-12-02T08:00:59+00:00\" \/>\n<meta name=\"author\" content=\"Rauchfrei Team\" \/>\n<meta name=\"twitter:card\" content=\"summary_large_image\" \/>\n<meta name=\"twitter:label1\" content=\"Written by\" \/>\n\t<meta name=\"twitter:data1\" content=\"Rauchfrei Team\" \/>\n\t<meta name=\"twitter:label2\" content=\"Est. reading time\" \/>\n\t<meta name=\"twitter:data2\" content=\"2 minutes\" \/>\n<script type=\"application\/ld+json\" class=\"yoast-schema-graph\">{\"@context\":\"https:\/\/schema.org\",\"@graph\":[{\"@type\":\"WebPage\",\"@id\":\"https:\/\/rauchfrei.at\/vernetzungstreffen\/\",\"url\":\"https:\/\/rauchfrei.at\/vernetzungstreffen\/\",\"name\":\"21. Vernetzungstreffen zur Tabakpr\u00e4vention und -entw\u00f6hnung - Rauchfrei Telefon\",\"isPartOf\":{\"@id\":\"https:\/\/rauchfrei.at\/#website\"},\"datePublished\":\"2019-12-02T08:00:59+00:00\",\"author\":{\"@id\":\"https:\/\/rauchfrei.at\/#\/schema\/person\/504bbf90c5482004fc09aef6de7f9277\"},\"inLanguage\":\"en-US\",\"potentialAction\":[{\"@type\":\"ReadAction\",\"target\":[\"https:\/\/rauchfrei.at\/vernetzungstreffen\/\"]}]},{\"@type\":\"WebSite\",\"@id\":\"https:\/\/rauchfrei.at\/#website\",\"url\":\"https:\/\/rauchfrei.at\/\",\"name\":\"Rauchfrei Telefon\",\"description\":\"Eine \u00f6sterreichweite Initiative der Sozialversicherungen.\",\"potentialAction\":[{\"@type\":\"SearchAction\",\"target\":{\"@type\":\"EntryPoint\",\"urlTemplate\":\"https:\/\/rauchfrei.at\/?s={search_term_string}\"},\"query-input\":{\"@type\":\"PropertyValueSpecification\",\"valueRequired\":true,\"valueName\":\"search_term_string\"}}],\"inLanguage\":\"en-US\"},{\"@type\":\"Person\",\"@id\":\"https:\/\/rauchfrei.at\/#\/schema\/person\/504bbf90c5482004fc09aef6de7f9277\",\"name\":\"Rauchfrei Team\",\"image\":{\"@type\":\"ImageObject\",\"inLanguage\":\"en-US\",\"@id\":\"https:\/\/rauchfrei.at\/#\/schema\/person\/image\/\",\"url\":\"https:\/\/secure.gravatar.com\/avatar\/2115b79a00800516fa1523bb5a329611f90e73e89be559131fc7e82b4fdc95ff?s=96&d=mm&r=g\",\"contentUrl\":\"https:\/\/secure.gravatar.com\/avatar\/2115b79a00800516fa1523bb5a329611f90e73e89be559131fc7e82b4fdc95ff?s=96&d=mm&r=g\",\"caption\":\"Rauchfrei Team\"},\"url\":\"https:\/\/rauchfrei.at\/en\/author\/rauchfrei-team\/\"}]}<\/script>\n<!-- \/ Yoast SEO plugin. -->","yoast_head_json":{"title":"21. Vernetzungstreffen zur Tabakpr\u00e4vention und -entw\u00f6hnung - Rauchfrei Telefon","robots":{"index":"index","follow":"follow","max-snippet":"max-snippet:-1","max-image-preview":"max-image-preview:large","max-video-preview":"max-video-preview:-1"},"canonical":"https:\/\/rauchfrei.at\/vernetzungstreffen\/","og_locale":"en_US","og_type":"article","og_title":"21. Vernetzungstreffen zur Tabakpr\u00e4vention und -entw\u00f6hnung - Rauchfrei Telefon","og_description":"Zum 21. Mal fand das Vernetzungstreffen rund um das Thema Tabakpr\u00e4vention und \u2013 Entw\u00f6hnung statt. Diesmal war die BVA in Wien Gastgeberin und wartete mit einem interessanten und praxisrelevanten Programm auf.","og_url":"https:\/\/rauchfrei.at\/vernetzungstreffen\/","og_site_name":"Rauchfrei Telefon","article_published_time":"2019-12-02T08:00:59+00:00","author":"Rauchfrei Team","twitter_card":"summary_large_image","twitter_misc":{"Written by":"Rauchfrei Team","Est. reading time":"2 minutes"},"schema":{"@context":"https:\/\/schema.org","@graph":[{"@type":"WebPage","@id":"https:\/\/rauchfrei.at\/vernetzungstreffen\/","url":"https:\/\/rauchfrei.at\/vernetzungstreffen\/","name":"21. Vernetzungstreffen zur Tabakpr\u00e4vention und -entw\u00f6hnung - Rauchfrei Telefon","isPartOf":{"@id":"https:\/\/rauchfrei.at\/#website"},"datePublished":"2019-12-02T08:00:59+00:00","author":{"@id":"https:\/\/rauchfrei.at\/#\/schema\/person\/504bbf90c5482004fc09aef6de7f9277"},"inLanguage":"en-US","potentialAction":[{"@type":"ReadAction","target":["https:\/\/rauchfrei.at\/vernetzungstreffen\/"]}]},{"@type":"WebSite","@id":"https:\/\/rauchfrei.at\/#website","url":"https:\/\/rauchfrei.at\/","name":"Rauchfrei Telefon","description":"Eine \u00f6sterreichweite Initiative der Sozialversicherungen.","potentialAction":[{"@type":"SearchAction","target":{"@type":"EntryPoint","urlTemplate":"https:\/\/rauchfrei.at\/?s={search_term_string}"},"query-input":{"@type":"PropertyValueSpecification","valueRequired":true,"valueName":"search_term_string"}}],"inLanguage":"en-US"},{"@type":"Person","@id":"https:\/\/rauchfrei.at\/#\/schema\/person\/504bbf90c5482004fc09aef6de7f9277","name":"Rauchfrei Team","image":{"@type":"ImageObject","inLanguage":"en-US","@id":"https:\/\/rauchfrei.at\/#\/schema\/person\/image\/","url":"https:\/\/secure.gravatar.com\/avatar\/2115b79a00800516fa1523bb5a329611f90e73e89be559131fc7e82b4fdc95ff?s=96&d=mm&r=g","contentUrl":"https:\/\/secure.gravatar.com\/avatar\/2115b79a00800516fa1523bb5a329611f90e73e89be559131fc7e82b4fdc95ff?s=96&d=mm&r=g","caption":"Rauchfrei Team"},"url":"https:\/\/rauchfrei.at\/en\/author\/rauchfrei-team\/"}]}},"_links":{"self":[{"href":"https:\/\/rauchfrei.at\/en\/wp-json\/wp\/v2\/posts\/17444","targetHints":{"allow":["GET"]}}],"collection":[{"href":"https:\/\/rauchfrei.at\/en\/wp-json\/wp\/v2\/posts"}],"about":[{"href":"https:\/\/rauchfrei.at\/en\/wp-json\/wp\/v2\/types\/post"}],"author":[{"embeddable":true,"href":"https:\/\/rauchfrei.at\/en\/wp-json\/wp\/v2\/users\/25"}],"replies":[{"embeddable":true,"href":"https:\/\/rauchfrei.at\/en\/wp-json\/wp\/v2\/comments?post=17444"}],"version-history":[{"count":5,"href":"https:\/\/rauchfrei.at\/en\/wp-json\/wp\/v2\/posts\/17444\/revisions"}],"predecessor-version":[{"id":17635,"href":"https:\/\/rauchfrei.at\/en\/wp-json\/wp\/v2\/posts\/17444\/revisions\/17635"}],"wp:attachment":[{"href":"https:\/\/rauchfrei.at\/en\/wp-json\/wp\/v2\/media?parent=17444"}],"wp:term":[{"taxonomy":"category","embeddable":true,"href":"https:\/\/rauchfrei.at\/en\/wp-json\/wp\/v2\/categories?post=17444"},{"taxonomy":"post_tag","embeddable":true,"href":"https:\/\/rauchfrei.at\/en\/wp-json\/wp\/v2\/tags?post=17444"}],"curies":[{"name":"wp","href":"https:\/\/api.w.org\/{rel}","templated":true}]}}