
{"id":17533,"date":"2019-10-14T10:00:11","date_gmt":"2019-10-14T08:00:11","guid":{"rendered":"https:\/\/rauchfrei.at\/?p=17533"},"modified":"2019-10-15T14:23:36","modified_gmt":"2019-10-15T12:23:36","slug":"rauchen-verdauung-und-ernaehrung","status":"publish","type":"post","link":"https:\/\/rauchfrei.at\/en\/rauchen-verdauung-und-ernaehrung\/","title":{"rendered":"Rauchen, Verdauung und Ern\u00e4hrung"},"content":{"rendered":"<p>[et_pb_section bb_built=&#8221;1&#8243; fullwidth=&#8221;off&#8221; specialty=&#8221;off&#8221; _builder_version=&#8221;3.0.99&#8243; module_class=&#8221;header&#8221; next_background_color=&#8221;#000000&#8243;][et_pb_row _builder_version=&#8221;3.0.99&#8243;][et_pb_column type=&#8221;4_4&#8243;][et_pb_dp_dmb_module_10001 _builder_version=&#8221;3.21.1&#8243; subheadline=&#8221;Was kann ich essen, damit mir der Rauchstopp leichter f\u00e4llt?&#8221; z_index_tablet=&#8221;500&#8243; \/][\/et_pb_column][\/et_pb_row][\/et_pb_section][et_pb_section bb_built=&#8221;1&#8243; _builder_version=&#8221;3.0.99&#8243; custom_padding=&#8221;30px|||&#8221; prev_background_color=&#8221;#000000&#8243;][et_pb_row _builder_version=&#8221;3.0.99&#8243; module_class_2=&#8221;cat-and-tag&#8221; module_class_1=&#8221;blog-content&#8221;][et_pb_column type=&#8221;2_3&#8243;][et_pb_text _builder_version=&#8221;3.21.1&#8243; z_index_tablet=&#8221;500&#8243;]<\/p>\n<p>Rauchen und Essen h\u00e4ngen zusammen! Viele Raucher\/innen beschreiben uns w\u00e4hrend der Telefonberatungen, dass sich ihr Essverhalten und ihre Verdauung ver\u00e4ndert haben, seit sie rauchfrei sind.<\/p>\n<p><strong>Die Verdauung stockt?<\/strong><\/p>\n<p>Bereits in den ersten rauchfreien Tagen klagen manche \u00fcber den Verlust ihrer \u201eKnopfdruckverdauung\u201c. Das hei\u00dft, ihr K\u00f6rper muss sich erst umstellen, und der zuvor regelm\u00e4\u00dfige Stuhlgang \u2013 insbesondere direkt nach der sogenannten Verdauungszigarette \u2013 fehlt. Der K\u00f6rper ben\u00f6tigt einige Tage bis Wochen, um seinen Stoffwechsel umzustellen. Folgende Ern\u00e4hrungstipps helfen hier weiter:<\/p>\n<ul>\n<li>Ein Glas warmes Wasser am Morgen (noch vor dem Fr\u00fchst\u00fcck) trinken<\/li>\n<li>Apfelmus, Pflaumen, Pflaumenmus essen<\/li>\n<li>Ballaststoffreiche Nahrungsmittel essen<\/li>\n<li>Ausreichend Wasser trinken<\/li>\n<\/ul>\n<p>Nicht nur die Ern\u00e4hrung, sondern auch Bewegung und Entspannungstraining helfen, den Darm in Bewegung zu bringen. Steigen Sie Stiegen statt den Lift zu nutzen, machen Sie einen kurzen Spaziergang um den H\u00e4userblock, gehen Sie mit Freunden eine Runde wandern oder walken, statt sich im Kaffeehaus zu treffen.<\/p>\n<p><strong>Angst vor Gewichtszunahme?<\/strong><\/p>\n<p>Wenn nach dem Rauchstopp das Essen wieder besser schmeckt und zwischendurch Hei\u00dfhunger oder Gusto auf Kohlehydrate und S\u00fc\u00dfes aufkommt, dann ist es schwer, dem Essen zu widerstehen. Es ist wichtig zu wissen: Der Stoffwechsel ist durch das Rauchen erh\u00f6ht und muss sich nach einem Rauchstopp umstellen. Im Schnitt werden 200 bis 300 kcal t\u00e4glich weniger verbraucht, wenn man aufh\u00f6rt zu rauchen. Hier empfiehlt es sich:<\/p>\n<ul>\n<li>Gesund zu fr\u00fchst\u00fccken, um den Blutzuckerspiegel bereits morgens zu stabilisieren (M\u00fcsli, Tee, Obst, &#8230;)<\/li>\n<li>Regelm\u00e4\u00dfig zu essen, um Hei\u00dfhunger gar nicht erst aufkommen zu lassen<\/li>\n<li>\u2026<\/li>\n<\/ul>\n<p><strong>Essen, das fr\u00f6hlich macht?<\/strong><\/p>\n<p>Viele frische Exraucher\/innen freuen sich dar\u00fcber, dass das Essen wieder besser schmeckt und sie auch Ger\u00fcche wieder intensiver wahrnehmen. Bestimmte Lebensmittel tragen zu guter Laune bei, da sie reichlich Tryptophan enthalten, aus dem das Gl\u00fcckshormon Serotonin im Gehirn gebildet werden kann. Essen kann somit auch die eigene Stimmung positiv beeinflussen. Guten Appetit und gute Laune w\u00fcnschen wir mit:<\/p>\n<ul>\n<li>Exotischen Fr\u00fcchten: wie Bananen, Avocados, Feigen, Datteln, Papayas<\/li>\n<li>Gem\u00fcse und H\u00fclsenfr\u00fcchten: wie Erbsen, Kichererbsen, Sojabohnen, Steinpilzen, Tomaten<\/li>\n<li>Getreide: wie Amaranth, Dinkel, Buchweizen, Hirse, Quinoa, Weizenkleie, Haferflocken<\/li>\n<li>N\u00fcssen: wie Erd-, Hasel-, Waln\u00fcsse, Mandeln, Cashewkerne<\/li>\n<li>Milchprodukten: wie Joghurt, Kuhmilch, Camembert, Edamer, Emmentaler<\/li>\n<li>Eiern, Fleisch und Fisch<\/li>\n<\/ul>\n<p>Wir beraten Sie gerne telefonisch zum Rauchstopp!<\/p>\n<p>\u00a0<\/p>\n<p><strong><u>Link:<\/u><\/strong><\/p>\n<p><a href=\"https:\/\/rauchfrei.at\/aufhoeren\/schritte-zum-rauchstopp\/gewicht-verdauung-und-bewegung\/\">https:\/\/rauchfrei.at\/aufhoeren\/schritte-zum-rauchstopp\/gewicht-verdauung-und-bewegung\/<\/a><\/p>\n<p>[\/et_pb_text][et_pb_post_nav _builder_version=&#8221;3.0.99&#8243; in_same_term=&#8221;off&#8221; show_prev=&#8221;on&#8221; show_next=&#8221;on&#8221; \/][\/et_pb_column][et_pb_column type=&#8221;1_3&#8243;][et_pb_sidebar _builder_version=&#8221;3.0.99&#8243; area=&#8221;et_pb_widget_area_1&#8243; orientation=&#8221;left&#8221; show_border=&#8221;on&#8221; background_layout=&#8221;light&#8221; \/][et_pb_dp_dmb_module_10093 admin_label=&#8221;Rauchstop und Verdauung&#8221; farbe=&#8221;blitzgelb&#8221; headline=&#8221;Rauchstopp und Verdauung&#8221; image=&#8221;https:\/\/rauchfrei.at\/wp-content\/uploads\/Appetite-and-digenstion-yellow-narrow.png&#8221; image_position=&#8221;center&#8221; link_text=&#8221;mehr dazu&#8221; link_url=&#8221;https:\/\/rauchfrei.at\/aufhoeren\/schritte-zum-rauchstopp\/gewicht-verdauung-und-bewegung\/&#8221; image_size=&#8221;70&#8243; _builder_version=&#8221;3.19.15&#8243; background_color=&#8221;#0c71c3&#8243; custom_link=&#8221;off&#8221; text_orientation=&#8221;left&#8221; hover_enabled=&#8221;0&#8243; saved_tabs=&#8221;all&#8221; link_new_tab=&#8221;off&#8221; use_background_color_gradient=&#8221;off&#8221; background_color_gradient_direction=&#8221;180deg&#8221; parallax=&#8221;off&#8221; background_size=&#8221;cover&#8221; background_position=&#8221;center&#8221; background_repeat=&#8221;no-repeat&#8221; background_blend=&#8221;normal&#8221; allow_player_pause=&#8221;off&#8221; background_video_pause_outside_viewport=&#8221;on&#8221; dp_tiny_mce_font_size=&#8221;14px&#8221; dp_tiny_mce_letter_spacing=&#8221;0px&#8221; dp_tiny_mce_line_height=&#8221;1.5em&#8221; dp_tiny_mce_text_shadow_style=&#8221;none&#8221; border_radii=&#8221;on||||&#8221; link_bg_use_color_gradient=&#8221;off&#8221; link_bg_color_gradient_start=&#8221;#2b87da&#8221; link_bg_color_gradient_end=&#8221;#29c4a9&#8243; link_bg_color_gradient_type=&#8221;linear&#8221; link_bg_color_gradient_direction=&#8221;180deg&#8221; link_bg_color_gradient_direction_radial=&#8221;center&#8221; link_bg_color_gradient_start_position=&#8221;0%&#8221; link_bg_color_gradient_end_position=&#8221;100%&#8221; link_bg_color_gradient_overlays_image=&#8221;off&#8221; link_bg_parallax=&#8221;off&#8221; link_bg_parallax_method=&#8221;on&#8221; link_bg_size=&#8221;cover&#8221; link_bg_position=&#8221;center&#8221; link_bg_repeat=&#8221;no-repeat&#8221; link_bg_blend=&#8221;normal&#8221; link_bg_allow_player_pause=&#8221;off&#8221; link_bg_video_pause_outside_viewport=&#8221;on&#8221; link_icon_placement=&#8221;right&#8221; link_on_hover=&#8221;on&#8221; box_shadow_style=&#8221;none&#8221; background_layout=&#8221;light&#8221; max_width=&#8221;100%&#8221; filter_hue_rotate=&#8221;0deg&#8221; filter_saturate=&#8221;100%&#8221; filter_brightness=&#8221;100%&#8221; filter_contrast=&#8221;100%&#8221; filter_invert=&#8221;0%&#8221; filter_sepia=&#8221;0%&#8221; filter_opacity=&#8221;100%&#8221; filter_blur=&#8221;0px&#8221; mix_blend_mode=&#8221;normal&#8221; animation_style=&#8221;none&#8221; animation_direction=&#8221;center&#8221; text_shadow_style=&#8221;none&#8221; hover_transition_duration=&#8221;300ms&#8221; hover_transition_delay=&#8221;0ms&#8221; hover_transition_speed_curve=&#8221;ease&#8221; global_module=&#8221;12618&#8243;]<\/p>\n<p>\nDer Rauchstopp bringt die Verdauung manchmal ganz sch\u00f6n ins Stocken.<\/p>\n<p>[\/et_pb_dp_dmb_module_10093][et_pb_dp_dmb_module_10093 admin_label=&#8221;November rauchfrei&#8221; farbe=&#8221;blitzblau&#8221; image=&#8221;https:\/\/rauchfrei.at\/wp-content\/uploads\/Nov_Rauchfreiv02.png&#8221; _builder_version=&#8221;3.21.1&#8243; image_position=&#8221;center&#8221; link_url=&#8221;https:\/\/rauchfrei.at\/november-rauchfrei&#8221; image_size=&#8221;90&#8243; link_text=&#8221;mehr dazu&#8221; saved_tabs=&#8221;all&#8221; z_index_tablet=&#8221;500&#8243; global_module=&#8221;17470&#8243; \/][\/et_pb_column][\/et_pb_row][\/et_pb_section]<\/p>\n","protected":false},"excerpt":{"rendered":"<p>Rauchen und Essen h\u00e4ngen zusammen? \u2013 Ja, hier gibt es verschiedene Aspekte, die wir am Rauchfrei Telefon nicht nur aus der Theorie, sondern aus den t\u00e4glichen Beratungsgespr\u00e4chen kennen: z.B. Verdauungsprobleme, gesteigerter Appetit oder die Sorge Gewicht zuzunehmen. Wussten Sie, dass Sie sich den Rauchstopp mit gutem Essen auch erleichtern k\u00f6nnen?<\/p>\n","protected":false},"author":25,"featured_media":0,"comment_status":"open","ping_status":"open","sticky":false,"template":"","format":"standard","meta":{"_et_pb_use_builder":"on","_et_pb_old_content":"","_et_gb_content_width":"","footnotes":""},"categories":[236],"tags":[],"class_list":["post-17533","post","type-post","status-publish","format-standard","hentry","category-nicht-kategorisiert"],"yoast_head":"<!-- This site is optimized with the Yoast SEO plugin v26.2 - https:\/\/yoast.com\/wordpress\/plugins\/seo\/ -->\n<title>Rauchen, Verdauung und Ern\u00e4hrung - Rauchfrei Telefon<\/title>\n<meta name=\"robots\" content=\"index, follow, max-snippet:-1, max-image-preview:large, max-video-preview:-1\" \/>\n<link rel=\"canonical\" href=\"https:\/\/rauchfrei.at\/rauchen-verdauung-und-ernaehrung\/\" \/>\n<meta property=\"og:locale\" content=\"en_US\" \/>\n<meta property=\"og:type\" content=\"article\" \/>\n<meta property=\"og:title\" content=\"Rauchen, Verdauung und Ern\u00e4hrung - Rauchfrei Telefon\" \/>\n<meta property=\"og:description\" content=\"Rauchen und Essen h\u00e4ngen zusammen? \u2013 Ja, hier gibt es verschiedene Aspekte, die wir am Rauchfrei Telefon nicht nur aus der Theorie, sondern aus den t\u00e4glichen Beratungsgespr\u00e4chen kennen: z.B. Verdauungsprobleme, gesteigerter Appetit oder die Sorge Gewicht zuzunehmen. Wussten Sie, dass Sie sich den Rauchstopp mit gutem Essen auch erleichtern k\u00f6nnen?\" \/>\n<meta property=\"og:url\" content=\"https:\/\/rauchfrei.at\/rauchen-verdauung-und-ernaehrung\/\" \/>\n<meta property=\"og:site_name\" content=\"Rauchfrei Telefon\" \/>\n<meta property=\"article:published_time\" content=\"2019-10-14T08:00:11+00:00\" \/>\n<meta property=\"article:modified_time\" content=\"2019-10-15T12:23:36+00:00\" \/>\n<meta name=\"author\" content=\"Rauchfrei Team\" \/>\n<meta name=\"twitter:card\" content=\"summary_large_image\" \/>\n<meta name=\"twitter:label1\" content=\"Written by\" \/>\n\t<meta name=\"twitter:data1\" content=\"Rauchfrei Team\" \/>\n\t<meta name=\"twitter:label2\" content=\"Est. reading time\" \/>\n\t<meta name=\"twitter:data2\" content=\"4 minutes\" \/>\n<script type=\"application\/ld+json\" class=\"yoast-schema-graph\">{\"@context\":\"https:\/\/schema.org\",\"@graph\":[{\"@type\":\"WebPage\",\"@id\":\"https:\/\/rauchfrei.at\/rauchen-verdauung-und-ernaehrung\/\",\"url\":\"https:\/\/rauchfrei.at\/rauchen-verdauung-und-ernaehrung\/\",\"name\":\"Rauchen, Verdauung und Ern\u00e4hrung - Rauchfrei Telefon\",\"isPartOf\":{\"@id\":\"https:\/\/rauchfrei.at\/#website\"},\"datePublished\":\"2019-10-14T08:00:11+00:00\",\"dateModified\":\"2019-10-15T12:23:36+00:00\",\"author\":{\"@id\":\"https:\/\/rauchfrei.at\/#\/schema\/person\/504bbf90c5482004fc09aef6de7f9277\"},\"inLanguage\":\"en-US\",\"potentialAction\":[{\"@type\":\"ReadAction\",\"target\":[\"https:\/\/rauchfrei.at\/rauchen-verdauung-und-ernaehrung\/\"]}]},{\"@type\":\"WebSite\",\"@id\":\"https:\/\/rauchfrei.at\/#website\",\"url\":\"https:\/\/rauchfrei.at\/\",\"name\":\"Rauchfrei Telefon\",\"description\":\"Eine \u00f6sterreichweite Initiative der Sozialversicherungen.\",\"potentialAction\":[{\"@type\":\"SearchAction\",\"target\":{\"@type\":\"EntryPoint\",\"urlTemplate\":\"https:\/\/rauchfrei.at\/?s={search_term_string}\"},\"query-input\":{\"@type\":\"PropertyValueSpecification\",\"valueRequired\":true,\"valueName\":\"search_term_string\"}}],\"inLanguage\":\"en-US\"},{\"@type\":\"Person\",\"@id\":\"https:\/\/rauchfrei.at\/#\/schema\/person\/504bbf90c5482004fc09aef6de7f9277\",\"name\":\"Rauchfrei Team\",\"image\":{\"@type\":\"ImageObject\",\"inLanguage\":\"en-US\",\"@id\":\"https:\/\/rauchfrei.at\/#\/schema\/person\/image\/\",\"url\":\"https:\/\/secure.gravatar.com\/avatar\/2115b79a00800516fa1523bb5a329611f90e73e89be559131fc7e82b4fdc95ff?s=96&d=mm&r=g\",\"contentUrl\":\"https:\/\/secure.gravatar.com\/avatar\/2115b79a00800516fa1523bb5a329611f90e73e89be559131fc7e82b4fdc95ff?s=96&d=mm&r=g\",\"caption\":\"Rauchfrei Team\"},\"url\":\"https:\/\/rauchfrei.at\/en\/author\/rauchfrei-team\/\"}]}<\/script>\n<!-- \/ Yoast SEO plugin. -->","yoast_head_json":{"title":"Rauchen, Verdauung und Ern\u00e4hrung - Rauchfrei Telefon","robots":{"index":"index","follow":"follow","max-snippet":"max-snippet:-1","max-image-preview":"max-image-preview:large","max-video-preview":"max-video-preview:-1"},"canonical":"https:\/\/rauchfrei.at\/rauchen-verdauung-und-ernaehrung\/","og_locale":"en_US","og_type":"article","og_title":"Rauchen, Verdauung und Ern\u00e4hrung - Rauchfrei Telefon","og_description":"Rauchen und Essen h\u00e4ngen zusammen? \u2013 Ja, hier gibt es verschiedene Aspekte, die wir am Rauchfrei Telefon nicht nur aus der Theorie, sondern aus den t\u00e4glichen Beratungsgespr\u00e4chen kennen: z.B. Verdauungsprobleme, gesteigerter Appetit oder die Sorge Gewicht zuzunehmen. Wussten Sie, dass Sie sich den Rauchstopp mit gutem Essen auch erleichtern k\u00f6nnen?","og_url":"https:\/\/rauchfrei.at\/rauchen-verdauung-und-ernaehrung\/","og_site_name":"Rauchfrei Telefon","article_published_time":"2019-10-14T08:00:11+00:00","article_modified_time":"2019-10-15T12:23:36+00:00","author":"Rauchfrei Team","twitter_card":"summary_large_image","twitter_misc":{"Written by":"Rauchfrei Team","Est. reading time":"4 minutes"},"schema":{"@context":"https:\/\/schema.org","@graph":[{"@type":"WebPage","@id":"https:\/\/rauchfrei.at\/rauchen-verdauung-und-ernaehrung\/","url":"https:\/\/rauchfrei.at\/rauchen-verdauung-und-ernaehrung\/","name":"Rauchen, Verdauung und Ern\u00e4hrung - Rauchfrei Telefon","isPartOf":{"@id":"https:\/\/rauchfrei.at\/#website"},"datePublished":"2019-10-14T08:00:11+00:00","dateModified":"2019-10-15T12:23:36+00:00","author":{"@id":"https:\/\/rauchfrei.at\/#\/schema\/person\/504bbf90c5482004fc09aef6de7f9277"},"inLanguage":"en-US","potentialAction":[{"@type":"ReadAction","target":["https:\/\/rauchfrei.at\/rauchen-verdauung-und-ernaehrung\/"]}]},{"@type":"WebSite","@id":"https:\/\/rauchfrei.at\/#website","url":"https:\/\/rauchfrei.at\/","name":"Rauchfrei Telefon","description":"Eine \u00f6sterreichweite Initiative der Sozialversicherungen.","potentialAction":[{"@type":"SearchAction","target":{"@type":"EntryPoint","urlTemplate":"https:\/\/rauchfrei.at\/?s={search_term_string}"},"query-input":{"@type":"PropertyValueSpecification","valueRequired":true,"valueName":"search_term_string"}}],"inLanguage":"en-US"},{"@type":"Person","@id":"https:\/\/rauchfrei.at\/#\/schema\/person\/504bbf90c5482004fc09aef6de7f9277","name":"Rauchfrei Team","image":{"@type":"ImageObject","inLanguage":"en-US","@id":"https:\/\/rauchfrei.at\/#\/schema\/person\/image\/","url":"https:\/\/secure.gravatar.com\/avatar\/2115b79a00800516fa1523bb5a329611f90e73e89be559131fc7e82b4fdc95ff?s=96&d=mm&r=g","contentUrl":"https:\/\/secure.gravatar.com\/avatar\/2115b79a00800516fa1523bb5a329611f90e73e89be559131fc7e82b4fdc95ff?s=96&d=mm&r=g","caption":"Rauchfrei Team"},"url":"https:\/\/rauchfrei.at\/en\/author\/rauchfrei-team\/"}]}},"_links":{"self":[{"href":"https:\/\/rauchfrei.at\/en\/wp-json\/wp\/v2\/posts\/17533","targetHints":{"allow":["GET"]}}],"collection":[{"href":"https:\/\/rauchfrei.at\/en\/wp-json\/wp\/v2\/posts"}],"about":[{"href":"https:\/\/rauchfrei.at\/en\/wp-json\/wp\/v2\/types\/post"}],"author":[{"embeddable":true,"href":"https:\/\/rauchfrei.at\/en\/wp-json\/wp\/v2\/users\/25"}],"replies":[{"embeddable":true,"href":"https:\/\/rauchfrei.at\/en\/wp-json\/wp\/v2\/comments?post=17533"}],"version-history":[{"count":3,"href":"https:\/\/rauchfrei.at\/en\/wp-json\/wp\/v2\/posts\/17533\/revisions"}],"predecessor-version":[{"id":17536,"href":"https:\/\/rauchfrei.at\/en\/wp-json\/wp\/v2\/posts\/17533\/revisions\/17536"}],"wp:attachment":[{"href":"https:\/\/rauchfrei.at\/en\/wp-json\/wp\/v2\/media?parent=17533"}],"wp:term":[{"taxonomy":"category","embeddable":true,"href":"https:\/\/rauchfrei.at\/en\/wp-json\/wp\/v2\/categories?post=17533"},{"taxonomy":"post_tag","embeddable":true,"href":"https:\/\/rauchfrei.at\/en\/wp-json\/wp\/v2\/tags?post=17533"}],"curies":[{"name":"wp","href":"https:\/\/api.w.org\/{rel}","templated":true}]}}