
{"id":17582,"date":"2019-10-28T10:00:22","date_gmt":"2019-10-28T08:00:22","guid":{"rendered":"https:\/\/rauchfrei.at\/?p=17582"},"modified":"2019-10-24T09:42:12","modified_gmt":"2019-10-24T07:42:12","slug":"november-rauchfrei-nutzen-sie-die-gelegenheit","status":"publish","type":"post","link":"https:\/\/rauchfrei.at\/en\/november-rauchfrei-nutzen-sie-die-gelegenheit\/","title":{"rendered":"November Rauchfrei! Nutzen Sie die Gelegenheit!"},"content":{"rendered":"<p>[et_pb_section bb_built=&#8221;1&#8243; fullwidth=&#8221;off&#8221; specialty=&#8221;off&#8221; _builder_version=&#8221;3.0.99&#8243; module_class=&#8221;header&#8221; next_background_color=&#8221;#000000&#8243;][et_pb_row _builder_version=&#8221;3.0.99&#8243;][et_pb_column type=&#8221;4_4&#8243;][et_pb_dp_dmb_module_10001 _builder_version=&#8221;3.21.1&#8243; subheadline=&#8221;Die Gastronomie wird rauchfrei, viele Raucher\/innen auch!&#8221; z_index_tablet=&#8221;500&#8243; \/][\/et_pb_column][\/et_pb_row][\/et_pb_section][et_pb_section bb_built=&#8221;1&#8243; _builder_version=&#8221;3.0.99&#8243; custom_padding=&#8221;30px|||&#8221; prev_background_color=&#8221;#000000&#8243;][et_pb_row _builder_version=&#8221;3.0.99&#8243; module_class_2=&#8221;cat-and-tag&#8221; module_class_1=&#8221;blog-content&#8221;][et_pb_column type=&#8221;2_3&#8243;][et_pb_image _builder_version=&#8221;3.21.1&#8243; src=&#8221;https:\/\/rauchfrei.at\/wp-content\/uploads\/rf19_november_sujet.jpg&#8221; z_index_tablet=&#8221;500&#8243; \/][et_pb_text _builder_version=&#8221;3.21.1&#8243; z_index_tablet=&#8221;500&#8243;]<\/p>\n<p>\n\u00c4nderungen in der Gesetzgebung bewirken meist \u00c4nderungen im individuellen Verhalten. Viele Raucher\/innen sind unzufrieden mit dem eigenen Rauchverhalten. Die rauchfreie Gastronomie f\u00fchrt auch dazu, dass mehr Raucher\/innen den Rauchstopp in Erw\u00e4gung ziehen. Je mehr R\u00e4ume rauchfrei sind, desto einfacher wird es, rauchfrei zu sein.<\/p>\n<p>Mit der Aktion <strong>NOVEMBER RAUCHFREI<\/strong> unterst\u00fctzt und informiert das Rauchfrei Telefon alle Personen, die rauchfrei werden und bleiben wollen &#8211; im November und auch danach.<\/p>\n<p>Ziel von <strong>NOVEMBER RAUCHFREI<\/strong> ist es, Raucher\/innen, die etwas ver\u00e4ndern m\u00f6chten, zu motivieren und zu unterst\u00fctzen und \u201eneue\u201c Ex-Raucher\/innen zu st\u00e4rken, rauchfrei zu bleiben.<\/p>\n<p>Mit Vorbereitung und Unterst\u00fctzung gelingt der Rauchstopp leichter!<\/p>\n<p>Wir freuen uns \u00fcber R\u00fcckmeldungen und Erfahrungsberichte unter <a href=\"mailto:info@rauchfrei.at\" target=\"_blank\" rel=\"noopener noreferrer\">info@rauchfrei.at<\/a>!<\/p>\n<p>Wenn Sie Ihre Teilnahme in den sozialen Medien zeigen m\u00f6chten, finden Sie hier ein Profilbild zum Download (pdf Profilbild hinterlegen)<\/p>\n<p>Hier finden Sie das Poster zum Download:<\/p>\n<p><a href=\"https:\/\/rauchfrei.at\/wp-content\/uploads\/rf19_november_poster03-002.pdf\" target=\"_blank\" rel=\"noopener noreferrer\"><img loading=\"lazy\" decoding=\"async\" class=\"alignnone wp-image-17561\" src=\"https:\/\/rauchfrei.at\/wp-content\/uploads\/Poster-November-Rauchfrei--480x678.jpg\" alt=\"\" width=\"293\" height=\"414\" srcset=\"https:\/\/rauchfrei.at\/wp-content\/uploads\/Poster-November-Rauchfrei--480x678.jpg 480w, https:\/\/rauchfrei.at\/wp-content\/uploads\/Poster-November-Rauchfrei--225x318.jpg 225w, https:\/\/rauchfrei.at\/wp-content\/uploads\/Poster-November-Rauchfrei-.jpg 671w\" sizes=\"(max-width: 293px) 100vw, 293px\" \/><\/a><\/p>\n<p><strong><u>Link:<br \/>\n<a href=\"https:\/\/rauchfrei.at\/november-rauchfrei\/\" target=\"_blank\" rel=\"noopener noreferrer\">https:\/\/rauchfrei.at\/november-rauchfrei\/<\/a><br \/>\n<\/u><\/strong><\/p>\n<p>[\/et_pb_text][et_pb_post_nav _builder_version=&#8221;3.0.99&#8243; in_same_term=&#8221;off&#8221; show_prev=&#8221;on&#8221; show_next=&#8221;on&#8221; \/][\/et_pb_column][et_pb_column type=&#8221;1_3&#8243;][et_pb_sidebar _builder_version=&#8221;3.0.99&#8243; area=&#8221;et_pb_widget_area_1&#8243; orientation=&#8221;left&#8221; show_border=&#8221;on&#8221; background_layout=&#8221;light&#8221; \/][et_pb_dp_dmb_module_10093 admin_label=&#8221;Trauen Sie sich den Rauchstopp zu&#8221; farbe=&#8221;blitzgelb&#8221; headline=&#8221;Trauen Sie sich den Rauchstopp zu!&#8221; image=&#8221;https:\/\/rauchfrei.at\/wp-content\/uploads\/Quitting-Yellow.png&#8221; image_position=&#8221;center&#8221; link_text=&#8221;mehr&#8221; image_size=&#8221;90&#8243; _builder_version=&#8221;3.19.15&#8243; custom_link=&#8221;off&#8221; hover_enabled=&#8221;0&#8243; saved_tabs=&#8221;all&#8221; link_url=&#8221;https:\/\/rauchfrei.at\/aufhoeren\/schritte-zum-rauchstopp\/trauen-sie-sich-den-rauchstopp-zu\/&#8221; global_module=&#8221;13173&#8243;]<\/p>\n<p>\nSie m\u00f6chten etwas \u00e4ndern? Worauf warten Sie noch?<\/p>\n<p>[\/et_pb_dp_dmb_module_10093][et_pb_dp_dmb_module_10080 admin_label=&#8221;\u00a7 Gesetzliches zum Thema Nichtraucher\u00adschutz und Rauchen&#8221; link_text=&#8221;mehr&#8221; link_url=&#8221;https:\/\/rauchfrei.at\/fakten\/gesetzliches\/&#8221; _builder_version=&#8221;3.19.15&#8243; custom_link=&#8221;off&#8221; hover_enabled=&#8221;0&#8243; link_new_tab=&#8221;off&#8221; use_background_color_gradient=&#8221;off&#8221; background_color_gradient_direction=&#8221;180deg&#8221; parallax=&#8221;off&#8221; background_size=&#8221;cover&#8221; background_position=&#8221;center&#8221; background_repeat=&#8221;no-repeat&#8221; background_blend=&#8221;normal&#8221; allow_player_pause=&#8221;off&#8221; background_video_pause_outside_viewport=&#8221;on&#8221; dp_tiny_mce_font_size=&#8221;14px&#8221; dp_tiny_mce_letter_spacing=&#8221;0px&#8221; dp_tiny_mce_line_height=&#8221;1.5em&#8221; dp_tiny_mce_text_shadow_style=&#8221;none&#8221; border_radii=&#8221;on||||&#8221; link_bg_use_color_gradient=&#8221;off&#8221; link_bg_color_gradient_start=&#8221;#2b87da&#8221; link_bg_color_gradient_end=&#8221;#29c4a9&#8243; link_bg_color_gradient_type=&#8221;linear&#8221; link_bg_color_gradient_direction=&#8221;180deg&#8221; link_bg_color_gradient_direction_radial=&#8221;center&#8221; link_bg_color_gradient_start_position=&#8221;0%&#8221; link_bg_color_gradient_end_position=&#8221;100%&#8221; link_bg_color_gradient_overlays_image=&#8221;off&#8221; link_bg_parallax=&#8221;off&#8221; link_bg_parallax_method=&#8221;on&#8221; link_bg_size=&#8221;cover&#8221; link_bg_position=&#8221;center&#8221; link_bg_repeat=&#8221;no-repeat&#8221; link_bg_blend=&#8221;normal&#8221; link_bg_allow_player_pause=&#8221;off&#8221; link_bg_video_pause_outside_viewport=&#8221;on&#8221; link_icon_placement=&#8221;right&#8221; link_on_hover=&#8221;on&#8221; box_shadow_style=&#8221;none&#8221; background_layout=&#8221;light&#8221; max_width=&#8221;100%&#8221; filter_hue_rotate=&#8221;0deg&#8221; filter_saturate=&#8221;100%&#8221; filter_brightness=&#8221;100%&#8221; filter_contrast=&#8221;100%&#8221; filter_invert=&#8221;0%&#8221; filter_sepia=&#8221;0%&#8221; filter_opacity=&#8221;100%&#8221; filter_blur=&#8221;0px&#8221; mix_blend_mode=&#8221;normal&#8221; animation_style=&#8221;none&#8221; animation_direction=&#8221;center&#8221; text_shadow_style=&#8221;none&#8221; hover_transition_duration=&#8221;300ms&#8221; hover_transition_delay=&#8221;0ms&#8221; hover_transition_speed_curve=&#8221;ease&#8221; global_module=&#8221;13120&#8243;]<\/p>\n<p>\n<strong>Gesetzliches<\/strong> rund ums Thema \u00a7<\/p>\n<p>[\/et_pb_dp_dmb_module_10080][et_pb_dp_dmb_module_10093 admin_label=&#8221;Rufen Sie uns an!&#8221; farbe=&#8221;blitzgelb&#8221; headline=&#8221;Rufen Sie uns an! &#8221; image=&#8221;https:\/\/rauchfrei.at\/wp-content\/uploads\/rauchfrei-psychologin-gelb.png&#8221; image_position=&#8221;center&#8221; link_text=&#8221;mehr&#8221; link_url=&#8221;https:\/\/rauchfrei.at\/beratung-vom-rauchfrei-telefon\/&#8221; image_size=&#8221;80&#8243; _builder_version=&#8221;3.19.15&#8243; custom_link=&#8221;off&#8221; hover_enabled=&#8221;0&#8243; saved_tabs=&#8221;all&#8221; global_module=&#8221;13167&#8243;]<\/p>\n<p>Wir beraten und informieren Sie gerne!<\/p>\n<p>[\/et_pb_dp_dmb_module_10093][et_pb_dp_dmb_module_10080 admin_label=&#8221;Arbeitsbl\u00e4tter&#8221; link_text=&#8221;Download&#8221; link_url=&#8221;\/broschueren-downloads\/download-beratungsunterlagen\/&#8221; _builder_version=&#8221;3.19.15&#8243; custom_link=&#8221;off&#8221; hover_enabled=&#8221;0&#8243; saved_tabs=&#8221;all&#8221; link_new_tab=&#8221;off&#8221; use_background_color_gradient=&#8221;off&#8221; background_color_gradient_direction=&#8221;180deg&#8221; parallax=&#8221;off&#8221; background_size=&#8221;cover&#8221; background_position=&#8221;center&#8221; background_repeat=&#8221;no-repeat&#8221; background_blend=&#8221;normal&#8221; allow_player_pause=&#8221;off&#8221; background_video_pause_outside_viewport=&#8221;on&#8221; dp_tiny_mce_font_size=&#8221;14px&#8221; dp_tiny_mce_letter_spacing=&#8221;0px&#8221; dp_tiny_mce_line_height=&#8221;1.5em&#8221; dp_tiny_mce_text_shadow_style=&#8221;none&#8221; border_radii=&#8221;on||||&#8221; link_bg_use_color_gradient=&#8221;off&#8221; link_bg_color_gradient_start=&#8221;#2b87da&#8221; link_bg_color_gradient_end=&#8221;#29c4a9&#8243; link_bg_color_gradient_type=&#8221;linear&#8221; link_bg_color_gradient_direction=&#8221;180deg&#8221; link_bg_color_gradient_direction_radial=&#8221;center&#8221; link_bg_color_gradient_start_position=&#8221;0%&#8221; link_bg_color_gradient_end_position=&#8221;100%&#8221; link_bg_color_gradient_overlays_image=&#8221;off&#8221; link_bg_parallax=&#8221;off&#8221; link_bg_parallax_method=&#8221;on&#8221; link_bg_size=&#8221;cover&#8221; link_bg_position=&#8221;center&#8221; link_bg_repeat=&#8221;no-repeat&#8221; link_bg_blend=&#8221;normal&#8221; link_bg_allow_player_pause=&#8221;off&#8221; link_bg_video_pause_outside_viewport=&#8221;on&#8221; link_icon_placement=&#8221;right&#8221; link_on_hover=&#8221;on&#8221; box_shadow_style=&#8221;none&#8221; background_layout=&#8221;light&#8221; max_width=&#8221;100%&#8221; filter_hue_rotate=&#8221;0deg&#8221; filter_saturate=&#8221;100%&#8221; filter_brightness=&#8221;100%&#8221; filter_contrast=&#8221;100%&#8221; filter_invert=&#8221;0%&#8221; filter_sepia=&#8221;0%&#8221; filter_opacity=&#8221;100%&#8221; filter_blur=&#8221;0px&#8221; mix_blend_mode=&#8221;normal&#8221; animation_style=&#8221;none&#8221; animation_direction=&#8221;center&#8221; text_shadow_style=&#8221;none&#8221; hover_transition_duration=&#8221;300ms&#8221; hover_transition_delay=&#8221;0ms&#8221; hover_transition_speed_curve=&#8221;ease&#8221; global_module=&#8221;13623&#8243;]<\/p>\n<p><strong>Arbeitsbl\u00e4tter<\/strong> f\u00fcr die Beratung<\/p>\n<p>[\/et_pb_dp_dmb_module_10080][\/et_pb_column][\/et_pb_row][\/et_pb_section]<\/p>\n","protected":false},"excerpt":{"rendered":"<p>\u00c4nderungen in der Gesetzgebung f\u00fchren auch zu \u00c4nderungen im individuellen Verhalten. Die rauchfreie Gastronomie bewirkt, dass mehr Raucher\/innen den Rauchstopp in Erw\u00e4gung ziehen. Das Rauchfrei Telefon ruft daher zum NOVEMBER RAUCHFREI auf! Nehmen Sie den Rauchstopp \u2013 oder zumindest eine Rauchpause &#8211; in Angriff! Wir unterst\u00fctzen Sie dabei!<\/p>\n","protected":false},"author":25,"featured_media":0,"comment_status":"open","ping_status":"open","sticky":false,"template":"","format":"standard","meta":{"_et_pb_use_builder":"on","_et_pb_old_content":"","_et_gb_content_width":"","footnotes":""},"categories":[235,233],"tags":[],"class_list":["post-17582","post","type-post","status-publish","format-standard","hentry","category-gesundheit-und-rauchstopp","category-unterstuetzung-beim-rauchstopp"],"yoast_head":"<!-- This site is optimized with the Yoast SEO plugin v26.2 - https:\/\/yoast.com\/wordpress\/plugins\/seo\/ -->\n<title>November Rauchfrei! Nutzen Sie die Gelegenheit! - Rauchfrei Telefon<\/title>\n<meta name=\"robots\" content=\"index, follow, max-snippet:-1, max-image-preview:large, max-video-preview:-1\" \/>\n<link rel=\"canonical\" href=\"https:\/\/rauchfrei.at\/november-rauchfrei-nutzen-sie-die-gelegenheit\/\" \/>\n<meta property=\"og:locale\" content=\"en_US\" \/>\n<meta property=\"og:type\" content=\"article\" \/>\n<meta property=\"og:title\" content=\"November Rauchfrei! Nutzen Sie die Gelegenheit! - Rauchfrei Telefon\" \/>\n<meta property=\"og:description\" content=\"\u00c4nderungen in der Gesetzgebung f\u00fchren auch zu \u00c4nderungen im individuellen Verhalten. Die rauchfreie Gastronomie bewirkt, dass mehr Raucher\/innen den Rauchstopp in Erw\u00e4gung ziehen. Das Rauchfrei Telefon ruft daher zum NOVEMBER RAUCHFREI auf! Nehmen Sie den Rauchstopp \u2013 oder zumindest eine Rauchpause - in Angriff! Wir unterst\u00fctzen Sie dabei!\" \/>\n<meta property=\"og:url\" content=\"https:\/\/rauchfrei.at\/november-rauchfrei-nutzen-sie-die-gelegenheit\/\" \/>\n<meta property=\"og:site_name\" content=\"Rauchfrei Telefon\" \/>\n<meta property=\"article:published_time\" content=\"2019-10-28T08:00:22+00:00\" \/>\n<meta property=\"og:image\" content=\"https:\/\/rauchfrei.at\/wp-content\/uploads\/Poster-November-Rauchfrei--480x678.jpg\" \/>\n<meta name=\"author\" content=\"Rauchfrei Team\" \/>\n<meta name=\"twitter:card\" content=\"summary_large_image\" \/>\n<meta name=\"twitter:label1\" content=\"Written by\" \/>\n\t<meta name=\"twitter:data1\" content=\"Rauchfrei Team\" \/>\n\t<meta name=\"twitter:label2\" content=\"Est. reading time\" \/>\n\t<meta name=\"twitter:data2\" content=\"5 minutes\" \/>\n<script type=\"application\/ld+json\" class=\"yoast-schema-graph\">{\"@context\":\"https:\/\/schema.org\",\"@graph\":[{\"@type\":\"WebPage\",\"@id\":\"https:\/\/rauchfrei.at\/november-rauchfrei-nutzen-sie-die-gelegenheit\/\",\"url\":\"https:\/\/rauchfrei.at\/november-rauchfrei-nutzen-sie-die-gelegenheit\/\",\"name\":\"November Rauchfrei! Nutzen Sie die Gelegenheit! - Rauchfrei Telefon\",\"isPartOf\":{\"@id\":\"https:\/\/rauchfrei.at\/#website\"},\"primaryImageOfPage\":{\"@id\":\"https:\/\/rauchfrei.at\/november-rauchfrei-nutzen-sie-die-gelegenheit\/#primaryimage\"},\"image\":{\"@id\":\"https:\/\/rauchfrei.at\/november-rauchfrei-nutzen-sie-die-gelegenheit\/#primaryimage\"},\"thumbnailUrl\":\"https:\/\/rauchfrei.at\/wp-content\/uploads\/Poster-November-Rauchfrei--480x678.jpg\",\"datePublished\":\"2019-10-28T08:00:22+00:00\",\"author\":{\"@id\":\"https:\/\/rauchfrei.at\/#\/schema\/person\/504bbf90c5482004fc09aef6de7f9277\"},\"inLanguage\":\"en-US\",\"potentialAction\":[{\"@type\":\"ReadAction\",\"target\":[\"https:\/\/rauchfrei.at\/november-rauchfrei-nutzen-sie-die-gelegenheit\/\"]}]},{\"@type\":\"ImageObject\",\"inLanguage\":\"en-US\",\"@id\":\"https:\/\/rauchfrei.at\/november-rauchfrei-nutzen-sie-die-gelegenheit\/#primaryimage\",\"url\":\"https:\/\/rauchfrei.at\/wp-content\/uploads\/Poster-November-Rauchfrei--480x678.jpg\",\"contentUrl\":\"https:\/\/rauchfrei.at\/wp-content\/uploads\/Poster-November-Rauchfrei--480x678.jpg\"},{\"@type\":\"WebSite\",\"@id\":\"https:\/\/rauchfrei.at\/#website\",\"url\":\"https:\/\/rauchfrei.at\/\",\"name\":\"Rauchfrei Telefon\",\"description\":\"Eine \u00f6sterreichweite Initiative der Sozialversicherungen.\",\"potentialAction\":[{\"@type\":\"SearchAction\",\"target\":{\"@type\":\"EntryPoint\",\"urlTemplate\":\"https:\/\/rauchfrei.at\/?s={search_term_string}\"},\"query-input\":{\"@type\":\"PropertyValueSpecification\",\"valueRequired\":true,\"valueName\":\"search_term_string\"}}],\"inLanguage\":\"en-US\"},{\"@type\":\"Person\",\"@id\":\"https:\/\/rauchfrei.at\/#\/schema\/person\/504bbf90c5482004fc09aef6de7f9277\",\"name\":\"Rauchfrei Team\",\"image\":{\"@type\":\"ImageObject\",\"inLanguage\":\"en-US\",\"@id\":\"https:\/\/rauchfrei.at\/#\/schema\/person\/image\/\",\"url\":\"https:\/\/secure.gravatar.com\/avatar\/2115b79a00800516fa1523bb5a329611f90e73e89be559131fc7e82b4fdc95ff?s=96&d=mm&r=g\",\"contentUrl\":\"https:\/\/secure.gravatar.com\/avatar\/2115b79a00800516fa1523bb5a329611f90e73e89be559131fc7e82b4fdc95ff?s=96&d=mm&r=g\",\"caption\":\"Rauchfrei Team\"},\"url\":\"https:\/\/rauchfrei.at\/en\/author\/rauchfrei-team\/\"}]}<\/script>\n<!-- \/ Yoast SEO plugin. -->","yoast_head_json":{"title":"November Rauchfrei! Nutzen Sie die Gelegenheit! - Rauchfrei Telefon","robots":{"index":"index","follow":"follow","max-snippet":"max-snippet:-1","max-image-preview":"max-image-preview:large","max-video-preview":"max-video-preview:-1"},"canonical":"https:\/\/rauchfrei.at\/november-rauchfrei-nutzen-sie-die-gelegenheit\/","og_locale":"en_US","og_type":"article","og_title":"November Rauchfrei! Nutzen Sie die Gelegenheit! - Rauchfrei Telefon","og_description":"\u00c4nderungen in der Gesetzgebung f\u00fchren auch zu \u00c4nderungen im individuellen Verhalten. Die rauchfreie Gastronomie bewirkt, dass mehr Raucher\/innen den Rauchstopp in Erw\u00e4gung ziehen. Das Rauchfrei Telefon ruft daher zum NOVEMBER RAUCHFREI auf! Nehmen Sie den Rauchstopp \u2013 oder zumindest eine Rauchpause - in Angriff! Wir unterst\u00fctzen Sie dabei!","og_url":"https:\/\/rauchfrei.at\/november-rauchfrei-nutzen-sie-die-gelegenheit\/","og_site_name":"Rauchfrei Telefon","article_published_time":"2019-10-28T08:00:22+00:00","og_image":[{"url":"https:\/\/rauchfrei.at\/wp-content\/uploads\/Poster-November-Rauchfrei--480x678.jpg","type":"","width":"","height":""}],"author":"Rauchfrei Team","twitter_card":"summary_large_image","twitter_misc":{"Written by":"Rauchfrei Team","Est. reading time":"5 minutes"},"schema":{"@context":"https:\/\/schema.org","@graph":[{"@type":"WebPage","@id":"https:\/\/rauchfrei.at\/november-rauchfrei-nutzen-sie-die-gelegenheit\/","url":"https:\/\/rauchfrei.at\/november-rauchfrei-nutzen-sie-die-gelegenheit\/","name":"November Rauchfrei! Nutzen Sie die Gelegenheit! - Rauchfrei Telefon","isPartOf":{"@id":"https:\/\/rauchfrei.at\/#website"},"primaryImageOfPage":{"@id":"https:\/\/rauchfrei.at\/november-rauchfrei-nutzen-sie-die-gelegenheit\/#primaryimage"},"image":{"@id":"https:\/\/rauchfrei.at\/november-rauchfrei-nutzen-sie-die-gelegenheit\/#primaryimage"},"thumbnailUrl":"https:\/\/rauchfrei.at\/wp-content\/uploads\/Poster-November-Rauchfrei--480x678.jpg","datePublished":"2019-10-28T08:00:22+00:00","author":{"@id":"https:\/\/rauchfrei.at\/#\/schema\/person\/504bbf90c5482004fc09aef6de7f9277"},"inLanguage":"en-US","potentialAction":[{"@type":"ReadAction","target":["https:\/\/rauchfrei.at\/november-rauchfrei-nutzen-sie-die-gelegenheit\/"]}]},{"@type":"ImageObject","inLanguage":"en-US","@id":"https:\/\/rauchfrei.at\/november-rauchfrei-nutzen-sie-die-gelegenheit\/#primaryimage","url":"https:\/\/rauchfrei.at\/wp-content\/uploads\/Poster-November-Rauchfrei--480x678.jpg","contentUrl":"https:\/\/rauchfrei.at\/wp-content\/uploads\/Poster-November-Rauchfrei--480x678.jpg"},{"@type":"WebSite","@id":"https:\/\/rauchfrei.at\/#website","url":"https:\/\/rauchfrei.at\/","name":"Rauchfrei Telefon","description":"Eine \u00f6sterreichweite Initiative der Sozialversicherungen.","potentialAction":[{"@type":"SearchAction","target":{"@type":"EntryPoint","urlTemplate":"https:\/\/rauchfrei.at\/?s={search_term_string}"},"query-input":{"@type":"PropertyValueSpecification","valueRequired":true,"valueName":"search_term_string"}}],"inLanguage":"en-US"},{"@type":"Person","@id":"https:\/\/rauchfrei.at\/#\/schema\/person\/504bbf90c5482004fc09aef6de7f9277","name":"Rauchfrei Team","image":{"@type":"ImageObject","inLanguage":"en-US","@id":"https:\/\/rauchfrei.at\/#\/schema\/person\/image\/","url":"https:\/\/secure.gravatar.com\/avatar\/2115b79a00800516fa1523bb5a329611f90e73e89be559131fc7e82b4fdc95ff?s=96&d=mm&r=g","contentUrl":"https:\/\/secure.gravatar.com\/avatar\/2115b79a00800516fa1523bb5a329611f90e73e89be559131fc7e82b4fdc95ff?s=96&d=mm&r=g","caption":"Rauchfrei Team"},"url":"https:\/\/rauchfrei.at\/en\/author\/rauchfrei-team\/"}]}},"_links":{"self":[{"href":"https:\/\/rauchfrei.at\/en\/wp-json\/wp\/v2\/posts\/17582","targetHints":{"allow":["GET"]}}],"collection":[{"href":"https:\/\/rauchfrei.at\/en\/wp-json\/wp\/v2\/posts"}],"about":[{"href":"https:\/\/rauchfrei.at\/en\/wp-json\/wp\/v2\/types\/post"}],"author":[{"embeddable":true,"href":"https:\/\/rauchfrei.at\/en\/wp-json\/wp\/v2\/users\/25"}],"replies":[{"embeddable":true,"href":"https:\/\/rauchfrei.at\/en\/wp-json\/wp\/v2\/comments?post=17582"}],"version-history":[{"count":4,"href":"https:\/\/rauchfrei.at\/en\/wp-json\/wp\/v2\/posts\/17582\/revisions"}],"predecessor-version":[{"id":17586,"href":"https:\/\/rauchfrei.at\/en\/wp-json\/wp\/v2\/posts\/17582\/revisions\/17586"}],"wp:attachment":[{"href":"https:\/\/rauchfrei.at\/en\/wp-json\/wp\/v2\/media?parent=17582"}],"wp:term":[{"taxonomy":"category","embeddable":true,"href":"https:\/\/rauchfrei.at\/en\/wp-json\/wp\/v2\/categories?post=17582"},{"taxonomy":"post_tag","embeddable":true,"href":"https:\/\/rauchfrei.at\/en\/wp-json\/wp\/v2\/tags?post=17582"}],"curies":[{"name":"wp","href":"https:\/\/api.w.org\/{rel}","templated":true}]}}