
{"id":17608,"date":"2019-11-18T10:00:06","date_gmt":"2019-11-18T08:00:06","guid":{"rendered":"https:\/\/rauchfrei.at\/?p=17608"},"modified":"2019-11-14T14:28:19","modified_gmt":"2019-11-14T12:28:19","slug":"hier-kommt-die-ueberschrift-her","status":"publish","type":"post","link":"https:\/\/rauchfrei.at\/en\/hier-kommt-die-ueberschrift-her\/","title":{"rendered":"Welt COPD Tag 2019"},"content":{"rendered":"<p>[et_pb_section bb_built=&#8221;1&#8243; fullwidth=&#8221;off&#8221; specialty=&#8221;off&#8221; _builder_version=&#8221;3.0.99&#8243; module_class=&#8221;header&#8221; next_background_color=&#8221;#000000&#8243;][et_pb_row _builder_version=&#8221;3.0.99&#8243;][et_pb_column type=&#8221;4_4&#8243;][et_pb_dp_dmb_module_10001 _builder_version=&#8221;3.21.1&#8243; subheadline=&#8221;Die COPD Challenge  &#8211; heuer am Donauturm!&#8221; z_index_tablet=&#8221;500&#8243; \/][\/et_pb_column][\/et_pb_row][\/et_pb_section][et_pb_section bb_built=&#8221;1&#8243; _builder_version=&#8221;3.0.99&#8243; custom_padding=&#8221;30px|||&#8221; prev_background_color=&#8221;#000000&#8243;][et_pb_row _builder_version=&#8221;3.0.99&#8243; module_class_2=&#8221;cat-and-tag&#8221; module_class_1=&#8221;blog-content&#8221;][et_pb_column type=&#8221;2_3&#8243;][et_pb_text _builder_version=&#8221;3.21.1&#8243; z_index_tablet=&#8221;500&#8243;]<\/p>\n<p>Am 20. November, dem Welt COPD-Tag, wird Eberhard Jordan, selbst erkrankt an COPD, den Donauturm in Wien mit seinen 776 Stufen besteigen. In Innsbruck besteigen drei Personen mit COPD die Bergiselschanze. Eine gro\u00dfe Herausforderung! Wir halten allen die Daumen!<\/p>\n<p>Auf seiner Homepage <a href=\"http:\/\/www.mycopd-blog.com\" target=\"_blank\" rel=\"noopener noreferrer\">www.mycopd-blog.com<\/a> hat Eberhard Jordan schon letztes Jahr die COPD Challenge ins Leben gerufen, er hat den Stephansdom erklommen. Damit will er anderen Betroffenen Mut zu mehr Aktivit\u00e4t und Bewegung im Leben machen. Er vermittelt wie wichtig es ist, trotz Erkrankung aktiv zu bleiben und die eigene Leistungsf\u00e4higkeit und das eigene Wohlbefinden zu erhalten und zu verbessern. Regelm\u00e4\u00dfiges Training, gute Ern\u00e4hrung und die Rauchfreiheit verbessern die Lebensqualit\u00e4t bei COPD ganz deutlich.<\/p>\n<p>Laut WHO wird bis 2030 die chronisch obstruktive Lungenerkrankung (COPD) die dritth\u00e4ufigste Todesursache sein. Ca. 90 Prozent der COPD-Erkrankungen sind auf das Rauchen bzw. Tabakkonsum zur\u00fcckzuf\u00fchren.<\/p>\n<p>Nichtrauchen gilt als der wichtigste Aspekt zur Vermeidung und Verhinderung einer Verschlechterung von COPD. Der Rauchstopp ist somit die erste, wichtigste und wirksamste therapeutische Ma\u00dfnahme bei COPD.<\/p>\n<p>[\/et_pb_text][et_pb_image _builder_version=&#8221;3.21.1&#8243; src=&#8221;https:\/\/rauchfrei.at\/wp-content\/uploads\/FullRes-9967.jpg&#8221; z_index_tablet=&#8221;500&#8243; \/][et_pb_text _builder_version=&#8221;3.21.1&#8243; z_index_tablet=&#8221;500&#8243;]<\/p>\n<p><strong>Entscheiden Sie sich f\u00fcr Ihre Lunge \u2013 beugen Sie COPD vor:<\/strong><\/p>\n<p>-werden Sie rauchfrei<\/p>\n<p>-vermeiden Sie Passivrauch und Feinstaub<\/p>\n<p>-machen Sie Bewegung<\/p>\n<p>-halten Sie ihr Gewicht im Normalbereich<\/p>\n<p>-gehen Sie zu regelm\u00e4\u00dfigen lungenfach\u00e4rztlichen Kontrollen<\/p>\n<p>-lernen Sie Atem- und Hustentechniken<\/p>\n<p>-lernen Sie Entspannungstechniken<\/p>\n<p>-nehmen Sie an Schulungen oder Selbsthilfegruppen teil<\/p>\n<p>\u00a0<\/p>\n<p>Der Rauchstopp ist bei COPD wirksamer als jedes Medikament. Die Tabakentw\u00f6hnung hat einen hohen Stellenwert in der medizinischen Behandlung. Angebote gibt es in ganz \u00d6sterreich!<\/p>\n<p>Hilfreiche Strategien und Unterst\u00fctzung f\u00fcr den Rauchstopp k\u00f6nnen Sie sich unter 0800 810 013 beim Rauchfrei Telefon von Mo-Fr 10-18h holen.<\/p>\n<p>\u00a0<\/p>\n<p>[\/et_pb_text][et_pb_post_nav _builder_version=&#8221;3.21.1&#8243; in_same_term=&#8221;off&#8221; show_prev=&#8221;on&#8221; show_next=&#8221;on&#8221; \/][\/et_pb_column][et_pb_column type=&#8221;1_3&#8243;][et_pb_sidebar _builder_version=&#8221;3.0.99&#8243; area=&#8221;et_pb_widget_area_1&#8243; orientation=&#8221;left&#8221; show_border=&#8221;on&#8221; background_layout=&#8221;light&#8221; \/][et_pb_image _builder_version=&#8221;3.21.1&#8243; src=&#8221;https:\/\/rauchfrei.at\/wp-content\/uploads\/FullRes-0214.jpg&#8221; z_index_tablet=&#8221;500&#8243; \/][et_pb_dp_dmb_module_10093 admin_label=&#8221;Starkes Rauchverlangen?&#8221; farbe=&#8221;blitzblau&#8221; headline=&#8221;Starkes Rauchverlangen?&#8221; image=&#8221;https:\/\/rauchfrei.at\/wp-content\/uploads\/Desire.png&#8221; image_position=&#8221;center&#8221; link_text=&#8221;mehr&#8221; link_url=&#8221;https:\/\/rauchfrei.at\/aufhoeren\/schritte-zum-rauchstopp\/was-tun-bei-verlangensattacken\/&#8221; image_size=&#8221;90&#8243; _builder_version=&#8221;3.19.15&#8243; custom_link=&#8221;off&#8221; hover_enabled=&#8221;0&#8243; saved_tabs=&#8221;all&#8221; link_new_tab=&#8221;off&#8221; use_background_color_gradient=&#8221;off&#8221; background_color_gradient_direction=&#8221;180deg&#8221; parallax=&#8221;off&#8221; background_size=&#8221;cover&#8221; background_position=&#8221;center&#8221; background_repeat=&#8221;no-repeat&#8221; background_blend=&#8221;normal&#8221; allow_player_pause=&#8221;off&#8221; background_video_pause_outside_viewport=&#8221;on&#8221; dp_tiny_mce_font_size=&#8221;14px&#8221; dp_tiny_mce_letter_spacing=&#8221;0px&#8221; dp_tiny_mce_line_height=&#8221;1.5em&#8221; dp_tiny_mce_text_shadow_style=&#8221;none&#8221; border_radii=&#8221;on||||&#8221; link_bg_use_color_gradient=&#8221;off&#8221; link_bg_color_gradient_start=&#8221;#2b87da&#8221; link_bg_color_gradient_end=&#8221;#29c4a9&#8243; link_bg_color_gradient_type=&#8221;linear&#8221; link_bg_color_gradient_direction=&#8221;180deg&#8221; link_bg_color_gradient_direction_radial=&#8221;center&#8221; link_bg_color_gradient_start_position=&#8221;0%&#8221; link_bg_color_gradient_end_position=&#8221;100%&#8221; link_bg_color_gradient_overlays_image=&#8221;off&#8221; link_bg_parallax=&#8221;off&#8221; link_bg_parallax_method=&#8221;on&#8221; link_bg_size=&#8221;cover&#8221; link_bg_position=&#8221;center&#8221; link_bg_repeat=&#8221;no-repeat&#8221; link_bg_blend=&#8221;normal&#8221; link_bg_allow_player_pause=&#8221;off&#8221; link_bg_video_pause_outside_viewport=&#8221;on&#8221; link_icon_placement=&#8221;right&#8221; link_on_hover=&#8221;on&#8221; box_shadow_style=&#8221;none&#8221; background_layout=&#8221;light&#8221; max_width=&#8221;100%&#8221; filter_hue_rotate=&#8221;0deg&#8221; filter_saturate=&#8221;100%&#8221; filter_brightness=&#8221;100%&#8221; filter_contrast=&#8221;100%&#8221; filter_invert=&#8221;0%&#8221; filter_sepia=&#8221;0%&#8221; filter_opacity=&#8221;100%&#8221; filter_blur=&#8221;0px&#8221; mix_blend_mode=&#8221;normal&#8221; animation_style=&#8221;none&#8221; animation_direction=&#8221;center&#8221; text_shadow_style=&#8221;none&#8221; hover_transition_duration=&#8221;300ms&#8221; hover_transition_delay=&#8221;0ms&#8221; hover_transition_speed_curve=&#8221;ease&#8221; global_module=&#8221;13170&#8243;]<\/p>\n<p>\nBleiben Sie stark, es geht vorbei!<\/p>\n<p>[\/et_pb_dp_dmb_module_10093][\/et_pb_column][\/et_pb_row][\/et_pb_section]<\/p>\n","protected":false},"excerpt":{"rendered":"<p>Am 20. November, dem Welt COPD-Tag, wird Eberhard Jordan, selbst erkrankt an COPD, den Donauturm in Wien mit seinen 776 Stufen besteigen. In Innsbruck besteigen drei Personen mit COPD die Bergiselschanze. Eine gro\u00dfe Herausforderung! Wir halten allen die Daumen!Auf seiner Homepage www.mycopd-blog.com hat Eberhard Jordan schon letztes Jahr die COPD Challenge ins Leben gerufen, er [&hellip;]<\/p>\n","protected":false},"author":25,"featured_media":0,"comment_status":"open","ping_status":"open","sticky":false,"template":"","format":"standard","meta":{"_et_pb_use_builder":"on","_et_pb_old_content":"","_et_gb_content_width":"","footnotes":""},"categories":[235,236,234,233],"tags":[],"class_list":["post-17608","post","type-post","status-publish","format-standard","hentry","category-gesundheit-und-rauchstopp","category-nicht-kategorisiert","category-oesterreichweite-angebote-zur-entwoehnung","category-unterstuetzung-beim-rauchstopp"],"yoast_head":"<!-- This site is optimized with the Yoast SEO plugin v26.2 - https:\/\/yoast.com\/wordpress\/plugins\/seo\/ -->\n<title>Welt COPD Tag 2019 - Rauchfrei Telefon<\/title>\n<meta name=\"robots\" content=\"index, follow, max-snippet:-1, max-image-preview:large, max-video-preview:-1\" \/>\n<link rel=\"canonical\" href=\"https:\/\/rauchfrei.at\/hier-kommt-die-ueberschrift-her\/\" \/>\n<meta property=\"og:locale\" content=\"en_US\" \/>\n<meta property=\"og:type\" content=\"article\" \/>\n<meta property=\"og:title\" content=\"Welt COPD Tag 2019 - Rauchfrei Telefon\" \/>\n<meta property=\"og:description\" content=\"Am 20. November, dem Welt COPD-Tag, wird Eberhard Jordan, selbst erkrankt an COPD, den Donauturm in Wien mit seinen 776 Stufen besteigen. In Innsbruck besteigen drei Personen mit COPD die Bergiselschanze. Eine gro\u00dfe Herausforderung! Wir halten allen die Daumen!Auf seiner Homepage www.mycopd-blog.com hat Eberhard Jordan schon letztes Jahr die COPD Challenge ins Leben gerufen, er [&hellip;]\" \/>\n<meta property=\"og:url\" content=\"https:\/\/rauchfrei.at\/hier-kommt-die-ueberschrift-her\/\" \/>\n<meta property=\"og:site_name\" content=\"Rauchfrei Telefon\" \/>\n<meta property=\"article:published_time\" content=\"2019-11-18T08:00:06+00:00\" \/>\n<meta name=\"author\" content=\"Rauchfrei Team\" \/>\n<meta name=\"twitter:card\" content=\"summary_large_image\" \/>\n<meta name=\"twitter:label1\" content=\"Written by\" \/>\n\t<meta name=\"twitter:data1\" content=\"Rauchfrei Team\" \/>\n\t<meta name=\"twitter:label2\" content=\"Est. reading time\" \/>\n\t<meta name=\"twitter:data2\" content=\"4 minutes\" \/>\n<script type=\"application\/ld+json\" class=\"yoast-schema-graph\">{\"@context\":\"https:\/\/schema.org\",\"@graph\":[{\"@type\":\"WebPage\",\"@id\":\"https:\/\/rauchfrei.at\/hier-kommt-die-ueberschrift-her\/\",\"url\":\"https:\/\/rauchfrei.at\/hier-kommt-die-ueberschrift-her\/\",\"name\":\"Welt COPD Tag 2019 - Rauchfrei Telefon\",\"isPartOf\":{\"@id\":\"https:\/\/rauchfrei.at\/#website\"},\"datePublished\":\"2019-11-18T08:00:06+00:00\",\"author\":{\"@id\":\"https:\/\/rauchfrei.at\/#\/schema\/person\/504bbf90c5482004fc09aef6de7f9277\"},\"inLanguage\":\"en-US\",\"potentialAction\":[{\"@type\":\"ReadAction\",\"target\":[\"https:\/\/rauchfrei.at\/hier-kommt-die-ueberschrift-her\/\"]}]},{\"@type\":\"WebSite\",\"@id\":\"https:\/\/rauchfrei.at\/#website\",\"url\":\"https:\/\/rauchfrei.at\/\",\"name\":\"Rauchfrei Telefon\",\"description\":\"Eine \u00f6sterreichweite Initiative der Sozialversicherungen.\",\"potentialAction\":[{\"@type\":\"SearchAction\",\"target\":{\"@type\":\"EntryPoint\",\"urlTemplate\":\"https:\/\/rauchfrei.at\/?s={search_term_string}\"},\"query-input\":{\"@type\":\"PropertyValueSpecification\",\"valueRequired\":true,\"valueName\":\"search_term_string\"}}],\"inLanguage\":\"en-US\"},{\"@type\":\"Person\",\"@id\":\"https:\/\/rauchfrei.at\/#\/schema\/person\/504bbf90c5482004fc09aef6de7f9277\",\"name\":\"Rauchfrei Team\",\"image\":{\"@type\":\"ImageObject\",\"inLanguage\":\"en-US\",\"@id\":\"https:\/\/rauchfrei.at\/#\/schema\/person\/image\/\",\"url\":\"https:\/\/secure.gravatar.com\/avatar\/2115b79a00800516fa1523bb5a329611f90e73e89be559131fc7e82b4fdc95ff?s=96&d=mm&r=g\",\"contentUrl\":\"https:\/\/secure.gravatar.com\/avatar\/2115b79a00800516fa1523bb5a329611f90e73e89be559131fc7e82b4fdc95ff?s=96&d=mm&r=g\",\"caption\":\"Rauchfrei Team\"},\"url\":\"https:\/\/rauchfrei.at\/en\/author\/rauchfrei-team\/\"}]}<\/script>\n<!-- \/ Yoast SEO plugin. -->","yoast_head_json":{"title":"Welt COPD Tag 2019 - Rauchfrei Telefon","robots":{"index":"index","follow":"follow","max-snippet":"max-snippet:-1","max-image-preview":"max-image-preview:large","max-video-preview":"max-video-preview:-1"},"canonical":"https:\/\/rauchfrei.at\/hier-kommt-die-ueberschrift-her\/","og_locale":"en_US","og_type":"article","og_title":"Welt COPD Tag 2019 - Rauchfrei Telefon","og_description":"Am 20. November, dem Welt COPD-Tag, wird Eberhard Jordan, selbst erkrankt an COPD, den Donauturm in Wien mit seinen 776 Stufen besteigen. In Innsbruck besteigen drei Personen mit COPD die Bergiselschanze. Eine gro\u00dfe Herausforderung! Wir halten allen die Daumen!Auf seiner Homepage www.mycopd-blog.com hat Eberhard Jordan schon letztes Jahr die COPD Challenge ins Leben gerufen, er [&hellip;]","og_url":"https:\/\/rauchfrei.at\/hier-kommt-die-ueberschrift-her\/","og_site_name":"Rauchfrei Telefon","article_published_time":"2019-11-18T08:00:06+00:00","author":"Rauchfrei Team","twitter_card":"summary_large_image","twitter_misc":{"Written by":"Rauchfrei Team","Est. reading time":"4 minutes"},"schema":{"@context":"https:\/\/schema.org","@graph":[{"@type":"WebPage","@id":"https:\/\/rauchfrei.at\/hier-kommt-die-ueberschrift-her\/","url":"https:\/\/rauchfrei.at\/hier-kommt-die-ueberschrift-her\/","name":"Welt COPD Tag 2019 - Rauchfrei Telefon","isPartOf":{"@id":"https:\/\/rauchfrei.at\/#website"},"datePublished":"2019-11-18T08:00:06+00:00","author":{"@id":"https:\/\/rauchfrei.at\/#\/schema\/person\/504bbf90c5482004fc09aef6de7f9277"},"inLanguage":"en-US","potentialAction":[{"@type":"ReadAction","target":["https:\/\/rauchfrei.at\/hier-kommt-die-ueberschrift-her\/"]}]},{"@type":"WebSite","@id":"https:\/\/rauchfrei.at\/#website","url":"https:\/\/rauchfrei.at\/","name":"Rauchfrei Telefon","description":"Eine \u00f6sterreichweite Initiative der Sozialversicherungen.","potentialAction":[{"@type":"SearchAction","target":{"@type":"EntryPoint","urlTemplate":"https:\/\/rauchfrei.at\/?s={search_term_string}"},"query-input":{"@type":"PropertyValueSpecification","valueRequired":true,"valueName":"search_term_string"}}],"inLanguage":"en-US"},{"@type":"Person","@id":"https:\/\/rauchfrei.at\/#\/schema\/person\/504bbf90c5482004fc09aef6de7f9277","name":"Rauchfrei Team","image":{"@type":"ImageObject","inLanguage":"en-US","@id":"https:\/\/rauchfrei.at\/#\/schema\/person\/image\/","url":"https:\/\/secure.gravatar.com\/avatar\/2115b79a00800516fa1523bb5a329611f90e73e89be559131fc7e82b4fdc95ff?s=96&d=mm&r=g","contentUrl":"https:\/\/secure.gravatar.com\/avatar\/2115b79a00800516fa1523bb5a329611f90e73e89be559131fc7e82b4fdc95ff?s=96&d=mm&r=g","caption":"Rauchfrei Team"},"url":"https:\/\/rauchfrei.at\/en\/author\/rauchfrei-team\/"}]}},"_links":{"self":[{"href":"https:\/\/rauchfrei.at\/en\/wp-json\/wp\/v2\/posts\/17608","targetHints":{"allow":["GET"]}}],"collection":[{"href":"https:\/\/rauchfrei.at\/en\/wp-json\/wp\/v2\/posts"}],"about":[{"href":"https:\/\/rauchfrei.at\/en\/wp-json\/wp\/v2\/types\/post"}],"author":[{"embeddable":true,"href":"https:\/\/rauchfrei.at\/en\/wp-json\/wp\/v2\/users\/25"}],"replies":[{"embeddable":true,"href":"https:\/\/rauchfrei.at\/en\/wp-json\/wp\/v2\/comments?post=17608"}],"version-history":[{"count":5,"href":"https:\/\/rauchfrei.at\/en\/wp-json\/wp\/v2\/posts\/17608\/revisions"}],"predecessor-version":[{"id":17620,"href":"https:\/\/rauchfrei.at\/en\/wp-json\/wp\/v2\/posts\/17608\/revisions\/17620"}],"wp:attachment":[{"href":"https:\/\/rauchfrei.at\/en\/wp-json\/wp\/v2\/media?parent=17608"}],"wp:term":[{"taxonomy":"category","embeddable":true,"href":"https:\/\/rauchfrei.at\/en\/wp-json\/wp\/v2\/categories?post=17608"},{"taxonomy":"post_tag","embeddable":true,"href":"https:\/\/rauchfrei.at\/en\/wp-json\/wp\/v2\/tags?post=17608"}],"curies":[{"name":"wp","href":"https:\/\/api.w.org\/{rel}","templated":true}]}}