
{"id":17642,"date":"2019-12-16T10:00:06","date_gmt":"2019-12-16T08:00:06","guid":{"rendered":"https:\/\/rauchfrei.at\/?p=17642"},"modified":"2020-03-23T18:16:47","modified_gmt":"2020-03-23T16:16:47","slug":"das-war-die-17-deutsche-konferenz-fuer-tabakkontrolle","status":"publish","type":"post","link":"https:\/\/rauchfrei.at\/en\/das-war-die-17-deutsche-konferenz-fuer-tabakkontrolle\/","title":{"rendered":"Das war die 17. Deutsche Konferenz f\u00fcr Tabakkontrolle"},"content":{"rendered":"<p>[et_pb_section fb_built=&#8221;1&#8243; module_class=&#8221;header&#8221; _builder_version=&#8221;3.22&#8243;][et_pb_row _builder_version=&#8221;3.25&#8243;][et_pb_column type=&#8221;4_4&#8243; _builder_version=&#8221;3.25&#8243; custom_padding=&#8221;|||&#8221; custom_padding__hover=&#8221;|||&#8221;][et_pb_dp_dmb_module_10001 subheadline=&#8221;Vom 4. bis 5. Dezember 2019 fand die j\u00e4hrliche Konferenz in Heidelberg statt.&#8221; _builder_version=&#8221;3.21.1&#8243; z_index_tablet=&#8221;500&#8243;][\/et_pb_dp_dmb_module_10001][\/et_pb_column][\/et_pb_row][\/et_pb_section][et_pb_section fb_built=&#8221;1&#8243; _builder_version=&#8221;3.22&#8243; custom_padding=&#8221;30px|||&#8221;][et_pb_row column_structure=&#8221;2_3,1_3&#8243; _builder_version=&#8221;3.25&#8243;][et_pb_column type=&#8221;2_3&#8243; module_class=&#8221;blog-content&#8221; _builder_version=&#8221;3.25&#8243; custom_padding=&#8221;|||&#8221; custom_padding__hover=&#8221;|||&#8221;][et_pb_text _builder_version=&#8221;4.1&#8243; z_index_tablet=&#8221;500&#8243;]<\/p>\n<p>Seit vielen Jahren ist die deutsche Konferenz f\u00fcr Tabakkontrolle im vorweihnachtlichen Heidelberg ein wichtiger Bestandteil der Fortbildungsm\u00f6glichkeit, der Vernetzung und des Wissensaustausches rund ums Thema Tabakkonsum und \u2013Entw\u00f6hnung. Expertinnen und Experten aus Wissenschaft und Praxis pr\u00e4sentieren Erkenntnisse und Erfahrungen. \u00d6sterreich war heuer mit Beitr\u00e4gen zum Nichtraucherschutz (BMASGK), zur Pr\u00e4vention (VIVID) und zur Tabakentw\u00f6hnung (Rauchfrei Telefon) vertreten. Einige der inhaltlichen Schwerpunkte waren:<\/p>\n<ul>\n<li><strong>aktuelle Entwicklungen in der Tabakkontrollpolitik national und international<\/strong><\/li>\n<li><strong>Nichtraucherschutz<\/strong><\/li>\n<li><strong>Kosten des Rauchens <\/strong><\/li>\n<li><strong>Aktuelle Entwicklungen in der Tabakentw\u00f6hnung (Das Rauchfrei Telefon stellte die Rauchfrei App vor)<\/strong><\/li>\n<li><strong>Aus der Klinik in die Telefonberatung (mit einem Vortrag des Rauchfrei Telefons \u00fcber das Rauchfrei Ticket)<\/strong><\/li>\n<li><strong>Tabak und Kinderrechte (in Zusammenarbeit mit <\/strong><a href=\"https:\/\/www.unfairtobacco.org\/\"><strong>Unfair Tobacco<\/strong><\/a><strong>)<\/strong><\/li>\n<li><strong>E-Zigaretten<\/strong><\/li>\n<li><strong>u.v.m.<\/strong><\/li>\n<\/ul>\n<p><img loading=\"lazy\" decoding=\"async\" class=\"alignnone size-medium wp-image-17644\" src=\"https:\/\/rauchfrei.at\/wp-content\/uploads\/Bild_Blog_Heidelberg-225x157.png\" alt=\"\" width=\"225\" height=\"157\" srcset=\"https:\/\/rauchfrei.at\/wp-content\/uploads\/Bild_Blog_Heidelberg-225x157.png 225w, https:\/\/rauchfrei.at\/wp-content\/uploads\/Bild_Blog_Heidelberg.png 372w\" sizes=\"(max-width: 225px) 100vw, 225px\" \/> (dkfz)<\/p>\n<p>Die n\u00e4chste Konferenz findet Anfang Dezember 2020 statt. Ein Besuch lohnt sich f\u00fcr alle, die in dem Bereich arbeiten oder sich zum Thema weiterbilden m\u00f6chten.<\/p>\n<p><strong>Link<\/strong><\/p>\n<p><a href=\"https:\/\/www.dkfz.de\/de\/tabakkontrolle\/Deutsche_Konferenzen_fuer_Tabakkontrolle.html\" target=\"_blank\" rel=\"noopener noreferrer\">https:\/\/indico.dkfz.de\/event\/141\/<\/a><\/p>\n<p>[\/et_pb_text][et_pb_post_nav in_same_term=&#8221;off&#8221; _builder_version=&#8221;3.0.99&#8243;][\/et_pb_post_nav][\/et_pb_column][et_pb_column type=&#8221;1_3&#8243; module_class=&#8221;cat-and-tag&#8221; _builder_version=&#8221;3.25&#8243; custom_padding=&#8221;|||&#8221; custom_padding__hover=&#8221;|||&#8221;][et_pb_sidebar area=&#8221;et_pb_widget_area_1&#8243; _builder_version=&#8221;3.0.99&#8243;][\/et_pb_sidebar][et_pb_dp_dmb_module_10093 farbe=&#8221;blitzgelb&#8221; headline=&#8221;Rufen Sie uns an! &#8221; image=&#8221;https:\/\/rauchfrei.at\/wp-content\/uploads\/rauchfrei-psychologin-gelb.png&#8221; image_position=&#8221;center&#8221; link_text=&#8221;mehr&#8221; link_url=&#8221;https:\/\/rauchfrei.at\/beratung-vom-rauchfrei-telefon\/&#8221; image_size=&#8221;80&#8243; admin_label=&#8221;Rufen Sie uns an!&#8221; _builder_version=&#8221;3.19.15&#8243; global_module=&#8221;13167&#8243; saved_tabs=&#8221;all&#8221;]<\/p>\n<p>Wir beraten und informieren Sie gerne!<\/p>\n<p>[\/et_pb_dp_dmb_module_10093][et_pb_dp_dmb_module_10080 link_text=&#8221;hier kostenfrei bestellen&#8221; link_url=&#8221;https:\/\/rauchfrei.at\/broschueren-downloads\/bestellung\/&#8221; admin_label=&#8221;Materialbestellung&#8221; _builder_version=&#8221;3.21&#8243; global_module=&#8221;13132&#8243; saved_tabs=&#8221;all&#8221;]<\/p>\n<p><strong>Brosch\u00fcren<br \/>bestellen\u00a0<\/strong><\/p>\n<p>[\/et_pb_dp_dmb_module_10080][\/et_pb_column][\/et_pb_row][\/et_pb_section]<\/p>\n","protected":false},"excerpt":{"rendered":"<p>J\u00e4hrlich wird vom WHO-Kollaborationszentrum f\u00fcr Tabakkontrolle in Zusammenarbeit mit dem Aktionsb\u00fcndnis Nichtrauchen\u00a0im Deutschen Krebsforschungszentrum in Heidelberg die Konferenz f\u00fcr Tabakkontrolle veranstaltet. Sie dient dem Erfahrungsaustausch \u00fcber erfolgreiche Ma\u00dfnahmen zur Verminderung des Tabakkonsums, der F\u00f6rderung und Entwicklung zuk\u00fcnftiger Projekte und der Vernetzung. Das Rauchfrei Telefon war heuer mit zwei Vortr\u00e4gen vertreten.<\/p>\n","protected":false},"author":25,"featured_media":0,"comment_status":"open","ping_status":"open","sticky":false,"template":"","format":"standard","meta":{"_et_pb_use_builder":"on","_et_pb_old_content":"","_et_gb_content_width":"","footnotes":""},"categories":[237,232],"tags":[],"class_list":["post-17642","post","type-post","status-publish","format-standard","hentry","category-literatur-und-hintergrundwissen","category-nachrichten-vom-rauchfrei-telefon"],"yoast_head":"<!-- This site is optimized with the Yoast SEO plugin v26.2 - https:\/\/yoast.com\/wordpress\/plugins\/seo\/ -->\n<title>Das war die 17. Deutsche Konferenz f\u00fcr Tabakkontrolle - Rauchfrei Telefon<\/title>\n<meta name=\"robots\" content=\"index, follow, max-snippet:-1, max-image-preview:large, max-video-preview:-1\" \/>\n<link rel=\"canonical\" href=\"https:\/\/rauchfrei.at\/das-war-die-17-deutsche-konferenz-fuer-tabakkontrolle\/\" \/>\n<meta property=\"og:locale\" content=\"en_US\" \/>\n<meta property=\"og:type\" content=\"article\" \/>\n<meta property=\"og:title\" content=\"Das war die 17. Deutsche Konferenz f\u00fcr Tabakkontrolle - Rauchfrei Telefon\" \/>\n<meta property=\"og:description\" content=\"J\u00e4hrlich wird vom WHO-Kollaborationszentrum f\u00fcr Tabakkontrolle in Zusammenarbeit mit dem Aktionsb\u00fcndnis Nichtrauchen\u00a0im Deutschen Krebsforschungszentrum in Heidelberg die Konferenz f\u00fcr Tabakkontrolle veranstaltet. Sie dient dem Erfahrungsaustausch \u00fcber erfolgreiche Ma\u00dfnahmen zur Verminderung des Tabakkonsums, der F\u00f6rderung und Entwicklung zuk\u00fcnftiger Projekte und der Vernetzung. Das Rauchfrei Telefon war heuer mit zwei Vortr\u00e4gen vertreten.\" \/>\n<meta property=\"og:url\" content=\"https:\/\/rauchfrei.at\/das-war-die-17-deutsche-konferenz-fuer-tabakkontrolle\/\" \/>\n<meta property=\"og:site_name\" content=\"Rauchfrei Telefon\" \/>\n<meta property=\"article:published_time\" content=\"2019-12-16T08:00:06+00:00\" \/>\n<meta property=\"article:modified_time\" content=\"2020-03-23T16:16:47+00:00\" \/>\n<meta property=\"og:image\" content=\"https:\/\/rauchfrei.at\/wp-content\/uploads\/Bild_Blog_Heidelberg-225x157.png\" \/>\n<meta name=\"author\" content=\"Rauchfrei Team\" \/>\n<meta name=\"twitter:card\" content=\"summary_large_image\" \/>\n<meta name=\"twitter:label1\" content=\"Written by\" \/>\n\t<meta name=\"twitter:data1\" content=\"Rauchfrei Team\" \/>\n\t<meta name=\"twitter:label2\" content=\"Est. reading time\" \/>\n\t<meta name=\"twitter:data2\" content=\"2 minutes\" \/>\n<script type=\"application\/ld+json\" class=\"yoast-schema-graph\">{\"@context\":\"https:\/\/schema.org\",\"@graph\":[{\"@type\":\"WebPage\",\"@id\":\"https:\/\/rauchfrei.at\/das-war-die-17-deutsche-konferenz-fuer-tabakkontrolle\/\",\"url\":\"https:\/\/rauchfrei.at\/das-war-die-17-deutsche-konferenz-fuer-tabakkontrolle\/\",\"name\":\"Das war die 17. Deutsche Konferenz f\u00fcr Tabakkontrolle - Rauchfrei Telefon\",\"isPartOf\":{\"@id\":\"https:\/\/rauchfrei.at\/#website\"},\"primaryImageOfPage\":{\"@id\":\"https:\/\/rauchfrei.at\/das-war-die-17-deutsche-konferenz-fuer-tabakkontrolle\/#primaryimage\"},\"image\":{\"@id\":\"https:\/\/rauchfrei.at\/das-war-die-17-deutsche-konferenz-fuer-tabakkontrolle\/#primaryimage\"},\"thumbnailUrl\":\"https:\/\/rauchfrei.at\/wp-content\/uploads\/Bild_Blog_Heidelberg-225x157.png\",\"datePublished\":\"2019-12-16T08:00:06+00:00\",\"dateModified\":\"2020-03-23T16:16:47+00:00\",\"author\":{\"@id\":\"https:\/\/rauchfrei.at\/#\/schema\/person\/504bbf90c5482004fc09aef6de7f9277\"},\"inLanguage\":\"en-US\",\"potentialAction\":[{\"@type\":\"ReadAction\",\"target\":[\"https:\/\/rauchfrei.at\/das-war-die-17-deutsche-konferenz-fuer-tabakkontrolle\/\"]}]},{\"@type\":\"ImageObject\",\"inLanguage\":\"en-US\",\"@id\":\"https:\/\/rauchfrei.at\/das-war-die-17-deutsche-konferenz-fuer-tabakkontrolle\/#primaryimage\",\"url\":\"https:\/\/rauchfrei.at\/wp-content\/uploads\/Bild_Blog_Heidelberg-225x157.png\",\"contentUrl\":\"https:\/\/rauchfrei.at\/wp-content\/uploads\/Bild_Blog_Heidelberg-225x157.png\"},{\"@type\":\"WebSite\",\"@id\":\"https:\/\/rauchfrei.at\/#website\",\"url\":\"https:\/\/rauchfrei.at\/\",\"name\":\"Rauchfrei Telefon\",\"description\":\"Eine \u00f6sterreichweite Initiative der Sozialversicherungen.\",\"potentialAction\":[{\"@type\":\"SearchAction\",\"target\":{\"@type\":\"EntryPoint\",\"urlTemplate\":\"https:\/\/rauchfrei.at\/?s={search_term_string}\"},\"query-input\":{\"@type\":\"PropertyValueSpecification\",\"valueRequired\":true,\"valueName\":\"search_term_string\"}}],\"inLanguage\":\"en-US\"},{\"@type\":\"Person\",\"@id\":\"https:\/\/rauchfrei.at\/#\/schema\/person\/504bbf90c5482004fc09aef6de7f9277\",\"name\":\"Rauchfrei Team\",\"image\":{\"@type\":\"ImageObject\",\"inLanguage\":\"en-US\",\"@id\":\"https:\/\/rauchfrei.at\/#\/schema\/person\/image\/\",\"url\":\"https:\/\/secure.gravatar.com\/avatar\/2115b79a00800516fa1523bb5a329611f90e73e89be559131fc7e82b4fdc95ff?s=96&d=mm&r=g\",\"contentUrl\":\"https:\/\/secure.gravatar.com\/avatar\/2115b79a00800516fa1523bb5a329611f90e73e89be559131fc7e82b4fdc95ff?s=96&d=mm&r=g\",\"caption\":\"Rauchfrei Team\"},\"url\":\"https:\/\/rauchfrei.at\/en\/author\/rauchfrei-team\/\"}]}<\/script>\n<!-- \/ Yoast SEO plugin. -->","yoast_head_json":{"title":"Das war die 17. Deutsche Konferenz f\u00fcr Tabakkontrolle - Rauchfrei Telefon","robots":{"index":"index","follow":"follow","max-snippet":"max-snippet:-1","max-image-preview":"max-image-preview:large","max-video-preview":"max-video-preview:-1"},"canonical":"https:\/\/rauchfrei.at\/das-war-die-17-deutsche-konferenz-fuer-tabakkontrolle\/","og_locale":"en_US","og_type":"article","og_title":"Das war die 17. Deutsche Konferenz f\u00fcr Tabakkontrolle - Rauchfrei Telefon","og_description":"J\u00e4hrlich wird vom WHO-Kollaborationszentrum f\u00fcr Tabakkontrolle in Zusammenarbeit mit dem Aktionsb\u00fcndnis Nichtrauchen\u00a0im Deutschen Krebsforschungszentrum in Heidelberg die Konferenz f\u00fcr Tabakkontrolle veranstaltet. Sie dient dem Erfahrungsaustausch \u00fcber erfolgreiche Ma\u00dfnahmen zur Verminderung des Tabakkonsums, der F\u00f6rderung und Entwicklung zuk\u00fcnftiger Projekte und der Vernetzung. Das Rauchfrei Telefon war heuer mit zwei Vortr\u00e4gen vertreten.","og_url":"https:\/\/rauchfrei.at\/das-war-die-17-deutsche-konferenz-fuer-tabakkontrolle\/","og_site_name":"Rauchfrei Telefon","article_published_time":"2019-12-16T08:00:06+00:00","article_modified_time":"2020-03-23T16:16:47+00:00","og_image":[{"url":"https:\/\/rauchfrei.at\/wp-content\/uploads\/Bild_Blog_Heidelberg-225x157.png","type":"","width":"","height":""}],"author":"Rauchfrei Team","twitter_card":"summary_large_image","twitter_misc":{"Written by":"Rauchfrei Team","Est. reading time":"2 minutes"},"schema":{"@context":"https:\/\/schema.org","@graph":[{"@type":"WebPage","@id":"https:\/\/rauchfrei.at\/das-war-die-17-deutsche-konferenz-fuer-tabakkontrolle\/","url":"https:\/\/rauchfrei.at\/das-war-die-17-deutsche-konferenz-fuer-tabakkontrolle\/","name":"Das war die 17. Deutsche Konferenz f\u00fcr Tabakkontrolle - Rauchfrei Telefon","isPartOf":{"@id":"https:\/\/rauchfrei.at\/#website"},"primaryImageOfPage":{"@id":"https:\/\/rauchfrei.at\/das-war-die-17-deutsche-konferenz-fuer-tabakkontrolle\/#primaryimage"},"image":{"@id":"https:\/\/rauchfrei.at\/das-war-die-17-deutsche-konferenz-fuer-tabakkontrolle\/#primaryimage"},"thumbnailUrl":"https:\/\/rauchfrei.at\/wp-content\/uploads\/Bild_Blog_Heidelberg-225x157.png","datePublished":"2019-12-16T08:00:06+00:00","dateModified":"2020-03-23T16:16:47+00:00","author":{"@id":"https:\/\/rauchfrei.at\/#\/schema\/person\/504bbf90c5482004fc09aef6de7f9277"},"inLanguage":"en-US","potentialAction":[{"@type":"ReadAction","target":["https:\/\/rauchfrei.at\/das-war-die-17-deutsche-konferenz-fuer-tabakkontrolle\/"]}]},{"@type":"ImageObject","inLanguage":"en-US","@id":"https:\/\/rauchfrei.at\/das-war-die-17-deutsche-konferenz-fuer-tabakkontrolle\/#primaryimage","url":"https:\/\/rauchfrei.at\/wp-content\/uploads\/Bild_Blog_Heidelberg-225x157.png","contentUrl":"https:\/\/rauchfrei.at\/wp-content\/uploads\/Bild_Blog_Heidelberg-225x157.png"},{"@type":"WebSite","@id":"https:\/\/rauchfrei.at\/#website","url":"https:\/\/rauchfrei.at\/","name":"Rauchfrei Telefon","description":"Eine \u00f6sterreichweite Initiative der Sozialversicherungen.","potentialAction":[{"@type":"SearchAction","target":{"@type":"EntryPoint","urlTemplate":"https:\/\/rauchfrei.at\/?s={search_term_string}"},"query-input":{"@type":"PropertyValueSpecification","valueRequired":true,"valueName":"search_term_string"}}],"inLanguage":"en-US"},{"@type":"Person","@id":"https:\/\/rauchfrei.at\/#\/schema\/person\/504bbf90c5482004fc09aef6de7f9277","name":"Rauchfrei Team","image":{"@type":"ImageObject","inLanguage":"en-US","@id":"https:\/\/rauchfrei.at\/#\/schema\/person\/image\/","url":"https:\/\/secure.gravatar.com\/avatar\/2115b79a00800516fa1523bb5a329611f90e73e89be559131fc7e82b4fdc95ff?s=96&d=mm&r=g","contentUrl":"https:\/\/secure.gravatar.com\/avatar\/2115b79a00800516fa1523bb5a329611f90e73e89be559131fc7e82b4fdc95ff?s=96&d=mm&r=g","caption":"Rauchfrei Team"},"url":"https:\/\/rauchfrei.at\/en\/author\/rauchfrei-team\/"}]}},"_links":{"self":[{"href":"https:\/\/rauchfrei.at\/en\/wp-json\/wp\/v2\/posts\/17642","targetHints":{"allow":["GET"]}}],"collection":[{"href":"https:\/\/rauchfrei.at\/en\/wp-json\/wp\/v2\/posts"}],"about":[{"href":"https:\/\/rauchfrei.at\/en\/wp-json\/wp\/v2\/types\/post"}],"author":[{"embeddable":true,"href":"https:\/\/rauchfrei.at\/en\/wp-json\/wp\/v2\/users\/25"}],"replies":[{"embeddable":true,"href":"https:\/\/rauchfrei.at\/en\/wp-json\/wp\/v2\/comments?post=17642"}],"version-history":[{"count":5,"href":"https:\/\/rauchfrei.at\/en\/wp-json\/wp\/v2\/posts\/17642\/revisions"}],"predecessor-version":[{"id":18401,"href":"https:\/\/rauchfrei.at\/en\/wp-json\/wp\/v2\/posts\/17642\/revisions\/18401"}],"wp:attachment":[{"href":"https:\/\/rauchfrei.at\/en\/wp-json\/wp\/v2\/media?parent=17642"}],"wp:term":[{"taxonomy":"category","embeddable":true,"href":"https:\/\/rauchfrei.at\/en\/wp-json\/wp\/v2\/categories?post=17642"},{"taxonomy":"post_tag","embeddable":true,"href":"https:\/\/rauchfrei.at\/en\/wp-json\/wp\/v2\/tags?post=17642"}],"curies":[{"name":"wp","href":"https:\/\/api.w.org\/{rel}","templated":true}]}}