
{"id":17653,"date":"2019-12-23T10:00:54","date_gmt":"2019-12-23T08:00:54","guid":{"rendered":"https:\/\/rauchfrei.at\/?p=17653"},"modified":"2019-12-17T15:33:55","modified_gmt":"2019-12-17T13:33:55","slug":"17653-2","status":"publish","type":"post","link":"https:\/\/rauchfrei.at\/en\/17653-2\/","title":{"rendered":"Weihnachtsfeier heuer rauchfrei \u2013  lasst uns froh und rauchfrei sein!"},"content":{"rendered":"<p>[et_pb_section bb_built=&#8221;1&#8243; fullwidth=&#8221;off&#8221; specialty=&#8221;off&#8221; _builder_version=&#8221;3.0.99&#8243; module_class=&#8221;header&#8221; next_background_color=&#8221;#000000&#8243;][et_pb_row _builder_version=&#8221;3.0.99&#8243;][et_pb_column type=&#8221;4_4&#8243;][et_pb_dp_dmb_module_10001 _builder_version=&#8221;3.21.1&#8243; subheadline=&#8221;Advent, Advent \u2026 kein Tschick\u2018 mehr brennt!  Und dann Rauchfrei ins neue Jahr!&#8221; z_index_tablet=&#8221;500&#8243; \/][\/et_pb_column][\/et_pb_row][\/et_pb_section][et_pb_section bb_built=&#8221;1&#8243; _builder_version=&#8221;3.0.99&#8243; custom_padding=&#8221;30px|||&#8221; prev_background_color=&#8221;#000000&#8243;][et_pb_row _builder_version=&#8221;3.0.99&#8243; module_class_2=&#8221;cat-and-tag&#8221; module_class_1=&#8221;blog-content&#8221;][et_pb_column type=&#8221;2_3&#8243;][et_pb_text _builder_version=&#8221;3.21.1&#8243; z_index_tablet=&#8221;500&#8243;]<\/p>\n<p>Mit der Umsetzung des Rauchverbots in den Lokalen seit 1. November 2019 hat eine neue gesellschaftliche \u00c4ra begonnen. F\u00fcr einige Raucherinnen und Raucher ist das zwar noch eine gro\u00dfe Umstellung, aber f\u00fcr viele, die bereits rauchfrei sind, nie geraucht haben oder den Rauchstopp bald umsetzen wollen, ist es ein Segen!<\/p>\n<p>Passivrauch erdulden, um an einer Weihnachtsfeier teilnehmen zu k\u00f6nnen und in der Folge verrauchte Kleidung und stinkende Haare, geh\u00f6ren f\u00fcr viele der Vergangenheit an. Au\u00dfer dem Gestank hat Passivrauch auch nachweislich massive sch\u00e4dliche Auswirkungen auf die Gesundheit.<\/p>\n<p>Auch in den telefonischen Beratungsgespr\u00e4chen beim Rauchfrei Telefon ist in der letzten Zeit oft die Erleichterung, die viele Ex-Raucherinnen und Ex-Raucher in Bezug auf rauchfreie Lokale und rauchfreie Weihnachtsfeiern empfinden, h\u00f6rbar. Da die st\u00e4ndigen Erinnerungen an das Rauchen und die Zigaretten wegfallen, ist es f\u00fcr viele leichter auch im geselligen Beisammensein rauchfrei zu bleiben.<\/p>\n<p>Und ist die Weihnachtsfeier rauchfrei gegl\u00fcckt, \u2026 dann gleich weiter rauchfrei ins neue Jahr! Oder falls der Rauchstopp bisher noch nicht geklappt hat, wie w\u00e4re es mit dem Rauchstopp zu Beginn 2020?<\/p>\n<p>Wenn Sie den Rauchstopp noch vor sich haben oder rauchfrei bleiben wollen, dazu fachliche Unterst\u00fctzung und hilfreiche Tipps vom Rauchfrei Telefon in Anspruch nehmen m\u00f6chten, melden Sie sich von Mo &#8211; Fr von 10:00 \u2013 18:00 unter der Nummer 0800 810 013 oder nutzen Sie die <a href=\"http:\/\/www.rauchfreiapp.at\" target=\"_blank\" rel=\"noopener noreferrer\">Rauchfrei<\/a> <a href=\"http:\/\/www.rauchfreiapp.at\" target=\"_blank\" rel=\"noopener noreferrer\">App.<\/a><\/p>\n<p>[\/et_pb_text][et_pb_image _builder_version=&#8221;3.21.1&#8243; src=&#8221;https:\/\/rauchfrei.at\/wp-content\/uploads\/shutterstock_734835814__2500pxWeihnachten-1.jpg&#8221; z_index_tablet=&#8221;500&#8243; \/][et_pb_text _builder_version=&#8221;3.21.1&#8243; z_index_tablet=&#8221;500&#8243;]<\/p>\n<p>(C) Shutterstock<\/p>\n<p>[\/et_pb_text][et_pb_post_nav _builder_version=&#8221;3.0.99&#8243; in_same_term=&#8221;off&#8221; show_prev=&#8221;on&#8221; show_next=&#8221;on&#8221; \/][\/et_pb_column][et_pb_column type=&#8221;1_3&#8243;][et_pb_sidebar _builder_version=&#8221;3.0.99&#8243; area=&#8221;et_pb_widget_area_1&#8243; orientation=&#8221;left&#8221; show_border=&#8221;on&#8221; background_layout=&#8221;light&#8221; \/][et_pb_dp_dmb_module_10093 admin_label=&#8221;Alternativen zum Rauchen&#8221; farbe=&#8221;blitzblau&#8221; headline=&#8221;Alternativen zum Rauchen&#8221; image=&#8221;https:\/\/rauchfrei.at\/wp-content\/uploads\/Relax-in-hammok.png&#8221; image_position=&#8221;center&#8221; link_text=&#8221;mehr&#8221; link_url=&#8221;https:\/\/rauchfrei.at\/alternativen\/&#8221; image_size=&#8221;90&#8243; _builder_version=&#8221;3.21.1&#8243; saved_tabs=&#8221;all&#8221; hover_enabled=&#8221;0&#8243; z_index_tablet=&#8221;500&#8243; global_module=&#8221;13174&#8243;]<\/p>\n<p>Es gibt viele M\u00f6glichkeiten, um nicht zur Zigarette zu greifen!<\/p>\n<p>[\/et_pb_dp_dmb_module_10093][et_pb_dp_dmb_module_10080 admin_label=&#8221;Arbeitsbl\u00e4tter&#8221; link_text=&#8221;Download&#8221; link_url=&#8221;\/broschueren-downloads\/download-beratungsunterlagen\/&#8221; _builder_version=&#8221;3.19.15&#8243; custom_link=&#8221;off&#8221; hover_enabled=&#8221;0&#8243; saved_tabs=&#8221;all&#8221; link_new_tab=&#8221;off&#8221; use_background_color_gradient=&#8221;off&#8221; background_color_gradient_direction=&#8221;180deg&#8221; parallax=&#8221;off&#8221; background_size=&#8221;cover&#8221; background_position=&#8221;center&#8221; background_repeat=&#8221;no-repeat&#8221; background_blend=&#8221;normal&#8221; allow_player_pause=&#8221;off&#8221; background_video_pause_outside_viewport=&#8221;on&#8221; dp_tiny_mce_font_size=&#8221;14px&#8221; dp_tiny_mce_letter_spacing=&#8221;0px&#8221; dp_tiny_mce_line_height=&#8221;1.5em&#8221; dp_tiny_mce_text_shadow_style=&#8221;none&#8221; border_radii=&#8221;on||||&#8221; link_bg_use_color_gradient=&#8221;off&#8221; link_bg_color_gradient_start=&#8221;#2b87da&#8221; link_bg_color_gradient_end=&#8221;#29c4a9&#8243; link_bg_color_gradient_type=&#8221;linear&#8221; link_bg_color_gradient_direction=&#8221;180deg&#8221; link_bg_color_gradient_direction_radial=&#8221;center&#8221; link_bg_color_gradient_start_position=&#8221;0%&#8221; link_bg_color_gradient_end_position=&#8221;100%&#8221; link_bg_color_gradient_overlays_image=&#8221;off&#8221; link_bg_parallax=&#8221;off&#8221; link_bg_parallax_method=&#8221;on&#8221; link_bg_size=&#8221;cover&#8221; link_bg_position=&#8221;center&#8221; link_bg_repeat=&#8221;no-repeat&#8221; link_bg_blend=&#8221;normal&#8221; link_bg_allow_player_pause=&#8221;off&#8221; link_bg_video_pause_outside_viewport=&#8221;on&#8221; link_icon_placement=&#8221;right&#8221; link_on_hover=&#8221;on&#8221; box_shadow_style=&#8221;none&#8221; background_layout=&#8221;light&#8221; max_width=&#8221;100%&#8221; filter_hue_rotate=&#8221;0deg&#8221; filter_saturate=&#8221;100%&#8221; filter_brightness=&#8221;100%&#8221; filter_contrast=&#8221;100%&#8221; filter_invert=&#8221;0%&#8221; filter_sepia=&#8221;0%&#8221; filter_opacity=&#8221;100%&#8221; filter_blur=&#8221;0px&#8221; mix_blend_mode=&#8221;normal&#8221; animation_style=&#8221;none&#8221; animation_direction=&#8221;center&#8221; text_shadow_style=&#8221;none&#8221; hover_transition_duration=&#8221;300ms&#8221; hover_transition_delay=&#8221;0ms&#8221; hover_transition_speed_curve=&#8221;ease&#8221; global_module=&#8221;13623&#8243;]<\/p>\n<p><strong>Arbeitsbl\u00e4tter<\/strong> f\u00fcr die Beratung<\/p>\n<p>[\/et_pb_dp_dmb_module_10080][\/et_pb_column][\/et_pb_row][\/et_pb_section]<\/p>\n","protected":false},"excerpt":{"rendered":"<p>Die rauchfreie Gastronomie tr\u00e4gt mit Sicherheit dazu bei, dass es Ex-Raucherinnen und Ex-Rauchern leichter f\u00e4llt, rauchfrei durch die Weihnachtsfeiern zu kommen. Au\u00dferdem k\u00f6nnen alle ihr Festessen in einer rauchfreien Umgebung genie\u00dfen.<\/p>\n","protected":false},"author":25,"featured_media":0,"comment_status":"open","ping_status":"open","sticky":false,"template":"","format":"standard","meta":{"_et_pb_use_builder":"on","_et_pb_old_content":"","_et_gb_content_width":"","footnotes":""},"categories":[235,236],"tags":[],"class_list":["post-17653","post","type-post","status-publish","format-standard","hentry","category-gesundheit-und-rauchstopp","category-nicht-kategorisiert"],"yoast_head":"<!-- This site is optimized with the Yoast SEO plugin v26.2 - https:\/\/yoast.com\/wordpress\/plugins\/seo\/ -->\n<title>Weihnachtsfeier heuer rauchfrei \u2013 lasst uns froh und rauchfrei sein! - Rauchfrei Telefon<\/title>\n<meta name=\"robots\" content=\"index, follow, max-snippet:-1, max-image-preview:large, max-video-preview:-1\" \/>\n<link rel=\"canonical\" href=\"https:\/\/rauchfrei.at\/17653-2\/\" \/>\n<meta property=\"og:locale\" content=\"en_US\" \/>\n<meta property=\"og:type\" content=\"article\" \/>\n<meta property=\"og:title\" content=\"Weihnachtsfeier heuer rauchfrei \u2013 lasst uns froh und rauchfrei sein! - Rauchfrei Telefon\" \/>\n<meta property=\"og:description\" content=\"Die rauchfreie Gastronomie tr\u00e4gt mit Sicherheit dazu bei, dass es Ex-Raucherinnen und Ex-Rauchern leichter f\u00e4llt, rauchfrei durch die Weihnachtsfeiern zu kommen. Au\u00dferdem k\u00f6nnen alle ihr Festessen in einer rauchfreien Umgebung genie\u00dfen.\" \/>\n<meta property=\"og:url\" content=\"https:\/\/rauchfrei.at\/17653-2\/\" \/>\n<meta property=\"og:site_name\" content=\"Rauchfrei Telefon\" \/>\n<meta property=\"article:published_time\" content=\"2019-12-23T08:00:54+00:00\" \/>\n<meta name=\"author\" content=\"Rauchfrei Team\" \/>\n<meta name=\"twitter:card\" content=\"summary_large_image\" \/>\n<meta name=\"twitter:label1\" content=\"Written by\" \/>\n\t<meta name=\"twitter:data1\" content=\"Rauchfrei Team\" \/>\n\t<meta name=\"twitter:label2\" content=\"Est. reading time\" \/>\n\t<meta name=\"twitter:data2\" content=\"4 minutes\" \/>\n<script type=\"application\/ld+json\" class=\"yoast-schema-graph\">{\"@context\":\"https:\/\/schema.org\",\"@graph\":[{\"@type\":\"WebPage\",\"@id\":\"https:\/\/rauchfrei.at\/17653-2\/\",\"url\":\"https:\/\/rauchfrei.at\/17653-2\/\",\"name\":\"Weihnachtsfeier heuer rauchfrei \u2013 lasst uns froh und rauchfrei sein! - Rauchfrei Telefon\",\"isPartOf\":{\"@id\":\"https:\/\/rauchfrei.at\/#website\"},\"datePublished\":\"2019-12-23T08:00:54+00:00\",\"author\":{\"@id\":\"https:\/\/rauchfrei.at\/#\/schema\/person\/504bbf90c5482004fc09aef6de7f9277\"},\"inLanguage\":\"en-US\",\"potentialAction\":[{\"@type\":\"ReadAction\",\"target\":[\"https:\/\/rauchfrei.at\/17653-2\/\"]}]},{\"@type\":\"WebSite\",\"@id\":\"https:\/\/rauchfrei.at\/#website\",\"url\":\"https:\/\/rauchfrei.at\/\",\"name\":\"Rauchfrei Telefon\",\"description\":\"Eine \u00f6sterreichweite Initiative der Sozialversicherungen.\",\"potentialAction\":[{\"@type\":\"SearchAction\",\"target\":{\"@type\":\"EntryPoint\",\"urlTemplate\":\"https:\/\/rauchfrei.at\/?s={search_term_string}\"},\"query-input\":{\"@type\":\"PropertyValueSpecification\",\"valueRequired\":true,\"valueName\":\"search_term_string\"}}],\"inLanguage\":\"en-US\"},{\"@type\":\"Person\",\"@id\":\"https:\/\/rauchfrei.at\/#\/schema\/person\/504bbf90c5482004fc09aef6de7f9277\",\"name\":\"Rauchfrei Team\",\"image\":{\"@type\":\"ImageObject\",\"inLanguage\":\"en-US\",\"@id\":\"https:\/\/rauchfrei.at\/#\/schema\/person\/image\/\",\"url\":\"https:\/\/secure.gravatar.com\/avatar\/2115b79a00800516fa1523bb5a329611f90e73e89be559131fc7e82b4fdc95ff?s=96&d=mm&r=g\",\"contentUrl\":\"https:\/\/secure.gravatar.com\/avatar\/2115b79a00800516fa1523bb5a329611f90e73e89be559131fc7e82b4fdc95ff?s=96&d=mm&r=g\",\"caption\":\"Rauchfrei Team\"},\"url\":\"https:\/\/rauchfrei.at\/en\/author\/rauchfrei-team\/\"}]}<\/script>\n<!-- \/ Yoast SEO plugin. -->","yoast_head_json":{"title":"Weihnachtsfeier heuer rauchfrei \u2013 lasst uns froh und rauchfrei sein! - Rauchfrei Telefon","robots":{"index":"index","follow":"follow","max-snippet":"max-snippet:-1","max-image-preview":"max-image-preview:large","max-video-preview":"max-video-preview:-1"},"canonical":"https:\/\/rauchfrei.at\/17653-2\/","og_locale":"en_US","og_type":"article","og_title":"Weihnachtsfeier heuer rauchfrei \u2013 lasst uns froh und rauchfrei sein! - Rauchfrei Telefon","og_description":"Die rauchfreie Gastronomie tr\u00e4gt mit Sicherheit dazu bei, dass es Ex-Raucherinnen und Ex-Rauchern leichter f\u00e4llt, rauchfrei durch die Weihnachtsfeiern zu kommen. Au\u00dferdem k\u00f6nnen alle ihr Festessen in einer rauchfreien Umgebung genie\u00dfen.","og_url":"https:\/\/rauchfrei.at\/17653-2\/","og_site_name":"Rauchfrei Telefon","article_published_time":"2019-12-23T08:00:54+00:00","author":"Rauchfrei Team","twitter_card":"summary_large_image","twitter_misc":{"Written by":"Rauchfrei Team","Est. reading time":"4 minutes"},"schema":{"@context":"https:\/\/schema.org","@graph":[{"@type":"WebPage","@id":"https:\/\/rauchfrei.at\/17653-2\/","url":"https:\/\/rauchfrei.at\/17653-2\/","name":"Weihnachtsfeier heuer rauchfrei \u2013 lasst uns froh und rauchfrei sein! - Rauchfrei Telefon","isPartOf":{"@id":"https:\/\/rauchfrei.at\/#website"},"datePublished":"2019-12-23T08:00:54+00:00","author":{"@id":"https:\/\/rauchfrei.at\/#\/schema\/person\/504bbf90c5482004fc09aef6de7f9277"},"inLanguage":"en-US","potentialAction":[{"@type":"ReadAction","target":["https:\/\/rauchfrei.at\/17653-2\/"]}]},{"@type":"WebSite","@id":"https:\/\/rauchfrei.at\/#website","url":"https:\/\/rauchfrei.at\/","name":"Rauchfrei Telefon","description":"Eine \u00f6sterreichweite Initiative der Sozialversicherungen.","potentialAction":[{"@type":"SearchAction","target":{"@type":"EntryPoint","urlTemplate":"https:\/\/rauchfrei.at\/?s={search_term_string}"},"query-input":{"@type":"PropertyValueSpecification","valueRequired":true,"valueName":"search_term_string"}}],"inLanguage":"en-US"},{"@type":"Person","@id":"https:\/\/rauchfrei.at\/#\/schema\/person\/504bbf90c5482004fc09aef6de7f9277","name":"Rauchfrei Team","image":{"@type":"ImageObject","inLanguage":"en-US","@id":"https:\/\/rauchfrei.at\/#\/schema\/person\/image\/","url":"https:\/\/secure.gravatar.com\/avatar\/2115b79a00800516fa1523bb5a329611f90e73e89be559131fc7e82b4fdc95ff?s=96&d=mm&r=g","contentUrl":"https:\/\/secure.gravatar.com\/avatar\/2115b79a00800516fa1523bb5a329611f90e73e89be559131fc7e82b4fdc95ff?s=96&d=mm&r=g","caption":"Rauchfrei Team"},"url":"https:\/\/rauchfrei.at\/en\/author\/rauchfrei-team\/"}]}},"_links":{"self":[{"href":"https:\/\/rauchfrei.at\/en\/wp-json\/wp\/v2\/posts\/17653","targetHints":{"allow":["GET"]}}],"collection":[{"href":"https:\/\/rauchfrei.at\/en\/wp-json\/wp\/v2\/posts"}],"about":[{"href":"https:\/\/rauchfrei.at\/en\/wp-json\/wp\/v2\/types\/post"}],"author":[{"embeddable":true,"href":"https:\/\/rauchfrei.at\/en\/wp-json\/wp\/v2\/users\/25"}],"replies":[{"embeddable":true,"href":"https:\/\/rauchfrei.at\/en\/wp-json\/wp\/v2\/comments?post=17653"}],"version-history":[{"count":5,"href":"https:\/\/rauchfrei.at\/en\/wp-json\/wp\/v2\/posts\/17653\/revisions"}],"predecessor-version":[{"id":17679,"href":"https:\/\/rauchfrei.at\/en\/wp-json\/wp\/v2\/posts\/17653\/revisions\/17679"}],"wp:attachment":[{"href":"https:\/\/rauchfrei.at\/en\/wp-json\/wp\/v2\/media?parent=17653"}],"wp:term":[{"taxonomy":"category","embeddable":true,"href":"https:\/\/rauchfrei.at\/en\/wp-json\/wp\/v2\/categories?post=17653"},{"taxonomy":"post_tag","embeddable":true,"href":"https:\/\/rauchfrei.at\/en\/wp-json\/wp\/v2\/tags?post=17653"}],"curies":[{"name":"wp","href":"https:\/\/api.w.org\/{rel}","templated":true}]}}