
{"id":17909,"date":"2020-01-20T10:00:19","date_gmt":"2020-01-20T08:00:19","guid":{"rendered":"https:\/\/rauchfrei.at\/?p=17909"},"modified":"2020-01-28T15:52:09","modified_gmt":"2020-01-28T13:52:09","slug":"rauchfrei-mit-unterstuetzung-gelingt-es-leichter","status":"publish","type":"post","link":"https:\/\/rauchfrei.at\/en\/rauchfrei-mit-unterstuetzung-gelingt-es-leichter\/","title":{"rendered":"Rauchfrei &#8211; mit Unterst\u00fctzung gelingt es leichter!"},"content":{"rendered":"<p>[et_pb_section fb_built=&#8221;1&#8243; module_class=&#8221;header&#8221; _builder_version=&#8221;3.22&#8243;][et_pb_row _builder_version=&#8221;3.25&#8243;][et_pb_column type=&#8221;4_4&#8243; _builder_version=&#8221;3.25&#8243; custom_padding=&#8221;|||&#8221; custom_padding__hover=&#8221;|||&#8221;][et_pb_dp_dmb_module_10001 subheadline=&#8221;Angebote der Sozialversicherung helfen beim Rauchstopp&#8221; _builder_version=&#8221;4.1&#8243;][\/et_pb_dp_dmb_module_10001][\/et_pb_column][\/et_pb_row][\/et_pb_section][et_pb_section fb_built=&#8221;1&#8243; _builder_version=&#8221;3.22&#8243; custom_padding=&#8221;30px|||&#8221;][et_pb_row column_structure=&#8221;2_3,1_3&#8243; _builder_version=&#8221;3.25&#8243;][et_pb_column type=&#8221;2_3&#8243; module_class=&#8221;blog-content&#8221; _builder_version=&#8221;3.25&#8243; custom_padding=&#8221;|||&#8221; custom_padding__hover=&#8221;|||&#8221;][et_pb_text _builder_version=&#8221;4.1&#8243;]<\/p>\n<p>Gerade zu Jahresbeginn planen viele Raucherinnen und Raucher mit dem Rauchen aufzuh\u00f6ren. Den Rauchstopp nicht ganz auf sich alleingestellt zu machen hat viele Vorteile:<\/p>\n<p>Das Wissen und die Erfahrung von Profis in der Tabakentw\u00f6hnung hilft dabei, die passenden Strategien individuell zu finden und Schritt f\u00fcr Schritt die Rauchfreiheit umzusetzen.<\/p>\n<p>F\u00fcr viele sind Kursangebote in der Gruppe sind eine besondere Unterst\u00fctzung. Der Austausch mit Personen, die eventuell \u00e4hnliche Erfahrungen machen oder schon hinter sich haben, kann erleichternd und hilfreich sein. Gegenseitig Tipps und Ideen auszutauschen ist ein weiterer Vorteil.<\/p>\n<p>Lassen Sie sich beim Aufh\u00f6ren unterst\u00fctzen! Wir wissen, dass dies den Erfolg deutlich erh\u00f6ht!<\/p>\n<p>In vielen Bundesl\u00e4ndern bieten die Sozialversicherungstr\u00e4ger zum Jahresbeginn Kurse zur Raucherentw\u00f6hnung an, suchen Sie in Ihrem Bundesland nach einem Angebot in Ihrer N\u00e4he:<\/p>\n<p><a href=\"https:\/\/rauchfrei.at\/aufhoeren\/weitere-beratungsangebote-in-oe\/ambulante-beratung\/\">Beratungsangebote in den Bundesl\u00e4ndern<\/a><\/p>\n<p>Falls die Gruppenangebote f\u00fcr Sie aus zeitlichen oder anderen Gr\u00fcnden nicht in Frage kommen, ist die telefonische Unterst\u00fctzung beim Weg in die Rauchfreiheit eine weitere flexible M\u00f6glichkeit der Unterst\u00fctzung, die Sie unter 0800 810 013 kostenlos in Anspruch nehmen k\u00f6nnen.<\/p>\n<p>[\/et_pb_text][et_pb_post_nav in_same_term=&#8221;off&#8221; _builder_version=&#8221;3.0.99&#8243;][\/et_pb_post_nav][\/et_pb_column][et_pb_column type=&#8221;1_3&#8243; module_class=&#8221;cat-and-tag&#8221; _builder_version=&#8221;3.25&#8243; custom_padding=&#8221;|||&#8221; custom_padding__hover=&#8221;|||&#8221;][et_pb_sidebar area=&#8221;et_pb_widget_area_1&#8243; admin_label=&#8221;Seitenleiste&#8221; _builder_version=&#8221;4.1&#8243;][\/et_pb_sidebar][et_pb_dp_dmb_module_10093 farbe=&#8221;blitzgelb&#8221; headline=&#8221;Trauen Sie sich den Rauchstopp zu!&#8221; image=&#8221;https:\/\/rauchfrei.at\/wp-content\/uploads\/Quitting-Yellow.png&#8221; image_position=&#8221;center&#8221; link_text=&#8221;mehr&#8221; link_url=&#8221;https:\/\/rauchfrei.at\/aufhoeren\/schritte-zum-rauchstopp\/trauen-sie-sich-den-rauchstopp-zu\/&#8221; image_size=&#8221;90&#8243; admin_label=&#8221;Trauen Sie sich den Rauchstopp zu&#8221; _builder_version=&#8221;3.19.15&#8243; global_module=&#8221;13173&#8243; saved_tabs=&#8221;all&#8221;]<\/p>\n<p>Sie m\u00f6chten etwas \u00e4ndern? Worauf warten Sie noch?<\/p>\n<p>[\/et_pb_dp_dmb_module_10093][\/et_pb_column][\/et_pb_row][\/et_pb_section]<\/p>\n","protected":false},"excerpt":{"rendered":"<p>Viele Raucher\/innen sind mit dem eigenen Rauchverhalten unzufrieden und w\u00fcnschen sich, die Glimmst\u00e4ngel endg\u00fcltig wegwerfen zu k\u00f6nnen. Mit Unterst\u00fctzung gelingt der Rauchstopp leichter! Auch dieses Jahr gibt es wieder Kurse zur Tabakentw\u00f6hung der Sozialversicherung in ganz \u00d6sterreich, die ersten beginnen im Februar.<\/p>\n","protected":false},"author":25,"featured_media":0,"comment_status":"open","ping_status":"open","sticky":false,"template":"","format":"standard","meta":{"_et_pb_use_builder":"on","_et_pb_old_content":"","_et_gb_content_width":"","footnotes":""},"categories":[236,234,233],"tags":[],"class_list":["post-17909","post","type-post","status-publish","format-standard","hentry","category-nicht-kategorisiert","category-oesterreichweite-angebote-zur-entwoehnung","category-unterstuetzung-beim-rauchstopp"],"yoast_head":"<!-- This site is optimized with the Yoast SEO plugin v26.2 - https:\/\/yoast.com\/wordpress\/plugins\/seo\/ -->\n<title>Rauchfrei - mit Unterst\u00fctzung gelingt es leichter! - Rauchfrei Telefon<\/title>\n<meta name=\"robots\" content=\"index, follow, max-snippet:-1, max-image-preview:large, max-video-preview:-1\" \/>\n<link rel=\"canonical\" href=\"https:\/\/rauchfrei.at\/rauchfrei-mit-unterstuetzung-gelingt-es-leichter\/\" \/>\n<meta property=\"og:locale\" content=\"en_US\" \/>\n<meta property=\"og:type\" content=\"article\" \/>\n<meta property=\"og:title\" content=\"Rauchfrei - mit Unterst\u00fctzung gelingt es leichter! - Rauchfrei Telefon\" \/>\n<meta property=\"og:description\" content=\"Viele Raucher\/innen sind mit dem eigenen Rauchverhalten unzufrieden und w\u00fcnschen sich, die Glimmst\u00e4ngel endg\u00fcltig wegwerfen zu k\u00f6nnen. Mit Unterst\u00fctzung gelingt der Rauchstopp leichter! Auch dieses Jahr gibt es wieder Kurse zur Tabakentw\u00f6hung der Sozialversicherung in ganz \u00d6sterreich, die ersten beginnen im Februar.\" \/>\n<meta property=\"og:url\" content=\"https:\/\/rauchfrei.at\/rauchfrei-mit-unterstuetzung-gelingt-es-leichter\/\" \/>\n<meta property=\"og:site_name\" content=\"Rauchfrei Telefon\" \/>\n<meta property=\"article:published_time\" content=\"2020-01-20T08:00:19+00:00\" \/>\n<meta property=\"article:modified_time\" content=\"2020-01-28T13:52:09+00:00\" \/>\n<meta name=\"author\" content=\"Rauchfrei Team\" \/>\n<meta name=\"twitter:card\" content=\"summary_large_image\" \/>\n<meta name=\"twitter:label1\" content=\"Written by\" \/>\n\t<meta name=\"twitter:data1\" content=\"Rauchfrei Team\" \/>\n\t<meta name=\"twitter:label2\" content=\"Est. reading time\" \/>\n\t<meta name=\"twitter:data2\" content=\"2 minutes\" \/>\n<script type=\"application\/ld+json\" class=\"yoast-schema-graph\">{\"@context\":\"https:\/\/schema.org\",\"@graph\":[{\"@type\":\"WebPage\",\"@id\":\"https:\/\/rauchfrei.at\/rauchfrei-mit-unterstuetzung-gelingt-es-leichter\/\",\"url\":\"https:\/\/rauchfrei.at\/rauchfrei-mit-unterstuetzung-gelingt-es-leichter\/\",\"name\":\"Rauchfrei - mit Unterst\u00fctzung gelingt es leichter! - Rauchfrei Telefon\",\"isPartOf\":{\"@id\":\"https:\/\/rauchfrei.at\/#website\"},\"datePublished\":\"2020-01-20T08:00:19+00:00\",\"dateModified\":\"2020-01-28T13:52:09+00:00\",\"author\":{\"@id\":\"https:\/\/rauchfrei.at\/#\/schema\/person\/504bbf90c5482004fc09aef6de7f9277\"},\"inLanguage\":\"en-US\",\"potentialAction\":[{\"@type\":\"ReadAction\",\"target\":[\"https:\/\/rauchfrei.at\/rauchfrei-mit-unterstuetzung-gelingt-es-leichter\/\"]}]},{\"@type\":\"WebSite\",\"@id\":\"https:\/\/rauchfrei.at\/#website\",\"url\":\"https:\/\/rauchfrei.at\/\",\"name\":\"Rauchfrei Telefon\",\"description\":\"Eine \u00f6sterreichweite Initiative der Sozialversicherungen.\",\"potentialAction\":[{\"@type\":\"SearchAction\",\"target\":{\"@type\":\"EntryPoint\",\"urlTemplate\":\"https:\/\/rauchfrei.at\/?s={search_term_string}\"},\"query-input\":{\"@type\":\"PropertyValueSpecification\",\"valueRequired\":true,\"valueName\":\"search_term_string\"}}],\"inLanguage\":\"en-US\"},{\"@type\":\"Person\",\"@id\":\"https:\/\/rauchfrei.at\/#\/schema\/person\/504bbf90c5482004fc09aef6de7f9277\",\"name\":\"Rauchfrei Team\",\"image\":{\"@type\":\"ImageObject\",\"inLanguage\":\"en-US\",\"@id\":\"https:\/\/rauchfrei.at\/#\/schema\/person\/image\/\",\"url\":\"https:\/\/secure.gravatar.com\/avatar\/2115b79a00800516fa1523bb5a329611f90e73e89be559131fc7e82b4fdc95ff?s=96&d=mm&r=g\",\"contentUrl\":\"https:\/\/secure.gravatar.com\/avatar\/2115b79a00800516fa1523bb5a329611f90e73e89be559131fc7e82b4fdc95ff?s=96&d=mm&r=g\",\"caption\":\"Rauchfrei Team\"},\"url\":\"https:\/\/rauchfrei.at\/en\/author\/rauchfrei-team\/\"}]}<\/script>\n<!-- \/ Yoast SEO plugin. -->","yoast_head_json":{"title":"Rauchfrei - mit Unterst\u00fctzung gelingt es leichter! - Rauchfrei Telefon","robots":{"index":"index","follow":"follow","max-snippet":"max-snippet:-1","max-image-preview":"max-image-preview:large","max-video-preview":"max-video-preview:-1"},"canonical":"https:\/\/rauchfrei.at\/rauchfrei-mit-unterstuetzung-gelingt-es-leichter\/","og_locale":"en_US","og_type":"article","og_title":"Rauchfrei - mit Unterst\u00fctzung gelingt es leichter! - Rauchfrei Telefon","og_description":"Viele Raucher\/innen sind mit dem eigenen Rauchverhalten unzufrieden und w\u00fcnschen sich, die Glimmst\u00e4ngel endg\u00fcltig wegwerfen zu k\u00f6nnen. Mit Unterst\u00fctzung gelingt der Rauchstopp leichter! Auch dieses Jahr gibt es wieder Kurse zur Tabakentw\u00f6hung der Sozialversicherung in ganz \u00d6sterreich, die ersten beginnen im Februar.","og_url":"https:\/\/rauchfrei.at\/rauchfrei-mit-unterstuetzung-gelingt-es-leichter\/","og_site_name":"Rauchfrei Telefon","article_published_time":"2020-01-20T08:00:19+00:00","article_modified_time":"2020-01-28T13:52:09+00:00","author":"Rauchfrei Team","twitter_card":"summary_large_image","twitter_misc":{"Written by":"Rauchfrei Team","Est. reading time":"2 minutes"},"schema":{"@context":"https:\/\/schema.org","@graph":[{"@type":"WebPage","@id":"https:\/\/rauchfrei.at\/rauchfrei-mit-unterstuetzung-gelingt-es-leichter\/","url":"https:\/\/rauchfrei.at\/rauchfrei-mit-unterstuetzung-gelingt-es-leichter\/","name":"Rauchfrei - mit Unterst\u00fctzung gelingt es leichter! - Rauchfrei Telefon","isPartOf":{"@id":"https:\/\/rauchfrei.at\/#website"},"datePublished":"2020-01-20T08:00:19+00:00","dateModified":"2020-01-28T13:52:09+00:00","author":{"@id":"https:\/\/rauchfrei.at\/#\/schema\/person\/504bbf90c5482004fc09aef6de7f9277"},"inLanguage":"en-US","potentialAction":[{"@type":"ReadAction","target":["https:\/\/rauchfrei.at\/rauchfrei-mit-unterstuetzung-gelingt-es-leichter\/"]}]},{"@type":"WebSite","@id":"https:\/\/rauchfrei.at\/#website","url":"https:\/\/rauchfrei.at\/","name":"Rauchfrei Telefon","description":"Eine \u00f6sterreichweite Initiative der Sozialversicherungen.","potentialAction":[{"@type":"SearchAction","target":{"@type":"EntryPoint","urlTemplate":"https:\/\/rauchfrei.at\/?s={search_term_string}"},"query-input":{"@type":"PropertyValueSpecification","valueRequired":true,"valueName":"search_term_string"}}],"inLanguage":"en-US"},{"@type":"Person","@id":"https:\/\/rauchfrei.at\/#\/schema\/person\/504bbf90c5482004fc09aef6de7f9277","name":"Rauchfrei Team","image":{"@type":"ImageObject","inLanguage":"en-US","@id":"https:\/\/rauchfrei.at\/#\/schema\/person\/image\/","url":"https:\/\/secure.gravatar.com\/avatar\/2115b79a00800516fa1523bb5a329611f90e73e89be559131fc7e82b4fdc95ff?s=96&d=mm&r=g","contentUrl":"https:\/\/secure.gravatar.com\/avatar\/2115b79a00800516fa1523bb5a329611f90e73e89be559131fc7e82b4fdc95ff?s=96&d=mm&r=g","caption":"Rauchfrei Team"},"url":"https:\/\/rauchfrei.at\/en\/author\/rauchfrei-team\/"}]}},"_links":{"self":[{"href":"https:\/\/rauchfrei.at\/en\/wp-json\/wp\/v2\/posts\/17909","targetHints":{"allow":["GET"]}}],"collection":[{"href":"https:\/\/rauchfrei.at\/en\/wp-json\/wp\/v2\/posts"}],"about":[{"href":"https:\/\/rauchfrei.at\/en\/wp-json\/wp\/v2\/types\/post"}],"author":[{"embeddable":true,"href":"https:\/\/rauchfrei.at\/en\/wp-json\/wp\/v2\/users\/25"}],"replies":[{"embeddable":true,"href":"https:\/\/rauchfrei.at\/en\/wp-json\/wp\/v2\/comments?post=17909"}],"version-history":[{"count":5,"href":"https:\/\/rauchfrei.at\/en\/wp-json\/wp\/v2\/posts\/17909\/revisions"}],"predecessor-version":[{"id":17927,"href":"https:\/\/rauchfrei.at\/en\/wp-json\/wp\/v2\/posts\/17909\/revisions\/17927"}],"wp:attachment":[{"href":"https:\/\/rauchfrei.at\/en\/wp-json\/wp\/v2\/media?parent=17909"}],"wp:term":[{"taxonomy":"category","embeddable":true,"href":"https:\/\/rauchfrei.at\/en\/wp-json\/wp\/v2\/categories?post=17909"},{"taxonomy":"post_tag","embeddable":true,"href":"https:\/\/rauchfrei.at\/en\/wp-json\/wp\/v2\/tags?post=17909"}],"curies":[{"name":"wp","href":"https:\/\/api.w.org\/{rel}","templated":true}]}}