
{"id":17937,"date":"2020-01-27T10:00:59","date_gmt":"2020-01-27T08:00:59","guid":{"rendered":"https:\/\/rauchfrei.at\/?p=17937"},"modified":"2020-01-22T11:29:56","modified_gmt":"2020-01-22T09:29:56","slug":"rauchfreie-huettengaudi","status":"publish","type":"post","link":"https:\/\/rauchfrei.at\/en\/rauchfreie-huettengaudi\/","title":{"rendered":"Rauchfreie H\u00fcttengaudi"},"content":{"rendered":"<p>[et_pb_section fb_built=&#8221;1&#8243; module_class=&#8221;header&#8221; _builder_version=&#8221;3.22&#8243;][et_pb_row _builder_version=&#8221;3.25&#8243;][et_pb_column type=&#8221;4_4&#8243; _builder_version=&#8221;3.25&#8243; custom_padding=&#8221;|||&#8221; custom_padding__hover=&#8221;|||&#8221;][et_pb_dp_dmb_module_10001 subheadline=&#8221;So erholen Sie sich noch besser&#8221; _builder_version=&#8221;4.1&#8243; hover_enabled=&#8221;0&#8243;][\/et_pb_dp_dmb_module_10001][\/et_pb_column][\/et_pb_row][\/et_pb_section][et_pb_section fb_built=&#8221;1&#8243; _builder_version=&#8221;3.22&#8243; custom_padding=&#8221;30px|||&#8221;][et_pb_row _builder_version=&#8221;3.25&#8243; column_structure=&#8221;2_3,1_3&#8243;][et_pb_column type=&#8221;2_3&#8243; module_class=&#8221;blog-content&#8221; _builder_version=&#8221;3.25&#8243; custom_padding=&#8221;|||&#8221; custom_padding__hover=&#8221;|||&#8221;][et_pb_text _builder_version=&#8221;4.1&#8243; hover_enabled=&#8221;0&#8243;]<\/p>\n<p>Wer sich jetzt in der kalten Jahreszeit gerne an der frischen Luft bewegt, wird nach dem Wintersport wohl auch die eine oder andere H\u00fctte aufsuchen.<\/p>\n<p>W\u00e4hrend in der letzten Saison noch in vielen H\u00fctten geraucht werden durfte, k\u00f6nnen die Pausen nun ganz rauchfrei verbracht werden. Denn seit der Einf\u00fchrung der rauchfreien Gastronomie am 1.11.2019 sind die Raucherbereiche auch aus den Schih\u00fctten verschwunden.<\/p>\n<p>Vorreiter f\u00fcr den Nichtraucherschutz beim Bergsport war der \u00f6sterreichische Alpenverein, der schon 2008 ein generelles Rauchverbot f\u00fcr all seine Schutzh\u00fctten beschlossen hat. Damit w\u00fcrdigte der Alpenverein die Interessen der \u00fcberwiegend rauchfreien Bergsportler\/innen und ber\u00fccksichtigte gleichzeitig auch die Bereiche Arbeitnehmerschutz, Gewerberecht und Brandschutz. Die \u00d6sterreichische \u00c4rztekammer zeichnete dieses Engagement im Bereich der Gesundheitsf\u00f6rderung mit dem Zertifikat f\u00fcr vorbildlichen Nichtraucherschutz aus.<\/p>\n<p>Nicht nur Familien, Nichtraucher\/innen und Exraucher\/innen sch\u00e4tzen es, sich in rauchfreier Umgebung zu entspannen. Auch Raucher\/innen profitieren vom H\u00fctten-Rauchverbot. Hat in verqualmten H\u00fctten das Essen eher fad geschmeckt, er\u00f6ffnet sich jetzt ein neuer Genuss. Die Rauchpause hilft dem K\u00f6rper auch, sich zu regenerieren und neue Energie zu tanken. Die <strong>verbesserte Sauerstoffversorgung<\/strong> macht sich schnell bei der Kondition bemerkbar und verhilft dem K\u00f6rper zu neuer Hochform! So macht der Wintersport gleich noch mehr Spa\u00df!<\/p>\n<p>Freuen Sie sich diese Saison auf ein besonderes Wintererlebnis und atmen Sie auch in der H\u00fctte auf!<\/p>\n<p>&nbsp;<\/p>\n<p>Links:<br \/><a href=\"https:\/\/www.alpenverein.at\/portal\/huetten-wege\/regelungen\/index.php\">https:\/\/www.alpenverein.at\/portal\/huetten-wege\/regelungen\/index.php<\/a> <br \/><a href=\"https:\/\/www.alpenverein.at\/portal\/news\/aktuelle_news\/2018\/2018_04_03_rauchen.php\">https:\/\/www.alpenverein.at\/portal\/news\/aktuelle_news\/2018\/2018_04_03_rauchen.php<\/a><\/p>\n<p>[\/et_pb_text][et_pb_post_nav in_same_term=&#8221;off&#8221; _builder_version=&#8221;3.0.99&#8243;][\/et_pb_post_nav][\/et_pb_column][et_pb_column type=&#8221;1_3&#8243; module_class=&#8221;cat-and-tag&#8221; _builder_version=&#8221;3.25&#8243; custom_padding=&#8221;|||&#8221; custom_padding__hover=&#8221;|||&#8221;][et_pb_sidebar area=&#8221;et_pb_widget_area_1&#8243; _builder_version=&#8221;3.0.99&#8243;][\/et_pb_sidebar][\/et_pb_column][\/et_pb_row][\/et_pb_section]<\/p>\n","protected":false},"excerpt":{"rendered":"<p>Die Alpenvereinsh\u00fctten sind bereits seit mehr als 10 Jahren rauchfrei, seit November darf auch in den \u00fcbrigen H\u00fctten nicht mehr geraucht werden. Das bringt auch f\u00fcr Raucher\/innen viele Vorteile. Es wird automatisch weniger geraucht, es steht mehr Sauerstoff zur Verf\u00fcgung und die Lungen atmen auf. Und: die H\u00fcttenjause schmeckt noch besser. Genie\u00dfen Sie die Auszeit!<\/p>\n","protected":false},"author":25,"featured_media":0,"comment_status":"open","ping_status":"open","sticky":false,"template":"","format":"standard","meta":{"_et_pb_use_builder":"on","_et_pb_old_content":"","_et_gb_content_width":"","footnotes":""},"categories":[235,236],"tags":[],"class_list":["post-17937","post","type-post","status-publish","format-standard","hentry","category-gesundheit-und-rauchstopp","category-nicht-kategorisiert"],"yoast_head":"<!-- This site is optimized with the Yoast SEO plugin v26.2 - https:\/\/yoast.com\/wordpress\/plugins\/seo\/ -->\n<title>Rauchfreie H\u00fcttengaudi - Rauchfrei Telefon<\/title>\n<meta name=\"robots\" content=\"index, follow, max-snippet:-1, max-image-preview:large, max-video-preview:-1\" \/>\n<link rel=\"canonical\" href=\"https:\/\/rauchfrei.at\/rauchfreie-huettengaudi\/\" \/>\n<meta property=\"og:locale\" content=\"en_US\" \/>\n<meta property=\"og:type\" content=\"article\" \/>\n<meta property=\"og:title\" content=\"Rauchfreie H\u00fcttengaudi - Rauchfrei Telefon\" \/>\n<meta property=\"og:description\" content=\"Die Alpenvereinsh\u00fctten sind bereits seit mehr als 10 Jahren rauchfrei, seit November darf auch in den \u00fcbrigen H\u00fctten nicht mehr geraucht werden. Das bringt auch f\u00fcr Raucher\/innen viele Vorteile. Es wird automatisch weniger geraucht, es steht mehr Sauerstoff zur Verf\u00fcgung und die Lungen atmen auf. Und: die H\u00fcttenjause schmeckt noch besser. Genie\u00dfen Sie die Auszeit!\" \/>\n<meta property=\"og:url\" content=\"https:\/\/rauchfrei.at\/rauchfreie-huettengaudi\/\" \/>\n<meta property=\"og:site_name\" content=\"Rauchfrei Telefon\" \/>\n<meta property=\"article:published_time\" content=\"2020-01-27T08:00:59+00:00\" \/>\n<meta name=\"author\" content=\"Rauchfrei Team\" \/>\n<meta name=\"twitter:card\" content=\"summary_large_image\" \/>\n<meta name=\"twitter:label1\" content=\"Written by\" \/>\n\t<meta name=\"twitter:data1\" content=\"Rauchfrei Team\" \/>\n\t<meta name=\"twitter:label2\" content=\"Est. reading time\" \/>\n\t<meta name=\"twitter:data2\" content=\"2 minutes\" \/>\n<script type=\"application\/ld+json\" class=\"yoast-schema-graph\">{\"@context\":\"https:\/\/schema.org\",\"@graph\":[{\"@type\":\"WebPage\",\"@id\":\"https:\/\/rauchfrei.at\/rauchfreie-huettengaudi\/\",\"url\":\"https:\/\/rauchfrei.at\/rauchfreie-huettengaudi\/\",\"name\":\"Rauchfreie H\u00fcttengaudi - Rauchfrei Telefon\",\"isPartOf\":{\"@id\":\"https:\/\/rauchfrei.at\/#website\"},\"datePublished\":\"2020-01-27T08:00:59+00:00\",\"author\":{\"@id\":\"https:\/\/rauchfrei.at\/#\/schema\/person\/504bbf90c5482004fc09aef6de7f9277\"},\"inLanguage\":\"en-US\",\"potentialAction\":[{\"@type\":\"ReadAction\",\"target\":[\"https:\/\/rauchfrei.at\/rauchfreie-huettengaudi\/\"]}]},{\"@type\":\"WebSite\",\"@id\":\"https:\/\/rauchfrei.at\/#website\",\"url\":\"https:\/\/rauchfrei.at\/\",\"name\":\"Rauchfrei Telefon\",\"description\":\"Eine \u00f6sterreichweite Initiative der Sozialversicherungen.\",\"potentialAction\":[{\"@type\":\"SearchAction\",\"target\":{\"@type\":\"EntryPoint\",\"urlTemplate\":\"https:\/\/rauchfrei.at\/?s={search_term_string}\"},\"query-input\":{\"@type\":\"PropertyValueSpecification\",\"valueRequired\":true,\"valueName\":\"search_term_string\"}}],\"inLanguage\":\"en-US\"},{\"@type\":\"Person\",\"@id\":\"https:\/\/rauchfrei.at\/#\/schema\/person\/504bbf90c5482004fc09aef6de7f9277\",\"name\":\"Rauchfrei Team\",\"image\":{\"@type\":\"ImageObject\",\"inLanguage\":\"en-US\",\"@id\":\"https:\/\/rauchfrei.at\/#\/schema\/person\/image\/\",\"url\":\"https:\/\/secure.gravatar.com\/avatar\/2115b79a00800516fa1523bb5a329611f90e73e89be559131fc7e82b4fdc95ff?s=96&d=mm&r=g\",\"contentUrl\":\"https:\/\/secure.gravatar.com\/avatar\/2115b79a00800516fa1523bb5a329611f90e73e89be559131fc7e82b4fdc95ff?s=96&d=mm&r=g\",\"caption\":\"Rauchfrei Team\"},\"url\":\"https:\/\/rauchfrei.at\/en\/author\/rauchfrei-team\/\"}]}<\/script>\n<!-- \/ Yoast SEO plugin. -->","yoast_head_json":{"title":"Rauchfreie H\u00fcttengaudi - Rauchfrei Telefon","robots":{"index":"index","follow":"follow","max-snippet":"max-snippet:-1","max-image-preview":"max-image-preview:large","max-video-preview":"max-video-preview:-1"},"canonical":"https:\/\/rauchfrei.at\/rauchfreie-huettengaudi\/","og_locale":"en_US","og_type":"article","og_title":"Rauchfreie H\u00fcttengaudi - Rauchfrei Telefon","og_description":"Die Alpenvereinsh\u00fctten sind bereits seit mehr als 10 Jahren rauchfrei, seit November darf auch in den \u00fcbrigen H\u00fctten nicht mehr geraucht werden. Das bringt auch f\u00fcr Raucher\/innen viele Vorteile. Es wird automatisch weniger geraucht, es steht mehr Sauerstoff zur Verf\u00fcgung und die Lungen atmen auf. Und: die H\u00fcttenjause schmeckt noch besser. Genie\u00dfen Sie die Auszeit!","og_url":"https:\/\/rauchfrei.at\/rauchfreie-huettengaudi\/","og_site_name":"Rauchfrei Telefon","article_published_time":"2020-01-27T08:00:59+00:00","author":"Rauchfrei Team","twitter_card":"summary_large_image","twitter_misc":{"Written by":"Rauchfrei Team","Est. reading time":"2 minutes"},"schema":{"@context":"https:\/\/schema.org","@graph":[{"@type":"WebPage","@id":"https:\/\/rauchfrei.at\/rauchfreie-huettengaudi\/","url":"https:\/\/rauchfrei.at\/rauchfreie-huettengaudi\/","name":"Rauchfreie H\u00fcttengaudi - Rauchfrei Telefon","isPartOf":{"@id":"https:\/\/rauchfrei.at\/#website"},"datePublished":"2020-01-27T08:00:59+00:00","author":{"@id":"https:\/\/rauchfrei.at\/#\/schema\/person\/504bbf90c5482004fc09aef6de7f9277"},"inLanguage":"en-US","potentialAction":[{"@type":"ReadAction","target":["https:\/\/rauchfrei.at\/rauchfreie-huettengaudi\/"]}]},{"@type":"WebSite","@id":"https:\/\/rauchfrei.at\/#website","url":"https:\/\/rauchfrei.at\/","name":"Rauchfrei Telefon","description":"Eine \u00f6sterreichweite Initiative der Sozialversicherungen.","potentialAction":[{"@type":"SearchAction","target":{"@type":"EntryPoint","urlTemplate":"https:\/\/rauchfrei.at\/?s={search_term_string}"},"query-input":{"@type":"PropertyValueSpecification","valueRequired":true,"valueName":"search_term_string"}}],"inLanguage":"en-US"},{"@type":"Person","@id":"https:\/\/rauchfrei.at\/#\/schema\/person\/504bbf90c5482004fc09aef6de7f9277","name":"Rauchfrei Team","image":{"@type":"ImageObject","inLanguage":"en-US","@id":"https:\/\/rauchfrei.at\/#\/schema\/person\/image\/","url":"https:\/\/secure.gravatar.com\/avatar\/2115b79a00800516fa1523bb5a329611f90e73e89be559131fc7e82b4fdc95ff?s=96&d=mm&r=g","contentUrl":"https:\/\/secure.gravatar.com\/avatar\/2115b79a00800516fa1523bb5a329611f90e73e89be559131fc7e82b4fdc95ff?s=96&d=mm&r=g","caption":"Rauchfrei Team"},"url":"https:\/\/rauchfrei.at\/en\/author\/rauchfrei-team\/"}]}},"_links":{"self":[{"href":"https:\/\/rauchfrei.at\/en\/wp-json\/wp\/v2\/posts\/17937","targetHints":{"allow":["GET"]}}],"collection":[{"href":"https:\/\/rauchfrei.at\/en\/wp-json\/wp\/v2\/posts"}],"about":[{"href":"https:\/\/rauchfrei.at\/en\/wp-json\/wp\/v2\/types\/post"}],"author":[{"embeddable":true,"href":"https:\/\/rauchfrei.at\/en\/wp-json\/wp\/v2\/users\/25"}],"replies":[{"embeddable":true,"href":"https:\/\/rauchfrei.at\/en\/wp-json\/wp\/v2\/comments?post=17937"}],"version-history":[{"count":4,"href":"https:\/\/rauchfrei.at\/en\/wp-json\/wp\/v2\/posts\/17937\/revisions"}],"predecessor-version":[{"id":17943,"href":"https:\/\/rauchfrei.at\/en\/wp-json\/wp\/v2\/posts\/17937\/revisions\/17943"}],"wp:attachment":[{"href":"https:\/\/rauchfrei.at\/en\/wp-json\/wp\/v2\/media?parent=17937"}],"wp:term":[{"taxonomy":"category","embeddable":true,"href":"https:\/\/rauchfrei.at\/en\/wp-json\/wp\/v2\/categories?post=17937"},{"taxonomy":"post_tag","embeddable":true,"href":"https:\/\/rauchfrei.at\/en\/wp-json\/wp\/v2\/tags?post=17937"}],"curies":[{"name":"wp","href":"https:\/\/api.w.org\/{rel}","templated":true}]}}