
{"id":17960,"date":"2020-02-03T10:00:57","date_gmt":"2020-02-03T08:00:57","guid":{"rendered":"https:\/\/rauchfrei.at\/?p=17960"},"modified":"2020-01-31T14:47:45","modified_gmt":"2020-01-31T12:47:45","slug":"20-jahre-weltkrebstag-am-4-februar-2020","status":"publish","type":"post","link":"https:\/\/rauchfrei.at\/en\/20-jahre-weltkrebstag-am-4-februar-2020\/","title":{"rendered":"\u00a020 Jahre Weltkrebstag, am 4. Februar 2020"},"content":{"rendered":"<p>[et_pb_section fb_built=&#8221;1&#8243; module_class=&#8221;header&#8221; _builder_version=&#8221;3.22&#8243;][et_pb_row _builder_version=&#8221;3.25&#8243;][et_pb_column type=&#8221;4_4&#8243; _builder_version=&#8221;3.25&#8243; custom_padding=&#8221;|||&#8221; custom_padding__hover=&#8221;|||&#8221;][et_pb_dp_dmb_module_10001 subheadline=&#8221; \u201eICH BIN UND ICH WERDE\u201c-  Wer BIN ICH und was WERDE ICH anl\u00e4sslich des Weltkrebstages zur Bek\u00e4mpfung von Krebs tun?&#8221; _builder_version=&#8221;4.1&#8243;][\/et_pb_dp_dmb_module_10001][\/et_pb_column][\/et_pb_row][\/et_pb_section][et_pb_section fb_built=&#8221;1&#8243; _builder_version=&#8221;3.22&#8243; custom_padding=&#8221;30px|||&#8221;][et_pb_row column_structure=&#8221;2_3,1_3&#8243; _builder_version=&#8221;3.25&#8243;][et_pb_column type=&#8221;2_3&#8243; module_class=&#8221;blog-content&#8221; _builder_version=&#8221;3.25&#8243; custom_padding=&#8221;|||&#8221; custom_padding__hover=&#8221;|||&#8221;][et_pb_text _builder_version=&#8221;4.1&#8243;]<\/p>\n<p>Obwohl sich Behandlungsm\u00f6glichkeiten stetig verbessern, ist Krebs immer noch eine der h\u00e4ufigsten Todesursachen. \u00a0Experten sch\u00e4tzen, dass 40 Prozent aller Erkrankungsf\u00e4lle durch einen gesunden Lebensstil vermeidbar sind. Der Weltkrebstag am 4. Februar sensibilisiert zu dem Thema.<\/p>\n<p><img loading=\"lazy\" decoding=\"async\" class=\"wp-image-17968 alignnone \" src=\"https:\/\/rauchfrei.at\/wp-content\/uploads\/weltkrebstag-225x80.png\" alt=\"\" width=\"250\" height=\"89\" \/><\/p>\n<p>Das diesj\u00e4hrige Motto inspiriert vielleicht auch jede\/n Einzelne\/n dazu, mit Vorsorge und Pr\u00e4vention etwas f\u00fcr die eigene Gesundheit zu tun. Auch bei bereits bestehenden Erkrankungen gibt es M\u00f6glichkeiten etwas f\u00fcr das eigene Wohlbefinden und die Lebensqualit\u00e4t zu tun. Oft w\u00fcnschen sich Betroffene, aus einer gef\u00fchlten Hilflosigkeit angesichts der Erkrankung herauszukommen und selbst aktiv zu werden.<\/p>\n<p>Wie k\u00f6nnte man einen gesunden Lebensstil f\u00f6rdern?<\/p>\n<ul>\n<li>rauchfrei leben<\/li>\n<li>sich regelm\u00e4\u00dfig bewegen<\/li>\n<li>die Haut vor UV-Strahlen sch\u00fctzen<\/li>\n<\/ul>\n<p>sind wichtige pr\u00e4ventive Ma\u00dfnahmen, um einige Krebserkrankungen zu vermeiden oder bei bereits bestehender Erkrankung die Lebensqualit\u00e4t zu verbessern.<\/p>\n<p>Einige Vorsorgeuntersuchungen dienen dazu, Krebs fr\u00fch zu erkennen. Dadurch steigen die Chancen, rechtzeitig mit den Behandlungen und angrenzenden Therapien zu beginnen.<\/p>\n<p>Die \u00d6sterreichische Krebshilfe hat sich in den letzten 110 Jahren ausgehend von Heimbesuchen und Unterst\u00fctzung durch kleine Geldbetr\u00e4gen als professionelle Anlaufstelle f\u00fcr Information, Hilfe, auch professioneller finanzieller Soforthilfe, Vorsorge und Forschung mit 63 Krebshilfe-Beratungsstellen etabliert. Die Beratungsangebote in den Beratungsstellen sind f\u00fcr viele Betroffene und Angeh\u00f6rige nicht mehr wegzudenken. Bekannte Kampagnen wie \u201ePink Ribbon\u201c und \u201eSonne ohne Reue\u201c sind vielen \u00d6sterreicherinnen und \u00d6sterreichern ein Begriff. Auch das \u201eDont\u00b4Smoke Volksbegehren\u201c wurde von der Krebshilfe gef\u00fchrt, da Rauchen einer der wichtigsten vermeidbaren Risikofaktoren f\u00fcr Krebserkrankungen ist.<\/p>\n<p>Links:<\/p>\n<p><a href=\"https:\/\/www.krebshilfe.de\/informieren\/ueber-krebs\/weltkrebstag-2020\/\">https:\/\/www.krebshilfe.de\/informieren\/ueber-krebs\/weltkrebstag-2020\/<\/a><\/p>\n<p><a href=\"http:\/\/www.krebshilfe.net\">www.krebshilfe.net<\/a><\/p>\n<p>[\/et_pb_text][et_pb_post_nav in_same_term=&#8221;off&#8221; _builder_version=&#8221;3.0.99&#8243;][\/et_pb_post_nav][\/et_pb_column][et_pb_column type=&#8221;1_3&#8243; module_class=&#8221;cat-and-tag&#8221; _builder_version=&#8221;3.25&#8243; custom_padding=&#8221;|||&#8221; custom_padding__hover=&#8221;|||&#8221;][et_pb_sidebar area=&#8221;et_pb_widget_area_1&#8243; _builder_version=&#8221;3.0.99&#8243;][\/et_pb_sidebar][et_pb_dp_dmb_module_10093 farbe=&#8221;blitzgelb&#8221; headline=&#8221;Trauen Sie sich den Rauchstopp zu!&#8221; image=&#8221;https:\/\/rauchfrei.at\/wp-content\/uploads\/Quitting-Yellow.png&#8221; image_position=&#8221;center&#8221; link_text=&#8221;mehr&#8221; link_url=&#8221;https:\/\/rauchfrei.at\/aufhoeren\/schritte-zum-rauchstopp\/trauen-sie-sich-den-rauchstopp-zu\/&#8221; image_size=&#8221;90&#8243; admin_label=&#8221;Trauen Sie sich den Rauchstopp zu&#8221; _builder_version=&#8221;3.19.15&#8243; global_module=&#8221;13173&#8243; saved_tabs=&#8221;all&#8221;]<\/p>\n<p>Sie m\u00f6chten etwas \u00e4ndern? Worauf warten Sie noch?<\/p>\n<p>[\/et_pb_dp_dmb_module_10093][et_pb_dp_dmb_module_10093 farbe=&#8221;blitzblau&#8221; headline=&#8221;Passivrauch&#8221; image=&#8221;https:\/\/rauchfrei.at\/wp-content\/uploads\/passivrauch-rauchfrei-fuer-alle.png&#8221; image_position=&#8221;center&#8221; link_text=&#8221;mehr&#8221; link_url=&#8221;https:\/\/rauchfrei.at\/fakten\/passivrauch\/&#8221; image_size=&#8221;70&#8243; admin_label=&#8221;Passivrauch&#8221; _builder_version=&#8221;3.19.15&#8243; global_module=&#8221;13172&#8243; saved_tabs=&#8221;all&#8221;]<\/p>\n<p>Rauch ist giftig, niemand sollte ihn einatmen!<\/p>\n<p>[\/et_pb_dp_dmb_module_10093][\/et_pb_column][\/et_pb_row][\/et_pb_section]<\/p>\n","protected":false},"excerpt":{"rendered":"<p>Seit 20 Jahren r\u00fcckt die Weltkrebsorganisation (UICC) am Weltkrebstag Themen zur Vorbeugung, Erforschung und Behandlung von Krebserkrankungen ins \u00f6ffentliche Bewusstsein.<\/p>\n<p>Mit dem Motto \u201eIch bin und ich werde\u201c wird heuer jede\/r Einzelne zum Nachdenken aufgerufen.<\/p>\n","protected":false},"author":25,"featured_media":0,"comment_status":"open","ping_status":"open","sticky":false,"template":"","format":"standard","meta":{"_et_pb_use_builder":"on","_et_pb_old_content":"","_et_gb_content_width":"","footnotes":""},"categories":[235],"tags":[],"class_list":["post-17960","post","type-post","status-publish","format-standard","hentry","category-gesundheit-und-rauchstopp"],"yoast_head":"<!-- This site is optimized with the Yoast SEO plugin v26.2 - https:\/\/yoast.com\/wordpress\/plugins\/seo\/ -->\n<title>\u00a020 Jahre Weltkrebstag, am 4. Februar 2020 - Rauchfrei Telefon<\/title>\n<meta name=\"robots\" content=\"index, follow, max-snippet:-1, max-image-preview:large, max-video-preview:-1\" \/>\n<link rel=\"canonical\" href=\"https:\/\/rauchfrei.at\/20-jahre-weltkrebstag-am-4-februar-2020\/\" \/>\n<meta property=\"og:locale\" content=\"en_US\" \/>\n<meta property=\"og:type\" content=\"article\" \/>\n<meta property=\"og:title\" content=\"\u00a020 Jahre Weltkrebstag, am 4. Februar 2020 - Rauchfrei Telefon\" \/>\n<meta property=\"og:description\" content=\"Seit 20 Jahren r\u00fcckt die Weltkrebsorganisation (UICC) am Weltkrebstag Themen zur Vorbeugung, Erforschung und Behandlung von Krebserkrankungen ins \u00f6ffentliche Bewusstsein.  Mit dem Motto \u201eIch bin und ich werde\u201c wird heuer jede\/r Einzelne zum Nachdenken aufgerufen.\" \/>\n<meta property=\"og:url\" content=\"https:\/\/rauchfrei.at\/20-jahre-weltkrebstag-am-4-februar-2020\/\" \/>\n<meta property=\"og:site_name\" content=\"Rauchfrei Telefon\" \/>\n<meta property=\"article:published_time\" content=\"2020-02-03T08:00:57+00:00\" \/>\n<meta property=\"og:image\" content=\"https:\/\/rauchfrei.at\/wp-content\/uploads\/weltkrebstag-225x80.png\" \/>\n<meta name=\"author\" content=\"Rauchfrei Team\" \/>\n<meta name=\"twitter:card\" content=\"summary_large_image\" \/>\n<meta name=\"twitter:label1\" content=\"Written by\" \/>\n\t<meta name=\"twitter:data1\" content=\"Rauchfrei Team\" \/>\n\t<meta name=\"twitter:label2\" content=\"Est. reading time\" \/>\n\t<meta name=\"twitter:data2\" content=\"3 minutes\" \/>\n<script type=\"application\/ld+json\" class=\"yoast-schema-graph\">{\"@context\":\"https:\/\/schema.org\",\"@graph\":[{\"@type\":\"WebPage\",\"@id\":\"https:\/\/rauchfrei.at\/20-jahre-weltkrebstag-am-4-februar-2020\/\",\"url\":\"https:\/\/rauchfrei.at\/20-jahre-weltkrebstag-am-4-februar-2020\/\",\"name\":\"\u00a020 Jahre Weltkrebstag, am 4. Februar 2020 - Rauchfrei Telefon\",\"isPartOf\":{\"@id\":\"https:\/\/rauchfrei.at\/#website\"},\"primaryImageOfPage\":{\"@id\":\"https:\/\/rauchfrei.at\/20-jahre-weltkrebstag-am-4-februar-2020\/#primaryimage\"},\"image\":{\"@id\":\"https:\/\/rauchfrei.at\/20-jahre-weltkrebstag-am-4-februar-2020\/#primaryimage\"},\"thumbnailUrl\":\"https:\/\/rauchfrei.at\/wp-content\/uploads\/weltkrebstag-225x80.png\",\"datePublished\":\"2020-02-03T08:00:57+00:00\",\"author\":{\"@id\":\"https:\/\/rauchfrei.at\/#\/schema\/person\/504bbf90c5482004fc09aef6de7f9277\"},\"inLanguage\":\"en-US\",\"potentialAction\":[{\"@type\":\"ReadAction\",\"target\":[\"https:\/\/rauchfrei.at\/20-jahre-weltkrebstag-am-4-februar-2020\/\"]}]},{\"@type\":\"ImageObject\",\"inLanguage\":\"en-US\",\"@id\":\"https:\/\/rauchfrei.at\/20-jahre-weltkrebstag-am-4-februar-2020\/#primaryimage\",\"url\":\"https:\/\/rauchfrei.at\/wp-content\/uploads\/weltkrebstag-225x80.png\",\"contentUrl\":\"https:\/\/rauchfrei.at\/wp-content\/uploads\/weltkrebstag-225x80.png\"},{\"@type\":\"WebSite\",\"@id\":\"https:\/\/rauchfrei.at\/#website\",\"url\":\"https:\/\/rauchfrei.at\/\",\"name\":\"Rauchfrei Telefon\",\"description\":\"Eine \u00f6sterreichweite Initiative der Sozialversicherungen.\",\"potentialAction\":[{\"@type\":\"SearchAction\",\"target\":{\"@type\":\"EntryPoint\",\"urlTemplate\":\"https:\/\/rauchfrei.at\/?s={search_term_string}\"},\"query-input\":{\"@type\":\"PropertyValueSpecification\",\"valueRequired\":true,\"valueName\":\"search_term_string\"}}],\"inLanguage\":\"en-US\"},{\"@type\":\"Person\",\"@id\":\"https:\/\/rauchfrei.at\/#\/schema\/person\/504bbf90c5482004fc09aef6de7f9277\",\"name\":\"Rauchfrei Team\",\"image\":{\"@type\":\"ImageObject\",\"inLanguage\":\"en-US\",\"@id\":\"https:\/\/rauchfrei.at\/#\/schema\/person\/image\/\",\"url\":\"https:\/\/secure.gravatar.com\/avatar\/2115b79a00800516fa1523bb5a329611f90e73e89be559131fc7e82b4fdc95ff?s=96&d=mm&r=g\",\"contentUrl\":\"https:\/\/secure.gravatar.com\/avatar\/2115b79a00800516fa1523bb5a329611f90e73e89be559131fc7e82b4fdc95ff?s=96&d=mm&r=g\",\"caption\":\"Rauchfrei Team\"},\"url\":\"https:\/\/rauchfrei.at\/en\/author\/rauchfrei-team\/\"}]}<\/script>\n<!-- \/ Yoast SEO plugin. -->","yoast_head_json":{"title":"\u00a020 Jahre Weltkrebstag, am 4. Februar 2020 - Rauchfrei Telefon","robots":{"index":"index","follow":"follow","max-snippet":"max-snippet:-1","max-image-preview":"max-image-preview:large","max-video-preview":"max-video-preview:-1"},"canonical":"https:\/\/rauchfrei.at\/20-jahre-weltkrebstag-am-4-februar-2020\/","og_locale":"en_US","og_type":"article","og_title":"\u00a020 Jahre Weltkrebstag, am 4. Februar 2020 - Rauchfrei Telefon","og_description":"Seit 20 Jahren r\u00fcckt die Weltkrebsorganisation (UICC) am Weltkrebstag Themen zur Vorbeugung, Erforschung und Behandlung von Krebserkrankungen ins \u00f6ffentliche Bewusstsein.  Mit dem Motto \u201eIch bin und ich werde\u201c wird heuer jede\/r Einzelne zum Nachdenken aufgerufen.","og_url":"https:\/\/rauchfrei.at\/20-jahre-weltkrebstag-am-4-februar-2020\/","og_site_name":"Rauchfrei Telefon","article_published_time":"2020-02-03T08:00:57+00:00","og_image":[{"url":"https:\/\/rauchfrei.at\/wp-content\/uploads\/weltkrebstag-225x80.png","type":"","width":"","height":""}],"author":"Rauchfrei Team","twitter_card":"summary_large_image","twitter_misc":{"Written by":"Rauchfrei Team","Est. reading time":"3 minutes"},"schema":{"@context":"https:\/\/schema.org","@graph":[{"@type":"WebPage","@id":"https:\/\/rauchfrei.at\/20-jahre-weltkrebstag-am-4-februar-2020\/","url":"https:\/\/rauchfrei.at\/20-jahre-weltkrebstag-am-4-februar-2020\/","name":"\u00a020 Jahre Weltkrebstag, am 4. Februar 2020 - Rauchfrei Telefon","isPartOf":{"@id":"https:\/\/rauchfrei.at\/#website"},"primaryImageOfPage":{"@id":"https:\/\/rauchfrei.at\/20-jahre-weltkrebstag-am-4-februar-2020\/#primaryimage"},"image":{"@id":"https:\/\/rauchfrei.at\/20-jahre-weltkrebstag-am-4-februar-2020\/#primaryimage"},"thumbnailUrl":"https:\/\/rauchfrei.at\/wp-content\/uploads\/weltkrebstag-225x80.png","datePublished":"2020-02-03T08:00:57+00:00","author":{"@id":"https:\/\/rauchfrei.at\/#\/schema\/person\/504bbf90c5482004fc09aef6de7f9277"},"inLanguage":"en-US","potentialAction":[{"@type":"ReadAction","target":["https:\/\/rauchfrei.at\/20-jahre-weltkrebstag-am-4-februar-2020\/"]}]},{"@type":"ImageObject","inLanguage":"en-US","@id":"https:\/\/rauchfrei.at\/20-jahre-weltkrebstag-am-4-februar-2020\/#primaryimage","url":"https:\/\/rauchfrei.at\/wp-content\/uploads\/weltkrebstag-225x80.png","contentUrl":"https:\/\/rauchfrei.at\/wp-content\/uploads\/weltkrebstag-225x80.png"},{"@type":"WebSite","@id":"https:\/\/rauchfrei.at\/#website","url":"https:\/\/rauchfrei.at\/","name":"Rauchfrei Telefon","description":"Eine \u00f6sterreichweite Initiative der Sozialversicherungen.","potentialAction":[{"@type":"SearchAction","target":{"@type":"EntryPoint","urlTemplate":"https:\/\/rauchfrei.at\/?s={search_term_string}"},"query-input":{"@type":"PropertyValueSpecification","valueRequired":true,"valueName":"search_term_string"}}],"inLanguage":"en-US"},{"@type":"Person","@id":"https:\/\/rauchfrei.at\/#\/schema\/person\/504bbf90c5482004fc09aef6de7f9277","name":"Rauchfrei Team","image":{"@type":"ImageObject","inLanguage":"en-US","@id":"https:\/\/rauchfrei.at\/#\/schema\/person\/image\/","url":"https:\/\/secure.gravatar.com\/avatar\/2115b79a00800516fa1523bb5a329611f90e73e89be559131fc7e82b4fdc95ff?s=96&d=mm&r=g","contentUrl":"https:\/\/secure.gravatar.com\/avatar\/2115b79a00800516fa1523bb5a329611f90e73e89be559131fc7e82b4fdc95ff?s=96&d=mm&r=g","caption":"Rauchfrei Team"},"url":"https:\/\/rauchfrei.at\/en\/author\/rauchfrei-team\/"}]}},"_links":{"self":[{"href":"https:\/\/rauchfrei.at\/en\/wp-json\/wp\/v2\/posts\/17960","targetHints":{"allow":["GET"]}}],"collection":[{"href":"https:\/\/rauchfrei.at\/en\/wp-json\/wp\/v2\/posts"}],"about":[{"href":"https:\/\/rauchfrei.at\/en\/wp-json\/wp\/v2\/types\/post"}],"author":[{"embeddable":true,"href":"https:\/\/rauchfrei.at\/en\/wp-json\/wp\/v2\/users\/25"}],"replies":[{"embeddable":true,"href":"https:\/\/rauchfrei.at\/en\/wp-json\/wp\/v2\/comments?post=17960"}],"version-history":[{"count":5,"href":"https:\/\/rauchfrei.at\/en\/wp-json\/wp\/v2\/posts\/17960\/revisions"}],"predecessor-version":[{"id":17971,"href":"https:\/\/rauchfrei.at\/en\/wp-json\/wp\/v2\/posts\/17960\/revisions\/17971"}],"wp:attachment":[{"href":"https:\/\/rauchfrei.at\/en\/wp-json\/wp\/v2\/media?parent=17960"}],"wp:term":[{"taxonomy":"category","embeddable":true,"href":"https:\/\/rauchfrei.at\/en\/wp-json\/wp\/v2\/categories?post=17960"},{"taxonomy":"post_tag","embeddable":true,"href":"https:\/\/rauchfrei.at\/en\/wp-json\/wp\/v2\/tags?post=17960"}],"curies":[{"name":"wp","href":"https:\/\/api.w.org\/{rel}","templated":true}]}}