
{"id":17981,"date":"2020-02-10T10:00:15","date_gmt":"2020-02-10T08:00:15","guid":{"rendered":"https:\/\/rauchfrei.at\/?p=17981"},"modified":"2020-03-23T18:09:48","modified_gmt":"2020-03-23T16:09:48","slug":"rauchfrei-fuer-zwei","status":"publish","type":"post","link":"https:\/\/rauchfrei.at\/en\/rauchfrei-fuer-zwei\/","title":{"rendered":"Rauchfrei f\u00fcr zwei"},"content":{"rendered":"<p>[et_pb_section fb_built=&#8221;1&#8243; module_class=&#8221;header&#8221; _builder_version=&#8221;3.22&#8243;][et_pb_row _builder_version=&#8221;3.25&#8243;][et_pb_column type=&#8221;4_4&#8243; _builder_version=&#8221;3.25&#8243; custom_padding=&#8221;|||&#8221; custom_padding__hover=&#8221;|||&#8221;][et_pb_dp_dmb_module_10001 subheadline=&#8221;Rauchfrei in der Schwangerschaft und Stillzeit&#8221; _builder_version=&#8221;4.1&#8243;][\/et_pb_dp_dmb_module_10001][\/et_pb_column][\/et_pb_row][\/et_pb_section][et_pb_section fb_built=&#8221;1&#8243; _builder_version=&#8221;3.22&#8243; custom_padding=&#8221;30px|||&#8221;][et_pb_row column_structure=&#8221;2_3,1_3&#8243; _builder_version=&#8221;3.25&#8243;][et_pb_column type=&#8221;2_3&#8243; module_class=&#8221;blog-content&#8221; _builder_version=&#8221;3.25&#8243; custom_padding=&#8221;|||&#8221; custom_padding__hover=&#8221;|||&#8221;][et_pb_text admin_label=&#8221;Text&#8221; _builder_version=&#8221;4.1&#8243; hover_enabled=&#8221;0&#8243;]<\/p>\n<p>Der Rauchstopp wirkt sich zu jedem Zeitpunkt der Schwangerschaft positiv auf die Entwicklung des Babys aus und nat\u00fcrlich auch auf die eigene Gesundheit. Obwohl nach wie vor viele Mythen rund um das Thema \u201cRauchen und Schwangerschaft\u201d bestehen, wei\u00df man mittlerweile, dass der Rauchstopp in der Schwangerschaft gro\u00dfe Vorteile mit sich bringt.<\/p>\n<p>\u00dcber die Lunge gelangen die mehr als 4000 Giftstoffe der Zigarette in den Blutkreislauf der werdenden Mutter. Das Blut flie\u00dft in die Plazenta und \u00fcber die Nabelschnur erreichen die Giftstoffe das heranwachsende Baby. Dadurch werden bestimmte Risiken, wie beispielsweise das Risiko einer Fehlgeburt erh\u00f6ht.<\/p>\n<p>Die vielen gesundheitlichen Vorteile nach einer beginnenden Rauchfreiheit in der Schwangerschaft treten rasch ein. Bereits nach nur einem rauchfreien Tag bekommt das Baby mehr Sauerstoff. Das f\u00fchrt unter anderem dazu, dass sich die Lungen besser entwickeln k\u00f6nnen.<\/p>\n<p>Verantwortung f\u00fcr Zwei zu tragen kann zwar eine gute Motivation sein, aber auch besonderen Druck und emotionalen Stress aus\u00fcben. Auch wenn die meisten Schwangeren \u00fcber die vielen Vorteile der Rauchfreiheit Bescheid wissen, ist der Rauchstopp \u2013 wie auch in allen anderen Lebensphasen \u2013 h\u00e4ufig mit Herausforderungen und \u00c4ngsten verbunden.<\/p>\n<p>Das Team vom Rauchfrei Telefon begleitet regelm\u00e4\u00dfig schwangere Frauen, deren Partner\/innen oder andere Personen aus deren Umfeld. Der neue Folder des Rauchfrei Telefons \u201e<a href=\"https:\/\/rauchfrei.at\/wp-content\/uploads\/Folder_Schwangerschaft_web-5.pdf\" target=\"_blank\" rel=\"noopener noreferrer\">Rauchfrei f\u00fcr Eltern und Kind<\/a>\u201c fasst die wichtigsten Infos f\u00fcr (werdende) Eltern zusammen.<\/p>\n<p><img loading=\"lazy\" decoding=\"async\" class=\"wp-image-17988 alignnone size-medium\" src=\"https:\/\/rauchfrei.at\/wp-content\/uploads\/Schwangerenfolder-225x472.png\" alt=\"\" width=\"225\" height=\"472\" \/><\/p>\n<p><a href=\"https:\/\/rauchfrei.at\/wp-content\/uploads\/Folder_Schwangerschaft_web-5.pdf\" target=\"_blank\" rel=\"noopener noreferrer\">Rauchfrei f\u00fcr Eltern und Kind<\/a> (C) Rauchfrei Telefon<\/p>\n<p>&nbsp;<\/p>\n<p>[\/et_pb_text][et_pb_post_nav in_same_term=&#8221;off&#8221; _builder_version=&#8221;3.0.99&#8243;][\/et_pb_post_nav][\/et_pb_column][et_pb_column type=&#8221;1_3&#8243; module_class=&#8221;cat-and-tag&#8221; _builder_version=&#8221;3.25&#8243; custom_padding=&#8221;|||&#8221; custom_padding__hover=&#8221;|||&#8221;][et_pb_sidebar area=&#8221;et_pb_widget_area_1&#8243; _builder_version=&#8221;3.0.99&#8243;][\/et_pb_sidebar][et_pb_dp_dmb_module_10093 farbe=&#8221;blitzgelb&#8221; headline=&#8221;Trauen Sie sich den Rauchstopp zu!&#8221; image=&#8221;https:\/\/rauchfrei.at\/wp-content\/uploads\/Quitting-Yellow.png&#8221; image_position=&#8221;center&#8221; link_text=&#8221;mehr&#8221; link_url=&#8221;https:\/\/rauchfrei.at\/aufhoeren\/schritte-zum-rauchstopp\/trauen-sie-sich-den-rauchstopp-zu\/&#8221; image_size=&#8221;90&#8243; admin_label=&#8221;Trauen Sie sich den Rauchstopp zu&#8221; _builder_version=&#8221;3.19.15&#8243; global_module=&#8221;13173&#8243; saved_tabs=&#8221;all&#8221;]<\/p>\n<p>Sie m\u00f6chten etwas \u00e4ndern? Worauf warten Sie noch?<\/p>\n<p>[\/et_pb_dp_dmb_module_10093][et_pb_dp_dmb_module_10093 farbe=&#8221;blitzblau&#8221; headline=&#8221;Alternativen zum Rauchen&#8221; image=&#8221;https:\/\/rauchfrei.at\/wp-content\/uploads\/Relax-in-hammok.png&#8221; image_position=&#8221;center&#8221; link_text=&#8221;mehr&#8221; link_url=&#8221;https:\/\/rauchfrei.at\/alternativen\/&#8221; image_size=&#8221;90&#8243; admin_label=&#8221;Alternativen zum Rauchen&#8221; _builder_version=&#8221;3.21.1&#8243; z_index_tablet=&#8221;500&#8243; global_module=&#8221;13174&#8243; saved_tabs=&#8221;all&#8221;]<\/p>\n<p>Es gibt viele M\u00f6glichkeiten, um nicht zur Zigarette zu greifen!<\/p>\n<p>[\/et_pb_dp_dmb_module_10093][et_pb_dp_dmb_module_10080 link_text=&#8221;Hier&#8221; link_url=&#8221;https:\/\/rauchfrei.at\/downloads-tests-und-tools\/&#8221; admin_label=&#8221;Testen Sie Ihre Abh\u00e4ngigkeit&#8221; _builder_version=&#8221;3.21.1&#8243; dp_tiny_mce_line_height=&#8221;1em&#8221; z_index_tablet=&#8221;500&#8243; global_module=&#8221;13157&#8243; saved_tabs=&#8221;all&#8221;]<\/p>\n<p><strong>Testen <\/strong>Sie Ihre <strong>Abh\u00e4ngigkeit!<\/strong><\/p>\n<p>[\/et_pb_dp_dmb_module_10080][\/et_pb_column][\/et_pb_row][\/et_pb_section]<\/p>\n","protected":false},"excerpt":{"rendered":"<p>W\u00e4hrend der Schwangerschaft ist die Motivation zur Rauchfreiheit besonders hoch. In der neuen Brosch\u00fcre des Rauchfrei Telefons sind wichtigsten Informationen f\u00fcr (werdende) Eltern zusammengefasst.<\/p>\n","protected":false},"author":25,"featured_media":0,"comment_status":"open","ping_status":"open","sticky":false,"template":"","format":"standard","meta":{"_et_pb_use_builder":"on","_et_pb_old_content":"","_et_gb_content_width":"","footnotes":""},"categories":[236],"tags":[],"class_list":["post-17981","post","type-post","status-publish","format-standard","hentry","category-nicht-kategorisiert"],"yoast_head":"<!-- This site is optimized with the Yoast SEO plugin v26.2 - https:\/\/yoast.com\/wordpress\/plugins\/seo\/ -->\n<title>Rauchfrei f\u00fcr zwei - Rauchfrei Telefon<\/title>\n<meta name=\"robots\" content=\"index, follow, max-snippet:-1, max-image-preview:large, max-video-preview:-1\" \/>\n<link rel=\"canonical\" href=\"https:\/\/rauchfrei.at\/rauchfrei-fuer-zwei\/\" \/>\n<meta property=\"og:locale\" content=\"en_US\" \/>\n<meta property=\"og:type\" content=\"article\" \/>\n<meta property=\"og:title\" content=\"Rauchfrei f\u00fcr zwei - Rauchfrei Telefon\" \/>\n<meta property=\"og:description\" content=\"W\u00e4hrend der Schwangerschaft ist die Motivation zur Rauchfreiheit besonders hoch. In der neuen Brosch\u00fcre des Rauchfrei Telefons sind wichtigsten Informationen f\u00fcr (werdende) Eltern zusammengefasst.\" \/>\n<meta property=\"og:url\" content=\"https:\/\/rauchfrei.at\/rauchfrei-fuer-zwei\/\" \/>\n<meta property=\"og:site_name\" content=\"Rauchfrei Telefon\" \/>\n<meta property=\"article:published_time\" content=\"2020-02-10T08:00:15+00:00\" \/>\n<meta property=\"article:modified_time\" content=\"2020-03-23T16:09:48+00:00\" \/>\n<meta property=\"og:image\" content=\"https:\/\/rauchfrei.at\/wp-content\/uploads\/Schwangerenfolder-225x472.png\" \/>\n<meta name=\"author\" content=\"Rauchfrei Team\" \/>\n<meta name=\"twitter:card\" content=\"summary_large_image\" \/>\n<meta name=\"twitter:label1\" content=\"Written by\" \/>\n\t<meta name=\"twitter:data1\" content=\"Rauchfrei Team\" \/>\n\t<meta name=\"twitter:label2\" content=\"Est. reading time\" \/>\n\t<meta name=\"twitter:data2\" content=\"3 minutes\" \/>\n<script type=\"application\/ld+json\" class=\"yoast-schema-graph\">{\"@context\":\"https:\/\/schema.org\",\"@graph\":[{\"@type\":\"WebPage\",\"@id\":\"https:\/\/rauchfrei.at\/rauchfrei-fuer-zwei\/\",\"url\":\"https:\/\/rauchfrei.at\/rauchfrei-fuer-zwei\/\",\"name\":\"Rauchfrei f\u00fcr zwei - Rauchfrei Telefon\",\"isPartOf\":{\"@id\":\"https:\/\/rauchfrei.at\/#website\"},\"primaryImageOfPage\":{\"@id\":\"https:\/\/rauchfrei.at\/rauchfrei-fuer-zwei\/#primaryimage\"},\"image\":{\"@id\":\"https:\/\/rauchfrei.at\/rauchfrei-fuer-zwei\/#primaryimage\"},\"thumbnailUrl\":\"https:\/\/rauchfrei.at\/wp-content\/uploads\/Schwangerenfolder-225x472.png\",\"datePublished\":\"2020-02-10T08:00:15+00:00\",\"dateModified\":\"2020-03-23T16:09:48+00:00\",\"author\":{\"@id\":\"https:\/\/rauchfrei.at\/#\/schema\/person\/504bbf90c5482004fc09aef6de7f9277\"},\"inLanguage\":\"en-US\",\"potentialAction\":[{\"@type\":\"ReadAction\",\"target\":[\"https:\/\/rauchfrei.at\/rauchfrei-fuer-zwei\/\"]}]},{\"@type\":\"ImageObject\",\"inLanguage\":\"en-US\",\"@id\":\"https:\/\/rauchfrei.at\/rauchfrei-fuer-zwei\/#primaryimage\",\"url\":\"https:\/\/rauchfrei.at\/wp-content\/uploads\/Schwangerenfolder-225x472.png\",\"contentUrl\":\"https:\/\/rauchfrei.at\/wp-content\/uploads\/Schwangerenfolder-225x472.png\"},{\"@type\":\"WebSite\",\"@id\":\"https:\/\/rauchfrei.at\/#website\",\"url\":\"https:\/\/rauchfrei.at\/\",\"name\":\"Rauchfrei Telefon\",\"description\":\"Eine \u00f6sterreichweite Initiative der Sozialversicherungen.\",\"potentialAction\":[{\"@type\":\"SearchAction\",\"target\":{\"@type\":\"EntryPoint\",\"urlTemplate\":\"https:\/\/rauchfrei.at\/?s={search_term_string}\"},\"query-input\":{\"@type\":\"PropertyValueSpecification\",\"valueRequired\":true,\"valueName\":\"search_term_string\"}}],\"inLanguage\":\"en-US\"},{\"@type\":\"Person\",\"@id\":\"https:\/\/rauchfrei.at\/#\/schema\/person\/504bbf90c5482004fc09aef6de7f9277\",\"name\":\"Rauchfrei Team\",\"image\":{\"@type\":\"ImageObject\",\"inLanguage\":\"en-US\",\"@id\":\"https:\/\/rauchfrei.at\/#\/schema\/person\/image\/\",\"url\":\"https:\/\/secure.gravatar.com\/avatar\/2115b79a00800516fa1523bb5a329611f90e73e89be559131fc7e82b4fdc95ff?s=96&d=mm&r=g\",\"contentUrl\":\"https:\/\/secure.gravatar.com\/avatar\/2115b79a00800516fa1523bb5a329611f90e73e89be559131fc7e82b4fdc95ff?s=96&d=mm&r=g\",\"caption\":\"Rauchfrei Team\"},\"url\":\"https:\/\/rauchfrei.at\/en\/author\/rauchfrei-team\/\"}]}<\/script>\n<!-- \/ Yoast SEO plugin. -->","yoast_head_json":{"title":"Rauchfrei f\u00fcr zwei - Rauchfrei Telefon","robots":{"index":"index","follow":"follow","max-snippet":"max-snippet:-1","max-image-preview":"max-image-preview:large","max-video-preview":"max-video-preview:-1"},"canonical":"https:\/\/rauchfrei.at\/rauchfrei-fuer-zwei\/","og_locale":"en_US","og_type":"article","og_title":"Rauchfrei f\u00fcr zwei - Rauchfrei Telefon","og_description":"W\u00e4hrend der Schwangerschaft ist die Motivation zur Rauchfreiheit besonders hoch. In der neuen Brosch\u00fcre des Rauchfrei Telefons sind wichtigsten Informationen f\u00fcr (werdende) Eltern zusammengefasst.","og_url":"https:\/\/rauchfrei.at\/rauchfrei-fuer-zwei\/","og_site_name":"Rauchfrei Telefon","article_published_time":"2020-02-10T08:00:15+00:00","article_modified_time":"2020-03-23T16:09:48+00:00","og_image":[{"url":"https:\/\/rauchfrei.at\/wp-content\/uploads\/Schwangerenfolder-225x472.png","type":"","width":"","height":""}],"author":"Rauchfrei Team","twitter_card":"summary_large_image","twitter_misc":{"Written by":"Rauchfrei Team","Est. reading time":"3 minutes"},"schema":{"@context":"https:\/\/schema.org","@graph":[{"@type":"WebPage","@id":"https:\/\/rauchfrei.at\/rauchfrei-fuer-zwei\/","url":"https:\/\/rauchfrei.at\/rauchfrei-fuer-zwei\/","name":"Rauchfrei f\u00fcr zwei - Rauchfrei Telefon","isPartOf":{"@id":"https:\/\/rauchfrei.at\/#website"},"primaryImageOfPage":{"@id":"https:\/\/rauchfrei.at\/rauchfrei-fuer-zwei\/#primaryimage"},"image":{"@id":"https:\/\/rauchfrei.at\/rauchfrei-fuer-zwei\/#primaryimage"},"thumbnailUrl":"https:\/\/rauchfrei.at\/wp-content\/uploads\/Schwangerenfolder-225x472.png","datePublished":"2020-02-10T08:00:15+00:00","dateModified":"2020-03-23T16:09:48+00:00","author":{"@id":"https:\/\/rauchfrei.at\/#\/schema\/person\/504bbf90c5482004fc09aef6de7f9277"},"inLanguage":"en-US","potentialAction":[{"@type":"ReadAction","target":["https:\/\/rauchfrei.at\/rauchfrei-fuer-zwei\/"]}]},{"@type":"ImageObject","inLanguage":"en-US","@id":"https:\/\/rauchfrei.at\/rauchfrei-fuer-zwei\/#primaryimage","url":"https:\/\/rauchfrei.at\/wp-content\/uploads\/Schwangerenfolder-225x472.png","contentUrl":"https:\/\/rauchfrei.at\/wp-content\/uploads\/Schwangerenfolder-225x472.png"},{"@type":"WebSite","@id":"https:\/\/rauchfrei.at\/#website","url":"https:\/\/rauchfrei.at\/","name":"Rauchfrei Telefon","description":"Eine \u00f6sterreichweite Initiative der Sozialversicherungen.","potentialAction":[{"@type":"SearchAction","target":{"@type":"EntryPoint","urlTemplate":"https:\/\/rauchfrei.at\/?s={search_term_string}"},"query-input":{"@type":"PropertyValueSpecification","valueRequired":true,"valueName":"search_term_string"}}],"inLanguage":"en-US"},{"@type":"Person","@id":"https:\/\/rauchfrei.at\/#\/schema\/person\/504bbf90c5482004fc09aef6de7f9277","name":"Rauchfrei Team","image":{"@type":"ImageObject","inLanguage":"en-US","@id":"https:\/\/rauchfrei.at\/#\/schema\/person\/image\/","url":"https:\/\/secure.gravatar.com\/avatar\/2115b79a00800516fa1523bb5a329611f90e73e89be559131fc7e82b4fdc95ff?s=96&d=mm&r=g","contentUrl":"https:\/\/secure.gravatar.com\/avatar\/2115b79a00800516fa1523bb5a329611f90e73e89be559131fc7e82b4fdc95ff?s=96&d=mm&r=g","caption":"Rauchfrei Team"},"url":"https:\/\/rauchfrei.at\/en\/author\/rauchfrei-team\/"}]}},"_links":{"self":[{"href":"https:\/\/rauchfrei.at\/en\/wp-json\/wp\/v2\/posts\/17981","targetHints":{"allow":["GET"]}}],"collection":[{"href":"https:\/\/rauchfrei.at\/en\/wp-json\/wp\/v2\/posts"}],"about":[{"href":"https:\/\/rauchfrei.at\/en\/wp-json\/wp\/v2\/types\/post"}],"author":[{"embeddable":true,"href":"https:\/\/rauchfrei.at\/en\/wp-json\/wp\/v2\/users\/25"}],"replies":[{"embeddable":true,"href":"https:\/\/rauchfrei.at\/en\/wp-json\/wp\/v2\/comments?post=17981"}],"version-history":[{"count":5,"href":"https:\/\/rauchfrei.at\/en\/wp-json\/wp\/v2\/posts\/17981\/revisions"}],"predecessor-version":[{"id":18395,"href":"https:\/\/rauchfrei.at\/en\/wp-json\/wp\/v2\/posts\/17981\/revisions\/18395"}],"wp:attachment":[{"href":"https:\/\/rauchfrei.at\/en\/wp-json\/wp\/v2\/media?parent=17981"}],"wp:term":[{"taxonomy":"category","embeddable":true,"href":"https:\/\/rauchfrei.at\/en\/wp-json\/wp\/v2\/categories?post=17981"},{"taxonomy":"post_tag","embeddable":true,"href":"https:\/\/rauchfrei.at\/en\/wp-json\/wp\/v2\/tags?post=17981"}],"curies":[{"name":"wp","href":"https:\/\/api.w.org\/{rel}","templated":true}]}}