
{"id":18004,"date":"2020-02-17T10:00:34","date_gmt":"2020-02-17T08:00:34","guid":{"rendered":"https:\/\/rauchfrei.at\/?p=18004"},"modified":"2020-02-12T11:59:19","modified_gmt":"2020-02-12T09:59:19","slug":"psychische-gesundheit-und-rauchen","status":"publish","type":"post","link":"https:\/\/rauchfrei.at\/en\/psychische-gesundheit-und-rauchen\/","title":{"rendered":"Psychische Gesundheit und Rauchen"},"content":{"rendered":"<p>[et_pb_section fb_built=&#8221;1&#8243; module_class=&#8221;header&#8221; _builder_version=&#8221;3.22&#8243;][et_pb_row _builder_version=&#8221;3.25&#8243;][et_pb_column type=&#8221;4_4&#8243; _builder_version=&#8221;3.25&#8243; custom_padding=&#8221;|||&#8221; custom_padding__hover=&#8221;|||&#8221;][et_pb_dp_dmb_module_10001 subheadline=&#8221;Eine untersch\u00e4tzte Beziehung&#8221; _builder_version=&#8221;4.1&#8243; hover_enabled=&#8221;0&#8243;][\/et_pb_dp_dmb_module_10001][\/et_pb_column][\/et_pb_row][\/et_pb_section][et_pb_section fb_built=&#8221;1&#8243; _builder_version=&#8221;3.22&#8243; custom_padding=&#8221;30px|||&#8221;][et_pb_row column_structure=&#8221;2_3,1_3&#8243; _builder_version=&#8221;3.25&#8243;][et_pb_column type=&#8221;2_3&#8243; module_class=&#8221;blog-content&#8221; _builder_version=&#8221;3.25&#8243; custom_padding=&#8221;|||&#8221; custom_padding__hover=&#8221;|||&#8221;][et_pb_text _builder_version=&#8221;4.1&#8243;]<\/p>\n<p>W\u00e4hrend das Wissen \u00fcber Risiken f\u00fcr k\u00f6rperliche Folgeerkrankungen des Tabakrauchens weit verbreitet ist, sind die Auswirkungen auf die Entwicklung psychischer St\u00f6rungen weit weniger bekannt. Forscher aus Bristol haben sich in einer Studie mit dieser Frage auseinandergesetzt. Ihre Ergebnisse zeigen eine gegenseitige Beeinflussung.<\/p>\n<p>Die Resultate ergeben, dass Personen, die mit dem Rauchen beginnen und auch bereits Tabakabh\u00e4ngige ein h\u00f6heres Risiko haben, an Depressionen und Schizophrenie zu erkranken. Beispiel: Eine Raucherin, ein Raucher, der 15 Jahre lang 20 Zigaretten t\u00e4glich geraucht hat und seit 17 Jahren rauchfrei ist, hat ein mehr als doppelt so hohes Risiko an Schizophrenie zu erkranken und ein fast doppelt so hohes Risiko eine Depression zu entwickeln als jemand, der nie geraucht hat.<\/p>\n<p>Laut Forscher ist es wichtig, genau herauszufinden, wie Nikotin im Gehirn wirkt, auch im Hinblick darauf, dass Nikotin auch in vielen E-Zigaretten enthalten ist.<\/p>\n<p>Der Zusammenhang zwischen Tabakrauchen und psychischen St\u00f6rungen verdeutlicht den Stellenwert der Pr\u00e4vention. Um die psychische Gesundheit zu f\u00f6rdern, ist es entscheidend, Menschen zu unterst\u00fctzen, dass sie nicht mit dem Rauchen beginnen bzw. Raucher\/innen zu helfen, damit aufzuh\u00f6ren.<\/p>\n<p>Psychiatrischen Patientinnen und Patienten rauchen um zwei- bis f\u00fcnfmal h\u00e4ufiger als gesunde Personen. Dennoch kann davon ausgegangen werden, dass etwa 70 Prozent aufh\u00f6ren wollen und dass psychisch kranke Raucher\/innen eine gleich hohe Motivation f\u00fcr einen Rauchstopp aufweisen wie die Allgemeinbev\u00f6lkerung. Ein Rauchstopp unterst\u00fctzt bei der Gesundung, da dann auch viele Psychopharmaka besser wirken.<\/p>\n<p>Auch wenn es zum Rauchstopp bei Menschen mit psychischen St\u00f6rungen lange Zeit sehr zur\u00fcckhaltende Empfehlungen gab, es existieren effektive Therapien der Tabakabh\u00e4ngigkeit. Gerne stehen wir bei Fragen und f\u00fcr die Begleitung beim Aufh\u00f6ren unter der kostenfreien Nummer 0800 810 013 zur Verf\u00fcgung!<\/p>\n<p>Link zur Studie: <a href=\"https:\/\/www.theguardian.com\/society\/2019\/nov\/06\/smoking-may-increase-risk-of-mental-health-problems-study\">https:\/\/www.theguardian.com\/society\/2019\/nov\/06\/smoking-may-increase-risk-of-mental-health-problems-study<\/a><\/p>\n<p>[\/et_pb_text][et_pb_post_nav in_same_term=&#8221;off&#8221; _builder_version=&#8221;3.0.99&#8243;][\/et_pb_post_nav][\/et_pb_column][et_pb_column type=&#8221;1_3&#8243; module_class=&#8221;cat-and-tag&#8221; _builder_version=&#8221;3.25&#8243; custom_padding=&#8221;|||&#8221; custom_padding__hover=&#8221;|||&#8221;][et_pb_sidebar area=&#8221;et_pb_widget_area_1&#8243; _builder_version=&#8221;3.0.99&#8243;][\/et_pb_sidebar][et_pb_dp_dmb_module_10093 farbe=&#8221;blitzblau&#8221; headline=&#8221;Starkes Rauchverlangen?&#8221; image=&#8221;https:\/\/rauchfrei.at\/wp-content\/uploads\/Desire.png&#8221; image_position=&#8221;center&#8221; link_text=&#8221;mehr&#8221; link_url=&#8221;https:\/\/rauchfrei.at\/aufhoeren\/schritte-zum-rauchstopp\/was-tun-bei-verlangensattacken\/&#8221; image_size=&#8221;90&#8243; admin_label=&#8221;Starkes Rauchverlangen?&#8221; _builder_version=&#8221;3.19.15&#8243; max_width=&#8221;100%&#8221; global_module=&#8221;13170&#8243; saved_tabs=&#8221;all&#8221;]<\/p>\n<p>Bleiben Sie stark, es geht vorbei!<\/p>\n<p>[\/et_pb_dp_dmb_module_10093][\/et_pb_column][\/et_pb_row][\/et_pb_section]<\/p>\n","protected":false},"excerpt":{"rendered":"<p>Es ist gut bekannt, dass Personen mit psychischen Erkrankungen h\u00e4ufiger rauchen als gesunde Personen. Bis jetzt war jedoch unklar, ob Rauchen ein Risikofaktor f\u00fcr die Entwicklung einer psychischen Erkrankung ist, oder als Selbstmedikation bei einer bereits vorhandenen psychischen St\u00f6rung dient. Was war zuerst da, Henne oder Ei?<\/p>\n","protected":false},"author":25,"featured_media":0,"comment_status":"open","ping_status":"open","sticky":false,"template":"","format":"standard","meta":{"_et_pb_use_builder":"on","_et_pb_old_content":"","_et_gb_content_width":"","footnotes":""},"categories":[235,237],"tags":[],"class_list":["post-18004","post","type-post","status-publish","format-standard","hentry","category-gesundheit-und-rauchstopp","category-literatur-und-hintergrundwissen"],"yoast_head":"<!-- This site is optimized with the Yoast SEO plugin v26.2 - https:\/\/yoast.com\/wordpress\/plugins\/seo\/ -->\n<title>Psychische Gesundheit und Rauchen - Rauchfrei Telefon<\/title>\n<meta name=\"robots\" content=\"index, follow, max-snippet:-1, max-image-preview:large, max-video-preview:-1\" \/>\n<link rel=\"canonical\" href=\"https:\/\/rauchfrei.at\/psychische-gesundheit-und-rauchen\/\" \/>\n<meta property=\"og:locale\" content=\"en_US\" \/>\n<meta property=\"og:type\" content=\"article\" \/>\n<meta property=\"og:title\" content=\"Psychische Gesundheit und Rauchen - Rauchfrei Telefon\" \/>\n<meta property=\"og:description\" content=\"Es ist gut bekannt, dass Personen mit psychischen Erkrankungen h\u00e4ufiger rauchen als gesunde Personen. Bis jetzt war jedoch unklar, ob Rauchen ein Risikofaktor f\u00fcr die Entwicklung einer psychischen Erkrankung ist, oder als Selbstmedikation bei einer bereits vorhandenen psychischen St\u00f6rung dient. Was war zuerst da, Henne oder Ei?\" \/>\n<meta property=\"og:url\" content=\"https:\/\/rauchfrei.at\/psychische-gesundheit-und-rauchen\/\" \/>\n<meta property=\"og:site_name\" content=\"Rauchfrei Telefon\" \/>\n<meta property=\"article:published_time\" content=\"2020-02-17T08:00:34+00:00\" \/>\n<meta name=\"author\" content=\"Rauchfrei Team\" \/>\n<meta name=\"twitter:card\" content=\"summary_large_image\" \/>\n<meta name=\"twitter:label1\" content=\"Written by\" \/>\n\t<meta name=\"twitter:data1\" content=\"Rauchfrei Team\" \/>\n\t<meta name=\"twitter:label2\" content=\"Est. reading time\" \/>\n\t<meta name=\"twitter:data2\" content=\"3 minutes\" \/>\n<script type=\"application\/ld+json\" class=\"yoast-schema-graph\">{\"@context\":\"https:\/\/schema.org\",\"@graph\":[{\"@type\":\"WebPage\",\"@id\":\"https:\/\/rauchfrei.at\/psychische-gesundheit-und-rauchen\/\",\"url\":\"https:\/\/rauchfrei.at\/psychische-gesundheit-und-rauchen\/\",\"name\":\"Psychische Gesundheit und Rauchen - Rauchfrei Telefon\",\"isPartOf\":{\"@id\":\"https:\/\/rauchfrei.at\/#website\"},\"datePublished\":\"2020-02-17T08:00:34+00:00\",\"author\":{\"@id\":\"https:\/\/rauchfrei.at\/#\/schema\/person\/504bbf90c5482004fc09aef6de7f9277\"},\"inLanguage\":\"en-US\",\"potentialAction\":[{\"@type\":\"ReadAction\",\"target\":[\"https:\/\/rauchfrei.at\/psychische-gesundheit-und-rauchen\/\"]}]},{\"@type\":\"WebSite\",\"@id\":\"https:\/\/rauchfrei.at\/#website\",\"url\":\"https:\/\/rauchfrei.at\/\",\"name\":\"Rauchfrei Telefon\",\"description\":\"Eine \u00f6sterreichweite Initiative der Sozialversicherungen.\",\"potentialAction\":[{\"@type\":\"SearchAction\",\"target\":{\"@type\":\"EntryPoint\",\"urlTemplate\":\"https:\/\/rauchfrei.at\/?s={search_term_string}\"},\"query-input\":{\"@type\":\"PropertyValueSpecification\",\"valueRequired\":true,\"valueName\":\"search_term_string\"}}],\"inLanguage\":\"en-US\"},{\"@type\":\"Person\",\"@id\":\"https:\/\/rauchfrei.at\/#\/schema\/person\/504bbf90c5482004fc09aef6de7f9277\",\"name\":\"Rauchfrei Team\",\"image\":{\"@type\":\"ImageObject\",\"inLanguage\":\"en-US\",\"@id\":\"https:\/\/rauchfrei.at\/#\/schema\/person\/image\/\",\"url\":\"https:\/\/secure.gravatar.com\/avatar\/2115b79a00800516fa1523bb5a329611f90e73e89be559131fc7e82b4fdc95ff?s=96&d=mm&r=g\",\"contentUrl\":\"https:\/\/secure.gravatar.com\/avatar\/2115b79a00800516fa1523bb5a329611f90e73e89be559131fc7e82b4fdc95ff?s=96&d=mm&r=g\",\"caption\":\"Rauchfrei Team\"},\"url\":\"https:\/\/rauchfrei.at\/en\/author\/rauchfrei-team\/\"}]}<\/script>\n<!-- \/ Yoast SEO plugin. -->","yoast_head_json":{"title":"Psychische Gesundheit und Rauchen - Rauchfrei Telefon","robots":{"index":"index","follow":"follow","max-snippet":"max-snippet:-1","max-image-preview":"max-image-preview:large","max-video-preview":"max-video-preview:-1"},"canonical":"https:\/\/rauchfrei.at\/psychische-gesundheit-und-rauchen\/","og_locale":"en_US","og_type":"article","og_title":"Psychische Gesundheit und Rauchen - Rauchfrei Telefon","og_description":"Es ist gut bekannt, dass Personen mit psychischen Erkrankungen h\u00e4ufiger rauchen als gesunde Personen. Bis jetzt war jedoch unklar, ob Rauchen ein Risikofaktor f\u00fcr die Entwicklung einer psychischen Erkrankung ist, oder als Selbstmedikation bei einer bereits vorhandenen psychischen St\u00f6rung dient. Was war zuerst da, Henne oder Ei?","og_url":"https:\/\/rauchfrei.at\/psychische-gesundheit-und-rauchen\/","og_site_name":"Rauchfrei Telefon","article_published_time":"2020-02-17T08:00:34+00:00","author":"Rauchfrei Team","twitter_card":"summary_large_image","twitter_misc":{"Written by":"Rauchfrei Team","Est. reading time":"3 minutes"},"schema":{"@context":"https:\/\/schema.org","@graph":[{"@type":"WebPage","@id":"https:\/\/rauchfrei.at\/psychische-gesundheit-und-rauchen\/","url":"https:\/\/rauchfrei.at\/psychische-gesundheit-und-rauchen\/","name":"Psychische Gesundheit und Rauchen - Rauchfrei Telefon","isPartOf":{"@id":"https:\/\/rauchfrei.at\/#website"},"datePublished":"2020-02-17T08:00:34+00:00","author":{"@id":"https:\/\/rauchfrei.at\/#\/schema\/person\/504bbf90c5482004fc09aef6de7f9277"},"inLanguage":"en-US","potentialAction":[{"@type":"ReadAction","target":["https:\/\/rauchfrei.at\/psychische-gesundheit-und-rauchen\/"]}]},{"@type":"WebSite","@id":"https:\/\/rauchfrei.at\/#website","url":"https:\/\/rauchfrei.at\/","name":"Rauchfrei Telefon","description":"Eine \u00f6sterreichweite Initiative der Sozialversicherungen.","potentialAction":[{"@type":"SearchAction","target":{"@type":"EntryPoint","urlTemplate":"https:\/\/rauchfrei.at\/?s={search_term_string}"},"query-input":{"@type":"PropertyValueSpecification","valueRequired":true,"valueName":"search_term_string"}}],"inLanguage":"en-US"},{"@type":"Person","@id":"https:\/\/rauchfrei.at\/#\/schema\/person\/504bbf90c5482004fc09aef6de7f9277","name":"Rauchfrei Team","image":{"@type":"ImageObject","inLanguage":"en-US","@id":"https:\/\/rauchfrei.at\/#\/schema\/person\/image\/","url":"https:\/\/secure.gravatar.com\/avatar\/2115b79a00800516fa1523bb5a329611f90e73e89be559131fc7e82b4fdc95ff?s=96&d=mm&r=g","contentUrl":"https:\/\/secure.gravatar.com\/avatar\/2115b79a00800516fa1523bb5a329611f90e73e89be559131fc7e82b4fdc95ff?s=96&d=mm&r=g","caption":"Rauchfrei Team"},"url":"https:\/\/rauchfrei.at\/en\/author\/rauchfrei-team\/"}]}},"_links":{"self":[{"href":"https:\/\/rauchfrei.at\/en\/wp-json\/wp\/v2\/posts\/18004","targetHints":{"allow":["GET"]}}],"collection":[{"href":"https:\/\/rauchfrei.at\/en\/wp-json\/wp\/v2\/posts"}],"about":[{"href":"https:\/\/rauchfrei.at\/en\/wp-json\/wp\/v2\/types\/post"}],"author":[{"embeddable":true,"href":"https:\/\/rauchfrei.at\/en\/wp-json\/wp\/v2\/users\/25"}],"replies":[{"embeddable":true,"href":"https:\/\/rauchfrei.at\/en\/wp-json\/wp\/v2\/comments?post=18004"}],"version-history":[{"count":5,"href":"https:\/\/rauchfrei.at\/en\/wp-json\/wp\/v2\/posts\/18004\/revisions"}],"predecessor-version":[{"id":18016,"href":"https:\/\/rauchfrei.at\/en\/wp-json\/wp\/v2\/posts\/18004\/revisions\/18016"}],"wp:attachment":[{"href":"https:\/\/rauchfrei.at\/en\/wp-json\/wp\/v2\/media?parent=18004"}],"wp:term":[{"taxonomy":"category","embeddable":true,"href":"https:\/\/rauchfrei.at\/en\/wp-json\/wp\/v2\/categories?post=18004"},{"taxonomy":"post_tag","embeddable":true,"href":"https:\/\/rauchfrei.at\/en\/wp-json\/wp\/v2\/tags?post=18004"}],"curies":[{"name":"wp","href":"https:\/\/api.w.org\/{rel}","templated":true}]}}