
{"id":18019,"date":"2020-02-24T10:00:14","date_gmt":"2020-02-24T08:00:14","guid":{"rendered":"https:\/\/rauchfrei.at\/?p=18019"},"modified":"2020-02-12T15:48:28","modified_gmt":"2020-02-12T13:48:28","slug":"waeren-wir-einander-schon-frueher-begegnet-meine-lunge-haette-es-euch-gedankt","status":"publish","type":"post","link":"https:\/\/rauchfrei.at\/en\/waeren-wir-einander-schon-frueher-begegnet-meine-lunge-haette-es-euch-gedankt\/","title":{"rendered":"W\u00e4ren wir einander schon fr\u00fcher &#8220;begegnet&#8221;, meine Lunge h\u00e4tte es Euch gedankt!"},"content":{"rendered":"<p>[et_pb_section fb_built=&#8221;1&#8243; module_class=&#8221;header&#8221; _builder_version=&#8221;3.22&#8243;][et_pb_row _builder_version=&#8221;3.25&#8243;][et_pb_column type=&#8221;4_4&#8243; _builder_version=&#8221;3.25&#8243; custom_padding=&#8221;|||&#8221; custom_padding__hover=&#8221;|||&#8221;][et_pb_dp_dmb_module_10001 subheadline=&#8221;Eine Nachricht eines Ex-Rauchers an das Rauchfrei Telefon&#8221; _builder_version=&#8221;4.1&#8243;][\/et_pb_dp_dmb_module_10001][\/et_pb_column][\/et_pb_row][\/et_pb_section][et_pb_section fb_built=&#8221;1&#8243; _builder_version=&#8221;3.22&#8243; custom_padding=&#8221;30px|||&#8221;][et_pb_row column_structure=&#8221;2_3,1_3&#8243; _builder_version=&#8221;3.25&#8243;][et_pb_column type=&#8221;2_3&#8243; module_class=&#8221;blog-content&#8221; _builder_version=&#8221;3.25&#8243; custom_padding=&#8221;|||&#8221; custom_padding__hover=&#8221;|||&#8221;][et_pb_text _builder_version=&#8221;4.1&#8243;]<\/p>\n<p>Kurz vor Weihnachten hat das Rauchfrei Telefon ein kleines Weihnachtsgeschenk bekommen. Unser Klient Herr B. hat uns einen Bericht seiner Erfahrungen geschickt. Diesen m\u00f6chten wir gerne teilen und damit auch andere anregen, den Rauchstopp zu versuchen.<\/p>\n<blockquote>\n<p>Liebe Rauchfrei-Helfer(innen), was auch einmal gesagt geh\u00f6rt &#8230;<\/p>\n<\/blockquote>\n<p>Jahrelang schon besch\u00e4ftigte ich mich mit dem Rauchen aufh\u00f6ren. Nie ist es mir gelungen. Heuer im Mai ist auch noch ein &#8220;rauchender Freund&#8221; an Lungenkrebs verstorben. Der Wunsch aufzuh\u00f6ren wurde immer st\u00e4rker, das schlechte Gewissen meiner Gesundheit gegen\u00fcber immer gr\u00f6\u00dfer und die Abh\u00e4ngigkeit immer unertr\u00e4glicher.<\/p>\n<p>Am 21. Oktober 2019 hatte ich den Erstkontakt mit dem Rauchfrei Telefon. Initiiert durch die Brosch\u00fcre &#8220;Schluss mit Rauchen&#8221;. Kurz darauf erhielt ich die &#8220;Begleitmaterialien zum Rauchstopp&#8221; per Post. Erstmals am 29.10. wurde ich p\u00fcnktlichst um 17:30 von einer Beraterin vom Rauchfrei Telefon kontaktiert. Rauchverhalten, Rauchertypen, Fagerstr\u00f6m &#8211; Test und mein Rauchprotokoll haben wir besprochen. Die freundliche, unkomplizierte, zuverl\u00e4ssige und empathische Art, wie sich meine Beraterin von nun an w\u00f6chentlich mit MEINEM Thema besch\u00e4ftigte, wie sie mir simple Tricks und Hilfestellungen gab, haben letztendlich dazu gef\u00fchrt, dass ich meine letzte Zigarette am 25. November 2019 AUSD\u00c4MPFTE. Immer noch begleitet sie mich unaufdringlich aber f\u00fcrsorglich. Es tut gut zu wissen, dass es jemanden gibt, der auf einen achtet.<\/p>\n<p>Auch finde ich die Rauchfrei App unterst\u00fctzend. Obwohl die Bedienung f\u00fcr die pers\u00f6nlichen Einstellungen mitunter umst\u00e4ndlich ist, sind die generierten Benachrichtigungen und Informationen anregend, unterhaltsam und hilfreich.<\/p>\n<p>Jetzt stehen die Weihnachtsfeiertage vor der T\u00fcre und Silvester geh\u00f6rt gefeiert. Ereignisse, die f\u00fcr mich vor einem Jahr noch untrennbar mit Zigaretten verbunden waren. Bin schon neugierig, wie es mir mit der Luft beim Ski fahren gehen wird. Jedenfalls werde ich die Bergluft tief und genussvoll inhalieren.<\/p>\n<p>Ich m\u00f6chte mich bei allen Rauchfrei Helfer(innen) f\u00fcr ihre tolle Arbeit, die geleistet wird, bedanken. W\u00e4ren wir einander schon fr\u00fcher &#8220;begegnet&#8221;, meine Lunge h\u00e4tte es Euch gedankt!<\/p>\n<p>[\/et_pb_text][et_pb_post_nav in_same_term=&#8221;off&#8221; _builder_version=&#8221;3.0.99&#8243;][\/et_pb_post_nav][\/et_pb_column][et_pb_column type=&#8221;1_3&#8243; module_class=&#8221;cat-and-tag&#8221; _builder_version=&#8221;3.25&#8243; custom_padding=&#8221;|||&#8221; custom_padding__hover=&#8221;|||&#8221;][et_pb_sidebar area=&#8221;et_pb_widget_area_1&#8243; _builder_version=&#8221;3.0.99&#8243;][\/et_pb_sidebar][et_pb_dp_dmb_module_10093 farbe=&#8221;blitzgelb&#8221; headline=&#8221;Trauen Sie sich den Rauchstopp zu!&#8221; image=&#8221;https:\/\/rauchfrei.at\/wp-content\/uploads\/Quitting-Yellow.png&#8221; image_position=&#8221;center&#8221; link_text=&#8221;mehr&#8221; link_url=&#8221;https:\/\/rauchfrei.at\/aufhoeren\/schritte-zum-rauchstopp\/trauen-sie-sich-den-rauchstopp-zu\/&#8221; image_size=&#8221;90&#8243; admin_label=&#8221;Trauen Sie sich den Rauchstopp zu&#8221; _builder_version=&#8221;3.19.15&#8243; global_module=&#8221;13173&#8243; saved_tabs=&#8221;all&#8221;]<\/p>\n<p>Sie m\u00f6chten etwas \u00e4ndern? Worauf warten Sie noch?<\/p>\n<p>[\/et_pb_dp_dmb_module_10093][et_pb_dp_dmb_module_10093 farbe=&#8221;blitzgelb&#8221; headline=&#8221;Buchen Sie einen Anruf!&#8221; image=&#8221;https:\/\/rauchfrei.at\/wp-content\/uploads\/rauchfrei-rueckruf-gelb.png&#8221; image_position=&#8221;center&#8221; link_text=&#8221;Anruf buchen!&#8221; link_url=&#8221;https:\/\/rauchfrei.at\/beratung\/anruf-gewuenscht\/&#8221; image_size=&#8221;80&#8243; admin_label=&#8221;Anruf buchen&#8221; _builder_version=&#8221;3.21.1&#8243; max_width=&#8221;100%&#8221; global_module=&#8221;13148&#8243; saved_tabs=&#8221;all&#8221;]<\/p>\n<p>Wir rufen Sie gerne an.<\/p>\n<p>[\/et_pb_dp_dmb_module_10093][\/et_pb_column][\/et_pb_row][\/et_pb_section]<\/p>\n","protected":false},"excerpt":{"rendered":"<p>Kurz vor Weihnachten hat das Rauchfrei Telefon ein kleines Weihnachtsgeschenk bekommen. Unser Klient Herr B. hat uns einen Bericht seiner Erfahrungen geschickt. Diesen m\u00f6chten wir gerne teilen und damit auch andere anregen, den Rauchstopp zu versuchen.<\/p>\n","protected":false},"author":25,"featured_media":0,"comment_status":"open","ping_status":"open","sticky":false,"template":"","format":"standard","meta":{"_et_pb_use_builder":"on","_et_pb_old_content":"","_et_gb_content_width":"","footnotes":""},"categories":[232,236],"tags":[],"class_list":["post-18019","post","type-post","status-publish","format-standard","hentry","category-nachrichten-vom-rauchfrei-telefon","category-nicht-kategorisiert"],"yoast_head":"<!-- This site is optimized with the Yoast SEO plugin v26.2 - https:\/\/yoast.com\/wordpress\/plugins\/seo\/ -->\n<title>W\u00e4ren wir einander schon fr\u00fcher &quot;begegnet&quot;, meine Lunge h\u00e4tte es Euch gedankt! - Rauchfrei Telefon<\/title>\n<meta name=\"robots\" content=\"index, follow, max-snippet:-1, max-image-preview:large, max-video-preview:-1\" \/>\n<link rel=\"canonical\" href=\"https:\/\/rauchfrei.at\/waeren-wir-einander-schon-frueher-begegnet-meine-lunge-haette-es-euch-gedankt\/\" \/>\n<meta property=\"og:locale\" content=\"en_US\" \/>\n<meta property=\"og:type\" content=\"article\" \/>\n<meta property=\"og:title\" content=\"W\u00e4ren wir einander schon fr\u00fcher &quot;begegnet&quot;, meine Lunge h\u00e4tte es Euch gedankt! - Rauchfrei Telefon\" \/>\n<meta property=\"og:description\" content=\"Kurz vor Weihnachten hat das Rauchfrei Telefon ein kleines Weihnachtsgeschenk bekommen. Unser Klient Herr B. hat uns einen Bericht seiner Erfahrungen geschickt. Diesen m\u00f6chten wir gerne teilen und damit auch andere anregen, den Rauchstopp zu versuchen.\" \/>\n<meta property=\"og:url\" content=\"https:\/\/rauchfrei.at\/waeren-wir-einander-schon-frueher-begegnet-meine-lunge-haette-es-euch-gedankt\/\" \/>\n<meta property=\"og:site_name\" content=\"Rauchfrei Telefon\" \/>\n<meta property=\"article:published_time\" content=\"2020-02-24T08:00:14+00:00\" \/>\n<meta name=\"author\" content=\"Rauchfrei Team\" \/>\n<meta name=\"twitter:card\" content=\"summary_large_image\" \/>\n<meta name=\"twitter:label1\" content=\"Written by\" \/>\n\t<meta name=\"twitter:data1\" content=\"Rauchfrei Team\" \/>\n\t<meta name=\"twitter:label2\" content=\"Est. reading time\" \/>\n\t<meta name=\"twitter:data2\" content=\"3 minutes\" \/>\n<script type=\"application\/ld+json\" class=\"yoast-schema-graph\">{\"@context\":\"https:\/\/schema.org\",\"@graph\":[{\"@type\":\"WebPage\",\"@id\":\"https:\/\/rauchfrei.at\/waeren-wir-einander-schon-frueher-begegnet-meine-lunge-haette-es-euch-gedankt\/\",\"url\":\"https:\/\/rauchfrei.at\/waeren-wir-einander-schon-frueher-begegnet-meine-lunge-haette-es-euch-gedankt\/\",\"name\":\"W\u00e4ren wir einander schon fr\u00fcher \\\"begegnet\\\", meine Lunge h\u00e4tte es Euch gedankt! - Rauchfrei Telefon\",\"isPartOf\":{\"@id\":\"https:\/\/rauchfrei.at\/#website\"},\"datePublished\":\"2020-02-24T08:00:14+00:00\",\"author\":{\"@id\":\"https:\/\/rauchfrei.at\/#\/schema\/person\/504bbf90c5482004fc09aef6de7f9277\"},\"inLanguage\":\"en-US\",\"potentialAction\":[{\"@type\":\"ReadAction\",\"target\":[\"https:\/\/rauchfrei.at\/waeren-wir-einander-schon-frueher-begegnet-meine-lunge-haette-es-euch-gedankt\/\"]}]},{\"@type\":\"WebSite\",\"@id\":\"https:\/\/rauchfrei.at\/#website\",\"url\":\"https:\/\/rauchfrei.at\/\",\"name\":\"Rauchfrei Telefon\",\"description\":\"Eine \u00f6sterreichweite Initiative der Sozialversicherungen.\",\"potentialAction\":[{\"@type\":\"SearchAction\",\"target\":{\"@type\":\"EntryPoint\",\"urlTemplate\":\"https:\/\/rauchfrei.at\/?s={search_term_string}\"},\"query-input\":{\"@type\":\"PropertyValueSpecification\",\"valueRequired\":true,\"valueName\":\"search_term_string\"}}],\"inLanguage\":\"en-US\"},{\"@type\":\"Person\",\"@id\":\"https:\/\/rauchfrei.at\/#\/schema\/person\/504bbf90c5482004fc09aef6de7f9277\",\"name\":\"Rauchfrei Team\",\"image\":{\"@type\":\"ImageObject\",\"inLanguage\":\"en-US\",\"@id\":\"https:\/\/rauchfrei.at\/#\/schema\/person\/image\/\",\"url\":\"https:\/\/secure.gravatar.com\/avatar\/2115b79a00800516fa1523bb5a329611f90e73e89be559131fc7e82b4fdc95ff?s=96&d=mm&r=g\",\"contentUrl\":\"https:\/\/secure.gravatar.com\/avatar\/2115b79a00800516fa1523bb5a329611f90e73e89be559131fc7e82b4fdc95ff?s=96&d=mm&r=g\",\"caption\":\"Rauchfrei Team\"},\"url\":\"https:\/\/rauchfrei.at\/en\/author\/rauchfrei-team\/\"}]}<\/script>\n<!-- \/ Yoast SEO plugin. -->","yoast_head_json":{"title":"W\u00e4ren wir einander schon fr\u00fcher \"begegnet\", meine Lunge h\u00e4tte es Euch gedankt! - Rauchfrei Telefon","robots":{"index":"index","follow":"follow","max-snippet":"max-snippet:-1","max-image-preview":"max-image-preview:large","max-video-preview":"max-video-preview:-1"},"canonical":"https:\/\/rauchfrei.at\/waeren-wir-einander-schon-frueher-begegnet-meine-lunge-haette-es-euch-gedankt\/","og_locale":"en_US","og_type":"article","og_title":"W\u00e4ren wir einander schon fr\u00fcher \"begegnet\", meine Lunge h\u00e4tte es Euch gedankt! - Rauchfrei Telefon","og_description":"Kurz vor Weihnachten hat das Rauchfrei Telefon ein kleines Weihnachtsgeschenk bekommen. Unser Klient Herr B. hat uns einen Bericht seiner Erfahrungen geschickt. Diesen m\u00f6chten wir gerne teilen und damit auch andere anregen, den Rauchstopp zu versuchen.","og_url":"https:\/\/rauchfrei.at\/waeren-wir-einander-schon-frueher-begegnet-meine-lunge-haette-es-euch-gedankt\/","og_site_name":"Rauchfrei Telefon","article_published_time":"2020-02-24T08:00:14+00:00","author":"Rauchfrei Team","twitter_card":"summary_large_image","twitter_misc":{"Written by":"Rauchfrei Team","Est. reading time":"3 minutes"},"schema":{"@context":"https:\/\/schema.org","@graph":[{"@type":"WebPage","@id":"https:\/\/rauchfrei.at\/waeren-wir-einander-schon-frueher-begegnet-meine-lunge-haette-es-euch-gedankt\/","url":"https:\/\/rauchfrei.at\/waeren-wir-einander-schon-frueher-begegnet-meine-lunge-haette-es-euch-gedankt\/","name":"W\u00e4ren wir einander schon fr\u00fcher \"begegnet\", meine Lunge h\u00e4tte es Euch gedankt! - Rauchfrei Telefon","isPartOf":{"@id":"https:\/\/rauchfrei.at\/#website"},"datePublished":"2020-02-24T08:00:14+00:00","author":{"@id":"https:\/\/rauchfrei.at\/#\/schema\/person\/504bbf90c5482004fc09aef6de7f9277"},"inLanguage":"en-US","potentialAction":[{"@type":"ReadAction","target":["https:\/\/rauchfrei.at\/waeren-wir-einander-schon-frueher-begegnet-meine-lunge-haette-es-euch-gedankt\/"]}]},{"@type":"WebSite","@id":"https:\/\/rauchfrei.at\/#website","url":"https:\/\/rauchfrei.at\/","name":"Rauchfrei Telefon","description":"Eine \u00f6sterreichweite Initiative der Sozialversicherungen.","potentialAction":[{"@type":"SearchAction","target":{"@type":"EntryPoint","urlTemplate":"https:\/\/rauchfrei.at\/?s={search_term_string}"},"query-input":{"@type":"PropertyValueSpecification","valueRequired":true,"valueName":"search_term_string"}}],"inLanguage":"en-US"},{"@type":"Person","@id":"https:\/\/rauchfrei.at\/#\/schema\/person\/504bbf90c5482004fc09aef6de7f9277","name":"Rauchfrei Team","image":{"@type":"ImageObject","inLanguage":"en-US","@id":"https:\/\/rauchfrei.at\/#\/schema\/person\/image\/","url":"https:\/\/secure.gravatar.com\/avatar\/2115b79a00800516fa1523bb5a329611f90e73e89be559131fc7e82b4fdc95ff?s=96&d=mm&r=g","contentUrl":"https:\/\/secure.gravatar.com\/avatar\/2115b79a00800516fa1523bb5a329611f90e73e89be559131fc7e82b4fdc95ff?s=96&d=mm&r=g","caption":"Rauchfrei Team"},"url":"https:\/\/rauchfrei.at\/en\/author\/rauchfrei-team\/"}]}},"_links":{"self":[{"href":"https:\/\/rauchfrei.at\/en\/wp-json\/wp\/v2\/posts\/18019","targetHints":{"allow":["GET"]}}],"collection":[{"href":"https:\/\/rauchfrei.at\/en\/wp-json\/wp\/v2\/posts"}],"about":[{"href":"https:\/\/rauchfrei.at\/en\/wp-json\/wp\/v2\/types\/post"}],"author":[{"embeddable":true,"href":"https:\/\/rauchfrei.at\/en\/wp-json\/wp\/v2\/users\/25"}],"replies":[{"embeddable":true,"href":"https:\/\/rauchfrei.at\/en\/wp-json\/wp\/v2\/comments?post=18019"}],"version-history":[{"count":5,"href":"https:\/\/rauchfrei.at\/en\/wp-json\/wp\/v2\/posts\/18019\/revisions"}],"predecessor-version":[{"id":18039,"href":"https:\/\/rauchfrei.at\/en\/wp-json\/wp\/v2\/posts\/18019\/revisions\/18039"}],"wp:attachment":[{"href":"https:\/\/rauchfrei.at\/en\/wp-json\/wp\/v2\/media?parent=18019"}],"wp:term":[{"taxonomy":"category","embeddable":true,"href":"https:\/\/rauchfrei.at\/en\/wp-json\/wp\/v2\/categories?post=18019"},{"taxonomy":"post_tag","embeddable":true,"href":"https:\/\/rauchfrei.at\/en\/wp-json\/wp\/v2\/tags?post=18019"}],"curies":[{"name":"wp","href":"https:\/\/api.w.org\/{rel}","templated":true}]}}