
{"id":18162,"date":"2020-03-02T10:00:38","date_gmt":"2020-03-02T08:00:38","guid":{"rendered":"https:\/\/rauchfrei.at\/?p=18162"},"modified":"2020-02-27T15:39:18","modified_gmt":"2020-02-27T13:39:18","slug":"die-european-conference-on-tobacco-or-health-ectoh-das-rauchfrei-telefon-war-dabei","status":"publish","type":"post","link":"https:\/\/rauchfrei.at\/en\/die-european-conference-on-tobacco-or-health-ectoh-das-rauchfrei-telefon-war-dabei\/","title":{"rendered":"Die European Conference on Tobacco or Health (ECTOH) \u2013 Das Rauchfrei Telefon war dabei!"},"content":{"rendered":"<p>[et_pb_section fb_built=&#8221;1&#8243; module_class=&#8221;header&#8221; _builder_version=&#8221;3.22&#8243;][et_pb_row _builder_version=&#8221;3.25&#8243;][et_pb_column type=&#8221;4_4&#8243; _builder_version=&#8221;3.25&#8243; custom_padding=&#8221;|||&#8221; custom_padding__hover=&#8221;|||&#8221;][et_pb_dp_dmb_module_10001 subheadline=&#8221;In Berlin wurde die aktuelle Tobacco Control Scale (TCS) pr\u00e4sentiert. \u00d6sterreich erreicht 50 von 100 Punkten und hat damit endlich den letzten Platz abgegeben.&#8221; _builder_version=&#8221;4.1&#8243;][\/et_pb_dp_dmb_module_10001][\/et_pb_column][\/et_pb_row][\/et_pb_section][et_pb_section fb_built=&#8221;1&#8243; _builder_version=&#8221;3.22&#8243; custom_padding=&#8221;30px|||&#8221;][et_pb_row column_structure=&#8221;2_3,1_3&#8243; _builder_version=&#8221;3.25&#8243;][et_pb_column type=&#8221;2_3&#8243; module_class=&#8221;blog-content&#8221; _builder_version=&#8221;3.25&#8243; custom_padding=&#8221;|||&#8221; custom_padding__hover=&#8221;|||&#8221;][et_pb_text _builder_version=&#8221;4.1&#8243;]<\/p>\n<p>Die 8. Conference on Tobacco or Health (ECTOH) fand vom 19. bis zum 22. Februar 2020 in Berlin statt. Alle drei Jahre versammeln sich Professionisten aus der Tabakkontrolle-, pr\u00e4vention und -entw\u00f6hnung, um sich auszutauschen, neue Erkenntnisse zu teilen und die Zusammenarbeit zu f\u00f6rdern. Im Rahmen dieser Konferenz wird seit vielen Jahren die Tobacco Control Scale pr\u00e4sentiert.<\/p>\n<p>Diese Skala zeigt auf, wieweit in den einzelnen L\u00e4ndern die von der WHO im Rahmen der FCTC (der Framework Convention on Tobacco Control) empfohlenen Strategien zur Senkung der Rauchpr\u00e4valenz umgesetzt werden. Es gibt einen klaren Zusammenhang zwischen der Umsetzung der Empfehlungen und der Senkung der Rauchpr\u00e4valenz. \u00d6sterreich geh\u00f6rte heuer zu den 3 L\u00e4ndern, die in diesem Ranking aufgeholt haben. Neben Slowenien (das u.a. mit dem Plain Packaging klare Ma\u00dfnahmen setzte) und Griechenland, verbesserte sich \u00d6sterreich mithilfe der rauchfreien Gastronomie deutlich (2019: 50 von 100 erreichbare Punkten, 2016: 36 von 100 Punkten, damals noch letzter Platz). \u00a0Das Rauchfrei Telefon tr\u00e4gt schon seit Jahren 2 von 2 m\u00f6glichen Punkten zur proaktiven Telefonberatung in einem Land zur Wertung bei.<\/p>\n<p><a href=\"https:\/\/rauchfrei.at\/wp-content\/uploads\/TCS2019.pdf\" target=\"_blank\" rel=\"noopener noreferrer\"><img loading=\"lazy\" decoding=\"async\" class=\"wp-image-18169 alignnone size-medium\" src=\"https:\/\/rauchfrei.at\/wp-content\/uploads\/Tobacco-control-scale-225x254.jpg\" alt=\"\" width=\"225\" height=\"254\" \/><\/a> (C) TCS<\/p>\n<p>Das Rauchfrei Telefon stellte im Workshop 6 \u201eThe role of health professionals in tobacco prevention and control\u201c das Rauchfrei Ticket vor, bei dem Gesundheitsprofessionisten per Fax oder per Online Anmeldung ihre rauchenden Patienten direkt beim Rauchfrei Telefon anmelden.<\/p>\n<p>Auch die Rauchfrei App wurde mit einem Poster an beiden Tagen pr\u00e4sentiert. Der Austausch mit Kolleginnen und Kollegen, auch von den Quitlines der benachbarten L\u00e4nder, aus Polen oder den Niederlanden, war interessant und hilfreich.<\/p>\n<p>Die n\u00e4chste Konferenz wird 2023 stattfinden, falls \u00d6sterreich weiter in der Tobacco Control Scala hinaufwandern m\u00f6chte \u2013 weitere 50 Punkte w\u00e4ren zu erreichen-, gibt es dazu ganz klare Strategien: z.B. die Zigarettenpreise deutlich erh\u00f6hen (19 Pkt), das \u201ePlain Packaging\u201c (5 Pkt) einf\u00fchren und Entw\u00f6hnangebote (5 Pkt) ausbauen.<\/p>\n<p>Links :<br \/><a href=\"https:\/\/www.ectoh.org\/\" target=\"_blank\" rel=\"noopener noreferrer\">www.ectoh.org<\/a><br \/><a href=\"http:\/\/www.tobaccocontrolscale.org\" target=\"_blank\" rel=\"noopener noreferrer\">www.tobaccocontrolscale.org<\/a><\/p>\n<p>[\/et_pb_text][et_pb_post_nav in_same_term=&#8221;off&#8221; _builder_version=&#8221;3.0.99&#8243;][\/et_pb_post_nav][\/et_pb_column][et_pb_column type=&#8221;1_3&#8243; module_class=&#8221;cat-and-tag&#8221; _builder_version=&#8221;3.25&#8243; custom_padding=&#8221;|||&#8221; custom_padding__hover=&#8221;|||&#8221;][et_pb_sidebar area=&#8221;et_pb_widget_area_1&#8243; _builder_version=&#8221;3.0.99&#8243;][\/et_pb_sidebar][et_pb_dp_dmb_module_10093 farbe=&#8221;beige&#8221; image=&#8221;https:\/\/rauchfrei.at\/wp-content\/uploads\/rauchfreiapp_screens.png&#8221; image_position=&#8221;center&#8221; link_text=&#8221;zum Download&#8221; link_url=&#8221;http:\/\/www.rauchfreiapp.at\/&#8221; image_size=&#8221;70&#8243; admin_label=&#8221;Die Rauchfrei App&#8221; _builder_version=&#8221;3.21.1&#8243; z_index_tablet=&#8221;500&#8243; global_module=&#8221;12606&#8243; saved_tabs=&#8221;all&#8221;]<\/p>\n<p>kostenlose Unterst\u00fctzung und Motivation per Smartphone<\/p>\n<p>[\/et_pb_dp_dmb_module_10093][et_pb_dp_dmb_module_10080 link_text=&#8221;mehr&#8221; link_url=&#8221;https:\/\/rauchfrei.at\/fakten\/gesetzliches\/&#8221; admin_label=&#8221;\u00a7 Gesetzliches zum Thema Nichtraucher\u00adschutz und Rauchen&#8221; _builder_version=&#8221;3.19.15&#8243; max_width=&#8221;100%&#8221; global_module=&#8221;13120&#8243;]<\/p>\n<p><strong>Gesetzliches<\/strong> rund ums Thema \u00a7<\/p>\n<p>[\/et_pb_dp_dmb_module_10080][\/et_pb_column][\/et_pb_row][\/et_pb_section]<\/p>\n","protected":false},"excerpt":{"rendered":"<p>Alle 3 Jahre findet die Europ\u00e4ische Konferenz statt. Zum 8. Mal fand sie heuer statt, diesmal in Berlin. Das Rauchfrei Telefon pr\u00e4sentierte das Rauchfrei Ticket und die Rauchfrei App dem internationalen Kollegenkreis.<\/p>\n","protected":false},"author":25,"featured_media":0,"comment_status":"open","ping_status":"open","sticky":false,"template":"","format":"standard","meta":{"_et_pb_use_builder":"on","_et_pb_old_content":"","_et_gb_content_width":"","footnotes":""},"categories":[237,232],"tags":[],"class_list":["post-18162","post","type-post","status-publish","format-standard","hentry","category-literatur-und-hintergrundwissen","category-nachrichten-vom-rauchfrei-telefon"],"yoast_head":"<!-- This site is optimized with the Yoast SEO plugin v26.2 - https:\/\/yoast.com\/wordpress\/plugins\/seo\/ -->\n<title>Die European Conference on Tobacco or Health (ECTOH) \u2013 Das Rauchfrei Telefon war dabei! - Rauchfrei Telefon<\/title>\n<meta name=\"robots\" content=\"index, follow, max-snippet:-1, max-image-preview:large, max-video-preview:-1\" \/>\n<link rel=\"canonical\" href=\"https:\/\/rauchfrei.at\/die-european-conference-on-tobacco-or-health-ectoh-das-rauchfrei-telefon-war-dabei\/\" \/>\n<meta property=\"og:locale\" content=\"en_US\" \/>\n<meta property=\"og:type\" content=\"article\" \/>\n<meta property=\"og:title\" content=\"Die European Conference on Tobacco or Health (ECTOH) \u2013 Das Rauchfrei Telefon war dabei! - Rauchfrei Telefon\" \/>\n<meta property=\"og:description\" content=\"Alle 3 Jahre findet die Europ\u00e4ische Konferenz statt. Zum 8. Mal fand sie heuer statt, diesmal in Berlin. Das Rauchfrei Telefon pr\u00e4sentierte das Rauchfrei Ticket und die Rauchfrei App dem internationalen Kollegenkreis.\" \/>\n<meta property=\"og:url\" content=\"https:\/\/rauchfrei.at\/die-european-conference-on-tobacco-or-health-ectoh-das-rauchfrei-telefon-war-dabei\/\" \/>\n<meta property=\"og:site_name\" content=\"Rauchfrei Telefon\" \/>\n<meta property=\"article:published_time\" content=\"2020-03-02T08:00:38+00:00\" \/>\n<meta property=\"og:image\" content=\"https:\/\/rauchfrei.at\/wp-content\/uploads\/Tobacco-control-scale-225x254.jpg\" \/>\n<meta name=\"author\" content=\"Rauchfrei Team\" \/>\n<meta name=\"twitter:card\" content=\"summary_large_image\" \/>\n<meta name=\"twitter:label1\" content=\"Written by\" \/>\n\t<meta name=\"twitter:data1\" content=\"Rauchfrei Team\" \/>\n\t<meta name=\"twitter:label2\" content=\"Est. reading time\" \/>\n\t<meta name=\"twitter:data2\" content=\"3 minutes\" \/>\n<script type=\"application\/ld+json\" class=\"yoast-schema-graph\">{\"@context\":\"https:\/\/schema.org\",\"@graph\":[{\"@type\":\"WebPage\",\"@id\":\"https:\/\/rauchfrei.at\/die-european-conference-on-tobacco-or-health-ectoh-das-rauchfrei-telefon-war-dabei\/\",\"url\":\"https:\/\/rauchfrei.at\/die-european-conference-on-tobacco-or-health-ectoh-das-rauchfrei-telefon-war-dabei\/\",\"name\":\"Die European Conference on Tobacco or Health (ECTOH) \u2013 Das Rauchfrei Telefon war dabei! - Rauchfrei Telefon\",\"isPartOf\":{\"@id\":\"https:\/\/rauchfrei.at\/#website\"},\"primaryImageOfPage\":{\"@id\":\"https:\/\/rauchfrei.at\/die-european-conference-on-tobacco-or-health-ectoh-das-rauchfrei-telefon-war-dabei\/#primaryimage\"},\"image\":{\"@id\":\"https:\/\/rauchfrei.at\/die-european-conference-on-tobacco-or-health-ectoh-das-rauchfrei-telefon-war-dabei\/#primaryimage\"},\"thumbnailUrl\":\"https:\/\/rauchfrei.at\/wp-content\/uploads\/Tobacco-control-scale-225x254.jpg\",\"datePublished\":\"2020-03-02T08:00:38+00:00\",\"author\":{\"@id\":\"https:\/\/rauchfrei.at\/#\/schema\/person\/504bbf90c5482004fc09aef6de7f9277\"},\"inLanguage\":\"en-US\",\"potentialAction\":[{\"@type\":\"ReadAction\",\"target\":[\"https:\/\/rauchfrei.at\/die-european-conference-on-tobacco-or-health-ectoh-das-rauchfrei-telefon-war-dabei\/\"]}]},{\"@type\":\"ImageObject\",\"inLanguage\":\"en-US\",\"@id\":\"https:\/\/rauchfrei.at\/die-european-conference-on-tobacco-or-health-ectoh-das-rauchfrei-telefon-war-dabei\/#primaryimage\",\"url\":\"https:\/\/rauchfrei.at\/wp-content\/uploads\/Tobacco-control-scale-225x254.jpg\",\"contentUrl\":\"https:\/\/rauchfrei.at\/wp-content\/uploads\/Tobacco-control-scale-225x254.jpg\"},{\"@type\":\"WebSite\",\"@id\":\"https:\/\/rauchfrei.at\/#website\",\"url\":\"https:\/\/rauchfrei.at\/\",\"name\":\"Rauchfrei Telefon\",\"description\":\"Eine \u00f6sterreichweite Initiative der Sozialversicherungen.\",\"potentialAction\":[{\"@type\":\"SearchAction\",\"target\":{\"@type\":\"EntryPoint\",\"urlTemplate\":\"https:\/\/rauchfrei.at\/?s={search_term_string}\"},\"query-input\":{\"@type\":\"PropertyValueSpecification\",\"valueRequired\":true,\"valueName\":\"search_term_string\"}}],\"inLanguage\":\"en-US\"},{\"@type\":\"Person\",\"@id\":\"https:\/\/rauchfrei.at\/#\/schema\/person\/504bbf90c5482004fc09aef6de7f9277\",\"name\":\"Rauchfrei Team\",\"image\":{\"@type\":\"ImageObject\",\"inLanguage\":\"en-US\",\"@id\":\"https:\/\/rauchfrei.at\/#\/schema\/person\/image\/\",\"url\":\"https:\/\/secure.gravatar.com\/avatar\/2115b79a00800516fa1523bb5a329611f90e73e89be559131fc7e82b4fdc95ff?s=96&d=mm&r=g\",\"contentUrl\":\"https:\/\/secure.gravatar.com\/avatar\/2115b79a00800516fa1523bb5a329611f90e73e89be559131fc7e82b4fdc95ff?s=96&d=mm&r=g\",\"caption\":\"Rauchfrei Team\"},\"url\":\"https:\/\/rauchfrei.at\/en\/author\/rauchfrei-team\/\"}]}<\/script>\n<!-- \/ Yoast SEO plugin. -->","yoast_head_json":{"title":"Die European Conference on Tobacco or Health (ECTOH) \u2013 Das Rauchfrei Telefon war dabei! - Rauchfrei Telefon","robots":{"index":"index","follow":"follow","max-snippet":"max-snippet:-1","max-image-preview":"max-image-preview:large","max-video-preview":"max-video-preview:-1"},"canonical":"https:\/\/rauchfrei.at\/die-european-conference-on-tobacco-or-health-ectoh-das-rauchfrei-telefon-war-dabei\/","og_locale":"en_US","og_type":"article","og_title":"Die European Conference on Tobacco or Health (ECTOH) \u2013 Das Rauchfrei Telefon war dabei! - Rauchfrei Telefon","og_description":"Alle 3 Jahre findet die Europ\u00e4ische Konferenz statt. Zum 8. Mal fand sie heuer statt, diesmal in Berlin. Das Rauchfrei Telefon pr\u00e4sentierte das Rauchfrei Ticket und die Rauchfrei App dem internationalen Kollegenkreis.","og_url":"https:\/\/rauchfrei.at\/die-european-conference-on-tobacco-or-health-ectoh-das-rauchfrei-telefon-war-dabei\/","og_site_name":"Rauchfrei Telefon","article_published_time":"2020-03-02T08:00:38+00:00","og_image":[{"url":"https:\/\/rauchfrei.at\/wp-content\/uploads\/Tobacco-control-scale-225x254.jpg","type":"","width":"","height":""}],"author":"Rauchfrei Team","twitter_card":"summary_large_image","twitter_misc":{"Written by":"Rauchfrei Team","Est. reading time":"3 minutes"},"schema":{"@context":"https:\/\/schema.org","@graph":[{"@type":"WebPage","@id":"https:\/\/rauchfrei.at\/die-european-conference-on-tobacco-or-health-ectoh-das-rauchfrei-telefon-war-dabei\/","url":"https:\/\/rauchfrei.at\/die-european-conference-on-tobacco-or-health-ectoh-das-rauchfrei-telefon-war-dabei\/","name":"Die European Conference on Tobacco or Health (ECTOH) \u2013 Das Rauchfrei Telefon war dabei! - Rauchfrei Telefon","isPartOf":{"@id":"https:\/\/rauchfrei.at\/#website"},"primaryImageOfPage":{"@id":"https:\/\/rauchfrei.at\/die-european-conference-on-tobacco-or-health-ectoh-das-rauchfrei-telefon-war-dabei\/#primaryimage"},"image":{"@id":"https:\/\/rauchfrei.at\/die-european-conference-on-tobacco-or-health-ectoh-das-rauchfrei-telefon-war-dabei\/#primaryimage"},"thumbnailUrl":"https:\/\/rauchfrei.at\/wp-content\/uploads\/Tobacco-control-scale-225x254.jpg","datePublished":"2020-03-02T08:00:38+00:00","author":{"@id":"https:\/\/rauchfrei.at\/#\/schema\/person\/504bbf90c5482004fc09aef6de7f9277"},"inLanguage":"en-US","potentialAction":[{"@type":"ReadAction","target":["https:\/\/rauchfrei.at\/die-european-conference-on-tobacco-or-health-ectoh-das-rauchfrei-telefon-war-dabei\/"]}]},{"@type":"ImageObject","inLanguage":"en-US","@id":"https:\/\/rauchfrei.at\/die-european-conference-on-tobacco-or-health-ectoh-das-rauchfrei-telefon-war-dabei\/#primaryimage","url":"https:\/\/rauchfrei.at\/wp-content\/uploads\/Tobacco-control-scale-225x254.jpg","contentUrl":"https:\/\/rauchfrei.at\/wp-content\/uploads\/Tobacco-control-scale-225x254.jpg"},{"@type":"WebSite","@id":"https:\/\/rauchfrei.at\/#website","url":"https:\/\/rauchfrei.at\/","name":"Rauchfrei Telefon","description":"Eine \u00f6sterreichweite Initiative der Sozialversicherungen.","potentialAction":[{"@type":"SearchAction","target":{"@type":"EntryPoint","urlTemplate":"https:\/\/rauchfrei.at\/?s={search_term_string}"},"query-input":{"@type":"PropertyValueSpecification","valueRequired":true,"valueName":"search_term_string"}}],"inLanguage":"en-US"},{"@type":"Person","@id":"https:\/\/rauchfrei.at\/#\/schema\/person\/504bbf90c5482004fc09aef6de7f9277","name":"Rauchfrei Team","image":{"@type":"ImageObject","inLanguage":"en-US","@id":"https:\/\/rauchfrei.at\/#\/schema\/person\/image\/","url":"https:\/\/secure.gravatar.com\/avatar\/2115b79a00800516fa1523bb5a329611f90e73e89be559131fc7e82b4fdc95ff?s=96&d=mm&r=g","contentUrl":"https:\/\/secure.gravatar.com\/avatar\/2115b79a00800516fa1523bb5a329611f90e73e89be559131fc7e82b4fdc95ff?s=96&d=mm&r=g","caption":"Rauchfrei Team"},"url":"https:\/\/rauchfrei.at\/en\/author\/rauchfrei-team\/"}]}},"_links":{"self":[{"href":"https:\/\/rauchfrei.at\/en\/wp-json\/wp\/v2\/posts\/18162","targetHints":{"allow":["GET"]}}],"collection":[{"href":"https:\/\/rauchfrei.at\/en\/wp-json\/wp\/v2\/posts"}],"about":[{"href":"https:\/\/rauchfrei.at\/en\/wp-json\/wp\/v2\/types\/post"}],"author":[{"embeddable":true,"href":"https:\/\/rauchfrei.at\/en\/wp-json\/wp\/v2\/users\/25"}],"replies":[{"embeddable":true,"href":"https:\/\/rauchfrei.at\/en\/wp-json\/wp\/v2\/comments?post=18162"}],"version-history":[{"count":5,"href":"https:\/\/rauchfrei.at\/en\/wp-json\/wp\/v2\/posts\/18162\/revisions"}],"predecessor-version":[{"id":18181,"href":"https:\/\/rauchfrei.at\/en\/wp-json\/wp\/v2\/posts\/18162\/revisions\/18181"}],"wp:attachment":[{"href":"https:\/\/rauchfrei.at\/en\/wp-json\/wp\/v2\/media?parent=18162"}],"wp:term":[{"taxonomy":"category","embeddable":true,"href":"https:\/\/rauchfrei.at\/en\/wp-json\/wp\/v2\/categories?post=18162"},{"taxonomy":"post_tag","embeddable":true,"href":"https:\/\/rauchfrei.at\/en\/wp-json\/wp\/v2\/tags?post=18162"}],"curies":[{"name":"wp","href":"https:\/\/api.w.org\/{rel}","templated":true}]}}