
{"id":18182,"date":"2020-03-08T10:00:14","date_gmt":"2020-03-08T08:00:14","guid":{"rendered":"https:\/\/rauchfrei.at\/?p=18182"},"modified":"2020-03-10T12:17:07","modified_gmt":"2020-03-10T10:17:07","slug":"frauen-und-rauchen","status":"publish","type":"post","link":"https:\/\/rauchfrei.at\/en\/frauen-und-rauchen\/","title":{"rendered":"Frauen und Rauchen"},"content":{"rendered":"<p>[et_pb_section fb_built=&#8221;1&#8243; module_class=&#8221;header&#8221; _builder_version=&#8221;3.22&#8243;][et_pb_row _builder_version=&#8221;3.25&#8243;][et_pb_column type=&#8221;4_4&#8243; _builder_version=&#8221;3.25&#8243; custom_padding=&#8221;|||&#8221; custom_padding__hover=&#8221;|||&#8221;][et_pb_dp_dmb_module_10001 subheadline=&#8221;Vom Freiheitssymbol zum gesundheitlichen Risikofaktor&#8221; _builder_version=&#8221;4.1&#8243;][\/et_pb_dp_dmb_module_10001][\/et_pb_column][\/et_pb_row][\/et_pb_section][et_pb_section fb_built=&#8221;1&#8243; _builder_version=&#8221;3.22&#8243; custom_padding=&#8221;30px|||&#8221;][et_pb_row column_structure=&#8221;2_3,1_3&#8243; _builder_version=&#8221;3.25&#8243;][et_pb_column type=&#8221;2_3&#8243; module_class=&#8221;blog-content&#8221; _builder_version=&#8221;3.25&#8243; custom_padding=&#8221;|||&#8221; custom_padding__hover=&#8221;|||&#8221;][et_pb_text _builder_version=&#8221;4.1&#8243; hover_enabled=&#8221;0&#8243;]<\/p>\n<p>Mittlerweile wei\u00df man, dass <strong>Frauen ein h\u00f6heres Risiko f\u00fcr bestimmte tabakinduzierte Erkrankungen<\/strong> haben. Beispielsweise zeigte eine gro\u00df angelegte Langzeituntersuchung aus D\u00e4nemark, dass bei Frauen bereits geringere Tabakmengen ausreichen, um die Wahrscheinlichkeit f\u00fcr eine Herz-Kreislauf-Erkrankung deutlich zu erh\u00f6hen. Etwas bekannter ist, dass sich Raucherinnen, die Hormone einnehmen (wie zum Beispiel die Antibabypille) einem vielfach erh\u00f6hten Herzinfarktrisiko und Schlaganfallrisiko aussetzen.<\/p>\n<p>Gesundheit hat immer auch mit <strong>Chancengerechtigkeit<\/strong> zu tun, die am Weltfrauentag besonders thematisiert werden sollte. Bedingungsfaktoren f\u00fcr Gesundheit sind neben dem Alter, der Wohnregion, dem Migrationshintergrund auch <strong>Gender und Familienstand<\/strong>. Alleinerziehende Frauen stellen eine besondere Risikogruppe f\u00fcr Nikotinsucht dar.<\/p>\n<p>Auch wei\u00df man, dass in bestimmten <strong>frauendominierten Berufsgruppen<\/strong>, wie zum Beispiel in Pflegeberufen der <strong>Anteil an Raucherinnen besonders hoch<\/strong> ist.<\/p>\n<p><strong>Frauengesundheit<\/strong> ist also nicht nur eine individuelle Angelegenheit, sondern wird <strong>auch durch sinnvolle Tabak- und Nichtraucherinnenschutzgesetze<\/strong> gef\u00f6rdert.<\/p>\n<p><strong>Das Beraterinnen-Team vom Rauchfrei Telefon w\u00fcnscht einen sch\u00f6nen Weltfrauentag<\/strong> und freut sich, mit dem telefonischen und kostenlosen Beratungsangebot einen Beitrag zur gesundheitlichen Chancengerechtigkeit zu leisten!<\/p>\n<p>LINKS:<br \/>\n<a href=\"https:\/\/www.rauchfrei-info.de\/informieren\/rauchen-gesundheit\/besondere-risiken-frauen\/\">https:\/\/www.rauchfrei-info.de\/informieren\/rauchen-gesundheit\/besondere-risiken-frauen\/<\/a><\/p>\n<p><a href=\"https:\/\/www.dkfz.de\/de\/tabakkontrolle\/download\/Publikationen\/sonstVeroeffentlichungen\/Tabakatlas-2015-final-web-dp-small.pdf\">https:\/\/www.dkfz.de\/de\/tabakkontrolle\/download\/Publikationen\/sonstVeroeffentlichungen\/Tabakatlas-2015-final-web-dp-small.pdf<\/a><\/p>\n<p>[\/et_pb_text][et_pb_post_nav in_same_term=&#8221;off&#8221; _builder_version=&#8221;3.0.99&#8243;][\/et_pb_post_nav][\/et_pb_column][et_pb_column type=&#8221;1_3&#8243; module_class=&#8221;cat-and-tag&#8221; _builder_version=&#8221;3.25&#8243; custom_padding=&#8221;|||&#8221; custom_padding__hover=&#8221;|||&#8221;][et_pb_sidebar area=&#8221;et_pb_widget_area_1&#8243; _builder_version=&#8221;3.0.99&#8243;][\/et_pb_sidebar][et_pb_dp_dmb_module_10093 farbe=&#8221;blitzblau&#8221; headline=&#8221;Alternativen zum Rauchen&#8221; image=&#8221;https:\/\/rauchfrei.at\/wp-content\/uploads\/Relax-in-hammok.png&#8221; image_position=&#8221;center&#8221; link_text=&#8221;mehr&#8221; link_url=&#8221;https:\/\/rauchfrei.at\/alternativen\/&#8221; image_size=&#8221;90&#8243; admin_label=&#8221;Alternativen zum Rauchen&#8221; _builder_version=&#8221;3.21.1&#8243; z_index_tablet=&#8221;500&#8243; global_module=&#8221;13174&#8243; saved_tabs=&#8221;all&#8221;]<\/p>\n<p>Es gibt viele M\u00f6glichkeiten, um nicht zur Zigarette zu greifen!<\/p>\n<p>[\/et_pb_dp_dmb_module_10093][et_pb_dp_dmb_module_10080 link_text=&#8221;Hier&#8221; link_url=&#8221;https:\/\/rauchfrei.at\/downloads-tests-und-tools\/&#8221; admin_label=&#8221;Testen Sie Ihre Abh\u00e4ngigkeit&#8221; _builder_version=&#8221;3.21.1&#8243; dp_tiny_mce_line_height=&#8221;1em&#8221; z_index_tablet=&#8221;500&#8243; global_module=&#8221;13157&#8243; saved_tabs=&#8221;all&#8221;]<\/p>\n<p><strong>Testen <\/strong>Sie Ihre <strong>Abh\u00e4ngigkeit!<\/strong><\/p>\n<p>[\/et_pb_dp_dmb_module_10080][\/et_pb_column][\/et_pb_row][\/et_pb_section]<\/p>\n","protected":false},"excerpt":{"rendered":"<p>Anfang des 20. Jahrhunderts galt es als verp\u00f6nt f\u00fcr Frauen zu rauchen. Das \u201eAneignen\u201c des Rauchens war deshalb auch ein Symbol feministischer Bewegungen und eine M\u00f6glichkeit f\u00fcr Frauen mit sozialen Normen zu brechen. Auch die Tabakindustrie verwendete dieses Image um gezielt Frauen anzusprechen. Das Rauchverhalten von M\u00e4nnern und Frauen hat sich in den letzten Jahrzehnten immer mehr angeglichen. <\/p>\n","protected":false},"author":25,"featured_media":0,"comment_status":"open","ping_status":"open","sticky":false,"template":"","format":"standard","meta":{"_et_pb_use_builder":"on","_et_pb_old_content":"","_et_gb_content_width":"","footnotes":""},"categories":[235,237],"tags":[],"class_list":["post-18182","post","type-post","status-publish","format-standard","hentry","category-gesundheit-und-rauchstopp","category-literatur-und-hintergrundwissen"],"yoast_head":"<!-- This site is optimized with the Yoast SEO plugin v26.2 - https:\/\/yoast.com\/wordpress\/plugins\/seo\/ -->\n<title>Frauen und Rauchen - Rauchfrei Telefon<\/title>\n<meta name=\"robots\" content=\"index, follow, max-snippet:-1, max-image-preview:large, max-video-preview:-1\" \/>\n<link rel=\"canonical\" href=\"https:\/\/rauchfrei.at\/frauen-und-rauchen\/\" \/>\n<meta property=\"og:locale\" content=\"en_US\" \/>\n<meta property=\"og:type\" content=\"article\" \/>\n<meta property=\"og:title\" content=\"Frauen und Rauchen - Rauchfrei Telefon\" \/>\n<meta property=\"og:description\" content=\"Anfang des 20. Jahrhunderts galt es als verp\u00f6nt f\u00fcr Frauen zu rauchen. Das \u201eAneignen\u201c des Rauchens war deshalb auch ein Symbol feministischer Bewegungen und eine M\u00f6glichkeit f\u00fcr Frauen mit sozialen Normen zu brechen. Auch die Tabakindustrie verwendete dieses Image um gezielt Frauen anzusprechen. Das Rauchverhalten von M\u00e4nnern und Frauen hat sich in den letzten Jahrzehnten immer mehr angeglichen.\" \/>\n<meta property=\"og:url\" content=\"https:\/\/rauchfrei.at\/frauen-und-rauchen\/\" \/>\n<meta property=\"og:site_name\" content=\"Rauchfrei Telefon\" \/>\n<meta property=\"article:published_time\" content=\"2020-03-08T08:00:14+00:00\" \/>\n<meta property=\"article:modified_time\" content=\"2020-03-10T10:17:07+00:00\" \/>\n<meta name=\"author\" content=\"Rauchfrei Team\" \/>\n<meta name=\"twitter:card\" content=\"summary_large_image\" \/>\n<meta name=\"twitter:label1\" content=\"Written by\" \/>\n\t<meta name=\"twitter:data1\" content=\"Rauchfrei Team\" \/>\n\t<meta name=\"twitter:label2\" content=\"Est. reading time\" \/>\n\t<meta name=\"twitter:data2\" content=\"2 minutes\" \/>\n<script type=\"application\/ld+json\" class=\"yoast-schema-graph\">{\"@context\":\"https:\/\/schema.org\",\"@graph\":[{\"@type\":\"WebPage\",\"@id\":\"https:\/\/rauchfrei.at\/frauen-und-rauchen\/\",\"url\":\"https:\/\/rauchfrei.at\/frauen-und-rauchen\/\",\"name\":\"Frauen und Rauchen - Rauchfrei Telefon\",\"isPartOf\":{\"@id\":\"https:\/\/rauchfrei.at\/#website\"},\"datePublished\":\"2020-03-08T08:00:14+00:00\",\"dateModified\":\"2020-03-10T10:17:07+00:00\",\"author\":{\"@id\":\"https:\/\/rauchfrei.at\/#\/schema\/person\/504bbf90c5482004fc09aef6de7f9277\"},\"inLanguage\":\"en-US\",\"potentialAction\":[{\"@type\":\"ReadAction\",\"target\":[\"https:\/\/rauchfrei.at\/frauen-und-rauchen\/\"]}]},{\"@type\":\"WebSite\",\"@id\":\"https:\/\/rauchfrei.at\/#website\",\"url\":\"https:\/\/rauchfrei.at\/\",\"name\":\"Rauchfrei Telefon\",\"description\":\"Eine \u00f6sterreichweite Initiative der Sozialversicherungen.\",\"potentialAction\":[{\"@type\":\"SearchAction\",\"target\":{\"@type\":\"EntryPoint\",\"urlTemplate\":\"https:\/\/rauchfrei.at\/?s={search_term_string}\"},\"query-input\":{\"@type\":\"PropertyValueSpecification\",\"valueRequired\":true,\"valueName\":\"search_term_string\"}}],\"inLanguage\":\"en-US\"},{\"@type\":\"Person\",\"@id\":\"https:\/\/rauchfrei.at\/#\/schema\/person\/504bbf90c5482004fc09aef6de7f9277\",\"name\":\"Rauchfrei Team\",\"image\":{\"@type\":\"ImageObject\",\"inLanguage\":\"en-US\",\"@id\":\"https:\/\/rauchfrei.at\/#\/schema\/person\/image\/\",\"url\":\"https:\/\/secure.gravatar.com\/avatar\/2115b79a00800516fa1523bb5a329611f90e73e89be559131fc7e82b4fdc95ff?s=96&d=mm&r=g\",\"contentUrl\":\"https:\/\/secure.gravatar.com\/avatar\/2115b79a00800516fa1523bb5a329611f90e73e89be559131fc7e82b4fdc95ff?s=96&d=mm&r=g\",\"caption\":\"Rauchfrei Team\"},\"url\":\"https:\/\/rauchfrei.at\/en\/author\/rauchfrei-team\/\"}]}<\/script>\n<!-- \/ Yoast SEO plugin. -->","yoast_head_json":{"title":"Frauen und Rauchen - Rauchfrei Telefon","robots":{"index":"index","follow":"follow","max-snippet":"max-snippet:-1","max-image-preview":"max-image-preview:large","max-video-preview":"max-video-preview:-1"},"canonical":"https:\/\/rauchfrei.at\/frauen-und-rauchen\/","og_locale":"en_US","og_type":"article","og_title":"Frauen und Rauchen - Rauchfrei Telefon","og_description":"Anfang des 20. Jahrhunderts galt es als verp\u00f6nt f\u00fcr Frauen zu rauchen. Das \u201eAneignen\u201c des Rauchens war deshalb auch ein Symbol feministischer Bewegungen und eine M\u00f6glichkeit f\u00fcr Frauen mit sozialen Normen zu brechen. Auch die Tabakindustrie verwendete dieses Image um gezielt Frauen anzusprechen. Das Rauchverhalten von M\u00e4nnern und Frauen hat sich in den letzten Jahrzehnten immer mehr angeglichen.","og_url":"https:\/\/rauchfrei.at\/frauen-und-rauchen\/","og_site_name":"Rauchfrei Telefon","article_published_time":"2020-03-08T08:00:14+00:00","article_modified_time":"2020-03-10T10:17:07+00:00","author":"Rauchfrei Team","twitter_card":"summary_large_image","twitter_misc":{"Written by":"Rauchfrei Team","Est. reading time":"2 minutes"},"schema":{"@context":"https:\/\/schema.org","@graph":[{"@type":"WebPage","@id":"https:\/\/rauchfrei.at\/frauen-und-rauchen\/","url":"https:\/\/rauchfrei.at\/frauen-und-rauchen\/","name":"Frauen und Rauchen - Rauchfrei Telefon","isPartOf":{"@id":"https:\/\/rauchfrei.at\/#website"},"datePublished":"2020-03-08T08:00:14+00:00","dateModified":"2020-03-10T10:17:07+00:00","author":{"@id":"https:\/\/rauchfrei.at\/#\/schema\/person\/504bbf90c5482004fc09aef6de7f9277"},"inLanguage":"en-US","potentialAction":[{"@type":"ReadAction","target":["https:\/\/rauchfrei.at\/frauen-und-rauchen\/"]}]},{"@type":"WebSite","@id":"https:\/\/rauchfrei.at\/#website","url":"https:\/\/rauchfrei.at\/","name":"Rauchfrei Telefon","description":"Eine \u00f6sterreichweite Initiative der Sozialversicherungen.","potentialAction":[{"@type":"SearchAction","target":{"@type":"EntryPoint","urlTemplate":"https:\/\/rauchfrei.at\/?s={search_term_string}"},"query-input":{"@type":"PropertyValueSpecification","valueRequired":true,"valueName":"search_term_string"}}],"inLanguage":"en-US"},{"@type":"Person","@id":"https:\/\/rauchfrei.at\/#\/schema\/person\/504bbf90c5482004fc09aef6de7f9277","name":"Rauchfrei Team","image":{"@type":"ImageObject","inLanguage":"en-US","@id":"https:\/\/rauchfrei.at\/#\/schema\/person\/image\/","url":"https:\/\/secure.gravatar.com\/avatar\/2115b79a00800516fa1523bb5a329611f90e73e89be559131fc7e82b4fdc95ff?s=96&d=mm&r=g","contentUrl":"https:\/\/secure.gravatar.com\/avatar\/2115b79a00800516fa1523bb5a329611f90e73e89be559131fc7e82b4fdc95ff?s=96&d=mm&r=g","caption":"Rauchfrei Team"},"url":"https:\/\/rauchfrei.at\/en\/author\/rauchfrei-team\/"}]}},"_links":{"self":[{"href":"https:\/\/rauchfrei.at\/en\/wp-json\/wp\/v2\/posts\/18182","targetHints":{"allow":["GET"]}}],"collection":[{"href":"https:\/\/rauchfrei.at\/en\/wp-json\/wp\/v2\/posts"}],"about":[{"href":"https:\/\/rauchfrei.at\/en\/wp-json\/wp\/v2\/types\/post"}],"author":[{"embeddable":true,"href":"https:\/\/rauchfrei.at\/en\/wp-json\/wp\/v2\/users\/25"}],"replies":[{"embeddable":true,"href":"https:\/\/rauchfrei.at\/en\/wp-json\/wp\/v2\/comments?post=18182"}],"version-history":[{"count":5,"href":"https:\/\/rauchfrei.at\/en\/wp-json\/wp\/v2\/posts\/18182\/revisions"}],"predecessor-version":[{"id":18211,"href":"https:\/\/rauchfrei.at\/en\/wp-json\/wp\/v2\/posts\/18182\/revisions\/18211"}],"wp:attachment":[{"href":"https:\/\/rauchfrei.at\/en\/wp-json\/wp\/v2\/media?parent=18182"}],"wp:term":[{"taxonomy":"category","embeddable":true,"href":"https:\/\/rauchfrei.at\/en\/wp-json\/wp\/v2\/categories?post=18182"},{"taxonomy":"post_tag","embeddable":true,"href":"https:\/\/rauchfrei.at\/en\/wp-json\/wp\/v2\/tags?post=18182"}],"curies":[{"name":"wp","href":"https:\/\/api.w.org\/{rel}","templated":true}]}}