
{"id":18218,"date":"2020-06-01T08:00:46","date_gmt":"2020-06-01T06:00:46","guid":{"rendered":"https:\/\/rauchfrei.at\/?p=18218"},"modified":"2020-06-03T13:39:12","modified_gmt":"2020-06-03T11:39:12","slug":"lehrlinge-rauchen-deutlich-mehr-als-gleichaltrige-schueler-innen","status":"publish","type":"post","link":"https:\/\/rauchfrei.at\/en\/lehrlinge-rauchen-deutlich-mehr-als-gleichaltrige-schueler-innen\/","title":{"rendered":"\u00d6sterreichische Lehrlinge rauchen deutlich mehr als gleichaltrige Sch\u00fcler\/innen"},"content":{"rendered":"<p>[et_pb_section fb_built=&#8221;1&#8243; module_class=&#8221;header&#8221; _builder_version=&#8221;3.22&#8243;][et_pb_row _builder_version=&#8221;3.25&#8243;][et_pb_column type=&#8221;4_4&#8243; _builder_version=&#8221;3.25&#8243; custom_padding=&#8221;|||&#8221; custom_padding__hover=&#8221;|||&#8221;][et_pb_dp_dmb_module_10001 subheadline=&#8221;Eine Studie zur Gesundheit und zum Gesundheitsverhalten zeigt hohe Rauchpr\u00e4valenz bei Lehrlingen&#8221; _builder_version=&#8221;4.4.3&#8243;][\/et_pb_dp_dmb_module_10001][\/et_pb_column][\/et_pb_row][\/et_pb_section][et_pb_section fb_built=&#8221;1&#8243; _builder_version=&#8221;3.22&#8243; custom_padding=&#8221;30px|||&#8221;][et_pb_row column_structure=&#8221;2_3,1_3&#8243; _builder_version=&#8221;3.25&#8243;][et_pb_column type=&#8221;2_3&#8243; module_class=&#8221;blog-content&#8221; _builder_version=&#8221;3.25&#8243; custom_padding=&#8221;|||&#8221; custom_padding__hover=&#8221;|||&#8221;][et_pb_text _builder_version=&#8221;4.4.3&#8243;]<\/p>\n<p>Mehr als 2000 Lehrlinge aus verschiedenen Ausbildungssparten in ganz \u00d6sterreich wurden vom Institut f\u00fcr Gesundheitsf\u00f6rderung und Pr\u00e4vention (IfGP) zu ihrem Gesundheitsverhalten befragt. Vor allem die Zahl der Raucherinnen und Raucher sind dabei erschreckend hoch.<\/p>\n<p>So rauchen mehr als 50% der Lehrlinge beider Geschlechter aktuell Zigaretten, davon mehr als die H\u00e4lfte sogar t\u00e4glich (29,1% der M\u00e4dchen und 28,9% der Burschen). Burschen konsumieren Wasserpfeifen und E-Zigaretten h\u00e4ufiger als M\u00e4dchen. So haben in den letzten 30 Tagen 23,7% der Burschen angegeben E-Zigaretten und 35,3% Wasserpfeife geraucht zu haben. Von den Personen, die E-Zigaretten und\/oder Wasserpfeife konsumieren, rauchen fast \u00be &#8211; zumindest gelegentlich \u2013 auch Zigaretten.<\/p>\n<p>Die Zahl der Raucher\/innen bei gleichaltrigen Sch\u00fclerinnen und Sch\u00fclern sinkt hingegen schon seit Jahren kontinuierlich (aktuell 25%). Eine m\u00f6gliche Erkl\u00e4rung f\u00fcr diesen gro\u00dfen Unterschied gibt die Studienleiterin Rosemarie Felder-Puig:<\/p>\n<p>\u201eDass immer weniger Sch\u00fcler rauchen, verdanken wir der Aufkl\u00e4rungsarbeit und den Rauchverboten in und um Schulen.\u201c In Betrieben fallen diese Faktoren meist weg. So wollen Lehrlinge, die haupts\u00e4chlich mit Erwachsenen zusammenarbeiten, sich als gleichwertig darstellen und aus diesem Grund rauchen sie mit, so die Annahme der Studienleiterin. Au\u00dferdem tritt bei Lehrlingen auch h\u00e4ufig die Meinung auf: \u201eWenn ich mir keine Rauchpause nehme, habe ich bei der Arbeit gar keine Pause.\u201c Dies unterst\u00fctzt den Zigarettenkonsum noch weiter. Die Studienautoren haben schlie\u00dflich einen Ma\u00dfnahmenkatalog entwickelt, der Verantwortungstr\u00e4ger zu Verbesserungen im Bereich der Lehre inspirieren soll. Unter den wichtigsten Punkten: Bewusstsein \u00fcber die Raucherproblematik an Berufsschulen und in Lehrbetrieben sch\u00e4rfen.<\/p>\n<p><strong><u>Link:<\/u><\/strong><\/p>\n<p><a href=\"https:\/\/www.kleinezeitung.at\/steiermark\/chronik\/5775466\/Alarmierende-Zahlen_Ungesunder-Lebensstil-bei-Lehrlingen_\">https:\/\/www.kleinezeitung.at\/steiermark\/chronik\/5775466\/Alarmierende-Zahlen_Ungesunder-Lebensstil-bei-Lehrlingen_<\/a><\/p>\n<p><a href=\"https:\/\/www.ifgp.at\/cdscontent\/load?contentid=10008.732792&amp;version=1582794330\">https:\/\/www.ifgp.at\/cdscontent\/load?contentid=10008.732792&amp;version=1582794330<\/a><\/p>\n<p>[\/et_pb_text][et_pb_post_nav in_same_term=&#8221;off&#8221; _builder_version=&#8221;3.0.99&#8243;][\/et_pb_post_nav][\/et_pb_column][et_pb_column type=&#8221;1_3&#8243; module_class=&#8221;cat-and-tag&#8221; _builder_version=&#8221;3.25&#8243; custom_padding=&#8221;|||&#8221; custom_padding__hover=&#8221;|||&#8221;][et_pb_sidebar area=&#8221;et_pb_widget_area_1&#8243; _builder_version=&#8221;3.0.99&#8243;][\/et_pb_sidebar][et_pb_dp_dmb_module_10093 farbe=&#8221;blitzblau&#8221; headline=&#8221;Passivrauch&#8221; image=&#8221;https:\/\/rauchfrei.at\/wp-content\/uploads\/passivrauch-rauchfrei-fuer-alle.png&#8221; image_position=&#8221;center&#8221; link_text=&#8221;mehr&#8221; link_url=&#8221;https:\/\/rauchfrei.at\/fakten\/passivrauch\/&#8221; image_size=&#8221;70&#8243; admin_label=&#8221;Passivrauch&#8221; _builder_version=&#8221;3.19.15&#8243; saved_tabs=&#8221;all&#8221; global_module=&#8221;13172&#8243;]<\/p>\n<p>Rauch ist giftig, niemand sollte ihn einatmen!<\/p>\n<p>[\/et_pb_dp_dmb_module_10093][\/et_pb_column][\/et_pb_row][\/et_pb_section]<\/p>\n","protected":false},"excerpt":{"rendered":"<p>Das Institut f\u00fcr Gesundheitsf\u00f6rderung und Pr\u00e4vention (IfGP) legt Zahlen zur Gesundheit von Lehrlingen vor. Besonders beim Rauchen schl\u00e4gt die Studienleiterin Alarm. Im Vergleich zu Sch\u00fcler\/innen rauchen Lehrlinge mehr, haben \u00f6fter \u00dcbergewicht und Stress. Dabei sinkt die Zahl der Raucher\/innen bei gleichaltrigen Sch\u00fcler\/innen seit Jahren.<\/p>\n","protected":false},"author":25,"featured_media":0,"comment_status":"open","ping_status":"open","sticky":false,"template":"","format":"standard","meta":{"_et_pb_use_builder":"on","_et_pb_old_content":"","_et_gb_content_width":"","footnotes":""},"categories":[237],"tags":[],"class_list":["post-18218","post","type-post","status-publish","format-standard","hentry","category-literatur-und-hintergrundwissen"],"yoast_head":"<!-- This site is optimized with the Yoast SEO plugin v26.2 - https:\/\/yoast.com\/wordpress\/plugins\/seo\/ -->\n<title>\u00d6sterreichische Lehrlinge rauchen deutlich mehr als gleichaltrige Sch\u00fcler\/innen - Rauchfrei Telefon<\/title>\n<meta name=\"robots\" content=\"index, follow, max-snippet:-1, max-image-preview:large, max-video-preview:-1\" \/>\n<link rel=\"canonical\" href=\"https:\/\/rauchfrei.at\/lehrlinge-rauchen-deutlich-mehr-als-gleichaltrige-schueler-innen\/\" \/>\n<meta property=\"og:locale\" content=\"en_US\" \/>\n<meta property=\"og:type\" content=\"article\" \/>\n<meta property=\"og:title\" content=\"\u00d6sterreichische Lehrlinge rauchen deutlich mehr als gleichaltrige Sch\u00fcler\/innen - Rauchfrei Telefon\" \/>\n<meta property=\"og:description\" content=\"Das Institut f\u00fcr Gesundheitsf\u00f6rderung und Pr\u00e4vention (IfGP) legt Zahlen zur Gesundheit von Lehrlingen vor. Besonders beim Rauchen schl\u00e4gt die Studienleiterin Alarm. Im Vergleich zu Sch\u00fcler\/innen rauchen Lehrlinge mehr, haben \u00f6fter \u00dcbergewicht und Stress. Dabei sinkt die Zahl der Raucher\/innen bei gleichaltrigen Sch\u00fcler\/innen seit Jahren.\" \/>\n<meta property=\"og:url\" content=\"https:\/\/rauchfrei.at\/lehrlinge-rauchen-deutlich-mehr-als-gleichaltrige-schueler-innen\/\" \/>\n<meta property=\"og:site_name\" content=\"Rauchfrei Telefon\" \/>\n<meta property=\"article:published_time\" content=\"2020-06-01T06:00:46+00:00\" \/>\n<meta property=\"article:modified_time\" content=\"2020-06-03T11:39:12+00:00\" \/>\n<meta name=\"author\" content=\"Rauchfrei Team\" \/>\n<meta name=\"twitter:card\" content=\"summary_large_image\" \/>\n<meta name=\"twitter:label1\" content=\"Written by\" \/>\n\t<meta name=\"twitter:data1\" content=\"Rauchfrei Team\" \/>\n\t<meta name=\"twitter:label2\" content=\"Est. reading time\" \/>\n\t<meta name=\"twitter:data2\" content=\"2 minutes\" \/>\n<script type=\"application\/ld+json\" class=\"yoast-schema-graph\">{\"@context\":\"https:\/\/schema.org\",\"@graph\":[{\"@type\":\"WebPage\",\"@id\":\"https:\/\/rauchfrei.at\/lehrlinge-rauchen-deutlich-mehr-als-gleichaltrige-schueler-innen\/\",\"url\":\"https:\/\/rauchfrei.at\/lehrlinge-rauchen-deutlich-mehr-als-gleichaltrige-schueler-innen\/\",\"name\":\"\u00d6sterreichische Lehrlinge rauchen deutlich mehr als gleichaltrige Sch\u00fcler\/innen - Rauchfrei Telefon\",\"isPartOf\":{\"@id\":\"https:\/\/rauchfrei.at\/#website\"},\"datePublished\":\"2020-06-01T06:00:46+00:00\",\"dateModified\":\"2020-06-03T11:39:12+00:00\",\"author\":{\"@id\":\"https:\/\/rauchfrei.at\/#\/schema\/person\/504bbf90c5482004fc09aef6de7f9277\"},\"inLanguage\":\"en-US\",\"potentialAction\":[{\"@type\":\"ReadAction\",\"target\":[\"https:\/\/rauchfrei.at\/lehrlinge-rauchen-deutlich-mehr-als-gleichaltrige-schueler-innen\/\"]}]},{\"@type\":\"WebSite\",\"@id\":\"https:\/\/rauchfrei.at\/#website\",\"url\":\"https:\/\/rauchfrei.at\/\",\"name\":\"Rauchfrei Telefon\",\"description\":\"Eine \u00f6sterreichweite Initiative der Sozialversicherungen.\",\"potentialAction\":[{\"@type\":\"SearchAction\",\"target\":{\"@type\":\"EntryPoint\",\"urlTemplate\":\"https:\/\/rauchfrei.at\/?s={search_term_string}\"},\"query-input\":{\"@type\":\"PropertyValueSpecification\",\"valueRequired\":true,\"valueName\":\"search_term_string\"}}],\"inLanguage\":\"en-US\"},{\"@type\":\"Person\",\"@id\":\"https:\/\/rauchfrei.at\/#\/schema\/person\/504bbf90c5482004fc09aef6de7f9277\",\"name\":\"Rauchfrei Team\",\"image\":{\"@type\":\"ImageObject\",\"inLanguage\":\"en-US\",\"@id\":\"https:\/\/rauchfrei.at\/#\/schema\/person\/image\/\",\"url\":\"https:\/\/secure.gravatar.com\/avatar\/2115b79a00800516fa1523bb5a329611f90e73e89be559131fc7e82b4fdc95ff?s=96&d=mm&r=g\",\"contentUrl\":\"https:\/\/secure.gravatar.com\/avatar\/2115b79a00800516fa1523bb5a329611f90e73e89be559131fc7e82b4fdc95ff?s=96&d=mm&r=g\",\"caption\":\"Rauchfrei Team\"},\"url\":\"https:\/\/rauchfrei.at\/en\/author\/rauchfrei-team\/\"}]}<\/script>\n<!-- \/ Yoast SEO plugin. -->","yoast_head_json":{"title":"\u00d6sterreichische Lehrlinge rauchen deutlich mehr als gleichaltrige Sch\u00fcler\/innen - Rauchfrei Telefon","robots":{"index":"index","follow":"follow","max-snippet":"max-snippet:-1","max-image-preview":"max-image-preview:large","max-video-preview":"max-video-preview:-1"},"canonical":"https:\/\/rauchfrei.at\/lehrlinge-rauchen-deutlich-mehr-als-gleichaltrige-schueler-innen\/","og_locale":"en_US","og_type":"article","og_title":"\u00d6sterreichische Lehrlinge rauchen deutlich mehr als gleichaltrige Sch\u00fcler\/innen - Rauchfrei Telefon","og_description":"Das Institut f\u00fcr Gesundheitsf\u00f6rderung und Pr\u00e4vention (IfGP) legt Zahlen zur Gesundheit von Lehrlingen vor. Besonders beim Rauchen schl\u00e4gt die Studienleiterin Alarm. Im Vergleich zu Sch\u00fcler\/innen rauchen Lehrlinge mehr, haben \u00f6fter \u00dcbergewicht und Stress. Dabei sinkt die Zahl der Raucher\/innen bei gleichaltrigen Sch\u00fcler\/innen seit Jahren.","og_url":"https:\/\/rauchfrei.at\/lehrlinge-rauchen-deutlich-mehr-als-gleichaltrige-schueler-innen\/","og_site_name":"Rauchfrei Telefon","article_published_time":"2020-06-01T06:00:46+00:00","article_modified_time":"2020-06-03T11:39:12+00:00","author":"Rauchfrei Team","twitter_card":"summary_large_image","twitter_misc":{"Written by":"Rauchfrei Team","Est. reading time":"2 minutes"},"schema":{"@context":"https:\/\/schema.org","@graph":[{"@type":"WebPage","@id":"https:\/\/rauchfrei.at\/lehrlinge-rauchen-deutlich-mehr-als-gleichaltrige-schueler-innen\/","url":"https:\/\/rauchfrei.at\/lehrlinge-rauchen-deutlich-mehr-als-gleichaltrige-schueler-innen\/","name":"\u00d6sterreichische Lehrlinge rauchen deutlich mehr als gleichaltrige Sch\u00fcler\/innen - Rauchfrei Telefon","isPartOf":{"@id":"https:\/\/rauchfrei.at\/#website"},"datePublished":"2020-06-01T06:00:46+00:00","dateModified":"2020-06-03T11:39:12+00:00","author":{"@id":"https:\/\/rauchfrei.at\/#\/schema\/person\/504bbf90c5482004fc09aef6de7f9277"},"inLanguage":"en-US","potentialAction":[{"@type":"ReadAction","target":["https:\/\/rauchfrei.at\/lehrlinge-rauchen-deutlich-mehr-als-gleichaltrige-schueler-innen\/"]}]},{"@type":"WebSite","@id":"https:\/\/rauchfrei.at\/#website","url":"https:\/\/rauchfrei.at\/","name":"Rauchfrei Telefon","description":"Eine \u00f6sterreichweite Initiative der Sozialversicherungen.","potentialAction":[{"@type":"SearchAction","target":{"@type":"EntryPoint","urlTemplate":"https:\/\/rauchfrei.at\/?s={search_term_string}"},"query-input":{"@type":"PropertyValueSpecification","valueRequired":true,"valueName":"search_term_string"}}],"inLanguage":"en-US"},{"@type":"Person","@id":"https:\/\/rauchfrei.at\/#\/schema\/person\/504bbf90c5482004fc09aef6de7f9277","name":"Rauchfrei Team","image":{"@type":"ImageObject","inLanguage":"en-US","@id":"https:\/\/rauchfrei.at\/#\/schema\/person\/image\/","url":"https:\/\/secure.gravatar.com\/avatar\/2115b79a00800516fa1523bb5a329611f90e73e89be559131fc7e82b4fdc95ff?s=96&d=mm&r=g","contentUrl":"https:\/\/secure.gravatar.com\/avatar\/2115b79a00800516fa1523bb5a329611f90e73e89be559131fc7e82b4fdc95ff?s=96&d=mm&r=g","caption":"Rauchfrei Team"},"url":"https:\/\/rauchfrei.at\/en\/author\/rauchfrei-team\/"}]}},"_links":{"self":[{"href":"https:\/\/rauchfrei.at\/en\/wp-json\/wp\/v2\/posts\/18218","targetHints":{"allow":["GET"]}}],"collection":[{"href":"https:\/\/rauchfrei.at\/en\/wp-json\/wp\/v2\/posts"}],"about":[{"href":"https:\/\/rauchfrei.at\/en\/wp-json\/wp\/v2\/types\/post"}],"author":[{"embeddable":true,"href":"https:\/\/rauchfrei.at\/en\/wp-json\/wp\/v2\/users\/25"}],"replies":[{"embeddable":true,"href":"https:\/\/rauchfrei.at\/en\/wp-json\/wp\/v2\/comments?post=18218"}],"version-history":[{"count":5,"href":"https:\/\/rauchfrei.at\/en\/wp-json\/wp\/v2\/posts\/18218\/revisions"}],"predecessor-version":[{"id":19004,"href":"https:\/\/rauchfrei.at\/en\/wp-json\/wp\/v2\/posts\/18218\/revisions\/19004"}],"wp:attachment":[{"href":"https:\/\/rauchfrei.at\/en\/wp-json\/wp\/v2\/media?parent=18218"}],"wp:term":[{"taxonomy":"category","embeddable":true,"href":"https:\/\/rauchfrei.at\/en\/wp-json\/wp\/v2\/categories?post=18218"},{"taxonomy":"post_tag","embeddable":true,"href":"https:\/\/rauchfrei.at\/en\/wp-json\/wp\/v2\/tags?post=18218"}],"curies":[{"name":"wp","href":"https:\/\/api.w.org\/{rel}","templated":true}]}}