
{"id":18456,"date":"2020-03-26T08:00:56","date_gmt":"2020-03-26T06:00:56","guid":{"rendered":"https:\/\/rauchfrei.at\/?p=18456"},"modified":"2020-03-25T21:20:41","modified_gmt":"2020-03-25T19:20:41","slug":"covid-19-und-rauchen","status":"publish","type":"post","link":"https:\/\/rauchfrei.at\/en\/covid-19-und-rauchen\/","title":{"rendered":"Covid-19 und Rauchen"},"content":{"rendered":"<p>[et_pb_section fb_built=&#8221;1&#8243; module_class=&#8221;header&#8221; _builder_version=&#8221;3.22&#8243;][et_pb_row _builder_version=&#8221;3.25&#8243;][et_pb_column type=&#8221;4_4&#8243; _builder_version=&#8221;3.25&#8243; custom_padding=&#8221;|||&#8221; custom_padding__hover=&#8221;|||&#8221;][et_pb_dp_dmb_module_10001 subheadline=&#8221;Besteht ein erh\u00f6htes Risiko f\u00fcr Raucherinnen und Raucher schwerer an der neuen Krankheit zu erkranken? Kann man sich durch den Rauchstopp sch\u00fctzen?&#8221; _builder_version=&#8221;4.1&#8243;][\/et_pb_dp_dmb_module_10001][\/et_pb_column][\/et_pb_row][\/et_pb_section][et_pb_section fb_built=&#8221;1&#8243; _builder_version=&#8221;3.22&#8243; custom_padding=&#8221;30px|||&#8221;][et_pb_row column_structure=&#8221;2_3,1_3&#8243; _builder_version=&#8221;3.25&#8243;][et_pb_column type=&#8221;2_3&#8243; module_class=&#8221;blog-content&#8221; _builder_version=&#8221;3.25&#8243; custom_padding=&#8221;|||&#8221; custom_padding__hover=&#8221;|||&#8221;][et_pb_text _builder_version=&#8221;4.1&#8243; hover_enabled=&#8221;0&#8243;]<\/p>\n<p>Warum erh\u00f6ht Rauchen das Risiko an COV-19 zu erkranken? Ist der Verlauf der Erkrankung schwerer bei Raucherinnen und Rauchern? Macht es Sinn, das Rauchen aufzugeben, um das Infektionsrisiko zu minimieren?<\/p>\n<p>All diese Fragen besch\u00e4ftigen derzeit viele, nicht nur Mediziner\/innen, sondern eben auch Raucherinnen Raucher.<\/p>\n<p>Laut Medizinern haben Raucher\/innen grunds\u00e4tzlich ein h\u00f6heres Risiko, Virusinfektionen zu bekommen. Durch die Belastung des Rauchens sind die Immunabwehrkr\u00e4fte, insbesondere jene des Bronchialsystems eingeschr\u00e4nkt. Die Schadstoffe des Tabakrauches setzen die Funktion der Flimmerh\u00e4rchen in der Atemwegsschleimhaut au\u00dfer Kraft und st\u00f6ren dadurch den Selbstreinigungsmechanismus in den Bronchien, die mukozili\u00e4re Clearance. Somit haben viele Viren oder Bakterien leichtes Spiel, die Lungen von Raucherinnen und Rauchern sind weniger widerstandsf\u00e4hig und generell vor Infektionen schlechter gesch\u00fctzt.<\/p>\n<p>Erste wissenschaftliche Hinweise aufgrund von Daten aus China (Wuhan) in Bezug auf den Krankheitsverlauf bei einer Infektion mit dem Coronavirus, deuten laut Prof. Michael Pfeifer, Pr\u00e4sident der Deutschen Gesellschaft f\u00fcr Pneumologie und Beatmungsmedizin (DGP) darauf hin, dass das Risiko eines schweren Krankheitsverlaufs mit einer echten Lungenentz\u00fcndung f\u00fcr Raucher\/innen deutlich h\u00f6her ist.<\/p>\n<p>Ebenso weist der Wiener Umwelthygieniker Dr. Manfred Neuberger darauf hin, dass sich laut einer Studie chinesischer Forscher unter einer kleinen Gruppe schwer Erkrankter ein gr\u00f6\u00dferer Anteil an Menschen, die rauchten, befand. Es gibt auch mehrere Hinweise darauf, dass \u00fcberwiegend M\u00e4nner von Covid-19 in China betroffen seien. Das k\u00f6nnte damit zu tun haben, dass in China deutlich mehr M\u00e4nner als Frauen rauchen (Standard, 4.3.2020).<\/p>\n<p>Mit dem Rauchen aufzuh\u00f6ren, das eigene Krankheitsrisiko f\u00fcr SARS-CoV-2 zu reduzieren und den Krankheitsverlauf von Covid-19 zu beeinflussen, ist laut Lungenfach\u00e4rzten m\u00f6glich. F\u00fcr den Schutz der Gesundheit macht es einen wesentlichen Unterschied, ob man aktiv raucht oder schon damit aufgeh\u00f6rt hat.<\/p>\n<p>Unterst\u00fctzung f\u00fcr den Rauchstopp bekommen Sie beim Rauchfrei Telefon von Montag bis Freitag von 10:00 bis 18:00 unter der Nummer 0800 810 013. Wir helfen Ihnen gerne!<\/p>\n<p>Links:<\/p>\n<p><a href=\"https:\/\/www.derstandard.at\/story\/2000115279599\/raucher-erkranken-wahrscheinlich-schwerer-ancovid-19\" target=\"_blank\" rel=\"noopener noreferrer\">Der Standard: &#8220;Raucher erkranken wahrscheinlich schwerer an COVID-19&#8221;<\/a><\/p>\n<p><a href=\"https:\/\/www.lungenaerzte-im-netz.de\/news-archiv\/meldung\/article\/rauchen-erhoeht-corona-erkrankungsrisiko\/\" target=\"_blank\" rel=\"noopener noreferrer\">Lungen\u00e4rzte im Netz: &#8220;Raucher erhoeht corona Erkrankungsrisiko<\/a><\/p>\n<p><a href=\"https:\/\/www.hhs.gov\/sites\/default\/files\/2020-cessation-sgr-full-report.pdf\" target=\"_blank\" rel=\"noopener noreferrer\">Smoking Cessation: A report of surgeon general<\/a><\/p>\n<p>[\/et_pb_text][et_pb_post_nav in_same_term=&#8221;off&#8221; _builder_version=&#8221;3.0.99&#8243;][\/et_pb_post_nav][\/et_pb_column][et_pb_column type=&#8221;1_3&#8243; module_class=&#8221;cat-and-tag&#8221; _builder_version=&#8221;3.25&#8243; custom_padding=&#8221;|||&#8221; custom_padding__hover=&#8221;|||&#8221;][et_pb_sidebar area=&#8221;et_pb_widget_area_1&#8243; _builder_version=&#8221;3.0.99&#8243;][\/et_pb_sidebar][et_pb_dp_dmb_module_10093 farbe=&#8221;blitzgelb&#8221; headline=&#8221;Trauen Sie sich den Rauchstopp zu!&#8221; image=&#8221;https:\/\/rauchfrei.at\/wp-content\/uploads\/Quitting-Yellow.png&#8221; image_position=&#8221;center&#8221; link_text=&#8221;mehr&#8221; link_url=&#8221;https:\/\/rauchfrei.at\/aufhoeren\/schritte-zum-rauchstopp\/trauen-sie-sich-den-rauchstopp-zu\/&#8221; image_size=&#8221;90&#8243; admin_label=&#8221;Trauen Sie sich den Rauchstopp zu&#8221; _builder_version=&#8221;3.19.15&#8243; saved_tabs=&#8221;all&#8221; global_module=&#8221;13173&#8243;]<\/p>\n<p>Sie m\u00f6chten etwas \u00e4ndern? Worauf warten Sie noch?<\/p>\n<p>[\/et_pb_dp_dmb_module_10093][et_pb_dp_dmb_module_10080 link_text=&#8221;Download&#8221; link_url=&#8221;\/broschueren-downloads\/download-beratungsunterlagen\/&#8221; admin_label=&#8221;Arbeitsbl\u00e4tter&#8221; _builder_version=&#8221;3.19.15&#8243; max_width=&#8221;100%&#8221; saved_tabs=&#8221;all&#8221; global_module=&#8221;13623&#8243;]<\/p>\n<p><strong>Arbeitsbl\u00e4tter<\/strong> f\u00fcr die Beratung<\/p>\n<p>[\/et_pb_dp_dmb_module_10080][\/et_pb_column][\/et_pb_row][\/et_pb_section]<\/p>\n","protected":false},"excerpt":{"rendered":"<p>Derzeitige wissenschaftliche Hinweise deuten darauf hin, dass Rauchen das Risiko erh\u00f6ht, an Covid-19 zu erkranken. Rauchen scheint auch ein Risikofaktor f\u00fcr einen schwereren Verlauf bei einer Infektion mit dem Coronavirus zu sein. Der Rauchstopp ist daher gerade jetzt noch mehr Thema f\u00fcr viele Raucherinnen und Raucher.<\/p>\n","protected":false},"author":25,"featured_media":0,"comment_status":"open","ping_status":"open","sticky":false,"template":"","format":"standard","meta":{"_et_pb_use_builder":"on","_et_pb_old_content":"","_et_gb_content_width":"","footnotes":""},"categories":[235,237],"tags":[],"class_list":["post-18456","post","type-post","status-publish","format-standard","hentry","category-gesundheit-und-rauchstopp","category-literatur-und-hintergrundwissen"],"yoast_head":"<!-- This site is optimized with the Yoast SEO plugin v26.2 - https:\/\/yoast.com\/wordpress\/plugins\/seo\/ -->\n<title>Covid-19 und Rauchen - Rauchfrei Telefon<\/title>\n<meta name=\"robots\" content=\"index, follow, max-snippet:-1, max-image-preview:large, max-video-preview:-1\" \/>\n<link rel=\"canonical\" href=\"https:\/\/rauchfrei.at\/covid-19-und-rauchen\/\" \/>\n<meta property=\"og:locale\" content=\"en_US\" \/>\n<meta property=\"og:type\" content=\"article\" \/>\n<meta property=\"og:title\" content=\"Covid-19 und Rauchen - Rauchfrei Telefon\" \/>\n<meta property=\"og:description\" content=\"Derzeitige wissenschaftliche Hinweise deuten darauf hin, dass Rauchen das Risiko erh\u00f6ht, an Covid-19 zu erkranken. Rauchen scheint auch ein Risikofaktor f\u00fcr einen schwereren Verlauf bei einer Infektion mit dem Coronavirus zu sein. Der Rauchstopp ist daher gerade jetzt noch mehr Thema f\u00fcr viele Raucherinnen und Raucher.\" \/>\n<meta property=\"og:url\" content=\"https:\/\/rauchfrei.at\/covid-19-und-rauchen\/\" \/>\n<meta property=\"og:site_name\" content=\"Rauchfrei Telefon\" \/>\n<meta property=\"article:published_time\" content=\"2020-03-26T06:00:56+00:00\" \/>\n<meta name=\"author\" content=\"Rauchfrei Team\" \/>\n<meta name=\"twitter:card\" content=\"summary_large_image\" \/>\n<meta name=\"twitter:label1\" content=\"Written by\" \/>\n\t<meta name=\"twitter:data1\" content=\"Rauchfrei Team\" \/>\n\t<meta name=\"twitter:label2\" content=\"Est. reading time\" \/>\n\t<meta name=\"twitter:data2\" content=\"3 minutes\" \/>\n<script type=\"application\/ld+json\" class=\"yoast-schema-graph\">{\"@context\":\"https:\/\/schema.org\",\"@graph\":[{\"@type\":\"WebPage\",\"@id\":\"https:\/\/rauchfrei.at\/covid-19-und-rauchen\/\",\"url\":\"https:\/\/rauchfrei.at\/covid-19-und-rauchen\/\",\"name\":\"Covid-19 und Rauchen - Rauchfrei Telefon\",\"isPartOf\":{\"@id\":\"https:\/\/rauchfrei.at\/#website\"},\"datePublished\":\"2020-03-26T06:00:56+00:00\",\"author\":{\"@id\":\"https:\/\/rauchfrei.at\/#\/schema\/person\/504bbf90c5482004fc09aef6de7f9277\"},\"inLanguage\":\"en-US\",\"potentialAction\":[{\"@type\":\"ReadAction\",\"target\":[\"https:\/\/rauchfrei.at\/covid-19-und-rauchen\/\"]}]},{\"@type\":\"WebSite\",\"@id\":\"https:\/\/rauchfrei.at\/#website\",\"url\":\"https:\/\/rauchfrei.at\/\",\"name\":\"Rauchfrei Telefon\",\"description\":\"Eine \u00f6sterreichweite Initiative der Sozialversicherungen.\",\"potentialAction\":[{\"@type\":\"SearchAction\",\"target\":{\"@type\":\"EntryPoint\",\"urlTemplate\":\"https:\/\/rauchfrei.at\/?s={search_term_string}\"},\"query-input\":{\"@type\":\"PropertyValueSpecification\",\"valueRequired\":true,\"valueName\":\"search_term_string\"}}],\"inLanguage\":\"en-US\"},{\"@type\":\"Person\",\"@id\":\"https:\/\/rauchfrei.at\/#\/schema\/person\/504bbf90c5482004fc09aef6de7f9277\",\"name\":\"Rauchfrei Team\",\"image\":{\"@type\":\"ImageObject\",\"inLanguage\":\"en-US\",\"@id\":\"https:\/\/rauchfrei.at\/#\/schema\/person\/image\/\",\"url\":\"https:\/\/secure.gravatar.com\/avatar\/2115b79a00800516fa1523bb5a329611f90e73e89be559131fc7e82b4fdc95ff?s=96&d=mm&r=g\",\"contentUrl\":\"https:\/\/secure.gravatar.com\/avatar\/2115b79a00800516fa1523bb5a329611f90e73e89be559131fc7e82b4fdc95ff?s=96&d=mm&r=g\",\"caption\":\"Rauchfrei Team\"},\"url\":\"https:\/\/rauchfrei.at\/en\/author\/rauchfrei-team\/\"}]}<\/script>\n<!-- \/ Yoast SEO plugin. -->","yoast_head_json":{"title":"Covid-19 und Rauchen - Rauchfrei Telefon","robots":{"index":"index","follow":"follow","max-snippet":"max-snippet:-1","max-image-preview":"max-image-preview:large","max-video-preview":"max-video-preview:-1"},"canonical":"https:\/\/rauchfrei.at\/covid-19-und-rauchen\/","og_locale":"en_US","og_type":"article","og_title":"Covid-19 und Rauchen - Rauchfrei Telefon","og_description":"Derzeitige wissenschaftliche Hinweise deuten darauf hin, dass Rauchen das Risiko erh\u00f6ht, an Covid-19 zu erkranken. Rauchen scheint auch ein Risikofaktor f\u00fcr einen schwereren Verlauf bei einer Infektion mit dem Coronavirus zu sein. Der Rauchstopp ist daher gerade jetzt noch mehr Thema f\u00fcr viele Raucherinnen und Raucher.","og_url":"https:\/\/rauchfrei.at\/covid-19-und-rauchen\/","og_site_name":"Rauchfrei Telefon","article_published_time":"2020-03-26T06:00:56+00:00","author":"Rauchfrei Team","twitter_card":"summary_large_image","twitter_misc":{"Written by":"Rauchfrei Team","Est. reading time":"3 minutes"},"schema":{"@context":"https:\/\/schema.org","@graph":[{"@type":"WebPage","@id":"https:\/\/rauchfrei.at\/covid-19-und-rauchen\/","url":"https:\/\/rauchfrei.at\/covid-19-und-rauchen\/","name":"Covid-19 und Rauchen - Rauchfrei Telefon","isPartOf":{"@id":"https:\/\/rauchfrei.at\/#website"},"datePublished":"2020-03-26T06:00:56+00:00","author":{"@id":"https:\/\/rauchfrei.at\/#\/schema\/person\/504bbf90c5482004fc09aef6de7f9277"},"inLanguage":"en-US","potentialAction":[{"@type":"ReadAction","target":["https:\/\/rauchfrei.at\/covid-19-und-rauchen\/"]}]},{"@type":"WebSite","@id":"https:\/\/rauchfrei.at\/#website","url":"https:\/\/rauchfrei.at\/","name":"Rauchfrei Telefon","description":"Eine \u00f6sterreichweite Initiative der Sozialversicherungen.","potentialAction":[{"@type":"SearchAction","target":{"@type":"EntryPoint","urlTemplate":"https:\/\/rauchfrei.at\/?s={search_term_string}"},"query-input":{"@type":"PropertyValueSpecification","valueRequired":true,"valueName":"search_term_string"}}],"inLanguage":"en-US"},{"@type":"Person","@id":"https:\/\/rauchfrei.at\/#\/schema\/person\/504bbf90c5482004fc09aef6de7f9277","name":"Rauchfrei Team","image":{"@type":"ImageObject","inLanguage":"en-US","@id":"https:\/\/rauchfrei.at\/#\/schema\/person\/image\/","url":"https:\/\/secure.gravatar.com\/avatar\/2115b79a00800516fa1523bb5a329611f90e73e89be559131fc7e82b4fdc95ff?s=96&d=mm&r=g","contentUrl":"https:\/\/secure.gravatar.com\/avatar\/2115b79a00800516fa1523bb5a329611f90e73e89be559131fc7e82b4fdc95ff?s=96&d=mm&r=g","caption":"Rauchfrei Team"},"url":"https:\/\/rauchfrei.at\/en\/author\/rauchfrei-team\/"}]}},"_links":{"self":[{"href":"https:\/\/rauchfrei.at\/en\/wp-json\/wp\/v2\/posts\/18456","targetHints":{"allow":["GET"]}}],"collection":[{"href":"https:\/\/rauchfrei.at\/en\/wp-json\/wp\/v2\/posts"}],"about":[{"href":"https:\/\/rauchfrei.at\/en\/wp-json\/wp\/v2\/types\/post"}],"author":[{"embeddable":true,"href":"https:\/\/rauchfrei.at\/en\/wp-json\/wp\/v2\/users\/25"}],"replies":[{"embeddable":true,"href":"https:\/\/rauchfrei.at\/en\/wp-json\/wp\/v2\/comments?post=18456"}],"version-history":[{"count":5,"href":"https:\/\/rauchfrei.at\/en\/wp-json\/wp\/v2\/posts\/18456\/revisions"}],"predecessor-version":[{"id":18468,"href":"https:\/\/rauchfrei.at\/en\/wp-json\/wp\/v2\/posts\/18456\/revisions\/18468"}],"wp:attachment":[{"href":"https:\/\/rauchfrei.at\/en\/wp-json\/wp\/v2\/media?parent=18456"}],"wp:term":[{"taxonomy":"category","embeddable":true,"href":"https:\/\/rauchfrei.at\/en\/wp-json\/wp\/v2\/categories?post=18456"},{"taxonomy":"post_tag","embeddable":true,"href":"https:\/\/rauchfrei.at\/en\/wp-json\/wp\/v2\/tags?post=18456"}],"curies":[{"name":"wp","href":"https:\/\/api.w.org\/{rel}","templated":true}]}}