
{"id":18488,"date":"2020-04-02T08:00:37","date_gmt":"2020-04-02T06:00:37","guid":{"rendered":"https:\/\/rauchfrei.at\/?p=18488"},"modified":"2020-04-03T14:13:26","modified_gmt":"2020-04-03T12:13:26","slug":"daheimbleiben-als-chance-fuer-die-rauchfreiheit","status":"publish","type":"post","link":"https:\/\/rauchfrei.at\/en\/daheimbleiben-als-chance-fuer-die-rauchfreiheit\/","title":{"rendered":"Daheimbleiben als Chance f\u00fcr die Rauchfreiheit!?"},"content":{"rendered":"<p>[et_pb_section fb_built=&#8221;1&#8243; module_class=&#8221;header&#8221; _builder_version=&#8221;3.22&#8243;][et_pb_row _builder_version=&#8221;3.25&#8243;][et_pb_column type=&#8221;4_4&#8243; _builder_version=&#8221;3.25&#8243; custom_padding=&#8221;|||&#8221; custom_padding__hover=&#8221;|||&#8221;][et_pb_dp_dmb_module_10001 subheadline=&#8221;Keine Verlockung durch die \u201eGesellschafts &#8211; Zigarette\u201c&#8221; _builder_version=&#8221;4.1&#8243;][\/et_pb_dp_dmb_module_10001][\/et_pb_column][\/et_pb_row][\/et_pb_section][et_pb_section fb_built=&#8221;1&#8243; _builder_version=&#8221;3.22&#8243; custom_padding=&#8221;30px|||&#8221;][et_pb_row column_structure=&#8221;2_3,1_3&#8243; _builder_version=&#8221;3.25&#8243;][et_pb_column type=&#8221;2_3&#8243; module_class=&#8221;blog-content&#8221; _builder_version=&#8221;3.25&#8243; custom_padding=&#8221;|||&#8221; custom_padding__hover=&#8221;|||&#8221;][et_pb_text _builder_version=&#8221;4.1&#8243; hover_enabled=&#8221;0&#8243;]<\/p>\n<p>Viele Menschen machen die Erfahrung, dass es gerade in der <strong>ersten rauchfreien Zeit<\/strong> unterst\u00fctzend ist, <strong>gesellschaftliche Situationen, oder das Ausgehen zu meiden<\/strong>. Sei es die Pausen-Zigarette mit den Kolleginnen und Kollegen, in der WG-K\u00fcche oder die \u201eParty-Zigarette\u201c beim Fortgehen. Auch Alkohol und Zigarette sind ein fixes Paar. Orte, Situationen und Personen k\u00f6nnen im Ged\u00e4chtnis mit dem Rauchen verkn\u00fcpft sein.<\/p>\n<p>Gerade weil die derzeitigen Ausgangsbeschr\u00e4nkungen meist nicht einfach sind \u2013 in Bezug auf das Rauchen fallen viele herausfordernde Verlangenssituationen jedoch ganz von selbst weg. Das kann zum Guten genutzt werden.<\/p>\n<p>Aus der Psychologie wissen wir, dass es f\u00fcr uns Menschen einfacher ist, neue Gewohnheiten einzuf\u00fchren, als alte Gewohnheiten abzulegen. <strong>Also nutzen Sie die Zeit, um sich rauchfreie Routinen anzueignen!<\/strong><\/p>\n<ul>\n<li>Besonders wichtig ist dabei, dass Ihr <strong>Zuhause rauchfrei<\/strong> Nicht nur in den Innenr\u00e4umen, sondern auch auf dem Balkon, der Terrasse und im Garten sollten Sie ausschlie\u00dflich Frischluft einatmen.<\/li>\n<li>Genie\u00dfen Sie w\u00e4hrend Ihrer Pause eine Tasse Tee oder verbringen Sie diese <strong>in rauchfreier Gesellschaft<\/strong> \u2013 sei es \u00fcber Telefon oder pers\u00f6nlich mit Ihrer Familie, den Mitbewohnerinnen und Mitbewohnern oder dem Haustier.<\/li>\n<li>Gefeiert wird zur Zeit auch online. Machen Sie Ihre <strong>virtuellen Party-R\u00e4ume rauchfrei<\/strong> und tanzen Sie in Ihr rauchfreies Leben!<\/li>\n<\/ul>\n<p><img loading=\"lazy\" decoding=\"async\" class=\"wp-image-18511 alignnone size-medium\" src=\"https:\/\/rauchfrei.at\/wp-content\/uploads\/shutterstock_293861276-225x164.jpg\" alt=\"\" width=\"225\" height=\"164\" \/>(C) Shutterstock<\/p>\n<p>[\/et_pb_text][et_pb_post_nav in_same_term=&#8221;off&#8221; _builder_version=&#8221;3.0.99&#8243;][\/et_pb_post_nav][\/et_pb_column][et_pb_column type=&#8221;1_3&#8243; module_class=&#8221;cat-and-tag&#8221; _builder_version=&#8221;3.25&#8243; custom_padding=&#8221;|||&#8221; custom_padding__hover=&#8221;|||&#8221;][et_pb_sidebar area=&#8221;et_pb_widget_area_1&#8243; _builder_version=&#8221;3.0.99&#8243;][\/et_pb_sidebar][et_pb_dp_dmb_module_10093 farbe=&#8221;blitzblau&#8221; headline=&#8221;Alternativen zum Rauchen&#8221; image=&#8221;https:\/\/rauchfrei.at\/wp-content\/uploads\/Relax-in-hammok.png&#8221; image_position=&#8221;center&#8221; link_text=&#8221;mehr&#8221; link_url=&#8221;https:\/\/rauchfrei.at\/alternativen\/&#8221; image_size=&#8221;90&#8243; admin_label=&#8221;Alternativen zum Rauchen&#8221; _builder_version=&#8221;3.21.1&#8243; z_index_tablet=&#8221;500&#8243; global_module=&#8221;13174&#8243; saved_tabs=&#8221;all&#8221;]<\/p>\n<p>Es gibt viele M\u00f6glichkeiten, um nicht zur Zigarette zu greifen!<\/p>\n<p>[\/et_pb_dp_dmb_module_10093][\/et_pb_column][\/et_pb_row][\/et_pb_section]<\/p>\n","protected":false},"excerpt":{"rendered":"<p>F\u00fcr viele Raucher\/innen sind es gerade gesellschaftliche Situationen, das Ausgehen, das Treffen mit Freundinnen und Freunden, die zum Rauchen einladen. Die momentanen Einschr\u00e4nkungen k\u00f6nnen in diesem Fall f\u00fcr beim Rauchstopp oder f\u00fcrs Dranbleiben am Nichtrauchen hilfreich sein!<\/p>\n","protected":false},"author":25,"featured_media":0,"comment_status":"open","ping_status":"open","sticky":false,"template":"","format":"standard","meta":{"_et_pb_use_builder":"on","_et_pb_old_content":"","_et_gb_content_width":"","footnotes":""},"categories":[233],"tags":[],"class_list":["post-18488","post","type-post","status-publish","format-standard","hentry","category-unterstuetzung-beim-rauchstopp"],"yoast_head":"<!-- This site is optimized with the Yoast SEO plugin v26.2 - https:\/\/yoast.com\/wordpress\/plugins\/seo\/ -->\n<title>Daheimbleiben als Chance f\u00fcr die Rauchfreiheit!? - Rauchfrei Telefon<\/title>\n<meta name=\"robots\" content=\"index, follow, max-snippet:-1, max-image-preview:large, max-video-preview:-1\" \/>\n<link rel=\"canonical\" href=\"https:\/\/rauchfrei.at\/daheimbleiben-als-chance-fuer-die-rauchfreiheit\/\" \/>\n<meta property=\"og:locale\" content=\"en_US\" \/>\n<meta property=\"og:type\" content=\"article\" \/>\n<meta property=\"og:title\" content=\"Daheimbleiben als Chance f\u00fcr die Rauchfreiheit!? - Rauchfrei Telefon\" \/>\n<meta property=\"og:description\" content=\"F\u00fcr viele Raucher\/innen sind es gerade gesellschaftliche Situationen, das Ausgehen, das Treffen mit Freundinnen und Freunden, die zum Rauchen einladen. Die momentanen Einschr\u00e4nkungen k\u00f6nnen in diesem Fall f\u00fcr beim Rauchstopp oder f\u00fcrs Dranbleiben am Nichtrauchen hilfreich sein!\" \/>\n<meta property=\"og:url\" content=\"https:\/\/rauchfrei.at\/daheimbleiben-als-chance-fuer-die-rauchfreiheit\/\" \/>\n<meta property=\"og:site_name\" content=\"Rauchfrei Telefon\" \/>\n<meta property=\"article:published_time\" content=\"2020-04-02T06:00:37+00:00\" \/>\n<meta property=\"article:modified_time\" content=\"2020-04-03T12:13:26+00:00\" \/>\n<meta property=\"og:image\" content=\"https:\/\/rauchfrei.at\/wp-content\/uploads\/shutterstock_293861276-225x164.jpg\" \/>\n<meta name=\"author\" content=\"Rauchfrei Team\" \/>\n<meta name=\"twitter:card\" content=\"summary_large_image\" \/>\n<meta name=\"twitter:label1\" content=\"Written by\" \/>\n\t<meta name=\"twitter:data1\" content=\"Rauchfrei Team\" \/>\n\t<meta name=\"twitter:label2\" content=\"Est. reading time\" \/>\n\t<meta name=\"twitter:data2\" content=\"2 minutes\" \/>\n<script type=\"application\/ld+json\" class=\"yoast-schema-graph\">{\"@context\":\"https:\/\/schema.org\",\"@graph\":[{\"@type\":\"WebPage\",\"@id\":\"https:\/\/rauchfrei.at\/daheimbleiben-als-chance-fuer-die-rauchfreiheit\/\",\"url\":\"https:\/\/rauchfrei.at\/daheimbleiben-als-chance-fuer-die-rauchfreiheit\/\",\"name\":\"Daheimbleiben als Chance f\u00fcr die Rauchfreiheit!? - Rauchfrei Telefon\",\"isPartOf\":{\"@id\":\"https:\/\/rauchfrei.at\/#website\"},\"primaryImageOfPage\":{\"@id\":\"https:\/\/rauchfrei.at\/daheimbleiben-als-chance-fuer-die-rauchfreiheit\/#primaryimage\"},\"image\":{\"@id\":\"https:\/\/rauchfrei.at\/daheimbleiben-als-chance-fuer-die-rauchfreiheit\/#primaryimage\"},\"thumbnailUrl\":\"https:\/\/rauchfrei.at\/wp-content\/uploads\/shutterstock_293861276-225x164.jpg\",\"datePublished\":\"2020-04-02T06:00:37+00:00\",\"dateModified\":\"2020-04-03T12:13:26+00:00\",\"author\":{\"@id\":\"https:\/\/rauchfrei.at\/#\/schema\/person\/504bbf90c5482004fc09aef6de7f9277\"},\"inLanguage\":\"en-US\",\"potentialAction\":[{\"@type\":\"ReadAction\",\"target\":[\"https:\/\/rauchfrei.at\/daheimbleiben-als-chance-fuer-die-rauchfreiheit\/\"]}]},{\"@type\":\"ImageObject\",\"inLanguage\":\"en-US\",\"@id\":\"https:\/\/rauchfrei.at\/daheimbleiben-als-chance-fuer-die-rauchfreiheit\/#primaryimage\",\"url\":\"https:\/\/rauchfrei.at\/wp-content\/uploads\/shutterstock_293861276-225x164.jpg\",\"contentUrl\":\"https:\/\/rauchfrei.at\/wp-content\/uploads\/shutterstock_293861276-225x164.jpg\"},{\"@type\":\"WebSite\",\"@id\":\"https:\/\/rauchfrei.at\/#website\",\"url\":\"https:\/\/rauchfrei.at\/\",\"name\":\"Rauchfrei Telefon\",\"description\":\"Eine \u00f6sterreichweite Initiative der Sozialversicherungen.\",\"potentialAction\":[{\"@type\":\"SearchAction\",\"target\":{\"@type\":\"EntryPoint\",\"urlTemplate\":\"https:\/\/rauchfrei.at\/?s={search_term_string}\"},\"query-input\":{\"@type\":\"PropertyValueSpecification\",\"valueRequired\":true,\"valueName\":\"search_term_string\"}}],\"inLanguage\":\"en-US\"},{\"@type\":\"Person\",\"@id\":\"https:\/\/rauchfrei.at\/#\/schema\/person\/504bbf90c5482004fc09aef6de7f9277\",\"name\":\"Rauchfrei Team\",\"image\":{\"@type\":\"ImageObject\",\"inLanguage\":\"en-US\",\"@id\":\"https:\/\/rauchfrei.at\/#\/schema\/person\/image\/\",\"url\":\"https:\/\/secure.gravatar.com\/avatar\/2115b79a00800516fa1523bb5a329611f90e73e89be559131fc7e82b4fdc95ff?s=96&d=mm&r=g\",\"contentUrl\":\"https:\/\/secure.gravatar.com\/avatar\/2115b79a00800516fa1523bb5a329611f90e73e89be559131fc7e82b4fdc95ff?s=96&d=mm&r=g\",\"caption\":\"Rauchfrei Team\"},\"url\":\"https:\/\/rauchfrei.at\/en\/author\/rauchfrei-team\/\"}]}<\/script>\n<!-- \/ Yoast SEO plugin. -->","yoast_head_json":{"title":"Daheimbleiben als Chance f\u00fcr die Rauchfreiheit!? - Rauchfrei Telefon","robots":{"index":"index","follow":"follow","max-snippet":"max-snippet:-1","max-image-preview":"max-image-preview:large","max-video-preview":"max-video-preview:-1"},"canonical":"https:\/\/rauchfrei.at\/daheimbleiben-als-chance-fuer-die-rauchfreiheit\/","og_locale":"en_US","og_type":"article","og_title":"Daheimbleiben als Chance f\u00fcr die Rauchfreiheit!? - Rauchfrei Telefon","og_description":"F\u00fcr viele Raucher\/innen sind es gerade gesellschaftliche Situationen, das Ausgehen, das Treffen mit Freundinnen und Freunden, die zum Rauchen einladen. Die momentanen Einschr\u00e4nkungen k\u00f6nnen in diesem Fall f\u00fcr beim Rauchstopp oder f\u00fcrs Dranbleiben am Nichtrauchen hilfreich sein!","og_url":"https:\/\/rauchfrei.at\/daheimbleiben-als-chance-fuer-die-rauchfreiheit\/","og_site_name":"Rauchfrei Telefon","article_published_time":"2020-04-02T06:00:37+00:00","article_modified_time":"2020-04-03T12:13:26+00:00","og_image":[{"url":"https:\/\/rauchfrei.at\/wp-content\/uploads\/shutterstock_293861276-225x164.jpg","type":"","width":"","height":""}],"author":"Rauchfrei Team","twitter_card":"summary_large_image","twitter_misc":{"Written by":"Rauchfrei Team","Est. reading time":"2 minutes"},"schema":{"@context":"https:\/\/schema.org","@graph":[{"@type":"WebPage","@id":"https:\/\/rauchfrei.at\/daheimbleiben-als-chance-fuer-die-rauchfreiheit\/","url":"https:\/\/rauchfrei.at\/daheimbleiben-als-chance-fuer-die-rauchfreiheit\/","name":"Daheimbleiben als Chance f\u00fcr die Rauchfreiheit!? - Rauchfrei Telefon","isPartOf":{"@id":"https:\/\/rauchfrei.at\/#website"},"primaryImageOfPage":{"@id":"https:\/\/rauchfrei.at\/daheimbleiben-als-chance-fuer-die-rauchfreiheit\/#primaryimage"},"image":{"@id":"https:\/\/rauchfrei.at\/daheimbleiben-als-chance-fuer-die-rauchfreiheit\/#primaryimage"},"thumbnailUrl":"https:\/\/rauchfrei.at\/wp-content\/uploads\/shutterstock_293861276-225x164.jpg","datePublished":"2020-04-02T06:00:37+00:00","dateModified":"2020-04-03T12:13:26+00:00","author":{"@id":"https:\/\/rauchfrei.at\/#\/schema\/person\/504bbf90c5482004fc09aef6de7f9277"},"inLanguage":"en-US","potentialAction":[{"@type":"ReadAction","target":["https:\/\/rauchfrei.at\/daheimbleiben-als-chance-fuer-die-rauchfreiheit\/"]}]},{"@type":"ImageObject","inLanguage":"en-US","@id":"https:\/\/rauchfrei.at\/daheimbleiben-als-chance-fuer-die-rauchfreiheit\/#primaryimage","url":"https:\/\/rauchfrei.at\/wp-content\/uploads\/shutterstock_293861276-225x164.jpg","contentUrl":"https:\/\/rauchfrei.at\/wp-content\/uploads\/shutterstock_293861276-225x164.jpg"},{"@type":"WebSite","@id":"https:\/\/rauchfrei.at\/#website","url":"https:\/\/rauchfrei.at\/","name":"Rauchfrei Telefon","description":"Eine \u00f6sterreichweite Initiative der Sozialversicherungen.","potentialAction":[{"@type":"SearchAction","target":{"@type":"EntryPoint","urlTemplate":"https:\/\/rauchfrei.at\/?s={search_term_string}"},"query-input":{"@type":"PropertyValueSpecification","valueRequired":true,"valueName":"search_term_string"}}],"inLanguage":"en-US"},{"@type":"Person","@id":"https:\/\/rauchfrei.at\/#\/schema\/person\/504bbf90c5482004fc09aef6de7f9277","name":"Rauchfrei Team","image":{"@type":"ImageObject","inLanguage":"en-US","@id":"https:\/\/rauchfrei.at\/#\/schema\/person\/image\/","url":"https:\/\/secure.gravatar.com\/avatar\/2115b79a00800516fa1523bb5a329611f90e73e89be559131fc7e82b4fdc95ff?s=96&d=mm&r=g","contentUrl":"https:\/\/secure.gravatar.com\/avatar\/2115b79a00800516fa1523bb5a329611f90e73e89be559131fc7e82b4fdc95ff?s=96&d=mm&r=g","caption":"Rauchfrei Team"},"url":"https:\/\/rauchfrei.at\/en\/author\/rauchfrei-team\/"}]}},"_links":{"self":[{"href":"https:\/\/rauchfrei.at\/en\/wp-json\/wp\/v2\/posts\/18488","targetHints":{"allow":["GET"]}}],"collection":[{"href":"https:\/\/rauchfrei.at\/en\/wp-json\/wp\/v2\/posts"}],"about":[{"href":"https:\/\/rauchfrei.at\/en\/wp-json\/wp\/v2\/types\/post"}],"author":[{"embeddable":true,"href":"https:\/\/rauchfrei.at\/en\/wp-json\/wp\/v2\/users\/25"}],"replies":[{"embeddable":true,"href":"https:\/\/rauchfrei.at\/en\/wp-json\/wp\/v2\/comments?post=18488"}],"version-history":[{"count":5,"href":"https:\/\/rauchfrei.at\/en\/wp-json\/wp\/v2\/posts\/18488\/revisions"}],"predecessor-version":[{"id":18533,"href":"https:\/\/rauchfrei.at\/en\/wp-json\/wp\/v2\/posts\/18488\/revisions\/18533"}],"wp:attachment":[{"href":"https:\/\/rauchfrei.at\/en\/wp-json\/wp\/v2\/media?parent=18488"}],"wp:term":[{"taxonomy":"category","embeddable":true,"href":"https:\/\/rauchfrei.at\/en\/wp-json\/wp\/v2\/categories?post=18488"},{"taxonomy":"post_tag","embeddable":true,"href":"https:\/\/rauchfrei.at\/en\/wp-json\/wp\/v2\/tags?post=18488"}],"curies":[{"name":"wp","href":"https:\/\/api.w.org\/{rel}","templated":true}]}}