
{"id":18501,"date":"2020-04-06T08:00:39","date_gmt":"2020-04-06T06:00:39","guid":{"rendered":"https:\/\/rauchfrei.at\/?p=18501"},"modified":"2024-10-02T16:55:00","modified_gmt":"2024-10-02T14:55:00","slug":"who-weltgesundheitstag-2020-das-jahr-der-pflegenden-und-hebammen","status":"publish","type":"post","link":"https:\/\/rauchfrei.at\/en\/who-weltgesundheitstag-2020-das-jahr-der-pflegenden-und-hebammen\/","title":{"rendered":"WHO Weltgesundheitstag 2020 \u2013 Das Jahr der Pflegenden und Hebammen"},"content":{"rendered":"<p>[et_pb_section fb_built=&#8221;1&#8243; module_class=&#8221;header&#8221; _builder_version=&#8221;3.22&#8243;][et_pb_row _builder_version=&#8221;3.25&#8243;][et_pb_column type=&#8221;4_4&#8243; _builder_version=&#8221;3.25&#8243; custom_padding=&#8221;|||&#8221; custom_padding__hover=&#8221;|||&#8221;][et_pb_dp_dmb_module_10001 subheadline=&#8221;Eine Minute um Danke zu sagen!&#8221; _builder_version=&#8221;4.1&#8243;][\/et_pb_dp_dmb_module_10001][\/et_pb_column][\/et_pb_row][\/et_pb_section][et_pb_section fb_built=&#8221;1&#8243; _builder_version=&#8221;3.22&#8243; custom_padding=&#8221;30px|||&#8221;][et_pb_row column_structure=&#8221;2_3,1_3&#8243; _builder_version=&#8221;3.25&#8243;][et_pb_column type=&#8221;2_3&#8243; module_class=&#8221;blog-content&#8221; _builder_version=&#8221;3.25&#8243; custom_padding=&#8221;|||&#8221; custom_padding__hover=&#8221;|||&#8221;][et_pb_text _builder_version=&#8221;4.9.0&#8243; hover_enabled=&#8221;0&#8243; sticky_enabled=&#8221;0&#8243;]<\/p>\n<p>Die WHO (Weltgesundheitsorganisation) widmet den Weltgesundheitstag, der j\u00e4hrlich am 7. April stattfindet, heuer den Pflegenden und Hebammen. Gerade auch in der momentanen Ausnahmesituation wird deutlich, wie wertvoll und lebenswichtig diese Berufsgruppen f\u00fcr die Bev\u00f6lkerung sind.<\/p>\n<p>Der diesj\u00e4hrige Weltgesundheitstag wird genutzt, um den Gesundheitsfachkr\u00e4ften Wertsch\u00e4tzung entgegenzubringen, aber auch aufzuzeigen, dass qualitative Arbeit im Gesundheits- und Pflegebereich mehr bedarf: Gerechte Entlohnung, qualifizierte Fortbildungen, ausreichend eigene Erholung und Psychohygiene sind wohl nur einige Punkte.<\/p>\n<p>Auch im Bereich der Tabakentw\u00f6hnung leisten Pflegefachkr\u00e4fte und Hebammen einen wertvollen Beitrag. Sie sind wichtige Schl\u00fcsselfiguren, um Menschen zum Rauchstopp zu motivieren. Die vertrauensvolle Beziehung, die diese Berufsgruppen h\u00e4ufig zu ihren Patientinnen und Patienten haben, eignet sich besonders gut, um den Rauchstopp zu thematisieren und das Nachdenken \u00fcber das eigene Rauchverhalten anzuregen.<\/p>\n<p>Da in <a href=\"https:\/\/rauchfrei.at\/fuer-gesundheitsberufe\/ihre-empfehlung-wirkt\/\" target=\"_blank\" rel=\"noopener noreferrer\">Gesundheitsberufen<\/a> die zeitlichen Ressourcen h\u00e4ufig beschr\u00e4nkt sind, empfiehlt sich eine Kurzintervention, um die Motivation zum Rauchstopp zu erh\u00f6hen.<\/p>\n<p>[\/et_pb_text][et_pb_image src=&#8221;https:\/\/rauchfrei.at\/wp-content\/uploads\/shutterstock_123863296-225&#215;339.jpg&#8221; align_tablet=&#8221;center&#8221; align_phone=&#8221;&#8221; align_last_edited=&#8221;on|desktop&#8221; _builder_version=&#8221;4.1&#8243; always_center_on_mobile=&#8221;on&#8221;][\/et_pb_image][et_pb_text _builder_version=&#8221;4.9.0&#8243; hover_enabled=&#8221;0&#8243; sticky_enabled=&#8221;0&#8243;]<\/p>\n<p>(C) Shutterstock<\/p>\n<p>Auch Fachkr\u00e4fte aus dem Gesundheitsbereich k\u00f6nnen sich mit Fragen rund ums Thema Rauchen und Rauchstopp jederzeit an das Rauchfrei Telefon wenden und sich auf unserer Homepage informieren. Wir freuen uns \u00fcber weitere Kooperationen!<\/p>\n<p>Wir bedanken uns herzlich f\u00fcr Ihren Einsatz, w\u00fcnschen Ihnen viel Gesundheit, gute Nerven und ein gutes Durchhalteverm\u00f6gen f\u00fcr die kommende Zeit! Wir w\u00fcnschen Ihnen einen sch\u00f6nen Weltgesundheitstag, der in der aktuellen Situation eine besondere Bedeutung erh\u00e4lt.<\/p>\n<p>LINKs:<\/p>\n<p>http:\/\/www.euro.who.int\/de\/about-us\/whd<\/p>\n<p><a href=\"https:\/\/www.who.int\/news\/item\/11-03-2021-14-days-to-world-tb-day-2021\">https:\/\/www.who.int\/news\/item\/11-03-2021-14-days-to-world-tb-day-2021<\/a><\/p>\n<p>[\/et_pb_text][et_pb_post_nav in_same_term=&#8221;off&#8221; _builder_version=&#8221;3.0.99&#8243;][\/et_pb_post_nav][\/et_pb_column][et_pb_column type=&#8221;1_3&#8243; module_class=&#8221;cat-and-tag&#8221; _builder_version=&#8221;3.25&#8243; custom_padding=&#8221;|||&#8221; custom_padding__hover=&#8221;|||&#8221;][et_pb_sidebar area=&#8221;et_pb_widget_area_1&#8243; _builder_version=&#8221;3.0.99&#8243;][\/et_pb_sidebar][et_pb_dp_dmb_module_10093 farbe=&#8221;blitzblau&#8221; headline=&#8221;Passivrauch&#8221; image=&#8221;https:\/\/rauchfrei.at\/wp-content\/uploads\/passivrauch-rauchfrei-fuer-alle.png&#8221; image_position=&#8221;center&#8221; link_text=&#8221;mehr&#8221; link_url=&#8221;https:\/\/rauchfrei.at\/fakten\/passivrauch\/&#8221; image_size=&#8221;70&#8243; admin_label=&#8221;Passivrauch&#8221; _builder_version=&#8221;3.19.15&#8243; global_module=&#8221;13172&#8243; saved_tabs=&#8221;all&#8221;]<\/p>\n<p>Rauch ist giftig, niemand sollte ihn einatmen!<\/p>\n<p>[\/et_pb_dp_dmb_module_10093][et_pb_dp_dmb_module_10093 farbe=&#8221;blitzgelb&#8221; headline=&#8221;Rauchstopp und Verdauung&#8221; image=&#8221;https:\/\/rauchfrei.at\/wp-content\/uploads\/Appetite-and-digenstion-yellow-narrow.png&#8221; image_position=&#8221;center&#8221; link_text=&#8221;mehr dazu&#8221; link_url=&#8221;https:\/\/rauchfrei.at\/aufhoeren\/schritte-zum-rauchstopp\/gewicht-verdauung-und-bewegung\/&#8221; image_size=&#8221;70&#8243; admin_label=&#8221;Rauchstop und Verdauung&#8221; _builder_version=&#8221;3.19.15&#8243; background_color=&#8221;#0c71c3&#8243; text_orientation=&#8221;left&#8221; max_width=&#8221;100%&#8221; global_module=&#8221;12618&#8243; saved_tabs=&#8221;all&#8221;]<\/p>\n<p>Der Rauchstopp bringt die Verdauung manchmal ganz sch\u00f6n ins Stocken.<\/p>\n<p>[\/et_pb_dp_dmb_module_10093][\/et_pb_column][\/et_pb_row][\/et_pb_section]<\/p>\n","protected":false},"excerpt":{"rendered":"<p>Am diesj\u00e4hrigen Weltgesundheitstag 2020 will die WHO die vielf\u00e4ltigen Leistungen von Pflegenden und Hebammen hervorheben und aufzeigen, welchen lebenswichtigen Beitrag diese Berufe f\u00fcr die Gesellschaft leisten. Auch als Schnittstelle zum Rauchstopp sind sie f\u00fcr Patientinnen und Patienten oft zentrale Schl\u00fcsselpersonen.<\/p>\n","protected":false},"author":25,"featured_media":0,"comment_status":"open","ping_status":"open","sticky":false,"template":"","format":"standard","meta":{"_et_pb_use_builder":"on","_et_pb_old_content":"","_et_gb_content_width":"","footnotes":""},"categories":[236],"tags":[],"class_list":["post-18501","post","type-post","status-publish","format-standard","hentry","category-nicht-kategorisiert"],"yoast_head":"<!-- This site is optimized with the Yoast SEO plugin v26.2 - https:\/\/yoast.com\/wordpress\/plugins\/seo\/ -->\n<title>WHO Weltgesundheitstag 2020 \u2013 Das Jahr der Pflegenden und Hebammen - Rauchfrei Telefon<\/title>\n<meta name=\"robots\" content=\"index, follow, max-snippet:-1, max-image-preview:large, max-video-preview:-1\" \/>\n<link rel=\"canonical\" href=\"https:\/\/rauchfrei.at\/who-weltgesundheitstag-2020-das-jahr-der-pflegenden-und-hebammen\/\" \/>\n<meta property=\"og:locale\" content=\"en_US\" \/>\n<meta property=\"og:type\" content=\"article\" \/>\n<meta property=\"og:title\" content=\"WHO Weltgesundheitstag 2020 \u2013 Das Jahr der Pflegenden und Hebammen - Rauchfrei Telefon\" \/>\n<meta property=\"og:description\" content=\"Am diesj\u00e4hrigen Weltgesundheitstag 2020 will die WHO die vielf\u00e4ltigen Leistungen von Pflegenden und Hebammen hervorheben und aufzeigen, welchen lebenswichtigen Beitrag diese Berufe f\u00fcr die Gesellschaft leisten. Auch als Schnittstelle zum Rauchstopp sind sie f\u00fcr Patientinnen und Patienten oft zentrale Schl\u00fcsselpersonen.\" \/>\n<meta property=\"og:url\" content=\"https:\/\/rauchfrei.at\/who-weltgesundheitstag-2020-das-jahr-der-pflegenden-und-hebammen\/\" \/>\n<meta property=\"og:site_name\" content=\"Rauchfrei Telefon\" \/>\n<meta property=\"article:published_time\" content=\"2020-04-06T06:00:39+00:00\" \/>\n<meta property=\"article:modified_time\" content=\"2024-10-02T14:55:00+00:00\" \/>\n<meta name=\"author\" content=\"Rauchfrei Team\" \/>\n<meta name=\"twitter:card\" content=\"summary_large_image\" \/>\n<meta name=\"twitter:label1\" content=\"Written by\" \/>\n\t<meta name=\"twitter:data1\" content=\"Rauchfrei Team\" \/>\n\t<meta name=\"twitter:label2\" content=\"Est. reading time\" \/>\n\t<meta name=\"twitter:data2\" content=\"3 minutes\" \/>\n<script type=\"application\/ld+json\" class=\"yoast-schema-graph\">{\"@context\":\"https:\/\/schema.org\",\"@graph\":[{\"@type\":\"WebPage\",\"@id\":\"https:\/\/rauchfrei.at\/who-weltgesundheitstag-2020-das-jahr-der-pflegenden-und-hebammen\/\",\"url\":\"https:\/\/rauchfrei.at\/who-weltgesundheitstag-2020-das-jahr-der-pflegenden-und-hebammen\/\",\"name\":\"WHO Weltgesundheitstag 2020 \u2013 Das Jahr der Pflegenden und Hebammen - Rauchfrei Telefon\",\"isPartOf\":{\"@id\":\"https:\/\/rauchfrei.at\/#website\"},\"datePublished\":\"2020-04-06T06:00:39+00:00\",\"dateModified\":\"2024-10-02T14:55:00+00:00\",\"author\":{\"@id\":\"https:\/\/rauchfrei.at\/#\/schema\/person\/504bbf90c5482004fc09aef6de7f9277\"},\"inLanguage\":\"en-US\",\"potentialAction\":[{\"@type\":\"ReadAction\",\"target\":[\"https:\/\/rauchfrei.at\/who-weltgesundheitstag-2020-das-jahr-der-pflegenden-und-hebammen\/\"]}]},{\"@type\":\"WebSite\",\"@id\":\"https:\/\/rauchfrei.at\/#website\",\"url\":\"https:\/\/rauchfrei.at\/\",\"name\":\"Rauchfrei Telefon\",\"description\":\"Eine \u00f6sterreichweite Initiative der Sozialversicherungen.\",\"potentialAction\":[{\"@type\":\"SearchAction\",\"target\":{\"@type\":\"EntryPoint\",\"urlTemplate\":\"https:\/\/rauchfrei.at\/?s={search_term_string}\"},\"query-input\":{\"@type\":\"PropertyValueSpecification\",\"valueRequired\":true,\"valueName\":\"search_term_string\"}}],\"inLanguage\":\"en-US\"},{\"@type\":\"Person\",\"@id\":\"https:\/\/rauchfrei.at\/#\/schema\/person\/504bbf90c5482004fc09aef6de7f9277\",\"name\":\"Rauchfrei Team\",\"image\":{\"@type\":\"ImageObject\",\"inLanguage\":\"en-US\",\"@id\":\"https:\/\/rauchfrei.at\/#\/schema\/person\/image\/\",\"url\":\"https:\/\/secure.gravatar.com\/avatar\/2115b79a00800516fa1523bb5a329611f90e73e89be559131fc7e82b4fdc95ff?s=96&d=mm&r=g\",\"contentUrl\":\"https:\/\/secure.gravatar.com\/avatar\/2115b79a00800516fa1523bb5a329611f90e73e89be559131fc7e82b4fdc95ff?s=96&d=mm&r=g\",\"caption\":\"Rauchfrei Team\"},\"url\":\"https:\/\/rauchfrei.at\/en\/author\/rauchfrei-team\/\"}]}<\/script>\n<!-- \/ Yoast SEO plugin. -->","yoast_head_json":{"title":"WHO Weltgesundheitstag 2020 \u2013 Das Jahr der Pflegenden und Hebammen - Rauchfrei Telefon","robots":{"index":"index","follow":"follow","max-snippet":"max-snippet:-1","max-image-preview":"max-image-preview:large","max-video-preview":"max-video-preview:-1"},"canonical":"https:\/\/rauchfrei.at\/who-weltgesundheitstag-2020-das-jahr-der-pflegenden-und-hebammen\/","og_locale":"en_US","og_type":"article","og_title":"WHO Weltgesundheitstag 2020 \u2013 Das Jahr der Pflegenden und Hebammen - Rauchfrei Telefon","og_description":"Am diesj\u00e4hrigen Weltgesundheitstag 2020 will die WHO die vielf\u00e4ltigen Leistungen von Pflegenden und Hebammen hervorheben und aufzeigen, welchen lebenswichtigen Beitrag diese Berufe f\u00fcr die Gesellschaft leisten. Auch als Schnittstelle zum Rauchstopp sind sie f\u00fcr Patientinnen und Patienten oft zentrale Schl\u00fcsselpersonen.","og_url":"https:\/\/rauchfrei.at\/who-weltgesundheitstag-2020-das-jahr-der-pflegenden-und-hebammen\/","og_site_name":"Rauchfrei Telefon","article_published_time":"2020-04-06T06:00:39+00:00","article_modified_time":"2024-10-02T14:55:00+00:00","author":"Rauchfrei Team","twitter_card":"summary_large_image","twitter_misc":{"Written by":"Rauchfrei Team","Est. reading time":"3 minutes"},"schema":{"@context":"https:\/\/schema.org","@graph":[{"@type":"WebPage","@id":"https:\/\/rauchfrei.at\/who-weltgesundheitstag-2020-das-jahr-der-pflegenden-und-hebammen\/","url":"https:\/\/rauchfrei.at\/who-weltgesundheitstag-2020-das-jahr-der-pflegenden-und-hebammen\/","name":"WHO Weltgesundheitstag 2020 \u2013 Das Jahr der Pflegenden und Hebammen - Rauchfrei Telefon","isPartOf":{"@id":"https:\/\/rauchfrei.at\/#website"},"datePublished":"2020-04-06T06:00:39+00:00","dateModified":"2024-10-02T14:55:00+00:00","author":{"@id":"https:\/\/rauchfrei.at\/#\/schema\/person\/504bbf90c5482004fc09aef6de7f9277"},"inLanguage":"en-US","potentialAction":[{"@type":"ReadAction","target":["https:\/\/rauchfrei.at\/who-weltgesundheitstag-2020-das-jahr-der-pflegenden-und-hebammen\/"]}]},{"@type":"WebSite","@id":"https:\/\/rauchfrei.at\/#website","url":"https:\/\/rauchfrei.at\/","name":"Rauchfrei Telefon","description":"Eine \u00f6sterreichweite Initiative der Sozialversicherungen.","potentialAction":[{"@type":"SearchAction","target":{"@type":"EntryPoint","urlTemplate":"https:\/\/rauchfrei.at\/?s={search_term_string}"},"query-input":{"@type":"PropertyValueSpecification","valueRequired":true,"valueName":"search_term_string"}}],"inLanguage":"en-US"},{"@type":"Person","@id":"https:\/\/rauchfrei.at\/#\/schema\/person\/504bbf90c5482004fc09aef6de7f9277","name":"Rauchfrei Team","image":{"@type":"ImageObject","inLanguage":"en-US","@id":"https:\/\/rauchfrei.at\/#\/schema\/person\/image\/","url":"https:\/\/secure.gravatar.com\/avatar\/2115b79a00800516fa1523bb5a329611f90e73e89be559131fc7e82b4fdc95ff?s=96&d=mm&r=g","contentUrl":"https:\/\/secure.gravatar.com\/avatar\/2115b79a00800516fa1523bb5a329611f90e73e89be559131fc7e82b4fdc95ff?s=96&d=mm&r=g","caption":"Rauchfrei Team"},"url":"https:\/\/rauchfrei.at\/en\/author\/rauchfrei-team\/"}]}},"_links":{"self":[{"href":"https:\/\/rauchfrei.at\/en\/wp-json\/wp\/v2\/posts\/18501","targetHints":{"allow":["GET"]}}],"collection":[{"href":"https:\/\/rauchfrei.at\/en\/wp-json\/wp\/v2\/posts"}],"about":[{"href":"https:\/\/rauchfrei.at\/en\/wp-json\/wp\/v2\/types\/post"}],"author":[{"embeddable":true,"href":"https:\/\/rauchfrei.at\/en\/wp-json\/wp\/v2\/users\/25"}],"replies":[{"embeddable":true,"href":"https:\/\/rauchfrei.at\/en\/wp-json\/wp\/v2\/comments?post=18501"}],"version-history":[{"count":8,"href":"https:\/\/rauchfrei.at\/en\/wp-json\/wp\/v2\/posts\/18501\/revisions"}],"predecessor-version":[{"id":29871,"href":"https:\/\/rauchfrei.at\/en\/wp-json\/wp\/v2\/posts\/18501\/revisions\/29871"}],"wp:attachment":[{"href":"https:\/\/rauchfrei.at\/en\/wp-json\/wp\/v2\/media?parent=18501"}],"wp:term":[{"taxonomy":"category","embeddable":true,"href":"https:\/\/rauchfrei.at\/en\/wp-json\/wp\/v2\/categories?post=18501"},{"taxonomy":"post_tag","embeddable":true,"href":"https:\/\/rauchfrei.at\/en\/wp-json\/wp\/v2\/tags?post=18501"}],"curies":[{"name":"wp","href":"https:\/\/api.w.org\/{rel}","templated":true}]}}