
{"id":18554,"date":"2020-04-10T09:00:06","date_gmt":"2020-04-10T07:00:06","guid":{"rendered":"https:\/\/rauchfrei.at\/?p=18554"},"modified":"2020-04-10T10:15:20","modified_gmt":"2020-04-10T08:15:20","slug":"ostern-bei-uns-zuhause","status":"publish","type":"post","link":"https:\/\/rauchfrei.at\/en\/ostern-bei-uns-zuhause\/","title":{"rendered":"Ostern bei uns zuhause"},"content":{"rendered":"<p>[et_pb_section fb_built=&#8221;1&#8243; module_class=&#8221;header&#8221; _builder_version=&#8221;3.22&#8243;][et_pb_row _builder_version=&#8221;3.25&#8243;][et_pb_column type=&#8221;4_4&#8243; _builder_version=&#8221;3.25&#8243; custom_padding=&#8221;|||&#8221; custom_padding__hover=&#8221;|||&#8221;][et_pb_dp_dmb_module_10001 subheadline=&#8221;   So gelingt ein rauchfreies Osterfest in der Isolation&#8221; _builder_version=&#8221;4.1&#8243;][\/et_pb_dp_dmb_module_10001][\/et_pb_column][\/et_pb_row][\/et_pb_section][et_pb_section fb_built=&#8221;1&#8243; _builder_version=&#8221;3.22&#8243; custom_padding=&#8221;30px|||&#8221;][et_pb_row column_structure=&#8221;2_3,1_3&#8243; _builder_version=&#8221;3.25&#8243;][et_pb_column type=&#8221;2_3&#8243; module_class=&#8221;blog-content&#8221; _builder_version=&#8221;3.25&#8243; custom_padding=&#8221;|||&#8221; custom_padding__hover=&#8221;|||&#8221;][et_pb_text _builder_version=&#8221;4.1&#8243;]<\/p>\n<p>Ostern ohne gro\u00dfe Familientreffen oder Verreisen wird f\u00fcr viele von uns ungewohnt. F\u00fcr den Rauchstopp ist das eine Chance, denn der Kontakt zu anderen Raucher\/innen ist eingeschr\u00e4nkt, und die R\u00fcckfallgefahr ist ohne Feiern geringer.<\/p>\n<p>Viele haben bereits die Fastenzeit genutzt, um den Zigarettenkonsum zu reduzieren oder rauchfrei zu werden. Halten Sie auch zu Ostern an Ihrem Vorsatz fest, denn jetzt ist der richtige Zeitpunkt, um rauchfrei zu werden bzw. zu bleiben.<\/p>\n<p><strong>So gelingt ein rauchfreies Osterfest:<\/strong><\/p>\n<ul>\n<li><strong>Rauchfreie Zeit vorbereiten: <\/strong>Entsorgen, Sie alles, was Sie ans Rauchen erinnert und planen Sie die ersten rauchfreien Tage (Aktivit\u00e4ten gegen Langeweile, Bewegungs- und Entspannungs\u00fcbungen, neue Belohnungen). Bitten Sie andere Haushaltsangeh\u00f6rige sowie Familie und Freunde (z.B. als Notfallkontakt per Telefon) um Unterst\u00fctzung.<\/li>\n<li><strong>Neue Pausengestaltungen: <\/strong>Stellen Sie eine Kanne Tee oder einen Wasserkrug bereit, schneiden Sie Obst und Gem\u00fcse f\u00fcr Snacks zwischendurch oder spielen Sie zur Stressbew\u00e4ltigung \u201ePapierkorb-Basketball\u201c (\u00c4rger auf Papier schreiben, zerkn\u00fcllen und in den Papierkorb werfen).<\/li>\n<li><strong>Schaffen Sie neue Traditionen: <\/strong>Kein Verwandtenbesuch bedeutet auch weniger Putz- und Kochstress, kein Smalltalk und eine Men\u00fcauswahl, die endlich den eigenen Vorstellungen entspricht. Heuer k\u00f6nnen Sie das Osterfest so gestalten, wie es Ihnen gef\u00e4llt. Nutzen Sie die Zeit, die Sie durch den Rauchstopp gewonnen haben, f\u00fcr neue Oster-Traditionen (z.B. selbstgebastelte Dekoration, neue Ostergerichte, entspannte Stunden beim Lesen, Fernsehen oder Musik h\u00f6ren). Genie\u00dfen Sie die Zeit f\u00fcr sich oder im kleinen Kreis!<\/li>\n<\/ul>\n<p>Unsere Leitungen sind ab Dienstag, dem 14. April 2020 wieder ge\u00f6ffnet. Sie k\u00f6nnen aber auch unsere <a href=\"mailto:info@rauchfrei.at\" target=\"_blank\" rel=\"noopener noreferrer\">E-Mail-Beratung<\/a> oder die <a href=\"http:\/\/www.rauchfreiapp.at\" target=\"_blank\" rel=\"noopener noreferrer\">Rauchfrei App<\/a> nutzen.<\/p>\n<p>Wir w\u00fcnschen Ihnen viel Erfolg und ein frohes Osterfest zuhause!<\/p>\n<p>Das Rauchfrei Telefon-Team<\/p>\n<p>[\/et_pb_text][et_pb_image src=&#8221;https:\/\/rauchfrei.at\/wp-content\/uploads\/Ostern-1.jpg&#8221; align_tablet=&#8221;center&#8221; align_phone=&#8221;&#8221; align_last_edited=&#8221;on|desktop&#8221; _builder_version=&#8221;4.1&#8243; always_center_on_mobile=&#8221;on&#8221;][\/et_pb_image][et_pb_text _builder_version=&#8221;4.1&#8243;]<\/p>\n<p>\u00a0(C) Shutterstock<\/p>\n<p>[\/et_pb_text][et_pb_post_nav in_same_term=&#8221;off&#8221; _builder_version=&#8221;3.0.99&#8243;][\/et_pb_post_nav][\/et_pb_column][et_pb_column type=&#8221;1_3&#8243; module_class=&#8221;cat-and-tag&#8221; _builder_version=&#8221;3.25&#8243; custom_padding=&#8221;|||&#8221; custom_padding__hover=&#8221;|||&#8221;][et_pb_sidebar area=&#8221;et_pb_widget_area_1&#8243; _builder_version=&#8221;3.0.99&#8243;][\/et_pb_sidebar][et_pb_dp_dmb_module_10093 farbe=&#8221;blitzgelb&#8221; headline=&#8221;Trauen Sie sich den Rauchstopp zu!&#8221; image=&#8221;https:\/\/rauchfrei.at\/wp-content\/uploads\/Quitting-Yellow.png&#8221; image_position=&#8221;center&#8221; link_text=&#8221;mehr&#8221; link_url=&#8221;https:\/\/rauchfrei.at\/aufhoeren\/schritte-zum-rauchstopp\/trauen-sie-sich-den-rauchstopp-zu\/&#8221; image_size=&#8221;90&#8243; admin_label=&#8221;Trauen Sie sich den Rauchstopp zu&#8221; _builder_version=&#8221;3.19.15&#8243; global_module=&#8221;13173&#8243; saved_tabs=&#8221;all&#8221;]<\/p>\n<p>Sie m\u00f6chten etwas \u00e4ndern? Worauf warten Sie noch?<\/p>\n<p>[\/et_pb_dp_dmb_module_10093][et_pb_dp_dmb_module_10093 farbe=&#8221;blitzblau&#8221; headline=&#8221;Alternativen zum Rauchen&#8221; image=&#8221;https:\/\/rauchfrei.at\/wp-content\/uploads\/Relax-in-hammok.png&#8221; image_position=&#8221;center&#8221; link_text=&#8221;mehr&#8221; link_url=&#8221;https:\/\/rauchfrei.at\/alternativen\/&#8221; image_size=&#8221;90&#8243; admin_label=&#8221;Alternativen zum Rauchen&#8221; _builder_version=&#8221;3.21.1&#8243; z_index_tablet=&#8221;500&#8243; global_module=&#8221;13174&#8243; saved_tabs=&#8221;all&#8221;]<\/p>\n<p>Es gibt viele M\u00f6glichkeiten, um nicht zur Zigarette zu greifen!<\/p>\n<p>[\/et_pb_dp_dmb_module_10093][et_pb_dp_dmb_module_10080 link_text=&#8221;mehr&#8221; link_url=&#8221;https:\/\/rauchfrei.at\/aufhoeren\/schritte-zum-rauchstopp\/rueckfall-was-nun\/&#8221; admin_label=&#8221;R\u00fcckfall \u2013 was nun?&#8221; _builder_version=&#8221;3.19.15&#8243; max_width=&#8221;100%&#8221; saved_tabs=&#8221;all&#8221; global_module=&#8221;13158&#8243;]<\/p>\n<p><strong>R\u00fcckfall<\/strong> &#8211; was nun?<\/p>\n<p>[\/et_pb_dp_dmb_module_10080][\/et_pb_column][\/et_pb_row][\/et_pb_section]<\/p>\n","protected":false},"excerpt":{"rendered":"<p>Heuer erwartet uns ein Osterfest der besonderen Art, denn es wird zuhause und im kleinen Kreis stattfinden. F\u00fcr viele Raucher\/innen ist die Zigarette nach wie vor die einzig konstante Begleiterin.  Doch gerade jetzt stehen die Zeichen f\u00fcr den Rauchstopp g\u00fcnstig. <\/p>\n","protected":false},"author":25,"featured_media":0,"comment_status":"open","ping_status":"open","sticky":false,"template":"","format":"standard","meta":{"_et_pb_use_builder":"on","_et_pb_old_content":"","_et_gb_content_width":"","footnotes":""},"categories":[232,236],"tags":[],"class_list":["post-18554","post","type-post","status-publish","format-standard","hentry","category-nachrichten-vom-rauchfrei-telefon","category-nicht-kategorisiert"],"yoast_head":"<!-- This site is optimized with the Yoast SEO plugin v26.2 - https:\/\/yoast.com\/wordpress\/plugins\/seo\/ -->\n<title>Ostern bei uns zuhause - Rauchfrei Telefon<\/title>\n<meta name=\"robots\" content=\"index, follow, max-snippet:-1, max-image-preview:large, max-video-preview:-1\" \/>\n<link rel=\"canonical\" href=\"https:\/\/rauchfrei.at\/ostern-bei-uns-zuhause\/\" \/>\n<meta property=\"og:locale\" content=\"en_US\" \/>\n<meta property=\"og:type\" content=\"article\" \/>\n<meta property=\"og:title\" content=\"Ostern bei uns zuhause - Rauchfrei Telefon\" \/>\n<meta property=\"og:description\" content=\"Heuer erwartet uns ein Osterfest der besonderen Art, denn es wird zuhause und im kleinen Kreis stattfinden. F\u00fcr viele Raucher\/innen ist die Zigarette nach wie vor die einzig konstante Begleiterin. Doch gerade jetzt stehen die Zeichen f\u00fcr den Rauchstopp g\u00fcnstig.\" \/>\n<meta property=\"og:url\" content=\"https:\/\/rauchfrei.at\/ostern-bei-uns-zuhause\/\" \/>\n<meta property=\"og:site_name\" content=\"Rauchfrei Telefon\" \/>\n<meta property=\"article:published_time\" content=\"2020-04-10T07:00:06+00:00\" \/>\n<meta property=\"article:modified_time\" content=\"2020-04-10T08:15:20+00:00\" \/>\n<meta name=\"author\" content=\"Rauchfrei Team\" \/>\n<meta name=\"twitter:card\" content=\"summary_large_image\" \/>\n<meta name=\"twitter:label1\" content=\"Written by\" \/>\n\t<meta name=\"twitter:data1\" content=\"Rauchfrei Team\" \/>\n\t<meta name=\"twitter:label2\" content=\"Est. reading time\" \/>\n\t<meta name=\"twitter:data2\" content=\"3 minutes\" \/>\n<script type=\"application\/ld+json\" class=\"yoast-schema-graph\">{\"@context\":\"https:\/\/schema.org\",\"@graph\":[{\"@type\":\"WebPage\",\"@id\":\"https:\/\/rauchfrei.at\/ostern-bei-uns-zuhause\/\",\"url\":\"https:\/\/rauchfrei.at\/ostern-bei-uns-zuhause\/\",\"name\":\"Ostern bei uns zuhause - Rauchfrei Telefon\",\"isPartOf\":{\"@id\":\"https:\/\/rauchfrei.at\/#website\"},\"datePublished\":\"2020-04-10T07:00:06+00:00\",\"dateModified\":\"2020-04-10T08:15:20+00:00\",\"author\":{\"@id\":\"https:\/\/rauchfrei.at\/#\/schema\/person\/504bbf90c5482004fc09aef6de7f9277\"},\"inLanguage\":\"en-US\",\"potentialAction\":[{\"@type\":\"ReadAction\",\"target\":[\"https:\/\/rauchfrei.at\/ostern-bei-uns-zuhause\/\"]}]},{\"@type\":\"WebSite\",\"@id\":\"https:\/\/rauchfrei.at\/#website\",\"url\":\"https:\/\/rauchfrei.at\/\",\"name\":\"Rauchfrei Telefon\",\"description\":\"Eine \u00f6sterreichweite Initiative der Sozialversicherungen.\",\"potentialAction\":[{\"@type\":\"SearchAction\",\"target\":{\"@type\":\"EntryPoint\",\"urlTemplate\":\"https:\/\/rauchfrei.at\/?s={search_term_string}\"},\"query-input\":{\"@type\":\"PropertyValueSpecification\",\"valueRequired\":true,\"valueName\":\"search_term_string\"}}],\"inLanguage\":\"en-US\"},{\"@type\":\"Person\",\"@id\":\"https:\/\/rauchfrei.at\/#\/schema\/person\/504bbf90c5482004fc09aef6de7f9277\",\"name\":\"Rauchfrei Team\",\"image\":{\"@type\":\"ImageObject\",\"inLanguage\":\"en-US\",\"@id\":\"https:\/\/rauchfrei.at\/#\/schema\/person\/image\/\",\"url\":\"https:\/\/secure.gravatar.com\/avatar\/2115b79a00800516fa1523bb5a329611f90e73e89be559131fc7e82b4fdc95ff?s=96&d=mm&r=g\",\"contentUrl\":\"https:\/\/secure.gravatar.com\/avatar\/2115b79a00800516fa1523bb5a329611f90e73e89be559131fc7e82b4fdc95ff?s=96&d=mm&r=g\",\"caption\":\"Rauchfrei Team\"},\"url\":\"https:\/\/rauchfrei.at\/en\/author\/rauchfrei-team\/\"}]}<\/script>\n<!-- \/ Yoast SEO plugin. -->","yoast_head_json":{"title":"Ostern bei uns zuhause - Rauchfrei Telefon","robots":{"index":"index","follow":"follow","max-snippet":"max-snippet:-1","max-image-preview":"max-image-preview:large","max-video-preview":"max-video-preview:-1"},"canonical":"https:\/\/rauchfrei.at\/ostern-bei-uns-zuhause\/","og_locale":"en_US","og_type":"article","og_title":"Ostern bei uns zuhause - Rauchfrei Telefon","og_description":"Heuer erwartet uns ein Osterfest der besonderen Art, denn es wird zuhause und im kleinen Kreis stattfinden. F\u00fcr viele Raucher\/innen ist die Zigarette nach wie vor die einzig konstante Begleiterin. Doch gerade jetzt stehen die Zeichen f\u00fcr den Rauchstopp g\u00fcnstig.","og_url":"https:\/\/rauchfrei.at\/ostern-bei-uns-zuhause\/","og_site_name":"Rauchfrei Telefon","article_published_time":"2020-04-10T07:00:06+00:00","article_modified_time":"2020-04-10T08:15:20+00:00","author":"Rauchfrei Team","twitter_card":"summary_large_image","twitter_misc":{"Written by":"Rauchfrei Team","Est. reading time":"3 minutes"},"schema":{"@context":"https:\/\/schema.org","@graph":[{"@type":"WebPage","@id":"https:\/\/rauchfrei.at\/ostern-bei-uns-zuhause\/","url":"https:\/\/rauchfrei.at\/ostern-bei-uns-zuhause\/","name":"Ostern bei uns zuhause - Rauchfrei Telefon","isPartOf":{"@id":"https:\/\/rauchfrei.at\/#website"},"datePublished":"2020-04-10T07:00:06+00:00","dateModified":"2020-04-10T08:15:20+00:00","author":{"@id":"https:\/\/rauchfrei.at\/#\/schema\/person\/504bbf90c5482004fc09aef6de7f9277"},"inLanguage":"en-US","potentialAction":[{"@type":"ReadAction","target":["https:\/\/rauchfrei.at\/ostern-bei-uns-zuhause\/"]}]},{"@type":"WebSite","@id":"https:\/\/rauchfrei.at\/#website","url":"https:\/\/rauchfrei.at\/","name":"Rauchfrei Telefon","description":"Eine \u00f6sterreichweite Initiative der Sozialversicherungen.","potentialAction":[{"@type":"SearchAction","target":{"@type":"EntryPoint","urlTemplate":"https:\/\/rauchfrei.at\/?s={search_term_string}"},"query-input":{"@type":"PropertyValueSpecification","valueRequired":true,"valueName":"search_term_string"}}],"inLanguage":"en-US"},{"@type":"Person","@id":"https:\/\/rauchfrei.at\/#\/schema\/person\/504bbf90c5482004fc09aef6de7f9277","name":"Rauchfrei Team","image":{"@type":"ImageObject","inLanguage":"en-US","@id":"https:\/\/rauchfrei.at\/#\/schema\/person\/image\/","url":"https:\/\/secure.gravatar.com\/avatar\/2115b79a00800516fa1523bb5a329611f90e73e89be559131fc7e82b4fdc95ff?s=96&d=mm&r=g","contentUrl":"https:\/\/secure.gravatar.com\/avatar\/2115b79a00800516fa1523bb5a329611f90e73e89be559131fc7e82b4fdc95ff?s=96&d=mm&r=g","caption":"Rauchfrei Team"},"url":"https:\/\/rauchfrei.at\/en\/author\/rauchfrei-team\/"}]}},"_links":{"self":[{"href":"https:\/\/rauchfrei.at\/en\/wp-json\/wp\/v2\/posts\/18554","targetHints":{"allow":["GET"]}}],"collection":[{"href":"https:\/\/rauchfrei.at\/en\/wp-json\/wp\/v2\/posts"}],"about":[{"href":"https:\/\/rauchfrei.at\/en\/wp-json\/wp\/v2\/types\/post"}],"author":[{"embeddable":true,"href":"https:\/\/rauchfrei.at\/en\/wp-json\/wp\/v2\/users\/25"}],"replies":[{"embeddable":true,"href":"https:\/\/rauchfrei.at\/en\/wp-json\/wp\/v2\/comments?post=18554"}],"version-history":[{"count":5,"href":"https:\/\/rauchfrei.at\/en\/wp-json\/wp\/v2\/posts\/18554\/revisions"}],"predecessor-version":[{"id":18777,"href":"https:\/\/rauchfrei.at\/en\/wp-json\/wp\/v2\/posts\/18554\/revisions\/18777"}],"wp:attachment":[{"href":"https:\/\/rauchfrei.at\/en\/wp-json\/wp\/v2\/media?parent=18554"}],"wp:term":[{"taxonomy":"category","embeddable":true,"href":"https:\/\/rauchfrei.at\/en\/wp-json\/wp\/v2\/categories?post=18554"},{"taxonomy":"post_tag","embeddable":true,"href":"https:\/\/rauchfrei.at\/en\/wp-json\/wp\/v2\/tags?post=18554"}],"curies":[{"name":"wp","href":"https:\/\/api.w.org\/{rel}","templated":true}]}}