
{"id":18694,"date":"2026-04-30T08:00:35","date_gmt":"2026-04-30T06:00:35","guid":{"rendered":"https:\/\/rauchfrei.at\/?p=18694"},"modified":"2026-04-30T14:04:50","modified_gmt":"2026-04-30T12:04:50","slug":"alles-neu-macht-der-mai2","status":"publish","type":"post","link":"https:\/\/rauchfrei.at\/en\/alles-neu-macht-der-mai2\/","title":{"rendered":"Alles neu macht der Mai"},"content":{"rendered":"<p>[et_pb_section fb_built=&#8221;1&#8243; module_class=&#8221;header&#8221; _builder_version=&#8221;4.16&#8243; global_colors_info=&#8221;{}&#8221;][et_pb_row _builder_version=&#8221;4.16&#8243; global_colors_info=&#8221;{}&#8221;][et_pb_column type=&#8221;4_4&#8243; _builder_version=&#8221;4.16&#8243; custom_padding=&#8221;|||&#8221; global_colors_info=&#8221;{}&#8221; custom_padding__hover=&#8221;|||&#8221;][et_pb_dp_dmb_module_10001 subheadline=&#8221; Starten Sie jetzt rauchfrei durch!&#8221; _builder_version=&#8221;4.27.4&#8243; global_colors_info=&#8221;{}&#8221;][\/et_pb_dp_dmb_module_10001][\/et_pb_column][\/et_pb_row][\/et_pb_section][et_pb_section fb_built=&#8221;1&#8243; _builder_version=&#8221;4.16&#8243; custom_padding=&#8221;30px|||&#8221; global_colors_info=&#8221;{}&#8221;][et_pb_row column_structure=&#8221;2_3,1_3&#8243; _builder_version=&#8221;4.16&#8243; global_colors_info=&#8221;{}&#8221;][et_pb_column type=&#8221;2_3&#8243; module_class=&#8221;blog-content&#8221; _builder_version=&#8221;4.16&#8243; custom_padding=&#8221;|||&#8221; global_colors_info=&#8221;{}&#8221; custom_padding__hover=&#8221;|||&#8221;][et_pb_text _builder_version=&#8221;4.27.4&#8243; global_colors_info=&#8221;{}&#8221;]<\/p>\n<p>Gerade der sogenannte Wonnemonat Mai bietet sich f\u00fcr Ver\u00e4nderung an. Es wird immer w\u00e4rmer, vieles bl\u00fcht und alle Zeichen stehen auf Neuanfang. Das wirkt sich auch positiv auf die Motivation aus. Viele Menschen entscheiden sich jetzt f\u00fcr den Rauchstopp, denn die Zeit ist g\u00fcnstig f\u00fcr neue Alternativen zum Rauchen. Obst und Gem\u00fcse schmecken wieder besser und das sch\u00f6ne Wetter zieht viele von uns nach drau\u00dfen.<\/p>\n<p>Egal ob Bewegung an der frischen Luft, Ablenkung zuhause oder frisches Obst und Gem\u00fcse \u2013 hilfreich ist alles, was das Verlangen nach einer Zigarette d\u00e4mpft.<\/p>\n<p>Im Fr\u00fchjahr stehen auch neue Genusserlebnisse am Programm: Sie k\u00f6nnen in der Natur, im eigenen Garten oder beim Kochen bzw. Essen alle Sinne (Sehen, H\u00f6ren, F\u00fchlen, Riechen, Schmecken) aktivieren und alles bewusster wahrnehmen. Planen Sie t\u00e4gliche Genusseinheiten: Was h\u00f6ren Sie besonders gern? Was ist Ihr Lieblingsduft? Welche Bilder sorgen f\u00fcr gute Stimmung? Erstellen Sie Ihre pers\u00f6nliche Genussliste. Auch wenn Rauchen von Ihnen lange mit Genuss gleichgesetzt wurde, werden Sie schnell merken, dass es viele andere Genusserlebnisse gibt, die Ihnen gut tun und zu mehr Wohlbefinden f\u00fchren. Nach dem Rauchstopp k\u00f6nnen Sie auch besser riechen, schmecken und vieles intensiver wahrnehmen.<\/p>\n<p>Der Weltnichtrauchertag, der j\u00e4hrlich am 31. Mai stattfindet, macht den Mai zus\u00e4tzlich zu einem beliebten Rauchstopp-Monat. Das Thema Rauchen ist wieder \u00f6fter in den Medien vertreten und Exraucher\/innen teilen ihre Erfahrungen. Unter dem Motto \u201eRauchfrei im Mai\u201c wird zum Rauchstopp-Versuch aufgerufen.<\/p>\n<p>F\u00fcr alle, die es am 1. J\u00e4nner nicht geschafft haben, bietet der Mai nun eine neue Chance. W\u00e4re es nicht ein gutes Gef\u00fchl, am Weltnichtrauchertag bereits rauchfrei zu sein<\/p>\n<p>Wir w\u00fcnschen Ihnen viel Erfolg und einen guten Start in den rauchfreien Mai!<\/p>\n<p>[\/et_pb_text][et_pb_post_nav in_same_term=&#8221;off&#8221; _builder_version=&#8221;4.16&#8243; global_colors_info=&#8221;{}&#8221;][\/et_pb_post_nav][\/et_pb_column][et_pb_column type=&#8221;1_3&#8243; module_class=&#8221;cat-and-tag&#8221; _builder_version=&#8221;4.16&#8243; custom_padding=&#8221;|||&#8221; global_colors_info=&#8221;{}&#8221; custom_padding__hover=&#8221;|||&#8221;][et_pb_sidebar area=&#8221;et_pb_widget_area_1&#8243; _builder_version=&#8221;4.16&#8243; global_colors_info=&#8221;{}&#8221;][\/et_pb_sidebar][\/et_pb_column][\/et_pb_row][\/et_pb_section]<\/p>\n","protected":false},"excerpt":{"rendered":"<p>Der Mai gilt als Monat des Neuanfangs und ist deshalb auch ein beliebter Rauchstopp-Monat. Es wird w\u00e4rmer und die Motivation f\u00fcr Unternehmungen steigt. Die perfekte Zeit, um neue Alternativen zum Rauchen auszuprobieren und wieder ein St\u00fcck Freiheit zu erlangen. Starten auch Sie rauchfrei in den Mai!<\/p>\n","protected":false},"author":25,"featured_media":0,"comment_status":"open","ping_status":"open","sticky":false,"template":"","format":"standard","meta":{"_et_pb_use_builder":"on","_et_pb_old_content":"","_et_gb_content_width":"","footnotes":""},"categories":[235,233],"tags":[],"class_list":["post-18694","post","type-post","status-publish","format-standard","hentry","category-gesundheit-und-rauchstopp","category-unterstuetzung-beim-rauchstopp"],"yoast_head":"<!-- This site is optimized with the Yoast SEO plugin v26.2 - https:\/\/yoast.com\/wordpress\/plugins\/seo\/ -->\n<title>Alles neu macht der Mai - Rauchfrei Telefon<\/title>\n<meta name=\"robots\" content=\"index, follow, max-snippet:-1, max-image-preview:large, max-video-preview:-1\" \/>\n<link rel=\"canonical\" href=\"https:\/\/rauchfrei.at\/alles-neu-macht-der-mai2\/\" \/>\n<meta property=\"og:locale\" content=\"en_US\" \/>\n<meta property=\"og:type\" content=\"article\" \/>\n<meta property=\"og:title\" content=\"Alles neu macht der Mai - Rauchfrei Telefon\" \/>\n<meta property=\"og:description\" content=\"Der Mai gilt als Monat des Neuanfangs und ist deshalb auch ein beliebter Rauchstopp-Monat. Es wird w\u00e4rmer und die Motivation f\u00fcr Unternehmungen steigt. Die perfekte Zeit, um neue Alternativen zum Rauchen auszuprobieren und wieder ein St\u00fcck Freiheit zu erlangen. Starten auch Sie rauchfrei in den Mai!\" \/>\n<meta property=\"og:url\" content=\"https:\/\/rauchfrei.at\/alles-neu-macht-der-mai2\/\" \/>\n<meta property=\"og:site_name\" content=\"Rauchfrei Telefon\" \/>\n<meta property=\"article:published_time\" content=\"2026-04-30T06:00:35+00:00\" \/>\n<meta property=\"article:modified_time\" content=\"2026-04-30T12:04:50+00:00\" \/>\n<meta name=\"author\" content=\"Rauchfrei Team\" \/>\n<meta name=\"twitter:card\" content=\"summary_large_image\" \/>\n<meta name=\"twitter:label1\" content=\"Written by\" \/>\n\t<meta name=\"twitter:data1\" content=\"Rauchfrei Team\" \/>\n\t<meta name=\"twitter:label2\" content=\"Est. reading time\" \/>\n\t<meta name=\"twitter:data2\" content=\"2 minutes\" \/>\n<script type=\"application\/ld+json\" class=\"yoast-schema-graph\">{\"@context\":\"https:\/\/schema.org\",\"@graph\":[{\"@type\":\"WebPage\",\"@id\":\"https:\/\/rauchfrei.at\/alles-neu-macht-der-mai2\/\",\"url\":\"https:\/\/rauchfrei.at\/alles-neu-macht-der-mai2\/\",\"name\":\"Alles neu macht der Mai - Rauchfrei Telefon\",\"isPartOf\":{\"@id\":\"https:\/\/rauchfrei.at\/#website\"},\"datePublished\":\"2026-04-30T06:00:35+00:00\",\"dateModified\":\"2026-04-30T12:04:50+00:00\",\"author\":{\"@id\":\"https:\/\/rauchfrei.at\/#\/schema\/person\/504bbf90c5482004fc09aef6de7f9277\"},\"inLanguage\":\"en-US\",\"potentialAction\":[{\"@type\":\"ReadAction\",\"target\":[\"https:\/\/rauchfrei.at\/alles-neu-macht-der-mai2\/\"]}]},{\"@type\":\"WebSite\",\"@id\":\"https:\/\/rauchfrei.at\/#website\",\"url\":\"https:\/\/rauchfrei.at\/\",\"name\":\"Rauchfrei Telefon\",\"description\":\"Eine \u00f6sterreichweite Initiative der Sozialversicherungen.\",\"potentialAction\":[{\"@type\":\"SearchAction\",\"target\":{\"@type\":\"EntryPoint\",\"urlTemplate\":\"https:\/\/rauchfrei.at\/?s={search_term_string}\"},\"query-input\":{\"@type\":\"PropertyValueSpecification\",\"valueRequired\":true,\"valueName\":\"search_term_string\"}}],\"inLanguage\":\"en-US\"},{\"@type\":\"Person\",\"@id\":\"https:\/\/rauchfrei.at\/#\/schema\/person\/504bbf90c5482004fc09aef6de7f9277\",\"name\":\"Rauchfrei Team\",\"image\":{\"@type\":\"ImageObject\",\"inLanguage\":\"en-US\",\"@id\":\"https:\/\/rauchfrei.at\/#\/schema\/person\/image\/\",\"url\":\"https:\/\/secure.gravatar.com\/avatar\/2115b79a00800516fa1523bb5a329611f90e73e89be559131fc7e82b4fdc95ff?s=96&d=mm&r=g\",\"contentUrl\":\"https:\/\/secure.gravatar.com\/avatar\/2115b79a00800516fa1523bb5a329611f90e73e89be559131fc7e82b4fdc95ff?s=96&d=mm&r=g\",\"caption\":\"Rauchfrei Team\"},\"url\":\"https:\/\/rauchfrei.at\/en\/author\/rauchfrei-team\/\"}]}<\/script>\n<!-- \/ Yoast SEO plugin. -->","yoast_head_json":{"title":"Alles neu macht der Mai - Rauchfrei Telefon","robots":{"index":"index","follow":"follow","max-snippet":"max-snippet:-1","max-image-preview":"max-image-preview:large","max-video-preview":"max-video-preview:-1"},"canonical":"https:\/\/rauchfrei.at\/alles-neu-macht-der-mai2\/","og_locale":"en_US","og_type":"article","og_title":"Alles neu macht der Mai - Rauchfrei Telefon","og_description":"Der Mai gilt als Monat des Neuanfangs und ist deshalb auch ein beliebter Rauchstopp-Monat. Es wird w\u00e4rmer und die Motivation f\u00fcr Unternehmungen steigt. Die perfekte Zeit, um neue Alternativen zum Rauchen auszuprobieren und wieder ein St\u00fcck Freiheit zu erlangen. Starten auch Sie rauchfrei in den Mai!","og_url":"https:\/\/rauchfrei.at\/alles-neu-macht-der-mai2\/","og_site_name":"Rauchfrei Telefon","article_published_time":"2026-04-30T06:00:35+00:00","article_modified_time":"2026-04-30T12:04:50+00:00","author":"Rauchfrei Team","twitter_card":"summary_large_image","twitter_misc":{"Written by":"Rauchfrei Team","Est. reading time":"2 minutes"},"schema":{"@context":"https:\/\/schema.org","@graph":[{"@type":"WebPage","@id":"https:\/\/rauchfrei.at\/alles-neu-macht-der-mai2\/","url":"https:\/\/rauchfrei.at\/alles-neu-macht-der-mai2\/","name":"Alles neu macht der Mai - Rauchfrei Telefon","isPartOf":{"@id":"https:\/\/rauchfrei.at\/#website"},"datePublished":"2026-04-30T06:00:35+00:00","dateModified":"2026-04-30T12:04:50+00:00","author":{"@id":"https:\/\/rauchfrei.at\/#\/schema\/person\/504bbf90c5482004fc09aef6de7f9277"},"inLanguage":"en-US","potentialAction":[{"@type":"ReadAction","target":["https:\/\/rauchfrei.at\/alles-neu-macht-der-mai2\/"]}]},{"@type":"WebSite","@id":"https:\/\/rauchfrei.at\/#website","url":"https:\/\/rauchfrei.at\/","name":"Rauchfrei Telefon","description":"Eine \u00f6sterreichweite Initiative der Sozialversicherungen.","potentialAction":[{"@type":"SearchAction","target":{"@type":"EntryPoint","urlTemplate":"https:\/\/rauchfrei.at\/?s={search_term_string}"},"query-input":{"@type":"PropertyValueSpecification","valueRequired":true,"valueName":"search_term_string"}}],"inLanguage":"en-US"},{"@type":"Person","@id":"https:\/\/rauchfrei.at\/#\/schema\/person\/504bbf90c5482004fc09aef6de7f9277","name":"Rauchfrei Team","image":{"@type":"ImageObject","inLanguage":"en-US","@id":"https:\/\/rauchfrei.at\/#\/schema\/person\/image\/","url":"https:\/\/secure.gravatar.com\/avatar\/2115b79a00800516fa1523bb5a329611f90e73e89be559131fc7e82b4fdc95ff?s=96&d=mm&r=g","contentUrl":"https:\/\/secure.gravatar.com\/avatar\/2115b79a00800516fa1523bb5a329611f90e73e89be559131fc7e82b4fdc95ff?s=96&d=mm&r=g","caption":"Rauchfrei Team"},"url":"https:\/\/rauchfrei.at\/en\/author\/rauchfrei-team\/"}]}},"_links":{"self":[{"href":"https:\/\/rauchfrei.at\/en\/wp-json\/wp\/v2\/posts\/18694","targetHints":{"allow":["GET"]}}],"collection":[{"href":"https:\/\/rauchfrei.at\/en\/wp-json\/wp\/v2\/posts"}],"about":[{"href":"https:\/\/rauchfrei.at\/en\/wp-json\/wp\/v2\/types\/post"}],"author":[{"embeddable":true,"href":"https:\/\/rauchfrei.at\/en\/wp-json\/wp\/v2\/users\/25"}],"replies":[{"embeddable":true,"href":"https:\/\/rauchfrei.at\/en\/wp-json\/wp\/v2\/comments?post=18694"}],"version-history":[{"count":8,"href":"https:\/\/rauchfrei.at\/en\/wp-json\/wp\/v2\/posts\/18694\/revisions"}],"predecessor-version":[{"id":33095,"href":"https:\/\/rauchfrei.at\/en\/wp-json\/wp\/v2\/posts\/18694\/revisions\/33095"}],"wp:attachment":[{"href":"https:\/\/rauchfrei.at\/en\/wp-json\/wp\/v2\/media?parent=18694"}],"wp:term":[{"taxonomy":"category","embeddable":true,"href":"https:\/\/rauchfrei.at\/en\/wp-json\/wp\/v2\/categories?post=18694"},{"taxonomy":"post_tag","embeddable":true,"href":"https:\/\/rauchfrei.at\/en\/wp-json\/wp\/v2\/tags?post=18694"}],"curies":[{"name":"wp","href":"https:\/\/api.w.org\/{rel}","templated":true}]}}