
{"id":18787,"date":"2020-06-08T08:00:20","date_gmt":"2020-06-08T06:00:20","guid":{"rendered":"https:\/\/rauchfrei.at\/?p=18787"},"modified":"2020-05-26T08:23:12","modified_gmt":"2020-05-26T06:23:12","slug":"der-oekologische-fussabdruck-des-rauchens","status":"publish","type":"post","link":"https:\/\/rauchfrei.at\/en\/der-oekologische-fussabdruck-des-rauchens\/","title":{"rendered":"Der \u00f6kologische Fu\u00dfabdruck des Rauchens"},"content":{"rendered":"<p>[et_pb_section fb_built=&#8221;1&#8243; module_class=&#8221;header&#8221; _builder_version=&#8221;3.22&#8243;][et_pb_row _builder_version=&#8221;3.25&#8243;][et_pb_column type=&#8221;4_4&#8243; _builder_version=&#8221;3.25&#8243; custom_padding=&#8221;|||&#8221; custom_padding__hover=&#8221;|||&#8221;][et_pb_dp_dmb_module_10001 subheadline=&#8221;Wie die Zigarette der Umwelt schadet&#8221; _builder_version=&#8221;4.4.3&#8243; z_index_tablet=&#8221;500&#8243;][\/et_pb_dp_dmb_module_10001][\/et_pb_column][\/et_pb_row][\/et_pb_section][et_pb_section fb_built=&#8221;1&#8243; _builder_version=&#8221;3.22&#8243; custom_padding=&#8221;30px|||&#8221;][et_pb_row column_structure=&#8221;2_3,1_3&#8243; _builder_version=&#8221;3.25&#8243;][et_pb_column type=&#8221;2_3&#8243; module_class=&#8221;blog-content&#8221; _builder_version=&#8221;3.25&#8243; custom_padding=&#8221;|||&#8221; custom_padding__hover=&#8221;|||&#8221;][et_pb_text _builder_version=&#8221;4.4.3&#8243;]Vielen ist vermutlich bekannt, dass durch Zigarettenstummel ein Abfallproblem entsteht. F\u00fcr die Umwelt spielt jedoch zus\u00e4tzlich der gesamte Lebenszyklus der Tabak-Pflanze \u00a0und andere Aspekte des Rauchens eine Rolle.<\/p>\n<p>Im Folgenden fassen wir nur ein paar der untersuchten Fakten zusammen:<\/p>\n<ul>\n<li><strong>Enormer Wasserverbrauch<\/strong>: Eine Person, die durchschnittlich 20 Zigaretten \u00fcber 50 Jahre hinweg raucht, ist f\u00fcr den Verbrauch von 1,4 Millionen Liter Wasser verantwortlich.<\/li>\n<li><strong>Giftstoffe beim Anbau<\/strong>: Die Tabakpflanze braucht viele Pestizide, Fungizide und Insektizide. Diese giftigen Mittel werden h\u00e4ufig in zu hohen Mengen eingesetzt, was sch\u00e4dlich f\u00fcr die B\u00f6den und das Grundwasser ist.<\/li>\n<li><strong>Probleme durch die Trocknung<\/strong>: Tabakbl\u00e4tter werden getrocknet. Daf\u00fcr werden ganze W\u00e4lder gerodet und das Verbrennen setzt gro\u00dfe Mengen an CO2 frei.<\/li>\n<li><strong>Giftige Filter<\/strong>: Nach dem Rauchen wird die Zigarette zum M\u00fcllproblem. Die meisten Filter, die biologisch nur schwer abbaubar sind und diverse Giftstoffe beinhalten, landen in Wiesen, W\u00e4ldern und Weltmeeren. Viele Tiere verwechseln die Filter mit Futter und vergiften sich daran. Der Filter muss aber nicht erst verschluckt werden, um bestimmte Tiere zu t\u00f6ten.<\/li>\n<li><strong>Waldbr\u00e4nde durch weggeworfene Zigarettenstummel<\/strong>: Achtlos weggeschmissene Zigarettenstummel sind immer wieder Ausl\u00f6ser f\u00fcr Waldbr\u00e4nde, gerade in trockenen Zeiten.<\/li>\n<\/ul>\n<p>Streng gesehen sind Zigarettenstummel Giftm\u00fcll. Besonders wichtig ist es daher, Zigarettenstummel im M\u00fclleimer zu entsorgen, um die Umwelt vor den Giftstoffen und dem Mikroplastik zu sch\u00fctzen. Ganz allgemein l\u00e4sst sich zusammenfassen: Rauchfreiheit l\u00e4sst auch die Umwelt aufatmen. Klimaschutz kann einer der guten Gr\u00fcnde sein, um rauchfrei zu werden!<\/p>\n<p><strong>\u00a0<\/strong><\/p>\n<p><strong>Zum Weiterlesen:<\/strong><\/p>\n<p><a href=\"https:\/\/www.sueddeutsche.de\/wissen\/rauchen-tabak-umwelt-schaedlich-1.3331566\">Die S\u00fcddeutsche &#8220;Rauchen und Umwelt&#8221;<\/a><\/p>\n<p><a href=\"https:\/\/www.feel-ok.ch\/de_CH\/jugendliche\/themen\/tabak\/interessante_themen\/natur_umwelt_und_gesellschaft\/natur\/vielschichtige_schaeden.cfm\">feel-ok.at<\/a><\/p>\n<p><a href=\"https:\/\/www.deutschlandfunk.de\/studie-zum-rauchen-zigaretten-schaedigen-lunge-und-umwelt.697.de.html?dram:article_id=431449\">Deutschlandfunk &#8220;Zigaretten sch\u00e4digen Lunge und Umwelt<\/a><\/p>\n<p>&nbsp;<br \/>\n[\/et_pb_text][et_pb_post_nav in_same_term=&#8221;off&#8221; _builder_version=&#8221;3.0.99&#8243;][\/et_pb_post_nav][\/et_pb_column][et_pb_column type=&#8221;1_3&#8243; module_class=&#8221;cat-and-tag&#8221; _builder_version=&#8221;3.25&#8243; custom_padding=&#8221;|||&#8221; custom_padding__hover=&#8221;|||&#8221;][et_pb_sidebar area=&#8221;et_pb_widget_area_1&#8243; _builder_version=&#8221;3.0.99&#8243;][\/et_pb_sidebar][et_pb_dp_dmb_module_10093 farbe=&#8221;blitzgelb&#8221; headline=&#8221;Trauen Sie sich den Rauchstopp zu!&#8221; image=&#8221;https:\/\/rauchfrei.at\/wp-content\/uploads\/Quitting-Yellow.png&#8221; image_position=&#8221;center&#8221; link_text=&#8221;mehr&#8221; link_url=&#8221;https:\/\/rauchfrei.at\/aufhoeren\/schritte-zum-rauchstopp\/trauen-sie-sich-den-rauchstopp-zu\/&#8221; image_size=&#8221;90&#8243; admin_label=&#8221;Trauen Sie sich den Rauchstopp zu&#8221; _builder_version=&#8221;3.19.15&#8243; global_module=&#8221;13173&#8243; saved_tabs=&#8221;all&#8221;]<\/p>\n<p>Sie m\u00f6chten etwas \u00e4ndern? Worauf warten Sie noch?<\/p>\n<p>[\/et_pb_dp_dmb_module_10093][et_pb_dp_dmb_module_10093 farbe=&#8221;blitzgelb&#8221; headline=&#8221;Buchen Sie einen Anruf!&#8221; image=&#8221;https:\/\/rauchfrei.at\/wp-content\/uploads\/rauchfrei-rueckruf-gelb.png&#8221; image_position=&#8221;center&#8221; link_text=&#8221;Anruf buchen!&#8221; link_url=&#8221;https:\/\/rauchfrei.at\/beratung\/anruf-gewuenscht\/&#8221; image_size=&#8221;80&#8243; admin_label=&#8221;Anruf buchen&#8221; _builder_version=&#8221;3.21.1&#8243; max_width=&#8221;100%&#8221; global_module=&#8221;13148&#8243; saved_tabs=&#8221;all&#8221;]<\/p>\n<p>Wir rufen Sie gerne an.<\/p>\n<p>[\/et_pb_dp_dmb_module_10093][\/et_pb_column][\/et_pb_row][\/et_pb_section]<\/p>\n","protected":false},"excerpt":{"rendered":"<p>Das Bewusstsein f\u00fcr Klimaschutz ist den letzten Jahren gestiegen. Wie sich das Rauchen nicht nur auf unsere Gesundheit, sondern auch auf die Umwelt negativ auswirkt, wurde schon mehrfach untersucht. Nichtrauchen bedeutet Umweltschutz!<\/p>\n","protected":false},"author":25,"featured_media":0,"comment_status":"open","ping_status":"open","sticky":false,"template":"","format":"standard","meta":{"_et_pb_use_builder":"on","_et_pb_old_content":"","_et_gb_content_width":"","footnotes":""},"categories":[236],"tags":[],"class_list":["post-18787","post","type-post","status-publish","format-standard","hentry","category-nicht-kategorisiert"],"yoast_head":"<!-- This site is optimized with the Yoast SEO plugin v26.2 - https:\/\/yoast.com\/wordpress\/plugins\/seo\/ -->\n<title>Der \u00f6kologische Fu\u00dfabdruck des Rauchens - Rauchfrei Telefon<\/title>\n<meta name=\"robots\" content=\"index, follow, max-snippet:-1, max-image-preview:large, max-video-preview:-1\" \/>\n<link rel=\"canonical\" href=\"https:\/\/rauchfrei.at\/der-oekologische-fussabdruck-des-rauchens\/\" \/>\n<meta property=\"og:locale\" content=\"en_US\" \/>\n<meta property=\"og:type\" content=\"article\" \/>\n<meta property=\"og:title\" content=\"Der \u00f6kologische Fu\u00dfabdruck des Rauchens - Rauchfrei Telefon\" \/>\n<meta property=\"og:description\" content=\"Das Bewusstsein f\u00fcr Klimaschutz ist den letzten Jahren gestiegen. Wie sich das Rauchen nicht nur auf unsere Gesundheit, sondern auch auf die Umwelt negativ auswirkt, wurde schon mehrfach untersucht. Nichtrauchen bedeutet Umweltschutz!\" \/>\n<meta property=\"og:url\" content=\"https:\/\/rauchfrei.at\/der-oekologische-fussabdruck-des-rauchens\/\" \/>\n<meta property=\"og:site_name\" content=\"Rauchfrei Telefon\" \/>\n<meta property=\"article:published_time\" content=\"2020-06-08T06:00:20+00:00\" \/>\n<meta name=\"author\" content=\"Rauchfrei Team\" \/>\n<meta name=\"twitter:card\" content=\"summary_large_image\" \/>\n<meta name=\"twitter:label1\" content=\"Written by\" \/>\n\t<meta name=\"twitter:data1\" content=\"Rauchfrei Team\" \/>\n\t<meta name=\"twitter:label2\" content=\"Est. reading time\" \/>\n\t<meta name=\"twitter:data2\" content=\"3 minutes\" \/>\n<script type=\"application\/ld+json\" class=\"yoast-schema-graph\">{\"@context\":\"https:\/\/schema.org\",\"@graph\":[{\"@type\":\"WebPage\",\"@id\":\"https:\/\/rauchfrei.at\/der-oekologische-fussabdruck-des-rauchens\/\",\"url\":\"https:\/\/rauchfrei.at\/der-oekologische-fussabdruck-des-rauchens\/\",\"name\":\"Der \u00f6kologische Fu\u00dfabdruck des Rauchens - Rauchfrei Telefon\",\"isPartOf\":{\"@id\":\"https:\/\/rauchfrei.at\/#website\"},\"datePublished\":\"2020-06-08T06:00:20+00:00\",\"author\":{\"@id\":\"https:\/\/rauchfrei.at\/#\/schema\/person\/504bbf90c5482004fc09aef6de7f9277\"},\"inLanguage\":\"en-US\",\"potentialAction\":[{\"@type\":\"ReadAction\",\"target\":[\"https:\/\/rauchfrei.at\/der-oekologische-fussabdruck-des-rauchens\/\"]}]},{\"@type\":\"WebSite\",\"@id\":\"https:\/\/rauchfrei.at\/#website\",\"url\":\"https:\/\/rauchfrei.at\/\",\"name\":\"Rauchfrei Telefon\",\"description\":\"Eine \u00f6sterreichweite Initiative der Sozialversicherungen.\",\"potentialAction\":[{\"@type\":\"SearchAction\",\"target\":{\"@type\":\"EntryPoint\",\"urlTemplate\":\"https:\/\/rauchfrei.at\/?s={search_term_string}\"},\"query-input\":{\"@type\":\"PropertyValueSpecification\",\"valueRequired\":true,\"valueName\":\"search_term_string\"}}],\"inLanguage\":\"en-US\"},{\"@type\":\"Person\",\"@id\":\"https:\/\/rauchfrei.at\/#\/schema\/person\/504bbf90c5482004fc09aef6de7f9277\",\"name\":\"Rauchfrei Team\",\"image\":{\"@type\":\"ImageObject\",\"inLanguage\":\"en-US\",\"@id\":\"https:\/\/rauchfrei.at\/#\/schema\/person\/image\/\",\"url\":\"https:\/\/secure.gravatar.com\/avatar\/2115b79a00800516fa1523bb5a329611f90e73e89be559131fc7e82b4fdc95ff?s=96&d=mm&r=g\",\"contentUrl\":\"https:\/\/secure.gravatar.com\/avatar\/2115b79a00800516fa1523bb5a329611f90e73e89be559131fc7e82b4fdc95ff?s=96&d=mm&r=g\",\"caption\":\"Rauchfrei Team\"},\"url\":\"https:\/\/rauchfrei.at\/en\/author\/rauchfrei-team\/\"}]}<\/script>\n<!-- \/ Yoast SEO plugin. -->","yoast_head_json":{"title":"Der \u00f6kologische Fu\u00dfabdruck des Rauchens - Rauchfrei Telefon","robots":{"index":"index","follow":"follow","max-snippet":"max-snippet:-1","max-image-preview":"max-image-preview:large","max-video-preview":"max-video-preview:-1"},"canonical":"https:\/\/rauchfrei.at\/der-oekologische-fussabdruck-des-rauchens\/","og_locale":"en_US","og_type":"article","og_title":"Der \u00f6kologische Fu\u00dfabdruck des Rauchens - Rauchfrei Telefon","og_description":"Das Bewusstsein f\u00fcr Klimaschutz ist den letzten Jahren gestiegen. Wie sich das Rauchen nicht nur auf unsere Gesundheit, sondern auch auf die Umwelt negativ auswirkt, wurde schon mehrfach untersucht. Nichtrauchen bedeutet Umweltschutz!","og_url":"https:\/\/rauchfrei.at\/der-oekologische-fussabdruck-des-rauchens\/","og_site_name":"Rauchfrei Telefon","article_published_time":"2020-06-08T06:00:20+00:00","author":"Rauchfrei Team","twitter_card":"summary_large_image","twitter_misc":{"Written by":"Rauchfrei Team","Est. reading time":"3 minutes"},"schema":{"@context":"https:\/\/schema.org","@graph":[{"@type":"WebPage","@id":"https:\/\/rauchfrei.at\/der-oekologische-fussabdruck-des-rauchens\/","url":"https:\/\/rauchfrei.at\/der-oekologische-fussabdruck-des-rauchens\/","name":"Der \u00f6kologische Fu\u00dfabdruck des Rauchens - Rauchfrei Telefon","isPartOf":{"@id":"https:\/\/rauchfrei.at\/#website"},"datePublished":"2020-06-08T06:00:20+00:00","author":{"@id":"https:\/\/rauchfrei.at\/#\/schema\/person\/504bbf90c5482004fc09aef6de7f9277"},"inLanguage":"en-US","potentialAction":[{"@type":"ReadAction","target":["https:\/\/rauchfrei.at\/der-oekologische-fussabdruck-des-rauchens\/"]}]},{"@type":"WebSite","@id":"https:\/\/rauchfrei.at\/#website","url":"https:\/\/rauchfrei.at\/","name":"Rauchfrei Telefon","description":"Eine \u00f6sterreichweite Initiative der Sozialversicherungen.","potentialAction":[{"@type":"SearchAction","target":{"@type":"EntryPoint","urlTemplate":"https:\/\/rauchfrei.at\/?s={search_term_string}"},"query-input":{"@type":"PropertyValueSpecification","valueRequired":true,"valueName":"search_term_string"}}],"inLanguage":"en-US"},{"@type":"Person","@id":"https:\/\/rauchfrei.at\/#\/schema\/person\/504bbf90c5482004fc09aef6de7f9277","name":"Rauchfrei Team","image":{"@type":"ImageObject","inLanguage":"en-US","@id":"https:\/\/rauchfrei.at\/#\/schema\/person\/image\/","url":"https:\/\/secure.gravatar.com\/avatar\/2115b79a00800516fa1523bb5a329611f90e73e89be559131fc7e82b4fdc95ff?s=96&d=mm&r=g","contentUrl":"https:\/\/secure.gravatar.com\/avatar\/2115b79a00800516fa1523bb5a329611f90e73e89be559131fc7e82b4fdc95ff?s=96&d=mm&r=g","caption":"Rauchfrei Team"},"url":"https:\/\/rauchfrei.at\/en\/author\/rauchfrei-team\/"}]}},"_links":{"self":[{"href":"https:\/\/rauchfrei.at\/en\/wp-json\/wp\/v2\/posts\/18787","targetHints":{"allow":["GET"]}}],"collection":[{"href":"https:\/\/rauchfrei.at\/en\/wp-json\/wp\/v2\/posts"}],"about":[{"href":"https:\/\/rauchfrei.at\/en\/wp-json\/wp\/v2\/types\/post"}],"author":[{"embeddable":true,"href":"https:\/\/rauchfrei.at\/en\/wp-json\/wp\/v2\/users\/25"}],"replies":[{"embeddable":true,"href":"https:\/\/rauchfrei.at\/en\/wp-json\/wp\/v2\/comments?post=18787"}],"version-history":[{"count":5,"href":"https:\/\/rauchfrei.at\/en\/wp-json\/wp\/v2\/posts\/18787\/revisions"}],"predecessor-version":[{"id":18892,"href":"https:\/\/rauchfrei.at\/en\/wp-json\/wp\/v2\/posts\/18787\/revisions\/18892"}],"wp:attachment":[{"href":"https:\/\/rauchfrei.at\/en\/wp-json\/wp\/v2\/media?parent=18787"}],"wp:term":[{"taxonomy":"category","embeddable":true,"href":"https:\/\/rauchfrei.at\/en\/wp-json\/wp\/v2\/categories?post=18787"},{"taxonomy":"post_tag","embeddable":true,"href":"https:\/\/rauchfrei.at\/en\/wp-json\/wp\/v2\/tags?post=18787"}],"curies":[{"name":"wp","href":"https:\/\/api.w.org\/{rel}","templated":true}]}}