
{"id":18818,"date":"2020-05-18T08:00:04","date_gmt":"2020-05-18T06:00:04","guid":{"rendered":"https:\/\/rauchfrei.at\/?p=18818"},"modified":"2020-05-15T11:15:52","modified_gmt":"2020-05-15T09:15:52","slug":"der-rauchfrei-telefon-jahresbericht-2019","status":"publish","type":"post","link":"https:\/\/rauchfrei.at\/en\/der-rauchfrei-telefon-jahresbericht-2019\/","title":{"rendered":"Der Rauchfrei Telefon Jahresbericht 2019"},"content":{"rendered":"<p>[et_pb_section fb_built=&#8221;1&#8243; module_class=&#8221;header&#8221; _builder_version=&#8221;3.22&#8243;][et_pb_row _builder_version=&#8221;3.25&#8243;][et_pb_column type=&#8221;4_4&#8243; _builder_version=&#8221;3.25&#8243; custom_padding=&#8221;|||&#8221; custom_padding__hover=&#8221;|||&#8221;][et_pb_dp_dmb_module_10001 subheadline=&#8221;Zahlen und Hintergrundinformationen zur Arbeit des Rauchfrei Telefons&#8221; _builder_version=&#8221;4.4.3&#8243;][\/et_pb_dp_dmb_module_10001][\/et_pb_column][\/et_pb_row][\/et_pb_section][et_pb_section fb_built=&#8221;1&#8243; _builder_version=&#8221;3.22&#8243;][et_pb_row column_structure=&#8221;2_3,1_3&#8243; _builder_version=&#8221;3.25&#8243; background_size=&#8221;initial&#8221; background_position=&#8221;top_left&#8221; background_repeat=&#8221;repeat&#8221;][et_pb_column type=&#8221;2_3&#8243; _builder_version=&#8221;3.25&#8243; custom_padding=&#8221;|||&#8221; custom_padding__hover=&#8221;|||&#8221;][et_pb_text _builder_version=&#8221;4.4.3&#8243; hover_enabled=&#8221;0&#8243;]<\/p>\n<p><strong>Die Telefonberatung<br \/><\/strong><br \/>2019 verzeichnete das Call-Center dreifach so viele Anrufe wie in den Jahren vor der Einf\u00fchrung der neuen Packungen im Rahmen der Tabakprodukte-Direktive-II im Mai 2016. Der Aufdruck der Nummer auf den Tabakprodukten wirkt nach wie vor: mehr Raucher\/innen nehmen Beratung und Information zum Rauchstopp in Anspruch. Insgesamt wurden 9 903 eingehende Anrufe unter 0800 810 013 gez\u00e4hlt. Im Jahr 2019 dokumentierte das Beratungsteam 6 632 durchgef\u00fchrte Gespr\u00e4che in der Datenbank. Insgesamt hatten 3 486 Personen erstmalig Kontakt mit dem Rauchfrei Team, zus\u00e4tzliche 161 Personen wurden aus dem Vorjahr weiterbetreut.<\/p>\n<p><strong>Online Angebote<br \/><\/strong><br \/>Neben der Telefonberatung stellen die Betreuung der Website und der App, sowie die diversen Materialien wichtige Aufgabenbereiche f\u00fcr das Rauchfrei Team dar.<\/p>\n<p><strong>Website<br \/><\/strong><br \/>Immer mehr Personen nutzen die Seite <strong>www.rauchfrei.at.<\/strong> 2019 besuchten rund 141 000 Personen (2018: 103 000, 2017: 98 000) die Seite. 88 % der User besuchten die Seite zum ersten Mal. Durchschnittlich besuchen 384 Personen pro Tag die Website. Die gr\u00f6\u00dfte Zugriffsrate erzielte der 2. Juli (Entscheidung zur Einf\u00fchrung der rauchfreien Gastronomie) mit 999 Usern, gefolgt vom 12. August (Beschluss \u00fcber rauchfreie Gastronomie) mit 809 Usern. Am 1. November, dem Start der rauchfreien Gastronomie besuchten 738 User die Website.<\/p>\n<p><strong>Die Rauchfrei App<br \/><\/strong><br \/>Im Jahr 2019 konnte die <strong>Rauchfrei App<\/strong> \u00fcberarbeitet werden. So wurden Usability und Grafik verbessert und aktualisiert sowie einige neue Module spezifisch f\u00fcr die Zielgruppe der Jugendlichen hinzugef\u00fcgt. Die Finanzierung der \u00dcberarbeitung erfolgte durch den Dachverband der \u00f6sterreichischen Sozialversicherung, das Bundesministerium f\u00fcr Arbeit, Familie und Jugend und das Rauchfrei Telefon. Die \u00dcberarbeitung hat zu einer deutlichen Steigerung der Nutzung gef\u00fchrt. 2019 wurden rund <strong>22 000<\/strong> <strong>User <\/strong>gez\u00e4hlt, 2018 waren es rund 7 000 User. Die Altersverteilung zeigt, dass die Rauchfrei App vor allem von unter 45-J\u00e4hrigen genutzt wird.<\/p>\n<p><strong>Vernetzung<br \/><\/strong><\/p>\n<p>Um das Angebot \u2013 vor allem bei Professionistinnen und Professionisten im Gesundheitswesen \u2013 \u00f6sterreichweit bekannt zu machen, nutzen wir regelm\u00e4\u00dfig Konferenzen, Kongresse und andere Fortbildungen.<\/p>\n<p>Den aktuellen Jahresbericht finden Sie hier: <a href=\"https:\/\/rauchfrei.at\/wp-content\/uploads\/Faltblatt_Jahresbericht_final_Webversion.pdf\" target=\"_blank\" rel=\"noopener noreferrer\">Jahresberichte<\/a><\/p>\n<p><a href=\"https:\/\/rauchfrei.at\/wp-content\/uploads\/Faltblatt_Jahresbericht_final_Webversion.pdf\" target=\"_blank\" rel=\"noopener noreferrer\"><img loading=\"lazy\" decoding=\"async\" class=\"wp-image-18832 alignnone size-medium\" src=\"https:\/\/rauchfrei.at\/wp-content\/uploads\/Jahresbericht-2019-225x159.png\" alt=\"\" width=\"225\" height=\"159\" \/><\/a>(C) Rauchfrei Telefon<\/p>\n<p>[\/et_pb_text][\/et_pb_column][et_pb_column type=&#8221;1_3&#8243; _builder_version=&#8221;3.25&#8243; custom_padding=&#8221;|||&#8221; custom_padding__hover=&#8221;|||&#8221;][et_pb_sidebar area=&#8221;sidebar-1&#8243; _builder_version=&#8221;3.15&#8243;][\/et_pb_sidebar][\/et_pb_column][\/et_pb_row][\/et_pb_section]<\/p>\n","protected":false},"excerpt":{"rendered":"<p>Hinter dem Rauchfrei Telefon steckt weit mehr als die bew\u00e4hrte Telefonberatung. Einen Einblick in die erfolgreiche Arbeit des Rauchfrei Telefon Teams im Jahr 2019 bietet der aktuelle Jahresbericht.<\/p>\n","protected":false},"author":25,"featured_media":0,"comment_status":"open","ping_status":"open","sticky":false,"template":"","format":"standard","meta":{"_et_pb_use_builder":"on","_et_pb_old_content":"","_et_gb_content_width":"","footnotes":""},"categories":[232],"tags":[],"class_list":["post-18818","post","type-post","status-publish","format-standard","hentry","category-nachrichten-vom-rauchfrei-telefon"],"yoast_head":"<!-- This site is optimized with the Yoast SEO plugin v26.2 - https:\/\/yoast.com\/wordpress\/plugins\/seo\/ -->\n<title>Der Rauchfrei Telefon Jahresbericht 2019 - Rauchfrei Telefon<\/title>\n<meta name=\"robots\" content=\"index, follow, max-snippet:-1, max-image-preview:large, max-video-preview:-1\" \/>\n<link rel=\"canonical\" href=\"https:\/\/rauchfrei.at\/der-rauchfrei-telefon-jahresbericht-2019\/\" \/>\n<meta property=\"og:locale\" content=\"en_US\" \/>\n<meta property=\"og:type\" content=\"article\" \/>\n<meta property=\"og:title\" content=\"Der Rauchfrei Telefon Jahresbericht 2019 - Rauchfrei Telefon\" \/>\n<meta property=\"og:description\" content=\"Hinter dem Rauchfrei Telefon steckt weit mehr als die bew\u00e4hrte Telefonberatung. Einen Einblick in die erfolgreiche Arbeit des Rauchfrei Telefon Teams im Jahr 2019 bietet der aktuelle Jahresbericht.\" \/>\n<meta property=\"og:url\" content=\"https:\/\/rauchfrei.at\/der-rauchfrei-telefon-jahresbericht-2019\/\" \/>\n<meta property=\"og:site_name\" content=\"Rauchfrei Telefon\" \/>\n<meta property=\"article:published_time\" content=\"2020-05-18T06:00:04+00:00\" \/>\n<meta property=\"og:image\" content=\"https:\/\/rauchfrei.at\/wp-content\/uploads\/Jahresbericht-2019-225x159.png\" \/>\n<meta name=\"author\" content=\"Rauchfrei Team\" \/>\n<meta name=\"twitter:card\" content=\"summary_large_image\" \/>\n<meta name=\"twitter:label1\" content=\"Written by\" \/>\n\t<meta name=\"twitter:data1\" content=\"Rauchfrei Team\" \/>\n\t<meta name=\"twitter:label2\" content=\"Est. reading time\" \/>\n\t<meta name=\"twitter:data2\" content=\"2 minutes\" \/>\n<script type=\"application\/ld+json\" class=\"yoast-schema-graph\">{\"@context\":\"https:\/\/schema.org\",\"@graph\":[{\"@type\":\"WebPage\",\"@id\":\"https:\/\/rauchfrei.at\/der-rauchfrei-telefon-jahresbericht-2019\/\",\"url\":\"https:\/\/rauchfrei.at\/der-rauchfrei-telefon-jahresbericht-2019\/\",\"name\":\"Der Rauchfrei Telefon Jahresbericht 2019 - Rauchfrei Telefon\",\"isPartOf\":{\"@id\":\"https:\/\/rauchfrei.at\/#website\"},\"primaryImageOfPage\":{\"@id\":\"https:\/\/rauchfrei.at\/der-rauchfrei-telefon-jahresbericht-2019\/#primaryimage\"},\"image\":{\"@id\":\"https:\/\/rauchfrei.at\/der-rauchfrei-telefon-jahresbericht-2019\/#primaryimage\"},\"thumbnailUrl\":\"https:\/\/rauchfrei.at\/wp-content\/uploads\/Jahresbericht-2019-225x159.png\",\"datePublished\":\"2020-05-18T06:00:04+00:00\",\"author\":{\"@id\":\"https:\/\/rauchfrei.at\/#\/schema\/person\/504bbf90c5482004fc09aef6de7f9277\"},\"inLanguage\":\"en-US\",\"potentialAction\":[{\"@type\":\"ReadAction\",\"target\":[\"https:\/\/rauchfrei.at\/der-rauchfrei-telefon-jahresbericht-2019\/\"]}]},{\"@type\":\"ImageObject\",\"inLanguage\":\"en-US\",\"@id\":\"https:\/\/rauchfrei.at\/der-rauchfrei-telefon-jahresbericht-2019\/#primaryimage\",\"url\":\"https:\/\/rauchfrei.at\/wp-content\/uploads\/Jahresbericht-2019-225x159.png\",\"contentUrl\":\"https:\/\/rauchfrei.at\/wp-content\/uploads\/Jahresbericht-2019-225x159.png\"},{\"@type\":\"WebSite\",\"@id\":\"https:\/\/rauchfrei.at\/#website\",\"url\":\"https:\/\/rauchfrei.at\/\",\"name\":\"Rauchfrei Telefon\",\"description\":\"Eine \u00f6sterreichweite Initiative der Sozialversicherungen.\",\"potentialAction\":[{\"@type\":\"SearchAction\",\"target\":{\"@type\":\"EntryPoint\",\"urlTemplate\":\"https:\/\/rauchfrei.at\/?s={search_term_string}\"},\"query-input\":{\"@type\":\"PropertyValueSpecification\",\"valueRequired\":true,\"valueName\":\"search_term_string\"}}],\"inLanguage\":\"en-US\"},{\"@type\":\"Person\",\"@id\":\"https:\/\/rauchfrei.at\/#\/schema\/person\/504bbf90c5482004fc09aef6de7f9277\",\"name\":\"Rauchfrei Team\",\"image\":{\"@type\":\"ImageObject\",\"inLanguage\":\"en-US\",\"@id\":\"https:\/\/rauchfrei.at\/#\/schema\/person\/image\/\",\"url\":\"https:\/\/secure.gravatar.com\/avatar\/2115b79a00800516fa1523bb5a329611f90e73e89be559131fc7e82b4fdc95ff?s=96&d=mm&r=g\",\"contentUrl\":\"https:\/\/secure.gravatar.com\/avatar\/2115b79a00800516fa1523bb5a329611f90e73e89be559131fc7e82b4fdc95ff?s=96&d=mm&r=g\",\"caption\":\"Rauchfrei Team\"},\"url\":\"https:\/\/rauchfrei.at\/en\/author\/rauchfrei-team\/\"}]}<\/script>\n<!-- \/ Yoast SEO plugin. -->","yoast_head_json":{"title":"Der Rauchfrei Telefon Jahresbericht 2019 - Rauchfrei Telefon","robots":{"index":"index","follow":"follow","max-snippet":"max-snippet:-1","max-image-preview":"max-image-preview:large","max-video-preview":"max-video-preview:-1"},"canonical":"https:\/\/rauchfrei.at\/der-rauchfrei-telefon-jahresbericht-2019\/","og_locale":"en_US","og_type":"article","og_title":"Der Rauchfrei Telefon Jahresbericht 2019 - Rauchfrei Telefon","og_description":"Hinter dem Rauchfrei Telefon steckt weit mehr als die bew\u00e4hrte Telefonberatung. Einen Einblick in die erfolgreiche Arbeit des Rauchfrei Telefon Teams im Jahr 2019 bietet der aktuelle Jahresbericht.","og_url":"https:\/\/rauchfrei.at\/der-rauchfrei-telefon-jahresbericht-2019\/","og_site_name":"Rauchfrei Telefon","article_published_time":"2020-05-18T06:00:04+00:00","og_image":[{"url":"https:\/\/rauchfrei.at\/wp-content\/uploads\/Jahresbericht-2019-225x159.png","type":"","width":"","height":""}],"author":"Rauchfrei Team","twitter_card":"summary_large_image","twitter_misc":{"Written by":"Rauchfrei Team","Est. reading time":"2 minutes"},"schema":{"@context":"https:\/\/schema.org","@graph":[{"@type":"WebPage","@id":"https:\/\/rauchfrei.at\/der-rauchfrei-telefon-jahresbericht-2019\/","url":"https:\/\/rauchfrei.at\/der-rauchfrei-telefon-jahresbericht-2019\/","name":"Der Rauchfrei Telefon Jahresbericht 2019 - Rauchfrei Telefon","isPartOf":{"@id":"https:\/\/rauchfrei.at\/#website"},"primaryImageOfPage":{"@id":"https:\/\/rauchfrei.at\/der-rauchfrei-telefon-jahresbericht-2019\/#primaryimage"},"image":{"@id":"https:\/\/rauchfrei.at\/der-rauchfrei-telefon-jahresbericht-2019\/#primaryimage"},"thumbnailUrl":"https:\/\/rauchfrei.at\/wp-content\/uploads\/Jahresbericht-2019-225x159.png","datePublished":"2020-05-18T06:00:04+00:00","author":{"@id":"https:\/\/rauchfrei.at\/#\/schema\/person\/504bbf90c5482004fc09aef6de7f9277"},"inLanguage":"en-US","potentialAction":[{"@type":"ReadAction","target":["https:\/\/rauchfrei.at\/der-rauchfrei-telefon-jahresbericht-2019\/"]}]},{"@type":"ImageObject","inLanguage":"en-US","@id":"https:\/\/rauchfrei.at\/der-rauchfrei-telefon-jahresbericht-2019\/#primaryimage","url":"https:\/\/rauchfrei.at\/wp-content\/uploads\/Jahresbericht-2019-225x159.png","contentUrl":"https:\/\/rauchfrei.at\/wp-content\/uploads\/Jahresbericht-2019-225x159.png"},{"@type":"WebSite","@id":"https:\/\/rauchfrei.at\/#website","url":"https:\/\/rauchfrei.at\/","name":"Rauchfrei Telefon","description":"Eine \u00f6sterreichweite Initiative der Sozialversicherungen.","potentialAction":[{"@type":"SearchAction","target":{"@type":"EntryPoint","urlTemplate":"https:\/\/rauchfrei.at\/?s={search_term_string}"},"query-input":{"@type":"PropertyValueSpecification","valueRequired":true,"valueName":"search_term_string"}}],"inLanguage":"en-US"},{"@type":"Person","@id":"https:\/\/rauchfrei.at\/#\/schema\/person\/504bbf90c5482004fc09aef6de7f9277","name":"Rauchfrei Team","image":{"@type":"ImageObject","inLanguage":"en-US","@id":"https:\/\/rauchfrei.at\/#\/schema\/person\/image\/","url":"https:\/\/secure.gravatar.com\/avatar\/2115b79a00800516fa1523bb5a329611f90e73e89be559131fc7e82b4fdc95ff?s=96&d=mm&r=g","contentUrl":"https:\/\/secure.gravatar.com\/avatar\/2115b79a00800516fa1523bb5a329611f90e73e89be559131fc7e82b4fdc95ff?s=96&d=mm&r=g","caption":"Rauchfrei Team"},"url":"https:\/\/rauchfrei.at\/en\/author\/rauchfrei-team\/"}]}},"_links":{"self":[{"href":"https:\/\/rauchfrei.at\/en\/wp-json\/wp\/v2\/posts\/18818","targetHints":{"allow":["GET"]}}],"collection":[{"href":"https:\/\/rauchfrei.at\/en\/wp-json\/wp\/v2\/posts"}],"about":[{"href":"https:\/\/rauchfrei.at\/en\/wp-json\/wp\/v2\/types\/post"}],"author":[{"embeddable":true,"href":"https:\/\/rauchfrei.at\/en\/wp-json\/wp\/v2\/users\/25"}],"replies":[{"embeddable":true,"href":"https:\/\/rauchfrei.at\/en\/wp-json\/wp\/v2\/comments?post=18818"}],"version-history":[{"count":5,"href":"https:\/\/rauchfrei.at\/en\/wp-json\/wp\/v2\/posts\/18818\/revisions"}],"predecessor-version":[{"id":18855,"href":"https:\/\/rauchfrei.at\/en\/wp-json\/wp\/v2\/posts\/18818\/revisions\/18855"}],"wp:attachment":[{"href":"https:\/\/rauchfrei.at\/en\/wp-json\/wp\/v2\/media?parent=18818"}],"wp:term":[{"taxonomy":"category","embeddable":true,"href":"https:\/\/rauchfrei.at\/en\/wp-json\/wp\/v2\/categories?post=18818"},{"taxonomy":"post_tag","embeddable":true,"href":"https:\/\/rauchfrei.at\/en\/wp-json\/wp\/v2\/tags?post=18818"}],"curies":[{"name":"wp","href":"https:\/\/api.w.org\/{rel}","templated":true}]}}