
{"id":18860,"date":"2020-05-25T08:00:31","date_gmt":"2020-05-25T06:00:31","guid":{"rendered":"https:\/\/rauchfrei.at\/?p=18860"},"modified":"2024-10-02T16:54:56","modified_gmt":"2024-10-02T14:54:56","slug":"weltnichtrauchertag-2020-dietabakabhaengigkeit-beginnt-in-der-jugend","status":"publish","type":"post","link":"https:\/\/rauchfrei.at\/en\/weltnichtrauchertag-2020-dietabakabhaengigkeit-beginnt-in-der-jugend\/","title":{"rendered":"Weltnichtrauchertag 2020 &#8211;\u00a0 Tabakabh\u00e4ngigkeit beginnt in der Jugend!"},"content":{"rendered":"<p>[et_pb_section fb_built=&#8221;1&#8243; module_class=&#8221;header&#8221; _builder_version=&#8221;4.16&#8243; global_colors_info=&#8221;{}&#8221;][et_pb_row _builder_version=&#8221;4.16&#8243; global_colors_info=&#8221;{}&#8221;][et_pb_column type=&#8221;4_4&#8243; _builder_version=&#8221;4.16&#8243; custom_padding=&#8221;|||&#8221; global_colors_info=&#8221;{}&#8221; custom_padding__hover=&#8221;|||&#8221;][et_pb_dp_dmb_module_10001 subheadline=&#8221;Das heurige WHO Motto ruft zum Schutz der Jugend vor Tabakabh\u00e4ngigkeit auf.&#8221; _builder_version=&#8221;4.16&#8243; global_colors_info=&#8221;{}&#8221;][\/et_pb_dp_dmb_module_10001][\/et_pb_column][\/et_pb_row][\/et_pb_section][et_pb_section fb_built=&#8221;1&#8243; _builder_version=&#8221;4.16&#8243; global_colors_info=&#8221;{}&#8221;][et_pb_row column_structure=&#8221;2_3,1_3&#8243; _builder_version=&#8221;4.16&#8243; background_size=&#8221;initial&#8221; background_position=&#8221;top_left&#8221; background_repeat=&#8221;repeat&#8221; global_colors_info=&#8221;{}&#8221;][et_pb_column type=&#8221;2_3&#8243; _builder_version=&#8221;4.16&#8243; custom_padding=&#8221;|||&#8221; global_colors_info=&#8221;{}&#8221; custom_padding__hover=&#8221;|||&#8221;][et_pb_text _builder_version=&#8221;4.23.1&#8243; hover_enabled=&#8221;0&#8243; global_colors_info=&#8221;{}&#8221; custom_padding=&#8221;||7px|||&#8221; sticky_enabled=&#8221;0&#8243;]<\/p>\n<p>Die Weltgesundheitsorganisation (WHO) und Gesundheitsexpertinnen und -experten machen j\u00e4hrlich zum Weltnichtrauchertag auf die Tabakepidemie, die Tabakpr\u00e4ventionsma\u00dfnahmen und die Fortschritte f\u00fcr eine tabakfreie Welt aufmerksam. 2020 lautet das WHO -Thema des Weltnichtrauchertags:<strong>\u201eProtecting youth from industry manipulation and preventing them from tobacco and nicotine use.\u201c Der Schutz der Jugend vor Tabakabh\u00e4ngigkeit steht heuer im Vordergrund.<\/strong><\/p>\n<p>Weltweit rauchen laut WHO 17% der jungen Menschen zwischen 15 und 24 Jahren. In \u00d6sterreich ist der Anteil sogar noch h\u00f6her \u2013 besonders was den Konsum von Wasserpfeife, E-Zigaretten etc. betrifft (vgl. <a href=\"https:\/\/www.sozialministerium.at\/Themen\/Gesundheit\/Kinder--und-Jugendgesundheit\/HBSC.html\" target=\"_blank\" rel=\"noopener noreferrer\">HBSC-Studie 2018<\/a>).<br \/>Die sensible Gruppe der Jugendlichen muss besonders gesch\u00fctzt werden, denn die Personen, die eine Abh\u00e4ngigkeit entwickeln und als Erwachsene rauchen, haben im Alter unter 20 Jahren mit dem Rauchen begonnen.<\/p>\n<p>Die Marketingstrategien der Tabakindustrie funktionieren besonders gut bei jugendlichen, probierfreudigen Konsumentinnen und Konsumenten \u2013 besonders was die Entwicklung und Gestaltung neuer Produkte, wie E-Zigaretten oder Tabakerhitzer betrifft. Dabei wird auch besonders auf Social Media Influencer gesetzt, um Produkte zu vermarkten und Werbeverbote zu umgehen. Dies ist eine Herausforderung f\u00fcr alle Tabakkontrollma\u00dfnahmen in jedem Land.<\/p>\n<p>Das Ausprobieren ist Kennzeichen des Jugendalters \u2013 dazu z\u00e4hlt meist auch die erste Zigarette. Leider bleibt es nur selten bei der ersten Zigarette. Hat man sich erst mal an das Rauchen gew\u00f6hnt, tritt schnell eine k\u00f6rperliche und psychische Abh\u00e4ngigkeit ein.<\/p>\n<p>Zigaretten sind so zusammengesetzt, dass sie sehr schnell abh\u00e4ngig machen. Menthol, Zucker, Ammoniak und \u00e4hnliche raffinierte Inhaltsstoffe sorgen daf\u00fcr, dass es einfacher ist, den Rauch zu inhalieren und das Nikotin in Sekundenschnelle ins Gehirn zu transportieren. In keiner anderen Form macht Nikotin so schnell abh\u00e4ngig wie beim Inhalieren einer Zigarette.<\/p>\n<p>Schon nach einigen Zigaretten kann sich die Abh\u00e4ngigkeit entwickeln und ein Ausstieg wird immer schwieriger.<\/p>\n<p>Um einen Einstieg in abh\u00e4ngiges Rauchen zu verhindern sind Tabakkontrollma\u00dfnahmen wie Preiserh\u00f6hungen, geringere Verf\u00fcgbarkeit (z.B. keine Zigarettenautomaten) und Werbeverbote besonders wirksam. Auch einfach verf\u00fcgbare Entw\u00f6hnangebote wie die<a href=\"http:\/\/www.rauchfreiapp.at\" target=\"_blank\" rel=\"noopener noreferrer\"><strong>\u00a0 Rauchfrei App<\/strong><\/a> oder die Telefonberatung des <strong>Rauchfrei Telefons\u00a0 <\/strong>(kostenlos unter 0800 810 013) unterst\u00fctzen Jugendliche dabei, das Rauchen fr\u00fchzeitig zu beenden.<\/p>\n<p><strong>Das Thema des Weltnichtrauchertags 2020 ist eine Chance, die Bem\u00fchungen rund um den Jugendschutz aufzuzeigen und Tabakkontrollma\u00dfnahmen zu verst\u00e4rken.<\/strong><\/p>\n<p><strong>Weitere Informationen:<\/strong><\/p>\n<p><a href=\"https:\/\/www.euro.who.int\/en\/media-centre\/events\/events\/2020\/05\/world-no-tobacco-day-2020-protecting-youth\" target=\"_blank\" rel=\"noopener noreferrer\">WHO &#8211; World No Tobacco Day 2020: protecting youth<\/a><\/p>\n<p><a href=\"https:\/\/rauchfrei.at\/aufhoeren\/tests-tools\/honc\/\" target=\"_blank\" rel=\"noopener noreferrer\">Jung und abh\u00e4ngig? &#8211; HONC Fragebogen f\u00fcr Jugendliche<\/a><\/p>\n<p><a href=\"https:\/\/rauchfrei.at\/fakten\/eltern-kinder\/mein-kind-raucht\/\" target=\"_blank\" rel=\"noopener noreferrer\">Mein Kind raucht \u2013 was soll ich tun?<\/a><\/p>\n<p>YOLO-Kampagne &#8220;Leb dein Leben. Ohne Rauch.<\/p>\n<p>[\/et_pb_text][\/et_pb_column][et_pb_column type=&#8221;1_3&#8243; _builder_version=&#8221;4.16&#8243; custom_padding=&#8221;|||&#8221; global_colors_info=&#8221;{}&#8221; custom_padding__hover=&#8221;|||&#8221;][et_pb_dp_dmb_module_10093 farbe=&#8221;blitzblau&#8221; headline=&#8221;Rauchstopp und Gewicht&#8221; image=&#8221;https:\/\/rauchfrei.at\/wp-content\/uploads\/Gain-weight.png&#8221; image_position=&#8221;center&#8221; link_text=&#8221;mehr&#8221; link_url=&#8221;https:\/\/rauchfrei.at\/aufhoeren\/schritte-zum-rauchstopp\/gewicht-verdauung-und-bewegung\/&#8221; image_size=&#8221;70&#8243; admin_label=&#8221;Rauchstopp und Gewicht&#8221; _builder_version=&#8221;3.19.15&#8243; global_module=&#8221;13171&#8243; saved_tabs=&#8221;all&#8221; global_colors_info=&#8221;{}&#8221;]<\/p>\n<p>Gewichtszunahme nach dem Rauchstopp? Das muss nicht sein!<\/p>\n<p>[\/et_pb_dp_dmb_module_10093][et_pb_dp_dmb_module_10080 link_text=&#8221;Hier eingeben, in der App speichern&#8221; link_new_tab=&#8221;on&#8221; link_url=&#8221;https:\/\/www.rauchfreiapp.at\/&#8221; admin_label=&#8221;Direkteinstieg zur App&#8221; _builder_version=&#8221;4.20.4&#8243; max_width=&#8221;100%&#8221; global_module=&#8221;13165&#8243; saved_tabs=&#8221;all&#8221; global_colors_info=&#8221;{}&#8221;]<\/p>\n<p><span lang=\"DE-AT\">Geben Sie Online Ihre Daten ein!<br \/><\/span><\/p>\n<p>[\/et_pb_dp_dmb_module_10080][\/et_pb_column][\/et_pb_row][\/et_pb_section]<\/p>\n","protected":false},"excerpt":{"rendered":"<p>Erwachsene abh\u00e4ngige Raucher\/innen haben meist in der Jugend damit begonnen. Der diesj\u00e4hrige Weltnichtrauchertag am 31. Mai soll aufzeigen, wie junge Menschen darin best\u00e4rkt werden k\u00f6nnen, Verantwortung f\u00fcr ihre Gesundheit zu \u00fcbernehmen und nicht in die Tabakabh\u00e4ngigkeit zu geraten. Die WHO ruft damit auch zu verst\u00e4rkten Tabakkontrollma\u00dfnahmen auf, um diese sensible Gruppe zu sch\u00fctzen.<\/p>\n","protected":false},"author":25,"featured_media":0,"comment_status":"open","ping_status":"open","sticky":false,"template":"","format":"standard","meta":{"_et_pb_use_builder":"on","_et_pb_old_content":"","_et_gb_content_width":"","footnotes":""},"categories":[235,236,233],"tags":[],"class_list":["post-18860","post","type-post","status-publish","format-standard","hentry","category-gesundheit-und-rauchstopp","category-nicht-kategorisiert","category-unterstuetzung-beim-rauchstopp"],"yoast_head":"<!-- This site is optimized with the Yoast SEO plugin v26.2 - https:\/\/yoast.com\/wordpress\/plugins\/seo\/ -->\n<title>Weltnichtrauchertag 2020 -\u00a0 Tabakabh\u00e4ngigkeit beginnt in der Jugend! - Rauchfrei Telefon<\/title>\n<meta name=\"robots\" content=\"index, follow, max-snippet:-1, max-image-preview:large, max-video-preview:-1\" \/>\n<link rel=\"canonical\" href=\"https:\/\/rauchfrei.at\/weltnichtrauchertag-2020-dietabakabhaengigkeit-beginnt-in-der-jugend\/\" \/>\n<meta property=\"og:locale\" content=\"en_US\" \/>\n<meta property=\"og:type\" content=\"article\" \/>\n<meta property=\"og:title\" content=\"Weltnichtrauchertag 2020 -\u00a0 Tabakabh\u00e4ngigkeit beginnt in der Jugend! - Rauchfrei Telefon\" \/>\n<meta property=\"og:description\" content=\"Erwachsene abh\u00e4ngige Raucher\/innen haben meist in der Jugend damit begonnen. Der diesj\u00e4hrige Weltnichtrauchertag am 31. Mai soll aufzeigen, wie junge Menschen darin best\u00e4rkt werden k\u00f6nnen, Verantwortung f\u00fcr ihre Gesundheit zu \u00fcbernehmen und nicht in die Tabakabh\u00e4ngigkeit zu geraten. Die WHO ruft damit auch zu verst\u00e4rkten Tabakkontrollma\u00dfnahmen auf, um diese sensible Gruppe zu sch\u00fctzen.\" \/>\n<meta property=\"og:url\" content=\"https:\/\/rauchfrei.at\/weltnichtrauchertag-2020-dietabakabhaengigkeit-beginnt-in-der-jugend\/\" \/>\n<meta property=\"og:site_name\" content=\"Rauchfrei Telefon\" \/>\n<meta property=\"article:published_time\" content=\"2020-05-25T06:00:31+00:00\" \/>\n<meta property=\"article:modified_time\" content=\"2024-10-02T14:54:56+00:00\" \/>\n<meta name=\"author\" content=\"Rauchfrei Team\" \/>\n<meta name=\"twitter:card\" content=\"summary_large_image\" \/>\n<meta name=\"twitter:label1\" content=\"Written by\" \/>\n\t<meta name=\"twitter:data1\" content=\"Rauchfrei Team\" \/>\n\t<meta name=\"twitter:label2\" content=\"Est. reading time\" \/>\n\t<meta name=\"twitter:data2\" content=\"3 minutes\" \/>\n<script type=\"application\/ld+json\" class=\"yoast-schema-graph\">{\"@context\":\"https:\/\/schema.org\",\"@graph\":[{\"@type\":\"WebPage\",\"@id\":\"https:\/\/rauchfrei.at\/weltnichtrauchertag-2020-dietabakabhaengigkeit-beginnt-in-der-jugend\/\",\"url\":\"https:\/\/rauchfrei.at\/weltnichtrauchertag-2020-dietabakabhaengigkeit-beginnt-in-der-jugend\/\",\"name\":\"Weltnichtrauchertag 2020 -\u00a0 Tabakabh\u00e4ngigkeit beginnt in der Jugend! - Rauchfrei Telefon\",\"isPartOf\":{\"@id\":\"https:\/\/rauchfrei.at\/#website\"},\"datePublished\":\"2020-05-25T06:00:31+00:00\",\"dateModified\":\"2024-10-02T14:54:56+00:00\",\"author\":{\"@id\":\"https:\/\/rauchfrei.at\/#\/schema\/person\/504bbf90c5482004fc09aef6de7f9277\"},\"inLanguage\":\"en-US\",\"potentialAction\":[{\"@type\":\"ReadAction\",\"target\":[\"https:\/\/rauchfrei.at\/weltnichtrauchertag-2020-dietabakabhaengigkeit-beginnt-in-der-jugend\/\"]}]},{\"@type\":\"WebSite\",\"@id\":\"https:\/\/rauchfrei.at\/#website\",\"url\":\"https:\/\/rauchfrei.at\/\",\"name\":\"Rauchfrei Telefon\",\"description\":\"Eine \u00f6sterreichweite Initiative der Sozialversicherungen.\",\"potentialAction\":[{\"@type\":\"SearchAction\",\"target\":{\"@type\":\"EntryPoint\",\"urlTemplate\":\"https:\/\/rauchfrei.at\/?s={search_term_string}\"},\"query-input\":{\"@type\":\"PropertyValueSpecification\",\"valueRequired\":true,\"valueName\":\"search_term_string\"}}],\"inLanguage\":\"en-US\"},{\"@type\":\"Person\",\"@id\":\"https:\/\/rauchfrei.at\/#\/schema\/person\/504bbf90c5482004fc09aef6de7f9277\",\"name\":\"Rauchfrei Team\",\"image\":{\"@type\":\"ImageObject\",\"inLanguage\":\"en-US\",\"@id\":\"https:\/\/rauchfrei.at\/#\/schema\/person\/image\/\",\"url\":\"https:\/\/secure.gravatar.com\/avatar\/2115b79a00800516fa1523bb5a329611f90e73e89be559131fc7e82b4fdc95ff?s=96&d=mm&r=g\",\"contentUrl\":\"https:\/\/secure.gravatar.com\/avatar\/2115b79a00800516fa1523bb5a329611f90e73e89be559131fc7e82b4fdc95ff?s=96&d=mm&r=g\",\"caption\":\"Rauchfrei Team\"},\"url\":\"https:\/\/rauchfrei.at\/en\/author\/rauchfrei-team\/\"}]}<\/script>\n<!-- \/ Yoast SEO plugin. -->","yoast_head_json":{"title":"Weltnichtrauchertag 2020 -\u00a0 Tabakabh\u00e4ngigkeit beginnt in der Jugend! - Rauchfrei Telefon","robots":{"index":"index","follow":"follow","max-snippet":"max-snippet:-1","max-image-preview":"max-image-preview:large","max-video-preview":"max-video-preview:-1"},"canonical":"https:\/\/rauchfrei.at\/weltnichtrauchertag-2020-dietabakabhaengigkeit-beginnt-in-der-jugend\/","og_locale":"en_US","og_type":"article","og_title":"Weltnichtrauchertag 2020 -\u00a0 Tabakabh\u00e4ngigkeit beginnt in der Jugend! - Rauchfrei Telefon","og_description":"Erwachsene abh\u00e4ngige Raucher\/innen haben meist in der Jugend damit begonnen. Der diesj\u00e4hrige Weltnichtrauchertag am 31. Mai soll aufzeigen, wie junge Menschen darin best\u00e4rkt werden k\u00f6nnen, Verantwortung f\u00fcr ihre Gesundheit zu \u00fcbernehmen und nicht in die Tabakabh\u00e4ngigkeit zu geraten. Die WHO ruft damit auch zu verst\u00e4rkten Tabakkontrollma\u00dfnahmen auf, um diese sensible Gruppe zu sch\u00fctzen.","og_url":"https:\/\/rauchfrei.at\/weltnichtrauchertag-2020-dietabakabhaengigkeit-beginnt-in-der-jugend\/","og_site_name":"Rauchfrei Telefon","article_published_time":"2020-05-25T06:00:31+00:00","article_modified_time":"2024-10-02T14:54:56+00:00","author":"Rauchfrei Team","twitter_card":"summary_large_image","twitter_misc":{"Written by":"Rauchfrei Team","Est. reading time":"3 minutes"},"schema":{"@context":"https:\/\/schema.org","@graph":[{"@type":"WebPage","@id":"https:\/\/rauchfrei.at\/weltnichtrauchertag-2020-dietabakabhaengigkeit-beginnt-in-der-jugend\/","url":"https:\/\/rauchfrei.at\/weltnichtrauchertag-2020-dietabakabhaengigkeit-beginnt-in-der-jugend\/","name":"Weltnichtrauchertag 2020 -\u00a0 Tabakabh\u00e4ngigkeit beginnt in der Jugend! - Rauchfrei Telefon","isPartOf":{"@id":"https:\/\/rauchfrei.at\/#website"},"datePublished":"2020-05-25T06:00:31+00:00","dateModified":"2024-10-02T14:54:56+00:00","author":{"@id":"https:\/\/rauchfrei.at\/#\/schema\/person\/504bbf90c5482004fc09aef6de7f9277"},"inLanguage":"en-US","potentialAction":[{"@type":"ReadAction","target":["https:\/\/rauchfrei.at\/weltnichtrauchertag-2020-dietabakabhaengigkeit-beginnt-in-der-jugend\/"]}]},{"@type":"WebSite","@id":"https:\/\/rauchfrei.at\/#website","url":"https:\/\/rauchfrei.at\/","name":"Rauchfrei Telefon","description":"Eine \u00f6sterreichweite Initiative der Sozialversicherungen.","potentialAction":[{"@type":"SearchAction","target":{"@type":"EntryPoint","urlTemplate":"https:\/\/rauchfrei.at\/?s={search_term_string}"},"query-input":{"@type":"PropertyValueSpecification","valueRequired":true,"valueName":"search_term_string"}}],"inLanguage":"en-US"},{"@type":"Person","@id":"https:\/\/rauchfrei.at\/#\/schema\/person\/504bbf90c5482004fc09aef6de7f9277","name":"Rauchfrei Team","image":{"@type":"ImageObject","inLanguage":"en-US","@id":"https:\/\/rauchfrei.at\/#\/schema\/person\/image\/","url":"https:\/\/secure.gravatar.com\/avatar\/2115b79a00800516fa1523bb5a329611f90e73e89be559131fc7e82b4fdc95ff?s=96&d=mm&r=g","contentUrl":"https:\/\/secure.gravatar.com\/avatar\/2115b79a00800516fa1523bb5a329611f90e73e89be559131fc7e82b4fdc95ff?s=96&d=mm&r=g","caption":"Rauchfrei Team"},"url":"https:\/\/rauchfrei.at\/en\/author\/rauchfrei-team\/"}]}},"_links":{"self":[{"href":"https:\/\/rauchfrei.at\/en\/wp-json\/wp\/v2\/posts\/18860","targetHints":{"allow":["GET"]}}],"collection":[{"href":"https:\/\/rauchfrei.at\/en\/wp-json\/wp\/v2\/posts"}],"about":[{"href":"https:\/\/rauchfrei.at\/en\/wp-json\/wp\/v2\/types\/post"}],"author":[{"embeddable":true,"href":"https:\/\/rauchfrei.at\/en\/wp-json\/wp\/v2\/users\/25"}],"replies":[{"embeddable":true,"href":"https:\/\/rauchfrei.at\/en\/wp-json\/wp\/v2\/comments?post=18860"}],"version-history":[{"count":6,"href":"https:\/\/rauchfrei.at\/en\/wp-json\/wp\/v2\/posts\/18860\/revisions"}],"predecessor-version":[{"id":29870,"href":"https:\/\/rauchfrei.at\/en\/wp-json\/wp\/v2\/posts\/18860\/revisions\/29870"}],"wp:attachment":[{"href":"https:\/\/rauchfrei.at\/en\/wp-json\/wp\/v2\/media?parent=18860"}],"wp:term":[{"taxonomy":"category","embeddable":true,"href":"https:\/\/rauchfrei.at\/en\/wp-json\/wp\/v2\/categories?post=18860"},{"taxonomy":"post_tag","embeddable":true,"href":"https:\/\/rauchfrei.at\/en\/wp-json\/wp\/v2\/tags?post=18860"}],"curies":[{"name":"wp","href":"https:\/\/api.w.org\/{rel}","templated":true}]}}