
{"id":18924,"date":"2020-06-22T08:00:11","date_gmt":"2020-06-22T06:00:11","guid":{"rendered":"https:\/\/rauchfrei.at\/?p=18924"},"modified":"2020-06-24T10:36:04","modified_gmt":"2020-06-24T08:36:04","slug":"ihre-augen-rauchen-mit","status":"publish","type":"post","link":"https:\/\/rauchfrei.at\/en\/ihre-augen-rauchen-mit\/","title":{"rendered":"Ihre Augen rauchen mit"},"content":{"rendered":"<p>[et_pb_section fb_built=&#8221;1&#8243; module_class=&#8221;header&#8221; _builder_version=&#8221;3.22&#8243;][et_pb_row _builder_version=&#8221;3.25&#8243;][et_pb_column type=&#8221;4_4&#8243; _builder_version=&#8221;3.25&#8243; custom_padding=&#8221;|||&#8221; custom_padding__hover=&#8221;|||&#8221;][et_pb_dp_dmb_module_10001 subheadline=&#8221;Welchen Einfluss hat das Rauchen auf die Sehkraft?&#8221; _builder_version=&#8221;4.4.3&#8243; z_index_tablet=&#8221;500&#8243;][\/et_pb_dp_dmb_module_10001][\/et_pb_column][\/et_pb_row][\/et_pb_section][et_pb_section fb_built=&#8221;1&#8243; _builder_version=&#8221;3.22&#8243; custom_padding=&#8221;30px|||&#8221;][et_pb_row column_structure=&#8221;2_3,1_3&#8243; _builder_version=&#8221;3.25&#8243;][et_pb_column type=&#8221;2_3&#8243; module_class=&#8221;blog-content&#8221; _builder_version=&#8221;3.25&#8243; custom_padding=&#8221;|||&#8221; custom_padding__hover=&#8221;|||&#8221;][et_pb_text _builder_version=&#8221;4.4.3&#8243; hover_enabled=&#8221;0&#8243;]<\/p>\n<p>Rauchen beeinflusst viele Bereiche im K\u00f6rper. Dass es auch negative Auswirkungen auf das Auge und die Sehkraft hat, ist noch nicht allgemein bekannt.<\/p>\n<p>Hier ist eine kleine Auswahl an Punkten zusammengefasst, durch die Rauchen negativ auf die Augen wirkt:<\/p>\n<ul>\n<li>Durch das Rauchen altern Augen schneller. Aufgrund der Zusatzstoffe in der Zigarette, wie etwa Kupfer oder Blei, kommt es zu einer vorzeitigen Tr\u00fcbung der Linsen.<\/li>\n<li>Bei Raucherinnen und Rauchern treten trockene Augen und alle damit zusammenh\u00e4ngenden Folgen viel h\u00e4ufiger auf, da die Schutzschicht des Auges, der sogenannte Tr\u00e4nenfilm, beeintr\u00e4chtigt wird.<\/li>\n<li>Die Durchblutung des Auges wird eingeschr\u00e4nkt, da die freigesetzten Gifte die Nervenzellen der Netzhaut sch\u00e4digen und die Gef\u00e4\u00dfw\u00e4nde verdicken. Die Folge ist, dass das Auge nicht mehr ausreichend mit Sauerstoff versorgt wird und Sehzellen absterben.<\/li>\n<\/ul>\n<p>Gerade bei Raucherinnen und Rauchern, die schon seit viele Jahren rauchen, steigt die Wahrscheinlichkeit von Erkrankungen des Auges aufgrund des Rauchens (z.B. grauer Star). Auch kann eine negative Beeinflussung des Verlaufs diverser Erkrankungen beobachtet werden. So tritt die altersbedingte Makuladegeneration bei rauchenden Personen doppelt so h\u00e4ufig auf, wie bei Nichtraucherinnen und Nichtrauchern.<\/p>\n<p>Auch Passivrauch beeinflusst die H\u00e4ufigkeit dieser Erkrankung. Personen, die zumindest f\u00fcnf Jahre mit einem Raucher, einer Raucherin zusammengelebt haben und daher vermehrt Passivrauch ausgesetzt waren, haben eine deutlich h\u00f6here Wahrscheinlichkeit, an der altersbedingten Makuladegeneration zu erkranken. Die Folgen dieser Erkrankung reichen von stark eingeschr\u00e4nkter Sehkraft bis hin zur Erblindung.<\/p>\n<p><img loading=\"lazy\" decoding=\"async\" class=\"wp-image-18926 alignnone size-large\" src=\"https:\/\/rauchfrei.at\/wp-content\/uploads\/shutterstock_1143520484-480x319.jpg\" alt=\"\" width=\"480\" height=\"319\" \/>\u00a0 (C) (Shutterstock)<\/p>\n<p>Rauchen gilt als wichtigster und h\u00e4ufigster Risikofaktor f\u00fcr Erblindung. Diesen Risikofaktor k\u00f6nnen Sie selber kontrollieren. Erhalten Sie sich Ihre Sehkraft und werden Sie rauchfrei!<\/p>\n<p><strong>Quelle:<\/strong><\/p>\n<p><a href=\"https:\/\/www.blickcheck.de\/auge\/krankheiten-und-sehstoerungen\/ist-rauchen-schaedlich-fuer-die-augen\/\">https:\/\/www.blickcheck.de\/auge\/krankheiten-und-sehstoerungen\/ist-rauchen-schaedlich-fuer-die-augen\/<\/a><\/p>\n<p><a href=\"https:\/\/kurier.at\/gesund\/erhoehte-gefahr-zu-erblinden-rauchen-schaedigt-auch-die-augen\/400539881\">https:\/\/kurier.at\/gesund\/erhoehte-gefahr-zu-erblinden-rauchen-schaedigt-auch-die-augen\/400539881<\/a><\/p>\n<p>[\/et_pb_text][et_pb_post_nav in_same_term=&#8221;off&#8221; _builder_version=&#8221;3.0.99&#8243;][\/et_pb_post_nav][\/et_pb_column][et_pb_column type=&#8221;1_3&#8243; module_class=&#8221;cat-and-tag&#8221; _builder_version=&#8221;3.25&#8243; custom_padding=&#8221;|||&#8221; custom_padding__hover=&#8221;|||&#8221;][et_pb_sidebar area=&#8221;et_pb_widget_area_1&#8243; _builder_version=&#8221;3.0.99&#8243;][\/et_pb_sidebar][et_pb_dp_dmb_module_10093 farbe=&#8221;blitzgelb&#8221; headline=&#8221;Trauen Sie sich den Rauchstopp zu!&#8221; image=&#8221;https:\/\/rauchfrei.at\/wp-content\/uploads\/Quitting-Yellow.png&#8221; image_position=&#8221;center&#8221; link_text=&#8221;mehr&#8221; link_url=&#8221;https:\/\/rauchfrei.at\/aufhoeren\/schritte-zum-rauchstopp\/trauen-sie-sich-den-rauchstopp-zu\/&#8221; image_size=&#8221;90&#8243; admin_label=&#8221;Trauen Sie sich den Rauchstopp zu&#8221; _builder_version=&#8221;3.19.15&#8243; global_module=&#8221;13173&#8243; saved_tabs=&#8221;all&#8221;]<\/p>\n<p>Sie m\u00f6chten etwas \u00e4ndern? Worauf warten Sie noch?<\/p>\n<p>[\/et_pb_dp_dmb_module_10093][et_pb_dp_dmb_module_10093 farbe=&#8221;blitzblau&#8221; headline=&#8221;Passivrauch&#8221; image=&#8221;https:\/\/rauchfrei.at\/wp-content\/uploads\/passivrauch-rauchfrei-fuer-alle.png&#8221; image_position=&#8221;center&#8221; link_text=&#8221;mehr&#8221; link_url=&#8221;https:\/\/rauchfrei.at\/fakten\/passivrauch\/&#8221; image_size=&#8221;70&#8243; admin_label=&#8221;Passivrauch&#8221; _builder_version=&#8221;3.19.15&#8243; global_module=&#8221;13172&#8243; saved_tabs=&#8221;all&#8221;]<\/p>\n<p>Rauch ist giftig, niemand sollte ihn einatmen!<\/p>\n<p>[\/et_pb_dp_dmb_module_10093][\/et_pb_column][\/et_pb_row][\/et_pb_section]<\/p>\n","protected":false},"excerpt":{"rendered":"<p>Auf die Frage, welche Auswirkungen das Rauchen auf den K\u00f6rper hat, nennen die meisten Personen Organe, wie die Lunge oder das Herz. Ein Organ wird h\u00e4ufig \u00fcbersehen: die Auswirkungen des Rauchens auf das Auge sind wenig bekannt. Auch hier gibt es gute Belege, wie stark Rauchen die Sehkraft beeinflusst und Erkrankungen am Auge verursacht.<\/p>\n","protected":false},"author":25,"featured_media":0,"comment_status":"open","ping_status":"open","sticky":false,"template":"","format":"standard","meta":{"_et_pb_use_builder":"on","_et_pb_old_content":"","_et_gb_content_width":"","footnotes":""},"categories":[235],"tags":[],"class_list":["post-18924","post","type-post","status-publish","format-standard","hentry","category-gesundheit-und-rauchstopp"],"yoast_head":"<!-- This site is optimized with the Yoast SEO plugin v26.2 - https:\/\/yoast.com\/wordpress\/plugins\/seo\/ -->\n<title>Ihre Augen rauchen mit - Rauchfrei Telefon<\/title>\n<meta name=\"robots\" content=\"index, follow, max-snippet:-1, max-image-preview:large, max-video-preview:-1\" \/>\n<link rel=\"canonical\" href=\"https:\/\/rauchfrei.at\/ihre-augen-rauchen-mit\/\" \/>\n<meta property=\"og:locale\" content=\"en_US\" \/>\n<meta property=\"og:type\" content=\"article\" \/>\n<meta property=\"og:title\" content=\"Ihre Augen rauchen mit - Rauchfrei Telefon\" \/>\n<meta property=\"og:description\" content=\"Auf die Frage, welche Auswirkungen das Rauchen auf den K\u00f6rper hat, nennen die meisten Personen Organe, wie die Lunge oder das Herz. Ein Organ wird h\u00e4ufig \u00fcbersehen: die Auswirkungen des Rauchens auf das Auge sind wenig bekannt. Auch hier gibt es gute Belege, wie stark Rauchen die Sehkraft beeinflusst und Erkrankungen am Auge verursacht.\" \/>\n<meta property=\"og:url\" content=\"https:\/\/rauchfrei.at\/ihre-augen-rauchen-mit\/\" \/>\n<meta property=\"og:site_name\" content=\"Rauchfrei Telefon\" \/>\n<meta property=\"article:published_time\" content=\"2020-06-22T06:00:11+00:00\" \/>\n<meta property=\"article:modified_time\" content=\"2020-06-24T08:36:04+00:00\" \/>\n<meta property=\"og:image\" content=\"https:\/\/rauchfrei.at\/wp-content\/uploads\/shutterstock_1143520484-480x319.jpg\" \/>\n<meta name=\"author\" content=\"Rauchfrei Team\" \/>\n<meta name=\"twitter:card\" content=\"summary_large_image\" \/>\n<meta name=\"twitter:label1\" content=\"Written by\" \/>\n\t<meta name=\"twitter:data1\" content=\"Rauchfrei Team\" \/>\n\t<meta name=\"twitter:label2\" content=\"Est. reading time\" \/>\n\t<meta name=\"twitter:data2\" content=\"3 minutes\" \/>\n<script type=\"application\/ld+json\" class=\"yoast-schema-graph\">{\"@context\":\"https:\/\/schema.org\",\"@graph\":[{\"@type\":\"WebPage\",\"@id\":\"https:\/\/rauchfrei.at\/ihre-augen-rauchen-mit\/\",\"url\":\"https:\/\/rauchfrei.at\/ihre-augen-rauchen-mit\/\",\"name\":\"Ihre Augen rauchen mit - Rauchfrei Telefon\",\"isPartOf\":{\"@id\":\"https:\/\/rauchfrei.at\/#website\"},\"primaryImageOfPage\":{\"@id\":\"https:\/\/rauchfrei.at\/ihre-augen-rauchen-mit\/#primaryimage\"},\"image\":{\"@id\":\"https:\/\/rauchfrei.at\/ihre-augen-rauchen-mit\/#primaryimage\"},\"thumbnailUrl\":\"https:\/\/rauchfrei.at\/wp-content\/uploads\/shutterstock_1143520484-480x319.jpg\",\"datePublished\":\"2020-06-22T06:00:11+00:00\",\"dateModified\":\"2020-06-24T08:36:04+00:00\",\"author\":{\"@id\":\"https:\/\/rauchfrei.at\/#\/schema\/person\/504bbf90c5482004fc09aef6de7f9277\"},\"inLanguage\":\"en-US\",\"potentialAction\":[{\"@type\":\"ReadAction\",\"target\":[\"https:\/\/rauchfrei.at\/ihre-augen-rauchen-mit\/\"]}]},{\"@type\":\"ImageObject\",\"inLanguage\":\"en-US\",\"@id\":\"https:\/\/rauchfrei.at\/ihre-augen-rauchen-mit\/#primaryimage\",\"url\":\"https:\/\/rauchfrei.at\/wp-content\/uploads\/shutterstock_1143520484-480x319.jpg\",\"contentUrl\":\"https:\/\/rauchfrei.at\/wp-content\/uploads\/shutterstock_1143520484-480x319.jpg\"},{\"@type\":\"WebSite\",\"@id\":\"https:\/\/rauchfrei.at\/#website\",\"url\":\"https:\/\/rauchfrei.at\/\",\"name\":\"Rauchfrei Telefon\",\"description\":\"Eine \u00f6sterreichweite Initiative der Sozialversicherungen.\",\"potentialAction\":[{\"@type\":\"SearchAction\",\"target\":{\"@type\":\"EntryPoint\",\"urlTemplate\":\"https:\/\/rauchfrei.at\/?s={search_term_string}\"},\"query-input\":{\"@type\":\"PropertyValueSpecification\",\"valueRequired\":true,\"valueName\":\"search_term_string\"}}],\"inLanguage\":\"en-US\"},{\"@type\":\"Person\",\"@id\":\"https:\/\/rauchfrei.at\/#\/schema\/person\/504bbf90c5482004fc09aef6de7f9277\",\"name\":\"Rauchfrei Team\",\"image\":{\"@type\":\"ImageObject\",\"inLanguage\":\"en-US\",\"@id\":\"https:\/\/rauchfrei.at\/#\/schema\/person\/image\/\",\"url\":\"https:\/\/secure.gravatar.com\/avatar\/2115b79a00800516fa1523bb5a329611f90e73e89be559131fc7e82b4fdc95ff?s=96&d=mm&r=g\",\"contentUrl\":\"https:\/\/secure.gravatar.com\/avatar\/2115b79a00800516fa1523bb5a329611f90e73e89be559131fc7e82b4fdc95ff?s=96&d=mm&r=g\",\"caption\":\"Rauchfrei Team\"},\"url\":\"https:\/\/rauchfrei.at\/en\/author\/rauchfrei-team\/\"}]}<\/script>\n<!-- \/ Yoast SEO plugin. -->","yoast_head_json":{"title":"Ihre Augen rauchen mit - Rauchfrei Telefon","robots":{"index":"index","follow":"follow","max-snippet":"max-snippet:-1","max-image-preview":"max-image-preview:large","max-video-preview":"max-video-preview:-1"},"canonical":"https:\/\/rauchfrei.at\/ihre-augen-rauchen-mit\/","og_locale":"en_US","og_type":"article","og_title":"Ihre Augen rauchen mit - Rauchfrei Telefon","og_description":"Auf die Frage, welche Auswirkungen das Rauchen auf den K\u00f6rper hat, nennen die meisten Personen Organe, wie die Lunge oder das Herz. Ein Organ wird h\u00e4ufig \u00fcbersehen: die Auswirkungen des Rauchens auf das Auge sind wenig bekannt. Auch hier gibt es gute Belege, wie stark Rauchen die Sehkraft beeinflusst und Erkrankungen am Auge verursacht.","og_url":"https:\/\/rauchfrei.at\/ihre-augen-rauchen-mit\/","og_site_name":"Rauchfrei Telefon","article_published_time":"2020-06-22T06:00:11+00:00","article_modified_time":"2020-06-24T08:36:04+00:00","og_image":[{"url":"https:\/\/rauchfrei.at\/wp-content\/uploads\/shutterstock_1143520484-480x319.jpg","type":"","width":"","height":""}],"author":"Rauchfrei Team","twitter_card":"summary_large_image","twitter_misc":{"Written by":"Rauchfrei Team","Est. reading time":"3 minutes"},"schema":{"@context":"https:\/\/schema.org","@graph":[{"@type":"WebPage","@id":"https:\/\/rauchfrei.at\/ihre-augen-rauchen-mit\/","url":"https:\/\/rauchfrei.at\/ihre-augen-rauchen-mit\/","name":"Ihre Augen rauchen mit - Rauchfrei Telefon","isPartOf":{"@id":"https:\/\/rauchfrei.at\/#website"},"primaryImageOfPage":{"@id":"https:\/\/rauchfrei.at\/ihre-augen-rauchen-mit\/#primaryimage"},"image":{"@id":"https:\/\/rauchfrei.at\/ihre-augen-rauchen-mit\/#primaryimage"},"thumbnailUrl":"https:\/\/rauchfrei.at\/wp-content\/uploads\/shutterstock_1143520484-480x319.jpg","datePublished":"2020-06-22T06:00:11+00:00","dateModified":"2020-06-24T08:36:04+00:00","author":{"@id":"https:\/\/rauchfrei.at\/#\/schema\/person\/504bbf90c5482004fc09aef6de7f9277"},"inLanguage":"en-US","potentialAction":[{"@type":"ReadAction","target":["https:\/\/rauchfrei.at\/ihre-augen-rauchen-mit\/"]}]},{"@type":"ImageObject","inLanguage":"en-US","@id":"https:\/\/rauchfrei.at\/ihre-augen-rauchen-mit\/#primaryimage","url":"https:\/\/rauchfrei.at\/wp-content\/uploads\/shutterstock_1143520484-480x319.jpg","contentUrl":"https:\/\/rauchfrei.at\/wp-content\/uploads\/shutterstock_1143520484-480x319.jpg"},{"@type":"WebSite","@id":"https:\/\/rauchfrei.at\/#website","url":"https:\/\/rauchfrei.at\/","name":"Rauchfrei Telefon","description":"Eine \u00f6sterreichweite Initiative der Sozialversicherungen.","potentialAction":[{"@type":"SearchAction","target":{"@type":"EntryPoint","urlTemplate":"https:\/\/rauchfrei.at\/?s={search_term_string}"},"query-input":{"@type":"PropertyValueSpecification","valueRequired":true,"valueName":"search_term_string"}}],"inLanguage":"en-US"},{"@type":"Person","@id":"https:\/\/rauchfrei.at\/#\/schema\/person\/504bbf90c5482004fc09aef6de7f9277","name":"Rauchfrei Team","image":{"@type":"ImageObject","inLanguage":"en-US","@id":"https:\/\/rauchfrei.at\/#\/schema\/person\/image\/","url":"https:\/\/secure.gravatar.com\/avatar\/2115b79a00800516fa1523bb5a329611f90e73e89be559131fc7e82b4fdc95ff?s=96&d=mm&r=g","contentUrl":"https:\/\/secure.gravatar.com\/avatar\/2115b79a00800516fa1523bb5a329611f90e73e89be559131fc7e82b4fdc95ff?s=96&d=mm&r=g","caption":"Rauchfrei Team"},"url":"https:\/\/rauchfrei.at\/en\/author\/rauchfrei-team\/"}]}},"_links":{"self":[{"href":"https:\/\/rauchfrei.at\/en\/wp-json\/wp\/v2\/posts\/18924","targetHints":{"allow":["GET"]}}],"collection":[{"href":"https:\/\/rauchfrei.at\/en\/wp-json\/wp\/v2\/posts"}],"about":[{"href":"https:\/\/rauchfrei.at\/en\/wp-json\/wp\/v2\/types\/post"}],"author":[{"embeddable":true,"href":"https:\/\/rauchfrei.at\/en\/wp-json\/wp\/v2\/users\/25"}],"replies":[{"embeddable":true,"href":"https:\/\/rauchfrei.at\/en\/wp-json\/wp\/v2\/comments?post=18924"}],"version-history":[{"count":5,"href":"https:\/\/rauchfrei.at\/en\/wp-json\/wp\/v2\/posts\/18924\/revisions"}],"predecessor-version":[{"id":19102,"href":"https:\/\/rauchfrei.at\/en\/wp-json\/wp\/v2\/posts\/18924\/revisions\/19102"}],"wp:attachment":[{"href":"https:\/\/rauchfrei.at\/en\/wp-json\/wp\/v2\/media?parent=18924"}],"wp:term":[{"taxonomy":"category","embeddable":true,"href":"https:\/\/rauchfrei.at\/en\/wp-json\/wp\/v2\/categories?post=18924"},{"taxonomy":"post_tag","embeddable":true,"href":"https:\/\/rauchfrei.at\/en\/wp-json\/wp\/v2\/tags?post=18924"}],"curies":[{"name":"wp","href":"https:\/\/api.w.org\/{rel}","templated":true}]}}