
{"id":19009,"date":"2020-06-15T08:00:25","date_gmt":"2020-06-15T06:00:25","guid":{"rendered":"https:\/\/rauchfrei.at\/?p=19009"},"modified":"2020-06-14T21:42:10","modified_gmt":"2020-06-14T19:42:10","slug":"das-13-netzwerktreffen-deutschsprachiger-rauchstopptelefone-diesmal-online","status":"publish","type":"post","link":"https:\/\/rauchfrei.at\/en\/das-13-netzwerktreffen-deutschsprachiger-rauchstopptelefone-diesmal-online\/","title":{"rendered":"Das 13. Netzwerktreffen deutschsprachiger Rauchstopptelefone\u00a0\u2013 diesmal online!"},"content":{"rendered":"<p>[et_pb_section fb_built=&#8221;1&#8243; module_class=&#8221;header&#8221; _builder_version=&#8221;3.22&#8243;][et_pb_row _builder_version=&#8221;3.25&#8243;][et_pb_column type=&#8221;4_4&#8243; _builder_version=&#8221;3.25&#8243; custom_padding=&#8221;|||&#8221; custom_padding__hover=&#8221;|||&#8221;][et_pb_dp_dmb_module_10001 _builder_version=&#8221;4.4.3&#8243;][\/et_pb_dp_dmb_module_10001][\/et_pb_column][\/et_pb_row][\/et_pb_section][et_pb_section fb_built=&#8221;1&#8243; _builder_version=&#8221;3.22&#8243; custom_padding=&#8221;30px|||&#8221;][et_pb_row column_structure=&#8221;2_3,1_3&#8243; _builder_version=&#8221;3.25&#8243;][et_pb_column type=&#8221;2_3&#8243; module_class=&#8221;blog-content&#8221; _builder_version=&#8221;3.25&#8243; custom_padding=&#8221;|||&#8221; custom_padding__hover=&#8221;|||&#8221;][et_pb_text _builder_version=&#8221;4.4.3&#8243; hover_enabled=&#8221;0&#8243;]<\/p>\n<p>Vergangene Woche fand das 13. Netzwerktreffen deutschsprachiger Rauchstopptelefone statt.<\/p>\n<p>Das Netzwerk deutschsprachiger Rauchstopptelefone besteht seit 13 Jahren und hat den Wissens- und Erfahrungsaustausch der Telefonberatungen zur Tabakentw\u00f6hnung zum Ziel.<\/p>\n<p>Urspr\u00fcnglich war geplant, das Treffen der Kollegen aus Deutschland, Schweiz und \u00d6sterreich dieses Jahr in K\u00f6ln zu veranstalten. Es wurde dann in den virtuellen Raum verlagert.<\/p>\n<p><img decoding=\"async\" src=\"https:\/\/rauchfrei.at\/wp-content\/uploads\/103133871_3274941869203508_772411960852023656_o.jpg\" \/><br \/>(C) Rauchfrei Telefon<\/p>\n<p>Die Vortr\u00e4ge und Diskussionen waren trotz coronabedingtem virtuellem Treffen nicht weniger wertvoll f\u00fcr die Beratungspraxis. So standen unter anderem die Neuigkeiten aus der Wissenschaft und dem NAQC (North America Quitline Consortium) auf der Agenda.<\/p>\n<p>Auch wurde auf die speziellen Angebote in der Tabakentw\u00f6hnung zur au\u00dfergew\u00f6hnlichen Zeit der Corona Pandemie in den jeweiligen L\u00e4ndern eingegangen. Der Zusammenhang zwischen Rauchen, Lungengesundheit und Corona war ein neues Rauchstoppmotiv in der Beratung in allen L\u00e4ndern.<\/p>\n<p>Die Arbeitsgemeinschaft Tabakpr\u00e4vention Schweiz startete vor dem Hintergrund der Coronakrise eine Informationskampagne zu Tabak- und Nikotinprodukten. Dabei animiert deren Plattform <a href=\"http:\/\/Stopsmoking.ch\" target=\"_blank\" rel=\"noopener noreferrer\">Stopsmoking.ch<\/a> zum Rauchstopp, ein Video informiert in 17 Sprachen. Der Hashtag <strong>#stopsmoking<\/strong> bietet kleine Hilfen in Form von Comics und Clips.<\/p>\n<p>Das \u00f6sterreichische Rauchfrei Telefon hat in der kostenfreien Rauchfrei App vermehrt Push Notifications in Bezug auf Anforderungen der Corona-Zeit eingef\u00fcgt. Auch das Angebot der E-Mail-Beratung wurde verst\u00e4rkt beworben und aktuelle Blogbeitr\u00e4ge wurden regelm\u00e4\u00dfig zu neuen Themen (z.B. Tabakentzug bei Jugendlichen im Lock Down) ver\u00f6ffentlicht.<\/p>\n<p>Das Telefon als Beratungsmedium hat sich in den vergangenen Wochen besonders bew\u00e4hrt. Telefonische und digitale Angebote sind nun wichtiger denn je, dar\u00fcber sind sich die Vertreter\/innen der deutschsprachigen Rauchstopptelefone einig.<\/p>\n<p>[\/et_pb_text][et_pb_post_nav in_same_term=&#8221;off&#8221; _builder_version=&#8221;3.0.99&#8243;][\/et_pb_post_nav][\/et_pb_column][et_pb_column type=&#8221;1_3&#8243; module_class=&#8221;cat-and-tag&#8221; _builder_version=&#8221;3.25&#8243; custom_padding=&#8221;|||&#8221; custom_padding__hover=&#8221;|||&#8221;][et_pb_sidebar area=&#8221;et_pb_widget_area_1&#8243; _builder_version=&#8221;3.0.99&#8243;][\/et_pb_sidebar][et_pb_dp_dmb_module_10093 farbe=&#8221;blitzgelb&#8221; headline=&#8221;Trauen Sie sich den Rauchstopp zu!&#8221; image=&#8221;https:\/\/rauchfrei.at\/wp-content\/uploads\/Quitting-Yellow.png&#8221; image_position=&#8221;center&#8221; link_text=&#8221;mehr&#8221; link_url=&#8221;https:\/\/rauchfrei.at\/aufhoeren\/schritte-zum-rauchstopp\/trauen-sie-sich-den-rauchstopp-zu\/&#8221; image_size=&#8221;90&#8243; admin_label=&#8221;Trauen Sie sich den Rauchstopp zu&#8221; _builder_version=&#8221;3.19.15&#8243; global_module=&#8221;13173&#8243; saved_tabs=&#8221;all&#8221;]<\/p>\n<p>Sie m\u00f6chten etwas \u00e4ndern? Worauf warten Sie noch?<\/p>\n<p>[\/et_pb_dp_dmb_module_10093][et_pb_dp_dmb_module_10093 farbe=&#8221;blitzgelb&#8221; headline=&#8221;Buchen Sie einen Anruf!&#8221; image=&#8221;https:\/\/rauchfrei.at\/wp-content\/uploads\/rauchfrei-rueckruf-gelb.png&#8221; image_position=&#8221;center&#8221; link_text=&#8221;Anruf buchen!&#8221; link_url=&#8221;https:\/\/rauchfrei.at\/beratung\/anruf-gewuenscht\/&#8221; image_size=&#8221;80&#8243; admin_label=&#8221;Anruf buchen&#8221; _builder_version=&#8221;3.21.1&#8243; max_width=&#8221;100%&#8221; global_module=&#8221;13148&#8243; saved_tabs=&#8221;all&#8221;]<\/p>\n<p>Wir rufen Sie gerne an.<\/p>\n<p>[\/et_pb_dp_dmb_module_10093][\/et_pb_column][\/et_pb_row][\/et_pb_section]<\/p>\n","protected":false},"excerpt":{"rendered":"<p>Eigentlich sollte das 13. Netzwerktreffen deutschsprachiger Rauchstopptelefone\u00a0heuer in K\u00f6ln stattfinden. Der fachliche Austausch des Rauchfrei Telefons (\u00d6sterreich) mit der Rauchstopplinie (Schweiz) und dem\u00a0Beratungstelefon der BZgA (Deutschland)\u00a0wurde coronabedingt jedoch\u00a0virtuell abgehalten. \u00a0<\/p>\n","protected":false},"author":25,"featured_media":0,"comment_status":"open","ping_status":"open","sticky":false,"template":"","format":"standard","meta":{"_et_pb_use_builder":"on","_et_pb_old_content":"","_et_gb_content_width":"","footnotes":""},"categories":[236],"tags":[],"class_list":["post-19009","post","type-post","status-publish","format-standard","hentry","category-nicht-kategorisiert"],"yoast_head":"<!-- This site is optimized with the Yoast SEO plugin v26.2 - https:\/\/yoast.com\/wordpress\/plugins\/seo\/ -->\n<title>Das 13. Netzwerktreffen deutschsprachiger Rauchstopptelefone\u00a0\u2013 diesmal online! - Rauchfrei Telefon<\/title>\n<meta name=\"robots\" content=\"index, follow, max-snippet:-1, max-image-preview:large, max-video-preview:-1\" \/>\n<link rel=\"canonical\" href=\"https:\/\/rauchfrei.at\/das-13-netzwerktreffen-deutschsprachiger-rauchstopptelefone-diesmal-online\/\" \/>\n<meta property=\"og:locale\" content=\"en_US\" \/>\n<meta property=\"og:type\" content=\"article\" \/>\n<meta property=\"og:title\" content=\"Das 13. Netzwerktreffen deutschsprachiger Rauchstopptelefone\u00a0\u2013 diesmal online! - Rauchfrei Telefon\" \/>\n<meta property=\"og:description\" content=\"Eigentlich sollte das 13. Netzwerktreffen deutschsprachiger Rauchstopptelefone\u00a0heuer in K\u00f6ln stattfinden. Der fachliche Austausch des Rauchfrei Telefons (\u00d6sterreich) mit der Rauchstopplinie (Schweiz) und dem\u00a0Beratungstelefon der BZgA (Deutschland)\u00a0wurde coronabedingt jedoch\u00a0virtuell abgehalten. \u00a0\" \/>\n<meta property=\"og:url\" content=\"https:\/\/rauchfrei.at\/das-13-netzwerktreffen-deutschsprachiger-rauchstopptelefone-diesmal-online\/\" \/>\n<meta property=\"og:site_name\" content=\"Rauchfrei Telefon\" \/>\n<meta property=\"article:published_time\" content=\"2020-06-15T06:00:25+00:00\" \/>\n<meta property=\"og:image\" content=\"https:\/\/rauchfrei.at\/wp-content\/uploads\/103133871_3274941869203508_772411960852023656_o.jpg\" \/>\n<meta name=\"author\" content=\"Rauchfrei Team\" \/>\n<meta name=\"twitter:card\" content=\"summary_large_image\" \/>\n<meta name=\"twitter:label1\" content=\"Written by\" \/>\n\t<meta name=\"twitter:data1\" content=\"Rauchfrei Team\" \/>\n\t<meta name=\"twitter:label2\" content=\"Est. reading time\" \/>\n\t<meta name=\"twitter:data2\" content=\"3 minutes\" \/>\n<script type=\"application\/ld+json\" class=\"yoast-schema-graph\">{\"@context\":\"https:\/\/schema.org\",\"@graph\":[{\"@type\":\"WebPage\",\"@id\":\"https:\/\/rauchfrei.at\/das-13-netzwerktreffen-deutschsprachiger-rauchstopptelefone-diesmal-online\/\",\"url\":\"https:\/\/rauchfrei.at\/das-13-netzwerktreffen-deutschsprachiger-rauchstopptelefone-diesmal-online\/\",\"name\":\"Das 13. Netzwerktreffen deutschsprachiger Rauchstopptelefone\u00a0\u2013 diesmal online! - Rauchfrei Telefon\",\"isPartOf\":{\"@id\":\"https:\/\/rauchfrei.at\/#website\"},\"primaryImageOfPage\":{\"@id\":\"https:\/\/rauchfrei.at\/das-13-netzwerktreffen-deutschsprachiger-rauchstopptelefone-diesmal-online\/#primaryimage\"},\"image\":{\"@id\":\"https:\/\/rauchfrei.at\/das-13-netzwerktreffen-deutschsprachiger-rauchstopptelefone-diesmal-online\/#primaryimage\"},\"thumbnailUrl\":\"https:\/\/rauchfrei.at\/wp-content\/uploads\/103133871_3274941869203508_772411960852023656_o.jpg\",\"datePublished\":\"2020-06-15T06:00:25+00:00\",\"author\":{\"@id\":\"https:\/\/rauchfrei.at\/#\/schema\/person\/504bbf90c5482004fc09aef6de7f9277\"},\"inLanguage\":\"en-US\",\"potentialAction\":[{\"@type\":\"ReadAction\",\"target\":[\"https:\/\/rauchfrei.at\/das-13-netzwerktreffen-deutschsprachiger-rauchstopptelefone-diesmal-online\/\"]}]},{\"@type\":\"ImageObject\",\"inLanguage\":\"en-US\",\"@id\":\"https:\/\/rauchfrei.at\/das-13-netzwerktreffen-deutschsprachiger-rauchstopptelefone-diesmal-online\/#primaryimage\",\"url\":\"https:\/\/rauchfrei.at\/wp-content\/uploads\/103133871_3274941869203508_772411960852023656_o.jpg\",\"contentUrl\":\"https:\/\/rauchfrei.at\/wp-content\/uploads\/103133871_3274941869203508_772411960852023656_o.jpg\"},{\"@type\":\"WebSite\",\"@id\":\"https:\/\/rauchfrei.at\/#website\",\"url\":\"https:\/\/rauchfrei.at\/\",\"name\":\"Rauchfrei Telefon\",\"description\":\"Eine \u00f6sterreichweite Initiative der Sozialversicherungen.\",\"potentialAction\":[{\"@type\":\"SearchAction\",\"target\":{\"@type\":\"EntryPoint\",\"urlTemplate\":\"https:\/\/rauchfrei.at\/?s={search_term_string}\"},\"query-input\":{\"@type\":\"PropertyValueSpecification\",\"valueRequired\":true,\"valueName\":\"search_term_string\"}}],\"inLanguage\":\"en-US\"},{\"@type\":\"Person\",\"@id\":\"https:\/\/rauchfrei.at\/#\/schema\/person\/504bbf90c5482004fc09aef6de7f9277\",\"name\":\"Rauchfrei Team\",\"image\":{\"@type\":\"ImageObject\",\"inLanguage\":\"en-US\",\"@id\":\"https:\/\/rauchfrei.at\/#\/schema\/person\/image\/\",\"url\":\"https:\/\/secure.gravatar.com\/avatar\/2115b79a00800516fa1523bb5a329611f90e73e89be559131fc7e82b4fdc95ff?s=96&d=mm&r=g\",\"contentUrl\":\"https:\/\/secure.gravatar.com\/avatar\/2115b79a00800516fa1523bb5a329611f90e73e89be559131fc7e82b4fdc95ff?s=96&d=mm&r=g\",\"caption\":\"Rauchfrei Team\"},\"url\":\"https:\/\/rauchfrei.at\/en\/author\/rauchfrei-team\/\"}]}<\/script>\n<!-- \/ Yoast SEO plugin. -->","yoast_head_json":{"title":"Das 13. Netzwerktreffen deutschsprachiger Rauchstopptelefone\u00a0\u2013 diesmal online! - Rauchfrei Telefon","robots":{"index":"index","follow":"follow","max-snippet":"max-snippet:-1","max-image-preview":"max-image-preview:large","max-video-preview":"max-video-preview:-1"},"canonical":"https:\/\/rauchfrei.at\/das-13-netzwerktreffen-deutschsprachiger-rauchstopptelefone-diesmal-online\/","og_locale":"en_US","og_type":"article","og_title":"Das 13. Netzwerktreffen deutschsprachiger Rauchstopptelefone\u00a0\u2013 diesmal online! - Rauchfrei Telefon","og_description":"Eigentlich sollte das 13. Netzwerktreffen deutschsprachiger Rauchstopptelefone\u00a0heuer in K\u00f6ln stattfinden. Der fachliche Austausch des Rauchfrei Telefons (\u00d6sterreich) mit der Rauchstopplinie (Schweiz) und dem\u00a0Beratungstelefon der BZgA (Deutschland)\u00a0wurde coronabedingt jedoch\u00a0virtuell abgehalten. \u00a0","og_url":"https:\/\/rauchfrei.at\/das-13-netzwerktreffen-deutschsprachiger-rauchstopptelefone-diesmal-online\/","og_site_name":"Rauchfrei Telefon","article_published_time":"2020-06-15T06:00:25+00:00","og_image":[{"url":"https:\/\/rauchfrei.at\/wp-content\/uploads\/103133871_3274941869203508_772411960852023656_o.jpg","type":"","width":"","height":""}],"author":"Rauchfrei Team","twitter_card":"summary_large_image","twitter_misc":{"Written by":"Rauchfrei Team","Est. reading time":"3 minutes"},"schema":{"@context":"https:\/\/schema.org","@graph":[{"@type":"WebPage","@id":"https:\/\/rauchfrei.at\/das-13-netzwerktreffen-deutschsprachiger-rauchstopptelefone-diesmal-online\/","url":"https:\/\/rauchfrei.at\/das-13-netzwerktreffen-deutschsprachiger-rauchstopptelefone-diesmal-online\/","name":"Das 13. Netzwerktreffen deutschsprachiger Rauchstopptelefone\u00a0\u2013 diesmal online! - Rauchfrei Telefon","isPartOf":{"@id":"https:\/\/rauchfrei.at\/#website"},"primaryImageOfPage":{"@id":"https:\/\/rauchfrei.at\/das-13-netzwerktreffen-deutschsprachiger-rauchstopptelefone-diesmal-online\/#primaryimage"},"image":{"@id":"https:\/\/rauchfrei.at\/das-13-netzwerktreffen-deutschsprachiger-rauchstopptelefone-diesmal-online\/#primaryimage"},"thumbnailUrl":"https:\/\/rauchfrei.at\/wp-content\/uploads\/103133871_3274941869203508_772411960852023656_o.jpg","datePublished":"2020-06-15T06:00:25+00:00","author":{"@id":"https:\/\/rauchfrei.at\/#\/schema\/person\/504bbf90c5482004fc09aef6de7f9277"},"inLanguage":"en-US","potentialAction":[{"@type":"ReadAction","target":["https:\/\/rauchfrei.at\/das-13-netzwerktreffen-deutschsprachiger-rauchstopptelefone-diesmal-online\/"]}]},{"@type":"ImageObject","inLanguage":"en-US","@id":"https:\/\/rauchfrei.at\/das-13-netzwerktreffen-deutschsprachiger-rauchstopptelefone-diesmal-online\/#primaryimage","url":"https:\/\/rauchfrei.at\/wp-content\/uploads\/103133871_3274941869203508_772411960852023656_o.jpg","contentUrl":"https:\/\/rauchfrei.at\/wp-content\/uploads\/103133871_3274941869203508_772411960852023656_o.jpg"},{"@type":"WebSite","@id":"https:\/\/rauchfrei.at\/#website","url":"https:\/\/rauchfrei.at\/","name":"Rauchfrei Telefon","description":"Eine \u00f6sterreichweite Initiative der Sozialversicherungen.","potentialAction":[{"@type":"SearchAction","target":{"@type":"EntryPoint","urlTemplate":"https:\/\/rauchfrei.at\/?s={search_term_string}"},"query-input":{"@type":"PropertyValueSpecification","valueRequired":true,"valueName":"search_term_string"}}],"inLanguage":"en-US"},{"@type":"Person","@id":"https:\/\/rauchfrei.at\/#\/schema\/person\/504bbf90c5482004fc09aef6de7f9277","name":"Rauchfrei Team","image":{"@type":"ImageObject","inLanguage":"en-US","@id":"https:\/\/rauchfrei.at\/#\/schema\/person\/image\/","url":"https:\/\/secure.gravatar.com\/avatar\/2115b79a00800516fa1523bb5a329611f90e73e89be559131fc7e82b4fdc95ff?s=96&d=mm&r=g","contentUrl":"https:\/\/secure.gravatar.com\/avatar\/2115b79a00800516fa1523bb5a329611f90e73e89be559131fc7e82b4fdc95ff?s=96&d=mm&r=g","caption":"Rauchfrei Team"},"url":"https:\/\/rauchfrei.at\/en\/author\/rauchfrei-team\/"}]}},"_links":{"self":[{"href":"https:\/\/rauchfrei.at\/en\/wp-json\/wp\/v2\/posts\/19009","targetHints":{"allow":["GET"]}}],"collection":[{"href":"https:\/\/rauchfrei.at\/en\/wp-json\/wp\/v2\/posts"}],"about":[{"href":"https:\/\/rauchfrei.at\/en\/wp-json\/wp\/v2\/types\/post"}],"author":[{"embeddable":true,"href":"https:\/\/rauchfrei.at\/en\/wp-json\/wp\/v2\/users\/25"}],"replies":[{"embeddable":true,"href":"https:\/\/rauchfrei.at\/en\/wp-json\/wp\/v2\/comments?post=19009"}],"version-history":[{"count":5,"href":"https:\/\/rauchfrei.at\/en\/wp-json\/wp\/v2\/posts\/19009\/revisions"}],"predecessor-version":[{"id":19041,"href":"https:\/\/rauchfrei.at\/en\/wp-json\/wp\/v2\/posts\/19009\/revisions\/19041"}],"wp:attachment":[{"href":"https:\/\/rauchfrei.at\/en\/wp-json\/wp\/v2\/media?parent=19009"}],"wp:term":[{"taxonomy":"category","embeddable":true,"href":"https:\/\/rauchfrei.at\/en\/wp-json\/wp\/v2\/categories?post=19009"},{"taxonomy":"post_tag","embeddable":true,"href":"https:\/\/rauchfrei.at\/en\/wp-json\/wp\/v2\/tags?post=19009"}],"curies":[{"name":"wp","href":"https:\/\/api.w.org\/{rel}","templated":true}]}}