
{"id":19067,"date":"2020-06-29T08:00:31","date_gmt":"2020-06-29T06:00:31","guid":{"rendered":"https:\/\/rauchfrei.at\/?p=19067"},"modified":"2020-06-26T18:18:20","modified_gmt":"2020-06-26T16:18:20","slug":"tschau-tschick-das-akh-wien-wird-rauchfrei","status":"publish","type":"post","link":"https:\/\/rauchfrei.at\/en\/tschau-tschick-das-akh-wien-wird-rauchfrei\/","title":{"rendered":"\u00a0\u201eTschau Tschick\u201c \u2013 das AKH Wien wird rauchfrei!"},"content":{"rendered":"<p>[et_pb_section fb_built=&#8221;1&#8243; module_class=&#8221;header&#8221; _builder_version=&#8221;3.22&#8243;][et_pb_row _builder_version=&#8221;3.25&#8243;][et_pb_column type=&#8221;4_4&#8243; _builder_version=&#8221;3.25&#8243; custom_padding=&#8221;|||&#8221; custom_padding__hover=&#8221;|||&#8221;][et_pb_dp_dmb_module_10001 subheadline=&#8221;\u201eWir sind Vorbilder. Wir sind 100 Prozent rauchfrei.\u201c&#8221; _builder_version=&#8221;4.4.3&#8243;][\/et_pb_dp_dmb_module_10001][\/et_pb_column][\/et_pb_row][\/et_pb_section][et_pb_section fb_built=&#8221;1&#8243; _builder_version=&#8221;3.22&#8243;][et_pb_row column_structure=&#8221;2_3,1_3&#8243; _builder_version=&#8221;3.25&#8243; background_size=&#8221;initial&#8221; background_position=&#8221;top_left&#8221; background_repeat=&#8221;repeat&#8221;][et_pb_column type=&#8221;2_3&#8243; _builder_version=&#8221;3.25&#8243; custom_padding=&#8221;|||&#8221; custom_padding__hover=&#8221;|||&#8221;][et_pb_text _builder_version=&#8221;4.4.3&#8243;]<\/p>\n<p>Gerade Gesundheitseinrichtungen haben eine wichtige Vorbildfunktion und tragen Verantwortung f\u00fcr die Erhaltung der Gesundheit der Allgemeinbev\u00f6lkerung. Das hat sich das Wiener Allgemeine Krankenhaus zum Anlass genommen, um unter dem Motto \u201eTschau Tschick\u201c \u2013 \u201eWir sind Vorbilder. Wir sind 100 Prozent rauchfrei.\u201c die Rauchfreiheit f\u00fcr alle Standorte einzuf\u00fchren. Auch die MedUni Wien macht mit, betroffen davon ist der gesamte Innen- und Au\u00dfenbereich. Stichtag f\u00fcr die Rauchfreiheit ist der 1. Juli 2020.<\/p>\n<p>Seit Juli 2019 engagieren sich Expertinnen und Experten des Zentrums f\u00fcr Public Health der MedUni Wien daf\u00fcr, AKH-Mitarbeiter\/innen und Studierende der MedUni mit Entw\u00f6hnangeboten beim Rauchstopp zu unterst\u00fctzen, damit sie \u201eVorbild\u201c sein k\u00f6nnen. Einige der neuen Vorbilder teilen ihren Erfolg auch auf den Social-Media-Kan\u00e4len des AKH Wiens und erz\u00e4hlen, was ihnen beim Aufh\u00f6ren geholfen hat.<\/p>\n<p>Auch Patientinnen und Patienten, die nikotinabh\u00e4ngig sind, werden im AKH Wien von den behandelnden \u00c4rztinnen und \u00c4rzten beraten und erhalten Informationen \u00fcber professionelle Hilfestellung. Im Informationsfolder und der Website wird auch das Rauchfrei Telefon als Unterst\u00fctzungsm\u00f6glichkeit vorgestellt.<\/p>\n<p><a href=\"http:\/\/www.tschau-tschick.at\" target=\"_blank\" rel=\"noopener noreferrer\"><img loading=\"lazy\" decoding=\"async\" class=\"wp-image-19071 alignnone size-large\" src=\"https:\/\/rauchfrei.at\/wp-content\/uploads\/AKH-Wien-Tschau-Tschick-480x275.png\" alt=\"\" width=\"480\" height=\"275\" \/><\/a>(C) MedUni Wien\/AKH Wien<\/p>\n<p>Durch diese rauchfreie Umgebung und die Motivation zum und die Unterst\u00fctzung beim Rauchstopp kann der Krankenhausaufenthalt zum ersten Schritt in ein rauchfreies Leben werden.<\/p>\n<p>Auf einer eigenen Homepage k\u00f6nnen s\u00e4mtlichen Informationen zum rauchfreien AKH nachgelesen werden: <a href=\"https:\/\/www.tschau-tschick.at\/\">www.tschau-tschick.at<\/a>.<\/p>\n<p>[\/et_pb_text][\/et_pb_column][et_pb_column type=&#8221;1_3&#8243; _builder_version=&#8221;3.25&#8243; custom_padding=&#8221;|||&#8221; custom_padding__hover=&#8221;|||&#8221;][et_pb_sidebar area=&#8221;sidebar-1&#8243; _builder_version=&#8221;3.15&#8243;][\/et_pb_sidebar][\/et_pb_column][\/et_pb_row][\/et_pb_section]<\/p>\n","protected":false},"excerpt":{"rendered":"<p>Seit einem Jahr bereitet sich das Wiener Allgemeine Krankenhaus (AKH) darauf vor rauchfrei zu werden. Unter dem Motto \u201eWir sind Vorbilder. Wir sind 100 Prozent rauchfrei.\u201c hei\u00dft es ab 1. Juli 2020 \u201eTschau Tschick\u201c!<\/p>\n","protected":false},"author":25,"featured_media":0,"comment_status":"open","ping_status":"open","sticky":false,"template":"","format":"standard","meta":{"_et_pb_use_builder":"on","_et_pb_old_content":"","_et_gb_content_width":"","footnotes":""},"categories":[235,236],"tags":[],"class_list":["post-19067","post","type-post","status-publish","format-standard","hentry","category-gesundheit-und-rauchstopp","category-nicht-kategorisiert"],"yoast_head":"<!-- This site is optimized with the Yoast SEO plugin v26.2 - https:\/\/yoast.com\/wordpress\/plugins\/seo\/ -->\n<title>\u00a0\u201eTschau Tschick\u201c \u2013 das AKH Wien wird rauchfrei! - Rauchfrei Telefon<\/title>\n<meta name=\"robots\" content=\"index, follow, max-snippet:-1, max-image-preview:large, max-video-preview:-1\" \/>\n<link rel=\"canonical\" href=\"https:\/\/rauchfrei.at\/tschau-tschick-das-akh-wien-wird-rauchfrei\/\" \/>\n<meta property=\"og:locale\" content=\"en_US\" \/>\n<meta property=\"og:type\" content=\"article\" \/>\n<meta property=\"og:title\" content=\"\u00a0\u201eTschau Tschick\u201c \u2013 das AKH Wien wird rauchfrei! - Rauchfrei Telefon\" \/>\n<meta property=\"og:description\" content=\"Seit einem Jahr bereitet sich das Wiener Allgemeine Krankenhaus (AKH) darauf vor rauchfrei zu werden. Unter dem Motto \u201eWir sind Vorbilder. Wir sind 100 Prozent rauchfrei.\u201c hei\u00dft es ab 1. Juli 2020 \u201eTschau Tschick\u201c!\" \/>\n<meta property=\"og:url\" content=\"https:\/\/rauchfrei.at\/tschau-tschick-das-akh-wien-wird-rauchfrei\/\" \/>\n<meta property=\"og:site_name\" content=\"Rauchfrei Telefon\" \/>\n<meta property=\"article:published_time\" content=\"2020-06-29T06:00:31+00:00\" \/>\n<meta property=\"og:image\" content=\"https:\/\/rauchfrei.at\/wp-content\/uploads\/AKH-Wien-Tschau-Tschick-480x275.png\" \/>\n<meta name=\"author\" content=\"Rauchfrei Team\" \/>\n<meta name=\"twitter:card\" content=\"summary_large_image\" \/>\n<meta name=\"twitter:label1\" content=\"Written by\" \/>\n\t<meta name=\"twitter:data1\" content=\"Rauchfrei Team\" \/>\n\t<meta name=\"twitter:label2\" content=\"Est. reading time\" \/>\n\t<meta name=\"twitter:data2\" content=\"2 minutes\" \/>\n<script type=\"application\/ld+json\" class=\"yoast-schema-graph\">{\"@context\":\"https:\/\/schema.org\",\"@graph\":[{\"@type\":\"WebPage\",\"@id\":\"https:\/\/rauchfrei.at\/tschau-tschick-das-akh-wien-wird-rauchfrei\/\",\"url\":\"https:\/\/rauchfrei.at\/tschau-tschick-das-akh-wien-wird-rauchfrei\/\",\"name\":\"\u00a0\u201eTschau Tschick\u201c \u2013 das AKH Wien wird rauchfrei! - Rauchfrei Telefon\",\"isPartOf\":{\"@id\":\"https:\/\/rauchfrei.at\/#website\"},\"primaryImageOfPage\":{\"@id\":\"https:\/\/rauchfrei.at\/tschau-tschick-das-akh-wien-wird-rauchfrei\/#primaryimage\"},\"image\":{\"@id\":\"https:\/\/rauchfrei.at\/tschau-tschick-das-akh-wien-wird-rauchfrei\/#primaryimage\"},\"thumbnailUrl\":\"https:\/\/rauchfrei.at\/wp-content\/uploads\/AKH-Wien-Tschau-Tschick-480x275.png\",\"datePublished\":\"2020-06-29T06:00:31+00:00\",\"author\":{\"@id\":\"https:\/\/rauchfrei.at\/#\/schema\/person\/504bbf90c5482004fc09aef6de7f9277\"},\"inLanguage\":\"en-US\",\"potentialAction\":[{\"@type\":\"ReadAction\",\"target\":[\"https:\/\/rauchfrei.at\/tschau-tschick-das-akh-wien-wird-rauchfrei\/\"]}]},{\"@type\":\"ImageObject\",\"inLanguage\":\"en-US\",\"@id\":\"https:\/\/rauchfrei.at\/tschau-tschick-das-akh-wien-wird-rauchfrei\/#primaryimage\",\"url\":\"https:\/\/rauchfrei.at\/wp-content\/uploads\/AKH-Wien-Tschau-Tschick-480x275.png\",\"contentUrl\":\"https:\/\/rauchfrei.at\/wp-content\/uploads\/AKH-Wien-Tschau-Tschick-480x275.png\"},{\"@type\":\"WebSite\",\"@id\":\"https:\/\/rauchfrei.at\/#website\",\"url\":\"https:\/\/rauchfrei.at\/\",\"name\":\"Rauchfrei Telefon\",\"description\":\"Eine \u00f6sterreichweite Initiative der Sozialversicherungen.\",\"potentialAction\":[{\"@type\":\"SearchAction\",\"target\":{\"@type\":\"EntryPoint\",\"urlTemplate\":\"https:\/\/rauchfrei.at\/?s={search_term_string}\"},\"query-input\":{\"@type\":\"PropertyValueSpecification\",\"valueRequired\":true,\"valueName\":\"search_term_string\"}}],\"inLanguage\":\"en-US\"},{\"@type\":\"Person\",\"@id\":\"https:\/\/rauchfrei.at\/#\/schema\/person\/504bbf90c5482004fc09aef6de7f9277\",\"name\":\"Rauchfrei Team\",\"image\":{\"@type\":\"ImageObject\",\"inLanguage\":\"en-US\",\"@id\":\"https:\/\/rauchfrei.at\/#\/schema\/person\/image\/\",\"url\":\"https:\/\/secure.gravatar.com\/avatar\/2115b79a00800516fa1523bb5a329611f90e73e89be559131fc7e82b4fdc95ff?s=96&d=mm&r=g\",\"contentUrl\":\"https:\/\/secure.gravatar.com\/avatar\/2115b79a00800516fa1523bb5a329611f90e73e89be559131fc7e82b4fdc95ff?s=96&d=mm&r=g\",\"caption\":\"Rauchfrei Team\"},\"url\":\"https:\/\/rauchfrei.at\/en\/author\/rauchfrei-team\/\"}]}<\/script>\n<!-- \/ Yoast SEO plugin. -->","yoast_head_json":{"title":"\u00a0\u201eTschau Tschick\u201c \u2013 das AKH Wien wird rauchfrei! - Rauchfrei Telefon","robots":{"index":"index","follow":"follow","max-snippet":"max-snippet:-1","max-image-preview":"max-image-preview:large","max-video-preview":"max-video-preview:-1"},"canonical":"https:\/\/rauchfrei.at\/tschau-tschick-das-akh-wien-wird-rauchfrei\/","og_locale":"en_US","og_type":"article","og_title":"\u00a0\u201eTschau Tschick\u201c \u2013 das AKH Wien wird rauchfrei! - Rauchfrei Telefon","og_description":"Seit einem Jahr bereitet sich das Wiener Allgemeine Krankenhaus (AKH) darauf vor rauchfrei zu werden. Unter dem Motto \u201eWir sind Vorbilder. Wir sind 100 Prozent rauchfrei.\u201c hei\u00dft es ab 1. Juli 2020 \u201eTschau Tschick\u201c!","og_url":"https:\/\/rauchfrei.at\/tschau-tschick-das-akh-wien-wird-rauchfrei\/","og_site_name":"Rauchfrei Telefon","article_published_time":"2020-06-29T06:00:31+00:00","og_image":[{"url":"https:\/\/rauchfrei.at\/wp-content\/uploads\/AKH-Wien-Tschau-Tschick-480x275.png","type":"","width":"","height":""}],"author":"Rauchfrei Team","twitter_card":"summary_large_image","twitter_misc":{"Written by":"Rauchfrei Team","Est. reading time":"2 minutes"},"schema":{"@context":"https:\/\/schema.org","@graph":[{"@type":"WebPage","@id":"https:\/\/rauchfrei.at\/tschau-tschick-das-akh-wien-wird-rauchfrei\/","url":"https:\/\/rauchfrei.at\/tschau-tschick-das-akh-wien-wird-rauchfrei\/","name":"\u00a0\u201eTschau Tschick\u201c \u2013 das AKH Wien wird rauchfrei! - Rauchfrei Telefon","isPartOf":{"@id":"https:\/\/rauchfrei.at\/#website"},"primaryImageOfPage":{"@id":"https:\/\/rauchfrei.at\/tschau-tschick-das-akh-wien-wird-rauchfrei\/#primaryimage"},"image":{"@id":"https:\/\/rauchfrei.at\/tschau-tschick-das-akh-wien-wird-rauchfrei\/#primaryimage"},"thumbnailUrl":"https:\/\/rauchfrei.at\/wp-content\/uploads\/AKH-Wien-Tschau-Tschick-480x275.png","datePublished":"2020-06-29T06:00:31+00:00","author":{"@id":"https:\/\/rauchfrei.at\/#\/schema\/person\/504bbf90c5482004fc09aef6de7f9277"},"inLanguage":"en-US","potentialAction":[{"@type":"ReadAction","target":["https:\/\/rauchfrei.at\/tschau-tschick-das-akh-wien-wird-rauchfrei\/"]}]},{"@type":"ImageObject","inLanguage":"en-US","@id":"https:\/\/rauchfrei.at\/tschau-tschick-das-akh-wien-wird-rauchfrei\/#primaryimage","url":"https:\/\/rauchfrei.at\/wp-content\/uploads\/AKH-Wien-Tschau-Tschick-480x275.png","contentUrl":"https:\/\/rauchfrei.at\/wp-content\/uploads\/AKH-Wien-Tschau-Tschick-480x275.png"},{"@type":"WebSite","@id":"https:\/\/rauchfrei.at\/#website","url":"https:\/\/rauchfrei.at\/","name":"Rauchfrei Telefon","description":"Eine \u00f6sterreichweite Initiative der Sozialversicherungen.","potentialAction":[{"@type":"SearchAction","target":{"@type":"EntryPoint","urlTemplate":"https:\/\/rauchfrei.at\/?s={search_term_string}"},"query-input":{"@type":"PropertyValueSpecification","valueRequired":true,"valueName":"search_term_string"}}],"inLanguage":"en-US"},{"@type":"Person","@id":"https:\/\/rauchfrei.at\/#\/schema\/person\/504bbf90c5482004fc09aef6de7f9277","name":"Rauchfrei Team","image":{"@type":"ImageObject","inLanguage":"en-US","@id":"https:\/\/rauchfrei.at\/#\/schema\/person\/image\/","url":"https:\/\/secure.gravatar.com\/avatar\/2115b79a00800516fa1523bb5a329611f90e73e89be559131fc7e82b4fdc95ff?s=96&d=mm&r=g","contentUrl":"https:\/\/secure.gravatar.com\/avatar\/2115b79a00800516fa1523bb5a329611f90e73e89be559131fc7e82b4fdc95ff?s=96&d=mm&r=g","caption":"Rauchfrei Team"},"url":"https:\/\/rauchfrei.at\/en\/author\/rauchfrei-team\/"}]}},"_links":{"self":[{"href":"https:\/\/rauchfrei.at\/en\/wp-json\/wp\/v2\/posts\/19067","targetHints":{"allow":["GET"]}}],"collection":[{"href":"https:\/\/rauchfrei.at\/en\/wp-json\/wp\/v2\/posts"}],"about":[{"href":"https:\/\/rauchfrei.at\/en\/wp-json\/wp\/v2\/types\/post"}],"author":[{"embeddable":true,"href":"https:\/\/rauchfrei.at\/en\/wp-json\/wp\/v2\/users\/25"}],"replies":[{"embeddable":true,"href":"https:\/\/rauchfrei.at\/en\/wp-json\/wp\/v2\/comments?post=19067"}],"version-history":[{"count":5,"href":"https:\/\/rauchfrei.at\/en\/wp-json\/wp\/v2\/posts\/19067\/revisions"}],"predecessor-version":[{"id":19108,"href":"https:\/\/rauchfrei.at\/en\/wp-json\/wp\/v2\/posts\/19067\/revisions\/19108"}],"wp:attachment":[{"href":"https:\/\/rauchfrei.at\/en\/wp-json\/wp\/v2\/media?parent=19067"}],"wp:term":[{"taxonomy":"category","embeddable":true,"href":"https:\/\/rauchfrei.at\/en\/wp-json\/wp\/v2\/categories?post=19067"},{"taxonomy":"post_tag","embeddable":true,"href":"https:\/\/rauchfrei.at\/en\/wp-json\/wp\/v2\/tags?post=19067"}],"curies":[{"name":"wp","href":"https:\/\/api.w.org\/{rel}","templated":true}]}}