
{"id":19302,"date":"2020-08-03T08:00:02","date_gmt":"2020-08-03T06:00:02","guid":{"rendered":"https:\/\/rauchfrei.at\/?p=19302"},"modified":"2020-08-04T09:01:43","modified_gmt":"2020-08-04T07:01:43","slug":"unser-sommer-tipp","status":"publish","type":"post","link":"https:\/\/rauchfrei.at\/en\/unser-sommer-tipp\/","title":{"rendered":"Unser Sommer-Tipp"},"content":{"rendered":"<p>[et_pb_section fb_built=&#8221;1&#8243; module_class=&#8221;header&#8221; _builder_version=&#8221;3.22&#8243;][et_pb_row _builder_version=&#8221;3.25&#8243;][et_pb_column type=&#8221;4_4&#8243; _builder_version=&#8221;3.25&#8243; custom_padding=&#8221;|||&#8221; custom_padding__hover=&#8221;|||&#8221;][et_pb_dp_dmb_module_10001 subheadline=&#8221;Erholung f\u00fcr den K\u00f6rper&#8221; _builder_version=&#8221;4.4.3&#8243; z_index_tablet=&#8221;500&#8243;][\/et_pb_dp_dmb_module_10001][\/et_pb_column][\/et_pb_row][\/et_pb_section][et_pb_section fb_built=&#8221;1&#8243; _builder_version=&#8221;3.22&#8243; custom_padding=&#8221;30px|||&#8221;][et_pb_row column_structure=&#8221;2_3,1_3&#8243; _builder_version=&#8221;3.25&#8243;][et_pb_column type=&#8221;2_3&#8243; module_class=&#8221;blog-content&#8221; _builder_version=&#8221;3.25&#8243; custom_padding=&#8221;|||&#8221; custom_padding__hover=&#8221;|||&#8221;][et_pb_text _builder_version=&#8221;4.4.3&#8243;]<\/p>\n<p><strong>Mit einem Rauchstopp im Sommer k\u00f6nnen Sie Ihrem K\u00f6rper die lang ersehnte Erholung von Gift- und Schadstoffen langfristig schenken<\/strong>. Die Regeneration setzt gleich nach der letzten gerauchten Zigarette ein und innerhalb weniger Tage k\u00f6nnen Sie die positiven Auswirkungen des Rauchstopps sp\u00fcren.<\/p>\n<p><strong>Radfahren, Schwimmen, Spazierg\u00e4nge<\/strong> in lauen Sommern\u00e4chten und andere Sport- und Bewegungsarten bieten die M\u00f6glichkeit, die <strong>verbesserte Kondition<\/strong> nach dem Rauchstopp und das <strong>\u201eMehr an Luft\u201c<\/strong> gleich auszutesten und zu <strong>genie\u00dfen<\/strong><strong>.<\/strong><\/p>\n<p>&nbsp;<\/p>\n<p><img loading=\"lazy\" decoding=\"async\" class=\"wp-image-19310 alignnone size-medium\" src=\"https:\/\/rauchfrei.at\/wp-content\/uploads\/shutterstock_254911351_1500px-225x150.jpg\" alt=\"\" width=\"225\" height=\"150\" \/> (C) Shutterstock<\/p>\n<p>Gerade im Sommer ist die <strong>Haut<\/strong> durch die Sonneneinstrahlung ohnehin schon sehr belastet und <strong>wird sehr dankbar \u00fcber den Rauchstopp sein<\/strong>. Sie kann nach dem Rauchstopp wieder optimal mit N\u00e4hrstoffen und Sauerstoff versorgt werden und erstrahlt in neuem Glanz.<\/p>\n<p><strong>Sie schwitzen auch weniger! Rauchen hat einen negativen Einfluss auf die Schwei\u00df-Regulation, denn es beeintr\u00e4chtigt die Haut und wirkt sich negativ auf die Blutgef\u00e4\u00dfe aus. Ein Rauchstopp zahlt sich also gerade im Sommer aus.<\/strong><\/p>\n<p><strong>Speziell im Sommer ist das Angebot an frischen Nahrungsmitteln gro\u00df. Sommerliche Gerichte<\/strong> und nat\u00fcrlich auch Eis werden dank des sich <strong>regenerierenden Geschmacks- und Geruchssinns<\/strong> zum neuen Sinneserlebnis.<\/p>\n<p>Rauchfrei sind sie <strong>entspannter<\/strong> und lassen sich nicht so schnell stressen. Viele Menschen f\u00fchlen sich <strong>befreit, stark und unabh\u00e4ngig<\/strong>, weil sie nicht mehr st\u00e4ndig durch Gedanken ans Rauchen \u201egesteuert\u201c werden.<\/p>\n<p>Der <strong>Urlaub und die Distanz zum Alltag<\/strong> k\u00f6nnen sehr hilfreich sein, um alte <strong>Gewohnheiten hinter <\/strong>sich zu<strong> lassen <\/strong>und <strong>neue Rituale<\/strong> auszuprobieren. Im Alltag k\u00f6nnen Sie dann mit mehr Sicherheit und Vertrauen in die eigenen F\u00e4higkeiten weiterhin rauchfrei bleiben.<\/p>\n<p>Unterst\u00fctzungsangebote f\u00fcr die erste rauchfreie Zeit finden Sie auf <a href=\"http:\/\/www.gesundheitskasse.at\/rauchfrei\">www.gesundheitskasse.at\/rauchfrei<\/a>. Wir w\u00fcnschen einen angenehmen, rauchfreien Sommer!<\/p>\n<p>&nbsp;<\/p>\n<p>[\/et_pb_text][et_pb_post_nav in_same_term=&#8221;off&#8221; _builder_version=&#8221;3.0.99&#8243;][\/et_pb_post_nav][\/et_pb_column][et_pb_column type=&#8221;1_3&#8243; module_class=&#8221;cat-and-tag&#8221; _builder_version=&#8221;3.25&#8243; custom_padding=&#8221;|||&#8221; custom_padding__hover=&#8221;|||&#8221;][et_pb_sidebar area=&#8221;et_pb_widget_area_1&#8243; _builder_version=&#8221;3.0.99&#8243;][\/et_pb_sidebar][et_pb_dp_dmb_module_10093 farbe=&#8221;blitzblau&#8221; headline=&#8221;Alternativen zum Rauchen&#8221; image=&#8221;https:\/\/rauchfrei.at\/wp-content\/uploads\/Relax-in-hammok.png&#8221; image_position=&#8221;center&#8221; link_text=&#8221;mehr&#8221; link_url=&#8221;https:\/\/rauchfrei.at\/alternativen\/&#8221; image_size=&#8221;90&#8243; admin_label=&#8221;Alternativen zum Rauchen&#8221; _builder_version=&#8221;3.21.1&#8243; z_index_tablet=&#8221;500&#8243; saved_tabs=&#8221;all&#8221; global_module=&#8221;13174&#8243;]<\/p>\n<p>Es gibt viele M\u00f6glichkeiten, um nicht zur Zigarette zu greifen!<\/p>\n<p>[\/et_pb_dp_dmb_module_10093][\/et_pb_column][\/et_pb_row][\/et_pb_section]<\/p>\n","protected":false},"excerpt":{"rendered":"<p>Warme Temperaturen, Natur und Sonne genie\u00dfen, Urlaub vom Alltag und Zeit f\u00fcr Erholung \u2013 das verbinden viele Menschen mit den Sommermonaten. G\u00f6nnen Sie jetzt auch Ihrem K\u00f6rper Zeit f\u00fcr Regeneration. Warum ein rauchfreier Sommer noch mehr Freude macht, erfahren sie hier\u2026<\/p>\n","protected":false},"author":25,"featured_media":0,"comment_status":"open","ping_status":"open","sticky":false,"template":"","format":"standard","meta":{"_et_pb_use_builder":"on","_et_pb_old_content":"","_et_gb_content_width":"","footnotes":""},"categories":[235,236],"tags":[],"class_list":["post-19302","post","type-post","status-publish","format-standard","hentry","category-gesundheit-und-rauchstopp","category-nicht-kategorisiert"],"yoast_head":"<!-- This site is optimized with the Yoast SEO plugin v26.2 - https:\/\/yoast.com\/wordpress\/plugins\/seo\/ -->\n<title>Unser Sommer-Tipp - Rauchfrei Telefon<\/title>\n<meta name=\"robots\" content=\"index, follow, max-snippet:-1, max-image-preview:large, max-video-preview:-1\" \/>\n<link rel=\"canonical\" href=\"https:\/\/rauchfrei.at\/unser-sommer-tipp\/\" \/>\n<meta property=\"og:locale\" content=\"en_US\" \/>\n<meta property=\"og:type\" content=\"article\" \/>\n<meta property=\"og:title\" content=\"Unser Sommer-Tipp - Rauchfrei Telefon\" \/>\n<meta property=\"og:description\" content=\"Warme Temperaturen, Natur und Sonne genie\u00dfen, Urlaub vom Alltag und Zeit f\u00fcr Erholung \u2013 das verbinden viele Menschen mit den Sommermonaten. G\u00f6nnen Sie jetzt auch Ihrem K\u00f6rper Zeit f\u00fcr Regeneration. Warum ein rauchfreier Sommer noch mehr Freude macht, erfahren sie hier\u2026\" \/>\n<meta property=\"og:url\" content=\"https:\/\/rauchfrei.at\/unser-sommer-tipp\/\" \/>\n<meta property=\"og:site_name\" content=\"Rauchfrei Telefon\" \/>\n<meta property=\"article:published_time\" content=\"2020-08-03T06:00:02+00:00\" \/>\n<meta property=\"article:modified_time\" content=\"2020-08-04T07:01:43+00:00\" \/>\n<meta property=\"og:image\" content=\"https:\/\/rauchfrei.at\/wp-content\/uploads\/shutterstock_254911351_1500px-225x150.jpg\" \/>\n<meta name=\"author\" content=\"Rauchfrei Team\" \/>\n<meta name=\"twitter:card\" content=\"summary_large_image\" \/>\n<meta name=\"twitter:label1\" content=\"Written by\" \/>\n\t<meta name=\"twitter:data1\" content=\"Rauchfrei Team\" \/>\n\t<meta name=\"twitter:label2\" content=\"Est. reading time\" \/>\n\t<meta name=\"twitter:data2\" content=\"2 minutes\" \/>\n<script type=\"application\/ld+json\" class=\"yoast-schema-graph\">{\"@context\":\"https:\/\/schema.org\",\"@graph\":[{\"@type\":\"WebPage\",\"@id\":\"https:\/\/rauchfrei.at\/unser-sommer-tipp\/\",\"url\":\"https:\/\/rauchfrei.at\/unser-sommer-tipp\/\",\"name\":\"Unser Sommer-Tipp - Rauchfrei Telefon\",\"isPartOf\":{\"@id\":\"https:\/\/rauchfrei.at\/#website\"},\"primaryImageOfPage\":{\"@id\":\"https:\/\/rauchfrei.at\/unser-sommer-tipp\/#primaryimage\"},\"image\":{\"@id\":\"https:\/\/rauchfrei.at\/unser-sommer-tipp\/#primaryimage\"},\"thumbnailUrl\":\"https:\/\/rauchfrei.at\/wp-content\/uploads\/shutterstock_254911351_1500px-225x150.jpg\",\"datePublished\":\"2020-08-03T06:00:02+00:00\",\"dateModified\":\"2020-08-04T07:01:43+00:00\",\"author\":{\"@id\":\"https:\/\/rauchfrei.at\/#\/schema\/person\/504bbf90c5482004fc09aef6de7f9277\"},\"inLanguage\":\"en-US\",\"potentialAction\":[{\"@type\":\"ReadAction\",\"target\":[\"https:\/\/rauchfrei.at\/unser-sommer-tipp\/\"]}]},{\"@type\":\"ImageObject\",\"inLanguage\":\"en-US\",\"@id\":\"https:\/\/rauchfrei.at\/unser-sommer-tipp\/#primaryimage\",\"url\":\"https:\/\/rauchfrei.at\/wp-content\/uploads\/shutterstock_254911351_1500px-225x150.jpg\",\"contentUrl\":\"https:\/\/rauchfrei.at\/wp-content\/uploads\/shutterstock_254911351_1500px-225x150.jpg\"},{\"@type\":\"WebSite\",\"@id\":\"https:\/\/rauchfrei.at\/#website\",\"url\":\"https:\/\/rauchfrei.at\/\",\"name\":\"Rauchfrei Telefon\",\"description\":\"Eine \u00f6sterreichweite Initiative der Sozialversicherungen.\",\"potentialAction\":[{\"@type\":\"SearchAction\",\"target\":{\"@type\":\"EntryPoint\",\"urlTemplate\":\"https:\/\/rauchfrei.at\/?s={search_term_string}\"},\"query-input\":{\"@type\":\"PropertyValueSpecification\",\"valueRequired\":true,\"valueName\":\"search_term_string\"}}],\"inLanguage\":\"en-US\"},{\"@type\":\"Person\",\"@id\":\"https:\/\/rauchfrei.at\/#\/schema\/person\/504bbf90c5482004fc09aef6de7f9277\",\"name\":\"Rauchfrei Team\",\"image\":{\"@type\":\"ImageObject\",\"inLanguage\":\"en-US\",\"@id\":\"https:\/\/rauchfrei.at\/#\/schema\/person\/image\/\",\"url\":\"https:\/\/secure.gravatar.com\/avatar\/2115b79a00800516fa1523bb5a329611f90e73e89be559131fc7e82b4fdc95ff?s=96&d=mm&r=g\",\"contentUrl\":\"https:\/\/secure.gravatar.com\/avatar\/2115b79a00800516fa1523bb5a329611f90e73e89be559131fc7e82b4fdc95ff?s=96&d=mm&r=g\",\"caption\":\"Rauchfrei Team\"},\"url\":\"https:\/\/rauchfrei.at\/en\/author\/rauchfrei-team\/\"}]}<\/script>\n<!-- \/ Yoast SEO plugin. -->","yoast_head_json":{"title":"Unser Sommer-Tipp - Rauchfrei Telefon","robots":{"index":"index","follow":"follow","max-snippet":"max-snippet:-1","max-image-preview":"max-image-preview:large","max-video-preview":"max-video-preview:-1"},"canonical":"https:\/\/rauchfrei.at\/unser-sommer-tipp\/","og_locale":"en_US","og_type":"article","og_title":"Unser Sommer-Tipp - Rauchfrei Telefon","og_description":"Warme Temperaturen, Natur und Sonne genie\u00dfen, Urlaub vom Alltag und Zeit f\u00fcr Erholung \u2013 das verbinden viele Menschen mit den Sommermonaten. G\u00f6nnen Sie jetzt auch Ihrem K\u00f6rper Zeit f\u00fcr Regeneration. Warum ein rauchfreier Sommer noch mehr Freude macht, erfahren sie hier\u2026","og_url":"https:\/\/rauchfrei.at\/unser-sommer-tipp\/","og_site_name":"Rauchfrei Telefon","article_published_time":"2020-08-03T06:00:02+00:00","article_modified_time":"2020-08-04T07:01:43+00:00","og_image":[{"url":"https:\/\/rauchfrei.at\/wp-content\/uploads\/shutterstock_254911351_1500px-225x150.jpg","type":"","width":"","height":""}],"author":"Rauchfrei Team","twitter_card":"summary_large_image","twitter_misc":{"Written by":"Rauchfrei Team","Est. reading time":"2 minutes"},"schema":{"@context":"https:\/\/schema.org","@graph":[{"@type":"WebPage","@id":"https:\/\/rauchfrei.at\/unser-sommer-tipp\/","url":"https:\/\/rauchfrei.at\/unser-sommer-tipp\/","name":"Unser Sommer-Tipp - Rauchfrei Telefon","isPartOf":{"@id":"https:\/\/rauchfrei.at\/#website"},"primaryImageOfPage":{"@id":"https:\/\/rauchfrei.at\/unser-sommer-tipp\/#primaryimage"},"image":{"@id":"https:\/\/rauchfrei.at\/unser-sommer-tipp\/#primaryimage"},"thumbnailUrl":"https:\/\/rauchfrei.at\/wp-content\/uploads\/shutterstock_254911351_1500px-225x150.jpg","datePublished":"2020-08-03T06:00:02+00:00","dateModified":"2020-08-04T07:01:43+00:00","author":{"@id":"https:\/\/rauchfrei.at\/#\/schema\/person\/504bbf90c5482004fc09aef6de7f9277"},"inLanguage":"en-US","potentialAction":[{"@type":"ReadAction","target":["https:\/\/rauchfrei.at\/unser-sommer-tipp\/"]}]},{"@type":"ImageObject","inLanguage":"en-US","@id":"https:\/\/rauchfrei.at\/unser-sommer-tipp\/#primaryimage","url":"https:\/\/rauchfrei.at\/wp-content\/uploads\/shutterstock_254911351_1500px-225x150.jpg","contentUrl":"https:\/\/rauchfrei.at\/wp-content\/uploads\/shutterstock_254911351_1500px-225x150.jpg"},{"@type":"WebSite","@id":"https:\/\/rauchfrei.at\/#website","url":"https:\/\/rauchfrei.at\/","name":"Rauchfrei Telefon","description":"Eine \u00f6sterreichweite Initiative der Sozialversicherungen.","potentialAction":[{"@type":"SearchAction","target":{"@type":"EntryPoint","urlTemplate":"https:\/\/rauchfrei.at\/?s={search_term_string}"},"query-input":{"@type":"PropertyValueSpecification","valueRequired":true,"valueName":"search_term_string"}}],"inLanguage":"en-US"},{"@type":"Person","@id":"https:\/\/rauchfrei.at\/#\/schema\/person\/504bbf90c5482004fc09aef6de7f9277","name":"Rauchfrei Team","image":{"@type":"ImageObject","inLanguage":"en-US","@id":"https:\/\/rauchfrei.at\/#\/schema\/person\/image\/","url":"https:\/\/secure.gravatar.com\/avatar\/2115b79a00800516fa1523bb5a329611f90e73e89be559131fc7e82b4fdc95ff?s=96&d=mm&r=g","contentUrl":"https:\/\/secure.gravatar.com\/avatar\/2115b79a00800516fa1523bb5a329611f90e73e89be559131fc7e82b4fdc95ff?s=96&d=mm&r=g","caption":"Rauchfrei Team"},"url":"https:\/\/rauchfrei.at\/en\/author\/rauchfrei-team\/"}]}},"_links":{"self":[{"href":"https:\/\/rauchfrei.at\/en\/wp-json\/wp\/v2\/posts\/19302","targetHints":{"allow":["GET"]}}],"collection":[{"href":"https:\/\/rauchfrei.at\/en\/wp-json\/wp\/v2\/posts"}],"about":[{"href":"https:\/\/rauchfrei.at\/en\/wp-json\/wp\/v2\/types\/post"}],"author":[{"embeddable":true,"href":"https:\/\/rauchfrei.at\/en\/wp-json\/wp\/v2\/users\/25"}],"replies":[{"embeddable":true,"href":"https:\/\/rauchfrei.at\/en\/wp-json\/wp\/v2\/comments?post=19302"}],"version-history":[{"count":5,"href":"https:\/\/rauchfrei.at\/en\/wp-json\/wp\/v2\/posts\/19302\/revisions"}],"predecessor-version":[{"id":19319,"href":"https:\/\/rauchfrei.at\/en\/wp-json\/wp\/v2\/posts\/19302\/revisions\/19319"}],"wp:attachment":[{"href":"https:\/\/rauchfrei.at\/en\/wp-json\/wp\/v2\/media?parent=19302"}],"wp:term":[{"taxonomy":"category","embeddable":true,"href":"https:\/\/rauchfrei.at\/en\/wp-json\/wp\/v2\/categories?post=19302"},{"taxonomy":"post_tag","embeddable":true,"href":"https:\/\/rauchfrei.at\/en\/wp-json\/wp\/v2\/tags?post=19302"}],"curies":[{"name":"wp","href":"https:\/\/api.w.org\/{rel}","templated":true}]}}