
{"id":19336,"date":"2020-08-10T08:00:05","date_gmt":"2020-08-10T06:00:05","guid":{"rendered":"https:\/\/rauchfrei.at\/?p=19336"},"modified":"2020-08-07T09:30:11","modified_gmt":"2020-08-07T07:30:11","slug":"tabak-und-menschenrechte","status":"publish","type":"post","link":"https:\/\/rauchfrei.at\/en\/tabak-und-menschenrechte\/","title":{"rendered":"Tabak und Menschenrechte"},"content":{"rendered":"<p>[et_pb_section fb_built=&#8221;1&#8243; module_class=&#8221;header&#8221; _builder_version=&#8221;3.22&#8243;][et_pb_row _builder_version=&#8221;3.25&#8243;][et_pb_column type=&#8221;4_4&#8243; _builder_version=&#8221;3.25&#8243; custom_padding=&#8221;|||&#8221; custom_padding__hover=&#8221;|||&#8221;][et_pb_dp_dmb_module_10001 subheadline=&#8221;Die Rechte der Kinder&#8221; _builder_version=&#8221;4.4.3&#8243; z_index_tablet=&#8221;500&#8243;][\/et_pb_dp_dmb_module_10001][\/et_pb_column][\/et_pb_row][\/et_pb_section][et_pb_section fb_built=&#8221;1&#8243; _builder_version=&#8221;3.22&#8243; custom_padding=&#8221;30px|||&#8221;][et_pb_row column_structure=&#8221;2_3,1_3&#8243; _builder_version=&#8221;3.25&#8243;][et_pb_column type=&#8221;2_3&#8243; module_class=&#8221;blog-content&#8221; _builder_version=&#8221;3.25&#8243; custom_padding=&#8221;|||&#8221; custom_padding__hover=&#8221;|||&#8221;][et_pb_text _builder_version=&#8221;4.4.3&#8243; hover_enabled=&#8221;0&#8243;]<\/p>\n<p>Die Organisation \u201eUnfairtobacco\u201c informiert rund um das Thema Tabak. Sie besch\u00e4ftigt sich dabei mit den Zusammenh\u00e4ngen von Gesundheit, Umwelt und Arbeitsbedingungen rund um den Tabakabbau und die Tabakindustrie, sowie mit den unmittelbar damit verbundenen sozialen, \u00f6kologischen und \u00f6konomischen Auswirkungen. Auch die Kinderrechte fallen in das Themenfeld.<\/p>\n<p>Beim Anbau der Tabakpflanze, die die Basis f\u00fcr alle Nikotin und Tabakprodukte ist, kommt es zu besonders vielen F\u00e4llen der Kinderarbeit. Tabak wird haupts\u00e4chlich in Schwellenl\u00e4ndern in Asien, Afrika oder S\u00fcdamerika angebaut. Dabei spielt die Kinderarbeit eine bedeutende Rolle. Meist steht die gesamte Familie f\u00fcr die Ernte am Feld, um genug zu verdienen. Auch kleine Kinder werden als Arbeitskr\u00e4fte eingesetzt. Die Folgen f\u00fcr die Kinder sind vielf\u00e4ltig und problematisch. Nicht nur die gesundheitlichen Folgen (z.B. Nikotinvergiftung oder die gr\u00fcne Tabakkrankheit) schaden den Kindern. Kinder, die arbeiten m\u00fcssen, k\u00f6nnen nicht in die Schule gehen. Ein geringes Bildungsniveau macht Armut wahrscheinlicher. Das verst\u00e4rkt den negativen Armutskreislauf.<\/p>\n<p>Die UN-Kinderrechtskonvention wurde im Jahr 1989 verabschiedet und gilt f\u00fcr jedes Kind der Welt. Sie beinhaltet ein Abkommen, das in 54 Artikeln die Rechte der Kinder festh\u00e4lt, es sind verbindliche Standards zum Wohl der Kinder.<\/p>\n<p>Sieht man sich die Kinderrechte genau an, ergibt sich daraus, dass Kinder ein Recht auf eine tabakfreie Welt haben. Ein Factsheet von unfairtobacco informiert im Detail dar\u00fcber, welche Kinderrechte im Tabakanbau verletzt werden.<\/p>\n<p>Folgende UN-Kinderrechte sind f\u00fcr eine kindgerechte Tabakkontrolle relevant:<\/p>\n<p>Art. 2\u00a0\u00a0\u00a0\u00a0 Nicht Diskriminierung<\/p>\n<p>Art.\u00a0\u00a0 3\u00a0 \u00a0Kindeswohl<\/p>\n<p>Art.\u00a0\u00a0 6 \u00a0\u00a0Recht auf Leben<\/p>\n<p>Art. 12\u00a0 \u00a0Recht, angeh\u00f6rt zu werden<\/p>\n<p>Art. 17\u00a0 \u00a0Recht auf Information<\/p>\n<p>Art. 24\u00a0 \u00a0Recht auf Gesundheit<\/p>\n<p>Art. 27\u00a0 \u00a0Recht auf angemessene Lebensbedingungen<\/p>\n<p>Art. 28\u00a0 \u00a0Recht auf Bildung<\/p>\n<p>Art. 31\u00a0 \u00a0Recht auf Freizeit<\/p>\n<p>Art. 32 \u00a0\u00a0Schutz vor wirtschaftlicher\u00a0\u00a0 Ausbeutung<\/p>\n<p>Art. 33\u00a0 \u00a0Schutz vor Suchtstoffen<\/p>\n<p>Art. 36\u00a0 \u00a0Schutz vor anderen Formen der Ausbeutung<\/p>\n<p><a href=\"http:\/\/www.unfairtobacco.org\" target=\"_blank\" rel=\"noopener noreferrer\">Unfairtobacco<\/a> zeigt auch die Ma\u00dfnahmen auf, die sich positiv auf die Kindergesundheit auswirken. Diese beziehen sich auf die Rahmenkonventionen der Weltgesundheitsorganisation f\u00fcr Tabakkontrolle (FCTC):<\/p>\n<p>\u25baRegelm\u00e4\u00dfige Tabaksteuererh\u00f6hungen, angepasst an die nationale Kaufkraftentwicklung (FCTC Art. 6)<\/p>\n<p>\u25baEin umfassendes Verbot von Tabakwerbung, Promotion und Sponsoring (FCTC Art. 13)<\/p>\n<p>\u25baEine Anhebung der Altersfreigabe f\u00fcr Filme, in denen geraucht wird, analog zu den Empfehlungen der Weltgesundheitsorganisation<\/p>\n<p>\u25baEin Verbot des Verkaufs von Tabakprodukten an und durch Minderj\u00e4hrige (FCTC Art. 16)<\/p>\n<p>\u25baDie Einf\u00fchrung von Einheitsverpackungen f\u00fcr Tabakprodukte (FCTC Art. 11)<\/p>\n<p>\u25baUmfassender Nichtraucherschutz an \u00f6ffentlichen Orten inklusive eines Rauchverbots in Innenr\u00e4umen der Gastronomie (FCTC Art. 8) und Rauchverbot in Kraftfahrzeugen, die Minderj\u00e4hrige mit sich f\u00fchren<\/p>\n<p>\u25baProgramme f\u00fcr den Schutz vor Passivrauchen zuhause, z.B. \u00f6ffentliche F\u00f6rderung von rauchfreiem Wohnraum oder Aufkl\u00e4rungskampagnen (FCTC Art. 12)<\/p>\n<p>\u25baZielgruppenspezifische Pr\u00e4ventionsprogramme (FCTC Art. 12)<\/p>\n<p>\u25baKostenfreie Entw\u00f6hnungsangebote (FCTC Art. 14) f\u00fcr Jugendliche, schwangere Frauen und werdende Eltern sowie evidenzbasierte Entw\u00f6hnung f\u00fcr alle Rauchenden<\/p>\n<p>\u25baStrenge Regulierung von neuen Nikotin- und Tabakprodukten \u00fcber Steuern, Werbeverbote, Verkaufsverbote an Minderj\u00e4hrige und \u00e4hnliche Ma\u00dfnahmen<\/p>\n<p>Der Schutz der Kinderrechte \u2013 ein weiterer guter Grund, rauchfrei zu leben!<\/p>\n<p>Links:<br \/><a href=\"https:\/\/www.unfairtobacco.org\/wp-content\/uploads\/2019\/11\/Factsheet_Kinderrechte_DE_neu.pdf\" target=\"_blank\" rel=\"noopener noreferrer\">KINDER HABEN EIN RECHT AUF EINE TABAKFREIE WELT (Factsheet)<\/a><br \/><a href=\"https:\/\/www.unfairtobacco.org\/wp-content\/uploads\/2019\/12\/Broschuere_Kinderrechte_DE_a.pdf\" target=\"_blank\" rel=\"noopener noreferrer\">Kinderreichte (Brosch\u00fcre)<\/a><\/p>\n<p>[\/et_pb_text][et_pb_post_nav in_same_term=&#8221;off&#8221; _builder_version=&#8221;4.4.3&#8243;][\/et_pb_post_nav][\/et_pb_column][et_pb_column type=&#8221;1_3&#8243; module_class=&#8221;cat-and-tag&#8221; _builder_version=&#8221;3.25&#8243; custom_padding=&#8221;|||&#8221; custom_padding__hover=&#8221;|||&#8221;][et_pb_sidebar area=&#8221;et_pb_widget_area_1&#8243; _builder_version=&#8221;3.0.99&#8243;][\/et_pb_sidebar][et_pb_dp_dmb_module_10093 farbe=&#8221;blitzgelb&#8221; headline=&#8221;Trauen Sie sich den Rauchstopp zu!&#8221; image=&#8221;https:\/\/rauchfrei.at\/wp-content\/uploads\/Quitting-Yellow.png&#8221; image_position=&#8221;center&#8221; link_text=&#8221;mehr&#8221; link_url=&#8221;https:\/\/rauchfrei.at\/aufhoeren\/schritte-zum-rauchstopp\/trauen-sie-sich-den-rauchstopp-zu\/&#8221; image_size=&#8221;90&#8243; admin_label=&#8221;Trauen Sie sich den Rauchstopp zu&#8221; _builder_version=&#8221;3.19.15&#8243; global_module=&#8221;13173&#8243; saved_tabs=&#8221;all&#8221;]<\/p>\n<p>Sie m\u00f6chten etwas \u00e4ndern? Worauf warten Sie noch?<\/p>\n<p>[\/et_pb_dp_dmb_module_10093][et_pb_dp_dmb_module_10093 farbe=&#8221;blitzgelb&#8221; headline=&#8221;Buchen Sie einen Anruf!&#8221; image=&#8221;https:\/\/rauchfrei.at\/wp-content\/uploads\/rauchfrei-rueckruf-gelb.png&#8221; image_position=&#8221;center&#8221; link_text=&#8221;Anruf buchen!&#8221; link_url=&#8221;https:\/\/rauchfrei.at\/beratung\/anruf-gewuenscht\/&#8221; image_size=&#8221;80&#8243; admin_label=&#8221;Anruf buchen&#8221; _builder_version=&#8221;3.21.1&#8243; max_width=&#8221;100%&#8221; global_module=&#8221;13148&#8243; saved_tabs=&#8221;all&#8221;]<\/p>\n<p>Wir rufen Sie gerne an.<\/p>\n<p>[\/et_pb_dp_dmb_module_10093][et_pb_dp_dmb_module_10093 farbe=&#8221;beige&#8221; image=&#8221;https:\/\/rauchfrei.at\/wp-content\/uploads\/rauchfreiapp_screens.png&#8221; image_position=&#8221;center&#8221; link_text=&#8221;zum Download&#8221; link_url=&#8221;http:\/\/www.rauchfreiapp.at\/&#8221; image_size=&#8221;70&#8243; admin_label=&#8221;Die Rauchfrei App&#8221; _builder_version=&#8221;3.21.1&#8243; z_index_tablet=&#8221;500&#8243; global_module=&#8221;12606&#8243; saved_tabs=&#8221;all&#8221;]<\/p>\n<p>kostenlose Unterst\u00fctzung und Motivation per Smartphone<\/p>\n<p>[\/et_pb_dp_dmb_module_10093][\/et_pb_column][\/et_pb_row][\/et_pb_section]<\/p>\n","protected":false},"excerpt":{"rendered":"<p>Tabakproduktion und -konsum sind mit zahlreichen Menschenrechtsverletzungen verkn\u00fcpft, zeigt Unfairtobacco (www.unfairtobacco.org) auf. Kinder und Jugendliche sind besonders betroffen. Ein Factsheet fasst die wichtigsten Informationen zu den Verletzungen der Kinderrechte zusammen.<\/p>\n","protected":false},"author":25,"featured_media":0,"comment_status":"open","ping_status":"open","sticky":false,"template":"","format":"standard","meta":{"_et_pb_use_builder":"on","_et_pb_old_content":"","_et_gb_content_width":"","footnotes":""},"categories":[237,236],"tags":[],"class_list":["post-19336","post","type-post","status-publish","format-standard","hentry","category-literatur-und-hintergrundwissen","category-nicht-kategorisiert"],"yoast_head":"<!-- This site is optimized with the Yoast SEO plugin v26.2 - https:\/\/yoast.com\/wordpress\/plugins\/seo\/ -->\n<title>Tabak und Menschenrechte - Rauchfrei Telefon<\/title>\n<meta name=\"robots\" content=\"index, follow, max-snippet:-1, max-image-preview:large, max-video-preview:-1\" \/>\n<link rel=\"canonical\" href=\"https:\/\/rauchfrei.at\/tabak-und-menschenrechte\/\" \/>\n<meta property=\"og:locale\" content=\"en_US\" \/>\n<meta property=\"og:type\" content=\"article\" \/>\n<meta property=\"og:title\" content=\"Tabak und Menschenrechte - Rauchfrei Telefon\" \/>\n<meta property=\"og:description\" content=\"Tabakproduktion und -konsum sind mit zahlreichen Menschenrechtsverletzungen verkn\u00fcpft, zeigt Unfairtobacco (www.unfairtobacco.org) auf. Kinder und Jugendliche sind besonders betroffen. Ein Factsheet fasst die wichtigsten Informationen zu den Verletzungen der Kinderrechte zusammen.\" \/>\n<meta property=\"og:url\" content=\"https:\/\/rauchfrei.at\/tabak-und-menschenrechte\/\" \/>\n<meta property=\"og:site_name\" content=\"Rauchfrei Telefon\" \/>\n<meta property=\"article:published_time\" content=\"2020-08-10T06:00:05+00:00\" \/>\n<meta name=\"author\" content=\"Rauchfrei Team\" \/>\n<meta name=\"twitter:card\" content=\"summary_large_image\" \/>\n<meta name=\"twitter:label1\" content=\"Written by\" \/>\n\t<meta name=\"twitter:data1\" content=\"Rauchfrei Team\" \/>\n\t<meta name=\"twitter:label2\" content=\"Est. reading time\" \/>\n\t<meta name=\"twitter:data2\" content=\"4 minutes\" \/>\n<script type=\"application\/ld+json\" class=\"yoast-schema-graph\">{\"@context\":\"https:\/\/schema.org\",\"@graph\":[{\"@type\":\"WebPage\",\"@id\":\"https:\/\/rauchfrei.at\/tabak-und-menschenrechte\/\",\"url\":\"https:\/\/rauchfrei.at\/tabak-und-menschenrechte\/\",\"name\":\"Tabak und Menschenrechte - Rauchfrei Telefon\",\"isPartOf\":{\"@id\":\"https:\/\/rauchfrei.at\/#website\"},\"datePublished\":\"2020-08-10T06:00:05+00:00\",\"author\":{\"@id\":\"https:\/\/rauchfrei.at\/#\/schema\/person\/504bbf90c5482004fc09aef6de7f9277\"},\"inLanguage\":\"en-US\",\"potentialAction\":[{\"@type\":\"ReadAction\",\"target\":[\"https:\/\/rauchfrei.at\/tabak-und-menschenrechte\/\"]}]},{\"@type\":\"WebSite\",\"@id\":\"https:\/\/rauchfrei.at\/#website\",\"url\":\"https:\/\/rauchfrei.at\/\",\"name\":\"Rauchfrei Telefon\",\"description\":\"Eine \u00f6sterreichweite Initiative der Sozialversicherungen.\",\"potentialAction\":[{\"@type\":\"SearchAction\",\"target\":{\"@type\":\"EntryPoint\",\"urlTemplate\":\"https:\/\/rauchfrei.at\/?s={search_term_string}\"},\"query-input\":{\"@type\":\"PropertyValueSpecification\",\"valueRequired\":true,\"valueName\":\"search_term_string\"}}],\"inLanguage\":\"en-US\"},{\"@type\":\"Person\",\"@id\":\"https:\/\/rauchfrei.at\/#\/schema\/person\/504bbf90c5482004fc09aef6de7f9277\",\"name\":\"Rauchfrei Team\",\"image\":{\"@type\":\"ImageObject\",\"inLanguage\":\"en-US\",\"@id\":\"https:\/\/rauchfrei.at\/#\/schema\/person\/image\/\",\"url\":\"https:\/\/secure.gravatar.com\/avatar\/2115b79a00800516fa1523bb5a329611f90e73e89be559131fc7e82b4fdc95ff?s=96&d=mm&r=g\",\"contentUrl\":\"https:\/\/secure.gravatar.com\/avatar\/2115b79a00800516fa1523bb5a329611f90e73e89be559131fc7e82b4fdc95ff?s=96&d=mm&r=g\",\"caption\":\"Rauchfrei Team\"},\"url\":\"https:\/\/rauchfrei.at\/en\/author\/rauchfrei-team\/\"}]}<\/script>\n<!-- \/ Yoast SEO plugin. -->","yoast_head_json":{"title":"Tabak und Menschenrechte - Rauchfrei Telefon","robots":{"index":"index","follow":"follow","max-snippet":"max-snippet:-1","max-image-preview":"max-image-preview:large","max-video-preview":"max-video-preview:-1"},"canonical":"https:\/\/rauchfrei.at\/tabak-und-menschenrechte\/","og_locale":"en_US","og_type":"article","og_title":"Tabak und Menschenrechte - Rauchfrei Telefon","og_description":"Tabakproduktion und -konsum sind mit zahlreichen Menschenrechtsverletzungen verkn\u00fcpft, zeigt Unfairtobacco (www.unfairtobacco.org) auf. Kinder und Jugendliche sind besonders betroffen. Ein Factsheet fasst die wichtigsten Informationen zu den Verletzungen der Kinderrechte zusammen.","og_url":"https:\/\/rauchfrei.at\/tabak-und-menschenrechte\/","og_site_name":"Rauchfrei Telefon","article_published_time":"2020-08-10T06:00:05+00:00","author":"Rauchfrei Team","twitter_card":"summary_large_image","twitter_misc":{"Written by":"Rauchfrei Team","Est. reading time":"4 minutes"},"schema":{"@context":"https:\/\/schema.org","@graph":[{"@type":"WebPage","@id":"https:\/\/rauchfrei.at\/tabak-und-menschenrechte\/","url":"https:\/\/rauchfrei.at\/tabak-und-menschenrechte\/","name":"Tabak und Menschenrechte - Rauchfrei Telefon","isPartOf":{"@id":"https:\/\/rauchfrei.at\/#website"},"datePublished":"2020-08-10T06:00:05+00:00","author":{"@id":"https:\/\/rauchfrei.at\/#\/schema\/person\/504bbf90c5482004fc09aef6de7f9277"},"inLanguage":"en-US","potentialAction":[{"@type":"ReadAction","target":["https:\/\/rauchfrei.at\/tabak-und-menschenrechte\/"]}]},{"@type":"WebSite","@id":"https:\/\/rauchfrei.at\/#website","url":"https:\/\/rauchfrei.at\/","name":"Rauchfrei Telefon","description":"Eine \u00f6sterreichweite Initiative der Sozialversicherungen.","potentialAction":[{"@type":"SearchAction","target":{"@type":"EntryPoint","urlTemplate":"https:\/\/rauchfrei.at\/?s={search_term_string}"},"query-input":{"@type":"PropertyValueSpecification","valueRequired":true,"valueName":"search_term_string"}}],"inLanguage":"en-US"},{"@type":"Person","@id":"https:\/\/rauchfrei.at\/#\/schema\/person\/504bbf90c5482004fc09aef6de7f9277","name":"Rauchfrei Team","image":{"@type":"ImageObject","inLanguage":"en-US","@id":"https:\/\/rauchfrei.at\/#\/schema\/person\/image\/","url":"https:\/\/secure.gravatar.com\/avatar\/2115b79a00800516fa1523bb5a329611f90e73e89be559131fc7e82b4fdc95ff?s=96&d=mm&r=g","contentUrl":"https:\/\/secure.gravatar.com\/avatar\/2115b79a00800516fa1523bb5a329611f90e73e89be559131fc7e82b4fdc95ff?s=96&d=mm&r=g","caption":"Rauchfrei Team"},"url":"https:\/\/rauchfrei.at\/en\/author\/rauchfrei-team\/"}]}},"_links":{"self":[{"href":"https:\/\/rauchfrei.at\/en\/wp-json\/wp\/v2\/posts\/19336","targetHints":{"allow":["GET"]}}],"collection":[{"href":"https:\/\/rauchfrei.at\/en\/wp-json\/wp\/v2\/posts"}],"about":[{"href":"https:\/\/rauchfrei.at\/en\/wp-json\/wp\/v2\/types\/post"}],"author":[{"embeddable":true,"href":"https:\/\/rauchfrei.at\/en\/wp-json\/wp\/v2\/users\/25"}],"replies":[{"embeddable":true,"href":"https:\/\/rauchfrei.at\/en\/wp-json\/wp\/v2\/comments?post=19336"}],"version-history":[{"count":5,"href":"https:\/\/rauchfrei.at\/en\/wp-json\/wp\/v2\/posts\/19336\/revisions"}],"predecessor-version":[{"id":19366,"href":"https:\/\/rauchfrei.at\/en\/wp-json\/wp\/v2\/posts\/19336\/revisions\/19366"}],"wp:attachment":[{"href":"https:\/\/rauchfrei.at\/en\/wp-json\/wp\/v2\/media?parent=19336"}],"wp:term":[{"taxonomy":"category","embeddable":true,"href":"https:\/\/rauchfrei.at\/en\/wp-json\/wp\/v2\/categories?post=19336"},{"taxonomy":"post_tag","embeddable":true,"href":"https:\/\/rauchfrei.at\/en\/wp-json\/wp\/v2\/tags?post=19336"}],"curies":[{"name":"wp","href":"https:\/\/api.w.org\/{rel}","templated":true}]}}