
{"id":19413,"date":"2020-08-31T08:00:27","date_gmt":"2020-08-31T06:00:27","guid":{"rendered":"https:\/\/rauchfrei.at\/?p=19413"},"modified":"2020-08-25T13:31:46","modified_gmt":"2020-08-25T11:31:46","slug":"rauchfreies-loslassen","status":"publish","type":"post","link":"https:\/\/rauchfrei.at\/en\/rauchfreies-loslassen\/","title":{"rendered":"Rauchfreies \u201eLoslassen\u201c"},"content":{"rendered":"<p>[et_pb_section fb_built=&#8221;1&#8243; module_class=&#8221;header&#8221; _builder_version=&#8221;3.22&#8243;][et_pb_row _builder_version=&#8221;3.25&#8243;][et_pb_column type=&#8221;4_4&#8243; _builder_version=&#8221;3.25&#8243; custom_padding=&#8221;|||&#8221; custom_padding__hover=&#8221;|||&#8221;][et_pb_dp_dmb_module_10001 subheadline=&#8221;Gedanken zur rauchfreien Identit\u00e4t&#8221; _builder_version=&#8221;4.4.3&#8243;][\/et_pb_dp_dmb_module_10001][\/et_pb_column][\/et_pb_row][\/et_pb_section][et_pb_section fb_built=&#8221;1&#8243; _builder_version=&#8221;3.22&#8243; custom_padding=&#8221;30px|||&#8221;][et_pb_row column_structure=&#8221;2_3,1_3&#8243; _builder_version=&#8221;3.25&#8243;][et_pb_column type=&#8221;2_3&#8243; module_class=&#8221;blog-content&#8221; _builder_version=&#8221;3.25&#8243; custom_padding=&#8221;|||&#8221; custom_padding__hover=&#8221;|||&#8221;][et_pb_text _builder_version=&#8221;4.4.3&#8243;]<\/p>\n<p>Auch wenn der Rauchstopp klarer Sieger auf einer Pro- und Kontra-Liste ist, ist die Zigarette f\u00fcr manche stark mit dem eigenen Selbstbild verkn\u00fcpft und es f\u00fchlt sich so an, als m\u00fcsste man sich von einem Teil der eigenen Identit\u00e4t verabschieden.<\/p>\n<p>Dabei kann interessant sein, sich die Frage zu stellen, welche Funktion die Zigarette urspr\u00fcnglich erf\u00fcllt hat:<\/p>\n<ul>\n<li>Manchmal ist die Zigarette eine gute Begleiterin der \u201eRevoluzzer-Seite\u201c. Viele haben mit dem Rauchen begonnen, um sich gegen die Eltern aufzulehnen, um die eigene Unabh\u00e4ngigkeit zu demonstrieren oder um sich gesellschaftlichen Normen zu widersetzen.<\/li>\n<li>Manche Raucher\/innen, die im Leben viel Leistung erbringen \u2013 sei es in der Ausbildung, im Job und\/oder in der Elternschaft \u2013 sehen die Zigarette als Unterst\u00fctzung beim Loslassen von dem sonst so stressigen Alltag.<\/li>\n<\/ul>\n<p>Im Zuge des Rauchstopps empfiehlt sich deshalb, diese Anteile der Identit\u00e4t nicht zu vernachl\u00e4ssigen. Das Bed\u00fcrfnis danach loszulassen oder sich aufzulehnen kann nat\u00fcrlich auch rauchfrei erf\u00fcllt werden!<\/p>\n<p>Folgende \u00dcberlegungen k\u00f6nnen dabei hilfreich sein:<\/p>\n<ul>\n<li>In welchen Bereichen meines Lebens bin ich unabh\u00e4ngig und selbstbestimmt? Braucht es tats\u00e4chlich eine Zigarette, um diese Anteile auszuleben oder zeige ich meine Selbstbestimmung zum Beispiel auch in meiner Lebensf\u00fchrung oder meinem Beruf?<\/li>\n<li>In welchen Lebensbereichen kann ich mich sonst noch \u201eauflehnen\u201c? Vielleicht einfach mal barfu\u00df durch die Stadt spazieren oder sich schrill und unkonventionell kleiden?<\/li>\n<li>Wie kann sich ein rauchfreies \u201eLoslassen\u201c gestalten? Vielleicht gibt es neue und attraktive rauchfreie Rituale? Massagen, besonders gute Pralinen essen, ein ausgedehnter Waldspaziergang sind nur einige wenige Beispiele, wie man sich selbst verw\u00f6hnen kann!<\/li>\n<\/ul>\n<p>&nbsp;<\/p>\n<p>[\/et_pb_text][et_pb_post_nav in_same_term=&#8221;off&#8221; _builder_version=&#8221;3.0.99&#8243;][\/et_pb_post_nav][\/et_pb_column][et_pb_column type=&#8221;1_3&#8243; module_class=&#8221;cat-and-tag&#8221; _builder_version=&#8221;3.25&#8243; custom_padding=&#8221;|||&#8221; custom_padding__hover=&#8221;|||&#8221;][et_pb_sidebar area=&#8221;et_pb_widget_area_1&#8243; _builder_version=&#8221;3.0.99&#8243;][\/et_pb_sidebar][et_pb_dp_dmb_module_10093 farbe=&#8221;blitzgelb&#8221; headline=&#8221;Trauen Sie sich den Rauchstopp zu!&#8221; image=&#8221;https:\/\/rauchfrei.at\/wp-content\/uploads\/Quitting-Yellow.png&#8221; image_position=&#8221;center&#8221; link_text=&#8221;mehr&#8221; link_url=&#8221;https:\/\/rauchfrei.at\/aufhoeren\/schritte-zum-rauchstopp\/trauen-sie-sich-den-rauchstopp-zu\/&#8221; image_size=&#8221;90&#8243; admin_label=&#8221;Trauen Sie sich den Rauchstopp zu&#8221; _builder_version=&#8221;3.19.15&#8243; saved_tabs=&#8221;all&#8221; global_module=&#8221;13173&#8243;]<\/p>\n<p>Sie m\u00f6chten etwas \u00e4ndern? Worauf warten Sie noch?<\/p>\n<p>[\/et_pb_dp_dmb_module_10093][et_pb_dp_dmb_module_10093 farbe=&#8221;blitzblau&#8221; headline=&#8221;Starkes Rauchverlangen?&#8221; image=&#8221;https:\/\/rauchfrei.at\/wp-content\/uploads\/Desire.png&#8221; image_position=&#8221;center&#8221; link_text=&#8221;mehr&#8221; link_url=&#8221;https:\/\/rauchfrei.at\/aufhoeren\/schritte-zum-rauchstopp\/was-tun-bei-verlangensattacken\/&#8221; image_size=&#8221;90&#8243; admin_label=&#8221;Starkes Rauchverlangen?&#8221; _builder_version=&#8221;3.19.15&#8243; max_width=&#8221;100%&#8221; saved_tabs=&#8221;all&#8221; global_module=&#8221;13170&#8243;]<\/p>\n<p>Bleiben Sie stark, es geht vorbei!<\/p>\n<p>[\/et_pb_dp_dmb_module_10093][\/et_pb_column][\/et_pb_row][\/et_pb_section]<\/p>\n","protected":false},"excerpt":{"rendered":"<p>Viele Raucher\/innen wissen \u00fcber negative Konsequenzen des Rauchens Bescheid. Genauso bewusst ist dem Verstand meistens, dass ein rauchfreies Leben Gesundheit und Wohlbefinden steigert. Jedoch ist das Rauchfrei-werden keine rein rationale Angelegenheit.<\/p>\n","protected":false},"author":25,"featured_media":0,"comment_status":"open","ping_status":"open","sticky":false,"template":"","format":"standard","meta":{"_et_pb_use_builder":"on","_et_pb_old_content":"","_et_gb_content_width":"","footnotes":""},"categories":[236,233],"tags":[],"class_list":["post-19413","post","type-post","status-publish","format-standard","hentry","category-nicht-kategorisiert","category-unterstuetzung-beim-rauchstopp"],"yoast_head":"<!-- This site is optimized with the Yoast SEO plugin v26.2 - https:\/\/yoast.com\/wordpress\/plugins\/seo\/ -->\n<title>Rauchfreies \u201eLoslassen\u201c - Rauchfrei Telefon<\/title>\n<meta name=\"robots\" content=\"index, follow, max-snippet:-1, max-image-preview:large, max-video-preview:-1\" \/>\n<link rel=\"canonical\" href=\"https:\/\/rauchfrei.at\/rauchfreies-loslassen\/\" \/>\n<meta property=\"og:locale\" content=\"en_US\" \/>\n<meta property=\"og:type\" content=\"article\" \/>\n<meta property=\"og:title\" content=\"Rauchfreies \u201eLoslassen\u201c - Rauchfrei Telefon\" \/>\n<meta property=\"og:description\" content=\"Viele Raucher\/innen wissen \u00fcber negative Konsequenzen des Rauchens Bescheid. Genauso bewusst ist dem Verstand meistens, dass ein rauchfreies Leben Gesundheit und Wohlbefinden steigert. Jedoch ist das Rauchfrei-werden keine rein rationale Angelegenheit.\" \/>\n<meta property=\"og:url\" content=\"https:\/\/rauchfrei.at\/rauchfreies-loslassen\/\" \/>\n<meta property=\"og:site_name\" content=\"Rauchfrei Telefon\" \/>\n<meta property=\"article:published_time\" content=\"2020-08-31T06:00:27+00:00\" \/>\n<meta name=\"author\" content=\"Rauchfrei Team\" \/>\n<meta name=\"twitter:card\" content=\"summary_large_image\" \/>\n<meta name=\"twitter:label1\" content=\"Written by\" \/>\n\t<meta name=\"twitter:data1\" content=\"Rauchfrei Team\" \/>\n\t<meta name=\"twitter:label2\" content=\"Est. reading time\" \/>\n\t<meta name=\"twitter:data2\" content=\"3 minutes\" \/>\n<script type=\"application\/ld+json\" class=\"yoast-schema-graph\">{\"@context\":\"https:\/\/schema.org\",\"@graph\":[{\"@type\":\"WebPage\",\"@id\":\"https:\/\/rauchfrei.at\/rauchfreies-loslassen\/\",\"url\":\"https:\/\/rauchfrei.at\/rauchfreies-loslassen\/\",\"name\":\"Rauchfreies \u201eLoslassen\u201c - Rauchfrei Telefon\",\"isPartOf\":{\"@id\":\"https:\/\/rauchfrei.at\/#website\"},\"datePublished\":\"2020-08-31T06:00:27+00:00\",\"author\":{\"@id\":\"https:\/\/rauchfrei.at\/#\/schema\/person\/504bbf90c5482004fc09aef6de7f9277\"},\"inLanguage\":\"en-US\",\"potentialAction\":[{\"@type\":\"ReadAction\",\"target\":[\"https:\/\/rauchfrei.at\/rauchfreies-loslassen\/\"]}]},{\"@type\":\"WebSite\",\"@id\":\"https:\/\/rauchfrei.at\/#website\",\"url\":\"https:\/\/rauchfrei.at\/\",\"name\":\"Rauchfrei Telefon\",\"description\":\"Eine \u00f6sterreichweite Initiative der Sozialversicherungen.\",\"potentialAction\":[{\"@type\":\"SearchAction\",\"target\":{\"@type\":\"EntryPoint\",\"urlTemplate\":\"https:\/\/rauchfrei.at\/?s={search_term_string}\"},\"query-input\":{\"@type\":\"PropertyValueSpecification\",\"valueRequired\":true,\"valueName\":\"search_term_string\"}}],\"inLanguage\":\"en-US\"},{\"@type\":\"Person\",\"@id\":\"https:\/\/rauchfrei.at\/#\/schema\/person\/504bbf90c5482004fc09aef6de7f9277\",\"name\":\"Rauchfrei Team\",\"image\":{\"@type\":\"ImageObject\",\"inLanguage\":\"en-US\",\"@id\":\"https:\/\/rauchfrei.at\/#\/schema\/person\/image\/\",\"url\":\"https:\/\/secure.gravatar.com\/avatar\/2115b79a00800516fa1523bb5a329611f90e73e89be559131fc7e82b4fdc95ff?s=96&d=mm&r=g\",\"contentUrl\":\"https:\/\/secure.gravatar.com\/avatar\/2115b79a00800516fa1523bb5a329611f90e73e89be559131fc7e82b4fdc95ff?s=96&d=mm&r=g\",\"caption\":\"Rauchfrei Team\"},\"url\":\"https:\/\/rauchfrei.at\/en\/author\/rauchfrei-team\/\"}]}<\/script>\n<!-- \/ Yoast SEO plugin. -->","yoast_head_json":{"title":"Rauchfreies \u201eLoslassen\u201c - Rauchfrei Telefon","robots":{"index":"index","follow":"follow","max-snippet":"max-snippet:-1","max-image-preview":"max-image-preview:large","max-video-preview":"max-video-preview:-1"},"canonical":"https:\/\/rauchfrei.at\/rauchfreies-loslassen\/","og_locale":"en_US","og_type":"article","og_title":"Rauchfreies \u201eLoslassen\u201c - Rauchfrei Telefon","og_description":"Viele Raucher\/innen wissen \u00fcber negative Konsequenzen des Rauchens Bescheid. Genauso bewusst ist dem Verstand meistens, dass ein rauchfreies Leben Gesundheit und Wohlbefinden steigert. Jedoch ist das Rauchfrei-werden keine rein rationale Angelegenheit.","og_url":"https:\/\/rauchfrei.at\/rauchfreies-loslassen\/","og_site_name":"Rauchfrei Telefon","article_published_time":"2020-08-31T06:00:27+00:00","author":"Rauchfrei Team","twitter_card":"summary_large_image","twitter_misc":{"Written by":"Rauchfrei Team","Est. reading time":"3 minutes"},"schema":{"@context":"https:\/\/schema.org","@graph":[{"@type":"WebPage","@id":"https:\/\/rauchfrei.at\/rauchfreies-loslassen\/","url":"https:\/\/rauchfrei.at\/rauchfreies-loslassen\/","name":"Rauchfreies \u201eLoslassen\u201c - Rauchfrei Telefon","isPartOf":{"@id":"https:\/\/rauchfrei.at\/#website"},"datePublished":"2020-08-31T06:00:27+00:00","author":{"@id":"https:\/\/rauchfrei.at\/#\/schema\/person\/504bbf90c5482004fc09aef6de7f9277"},"inLanguage":"en-US","potentialAction":[{"@type":"ReadAction","target":["https:\/\/rauchfrei.at\/rauchfreies-loslassen\/"]}]},{"@type":"WebSite","@id":"https:\/\/rauchfrei.at\/#website","url":"https:\/\/rauchfrei.at\/","name":"Rauchfrei Telefon","description":"Eine \u00f6sterreichweite Initiative der Sozialversicherungen.","potentialAction":[{"@type":"SearchAction","target":{"@type":"EntryPoint","urlTemplate":"https:\/\/rauchfrei.at\/?s={search_term_string}"},"query-input":{"@type":"PropertyValueSpecification","valueRequired":true,"valueName":"search_term_string"}}],"inLanguage":"en-US"},{"@type":"Person","@id":"https:\/\/rauchfrei.at\/#\/schema\/person\/504bbf90c5482004fc09aef6de7f9277","name":"Rauchfrei Team","image":{"@type":"ImageObject","inLanguage":"en-US","@id":"https:\/\/rauchfrei.at\/#\/schema\/person\/image\/","url":"https:\/\/secure.gravatar.com\/avatar\/2115b79a00800516fa1523bb5a329611f90e73e89be559131fc7e82b4fdc95ff?s=96&d=mm&r=g","contentUrl":"https:\/\/secure.gravatar.com\/avatar\/2115b79a00800516fa1523bb5a329611f90e73e89be559131fc7e82b4fdc95ff?s=96&d=mm&r=g","caption":"Rauchfrei Team"},"url":"https:\/\/rauchfrei.at\/en\/author\/rauchfrei-team\/"}]}},"_links":{"self":[{"href":"https:\/\/rauchfrei.at\/en\/wp-json\/wp\/v2\/posts\/19413","targetHints":{"allow":["GET"]}}],"collection":[{"href":"https:\/\/rauchfrei.at\/en\/wp-json\/wp\/v2\/posts"}],"about":[{"href":"https:\/\/rauchfrei.at\/en\/wp-json\/wp\/v2\/types\/post"}],"author":[{"embeddable":true,"href":"https:\/\/rauchfrei.at\/en\/wp-json\/wp\/v2\/users\/25"}],"replies":[{"embeddable":true,"href":"https:\/\/rauchfrei.at\/en\/wp-json\/wp\/v2\/comments?post=19413"}],"version-history":[{"count":5,"href":"https:\/\/rauchfrei.at\/en\/wp-json\/wp\/v2\/posts\/19413\/revisions"}],"predecessor-version":[{"id":19422,"href":"https:\/\/rauchfrei.at\/en\/wp-json\/wp\/v2\/posts\/19413\/revisions\/19422"}],"wp:attachment":[{"href":"https:\/\/rauchfrei.at\/en\/wp-json\/wp\/v2\/media?parent=19413"}],"wp:term":[{"taxonomy":"category","embeddable":true,"href":"https:\/\/rauchfrei.at\/en\/wp-json\/wp\/v2\/categories?post=19413"},{"taxonomy":"post_tag","embeddable":true,"href":"https:\/\/rauchfrei.at\/en\/wp-json\/wp\/v2\/tags?post=19413"}],"curies":[{"name":"wp","href":"https:\/\/api.w.org\/{rel}","templated":true}]}}