
{"id":19525,"date":"2020-10-05T08:00:43","date_gmt":"2020-10-05T06:00:43","guid":{"rendered":"https:\/\/rauchfrei.at\/?p=19525"},"modified":"2020-09-25T13:32:24","modified_gmt":"2020-09-25T11:32:24","slug":"faktensammlung-nichtraucherschutz-im-betrieb","status":"publish","type":"post","link":"https:\/\/rauchfrei.at\/en\/faktensammlung-nichtraucherschutz-im-betrieb\/","title":{"rendered":"Faktensammlung Nichtraucherschutz im Betrieb"},"content":{"rendered":"<p>[et_pb_section fb_built=&#8221;1&#8243; module_class=&#8221;header&#8221; _builder_version=&#8221;3.22&#8243;][et_pb_row _builder_version=&#8221;3.25&#8243;][et_pb_column type=&#8221;4_4&#8243; _builder_version=&#8221;3.25&#8243; custom_padding=&#8221;|||&#8221; custom_padding__hover=&#8221;|||&#8221;][et_pb_dp_dmb_module_10001 subheadline=&#8221;Rechtliche Grundlagen und praktische Handlungsempfehlungen f\u00fcr die Pr\u00e4vention&#8221; _builder_version=&#8221;4.4.3&#8243;][\/et_pb_dp_dmb_module_10001][\/et_pb_column][\/et_pb_row][\/et_pb_section][et_pb_section fb_built=&#8221;1&#8243; _builder_version=&#8221;3.22&#8243;][et_pb_row column_structure=&#8221;2_3,1_3&#8243; _builder_version=&#8221;3.25&#8243; background_size=&#8221;initial&#8221; background_position=&#8221;top_left&#8221; background_repeat=&#8221;repeat&#8221;][et_pb_column type=&#8221;2_3&#8243; _builder_version=&#8221;3.25&#8243; custom_padding=&#8221;|||&#8221; custom_padding__hover=&#8221;|||&#8221;][et_pb_text _builder_version=&#8221;4.4.3&#8243;]<\/p>\n<p>Der Dachverband der Sozialversicherungstr\u00e4ger hat ein umfassendes Handbuch beauftragt, in dem die rechtlichen Grundlagen des Nichtraucherinnenschutzes am Arbeitsplatz anschaulich erl\u00e4utert werden und praktische Handlungsempfehlungen gegeben werden.<\/p>\n<p>Daten zum Rauchen in \u00d6sterreich und zu Passivrauch werden dargestellt. Die Faktensammlung bietet Informationen zu den rechtlichen Grundlagen zum Nichtraucherschutz am Arbeitsplatz. H\u00e4ufig gestellte Fragen werden bearbeitet, wie etwa das strittige Thema der \u201eRauchpausen\u201c. Erfahrungen aus der Praxis zeigen, dass gesetzliche Regelungen oftmals zu kurz greifen und gerade das Thema Rauchen am Arbeitsplatz sehr konfliktbehaftet ist. Rauchpausen oder die Gestaltung der Rauchpl\u00e4tze sind Themen, f\u00fcr die es individuelle L\u00f6sungen f\u00fcr die Betriebe braucht. Auch auf den generellen Nutzen der betrieblichen Tabakpr\u00e4vention wird eingegangen, sowie Konzepte vorgestellt und Praxisbeispiele f\u00fcr die Umsetzung dargestellt.<\/p>\n<p>Da es sich bei der Tabakabh\u00e4ngigkeit um eine Suchterkrankung handelt, die oftmals wiederholte Interventionen und Unterst\u00fctzungsma\u00dfnahmen notwendig macht, um rauchfrei zu werden und langfristig zu bleiben, werden Entw\u00f6hnangebote vorgestellt.<\/p>\n<p>Das Handbuch richtet sich an Entscheidungstr\u00e4ger\/innen in Betrieben sowie an Berater\/innen f\u00fcr betriebliche Gesundheitsf\u00f6rderung. Sehr praxisnah ist die dazugeh\u00f6rige Checkliste, die die unterschiedlichen Handlungsfelder f\u00fcr die verschiedenen Aspekte des Themas abdeckt.<\/p>\n<p><img loading=\"lazy\" decoding=\"async\" class=\"wp-image-19541 alignnone size-medium\" src=\"https:\/\/rauchfrei.at\/wp-content\/uploads\/Nichtraucherschutz-im-Betrieb-225x339.jpg\" alt=\"\" width=\"225\" height=\"339\" \/> \u00a0 \u00a0 \u00a0 \u00a0 \u00a0 \u00a0 \u00a0 \u00a0 \u00a0\u00a0 <img loading=\"lazy\" decoding=\"async\" class=\"wp-image-19547 alignnone size-medium\" src=\"https:\/\/rauchfrei.at\/wp-content\/uploads\/checkliste-225x225.jpg\" alt=\"\" width=\"225\" height=\"225\" \/><br \/>(C) Dachverband der \u00f6sterreichischen Sozialversicherung<\/p>\n<p>&nbsp;<\/p>\n<p>Die Faktensammlung, einen Folder sowie die Checkliste sind bei den Servicestellen des <a href=\"https:\/\/www.netzwerk-bgf.at\/cdscontent\/?contentid=10007.701055&amp;viewmode=content)\" target=\"_blank\" rel=\"noopener noreferrer\">\u00d6NBGF<\/a> (\u00d6sterreichisches Netzwerk Betriebliche Gesundheitsf\u00f6rderung)\u00a0kostenfrei erh\u00e4ltlich.<\/p>\n<p>Immer mehr Unternehmen in \u00d6sterreich erkennen den Nutzen und die Notwendigkeit<\/p>\n<p>betrieblicher Gesundheitsf\u00f6rderung und investieren in die Gesundheit ihrer Mitarbeiter\/-innen, die betriebliche Tabakpr\u00e4vention und -entw\u00f6hnung ist dabei ein wichtiges Schwerpunktthema.<\/p>\n<p>&nbsp;<\/p>\n<p>Zu den Materialien:<br \/><a href=\"https:\/\/rauchfrei.at\/wp-content\/uploads\/Faktensammlung_Nichtraucherschutz_im_Betrieb_final.pdf\" target=\"_blank\" rel=\"attachment noopener wp-att-18551 noreferrer\">Nichtraucherschutz im Betrieb<\/a><br \/><a href=\"https:\/\/rauchfrei.at\/wp-content\/uploads\/Tabakfreies-Arbeitsleben.pdf\" rel=\"attachment wp-att-18633\">Folder Tabakfreies Arbeitsleben<\/a><br \/><a href=\"https:\/\/rauchfrei.at\/wp-content\/uploads\/Checkliste-Nichtraucherschutz-im-Betrieb.pdf\" rel=\"attachment wp-att-18634\">Checkliste Nichtraucherschutz im Betrieb<\/a><\/p>\n<p>Links:<br \/><a href=\"https:\/\/www.netzwerk-bgf.at\/cdscontent\/?contentid=10007.701055&amp;viewmode=content\" target=\"_blank\" rel=\"noopener noreferrer\">\u00d6sterreichisches Netzwerk Betriebliche Gesundheitsf\u00f6rderung (\u00d6NBG)<\/a><br \/><a href=\"https:\/\/rauchfrei.at\/fakten\/gesetzliches\/rauchfreies-arbeitsleben\/\" target=\"_blank\" rel=\"noopener noreferrer\">Rauchfreies Arbeitsleben<\/a><\/p>\n<p>&nbsp;<\/p>\n<p>[\/et_pb_text][\/et_pb_column][et_pb_column type=&#8221;1_3&#8243; _builder_version=&#8221;3.25&#8243; custom_padding=&#8221;|||&#8221; custom_padding__hover=&#8221;|||&#8221;][et_pb_sidebar area=&#8221;sidebar-1&#8243; _builder_version=&#8221;3.15&#8243;][\/et_pb_sidebar][et_pb_module_placeholder selected_tabs=&#8221;all&#8221; _i=&#8221;1&#8243; _address=&#8221;1.0.1.1&#8243; global_module=&#8221;13515&#8243; \/][\/et_pb_column][\/et_pb_row][\/et_pb_section]<\/p>\n","protected":false},"excerpt":{"rendered":"<p>Die gesetzliche Lage rund um einen rauchfreien Arbeitsplatz ist eindeutig geregelt, dennoch ist das Thema in der Praxis nicht ganz so einfach zu handhaben. Ein umfangreiches Handbuch informiert und gibt hilfreiche Anregungen.<\/p>\n","protected":false},"author":25,"featured_media":0,"comment_status":"open","ping_status":"open","sticky":false,"template":"","format":"standard","meta":{"_et_pb_use_builder":"on","_et_pb_old_content":"","_et_gb_content_width":"","footnotes":""},"categories":[237,236,233],"tags":[],"class_list":["post-19525","post","type-post","status-publish","format-standard","hentry","category-literatur-und-hintergrundwissen","category-nicht-kategorisiert","category-unterstuetzung-beim-rauchstopp"],"yoast_head":"<!-- This site is optimized with the Yoast SEO plugin v26.2 - https:\/\/yoast.com\/wordpress\/plugins\/seo\/ -->\n<title>Faktensammlung Nichtraucherschutz im Betrieb - Rauchfrei Telefon<\/title>\n<meta name=\"robots\" content=\"index, follow, max-snippet:-1, max-image-preview:large, max-video-preview:-1\" \/>\n<link rel=\"canonical\" href=\"https:\/\/rauchfrei.at\/faktensammlung-nichtraucherschutz-im-betrieb\/\" \/>\n<meta property=\"og:locale\" content=\"en_US\" \/>\n<meta property=\"og:type\" content=\"article\" \/>\n<meta property=\"og:title\" content=\"Faktensammlung Nichtraucherschutz im Betrieb - Rauchfrei Telefon\" \/>\n<meta property=\"og:description\" content=\"Die gesetzliche Lage rund um einen rauchfreien Arbeitsplatz ist eindeutig geregelt, dennoch ist das Thema in der Praxis nicht ganz so einfach zu handhaben. Ein umfangreiches Handbuch informiert und gibt hilfreiche Anregungen.\" \/>\n<meta property=\"og:url\" content=\"https:\/\/rauchfrei.at\/faktensammlung-nichtraucherschutz-im-betrieb\/\" \/>\n<meta property=\"og:site_name\" content=\"Rauchfrei Telefon\" \/>\n<meta property=\"article:published_time\" content=\"2020-10-05T06:00:43+00:00\" \/>\n<meta property=\"og:image\" content=\"https:\/\/rauchfrei.at\/wp-content\/uploads\/Nichtraucherschutz-im-Betrieb-225x339.jpg\" \/>\n<meta name=\"author\" content=\"Rauchfrei Team\" \/>\n<meta name=\"twitter:card\" content=\"summary_large_image\" \/>\n<meta name=\"twitter:label1\" content=\"Written by\" \/>\n\t<meta name=\"twitter:data1\" content=\"Rauchfrei Team\" \/>\n\t<meta name=\"twitter:label2\" content=\"Est. reading time\" \/>\n\t<meta name=\"twitter:data2\" content=\"2 minutes\" \/>\n<script type=\"application\/ld+json\" class=\"yoast-schema-graph\">{\"@context\":\"https:\/\/schema.org\",\"@graph\":[{\"@type\":\"WebPage\",\"@id\":\"https:\/\/rauchfrei.at\/faktensammlung-nichtraucherschutz-im-betrieb\/\",\"url\":\"https:\/\/rauchfrei.at\/faktensammlung-nichtraucherschutz-im-betrieb\/\",\"name\":\"Faktensammlung Nichtraucherschutz im Betrieb - Rauchfrei Telefon\",\"isPartOf\":{\"@id\":\"https:\/\/rauchfrei.at\/#website\"},\"primaryImageOfPage\":{\"@id\":\"https:\/\/rauchfrei.at\/faktensammlung-nichtraucherschutz-im-betrieb\/#primaryimage\"},\"image\":{\"@id\":\"https:\/\/rauchfrei.at\/faktensammlung-nichtraucherschutz-im-betrieb\/#primaryimage\"},\"thumbnailUrl\":\"https:\/\/rauchfrei.at\/wp-content\/uploads\/Nichtraucherschutz-im-Betrieb-225x339.jpg\",\"datePublished\":\"2020-10-05T06:00:43+00:00\",\"author\":{\"@id\":\"https:\/\/rauchfrei.at\/#\/schema\/person\/504bbf90c5482004fc09aef6de7f9277\"},\"inLanguage\":\"en-US\",\"potentialAction\":[{\"@type\":\"ReadAction\",\"target\":[\"https:\/\/rauchfrei.at\/faktensammlung-nichtraucherschutz-im-betrieb\/\"]}]},{\"@type\":\"ImageObject\",\"inLanguage\":\"en-US\",\"@id\":\"https:\/\/rauchfrei.at\/faktensammlung-nichtraucherschutz-im-betrieb\/#primaryimage\",\"url\":\"https:\/\/rauchfrei.at\/wp-content\/uploads\/Nichtraucherschutz-im-Betrieb-225x339.jpg\",\"contentUrl\":\"https:\/\/rauchfrei.at\/wp-content\/uploads\/Nichtraucherschutz-im-Betrieb-225x339.jpg\"},{\"@type\":\"WebSite\",\"@id\":\"https:\/\/rauchfrei.at\/#website\",\"url\":\"https:\/\/rauchfrei.at\/\",\"name\":\"Rauchfrei Telefon\",\"description\":\"Eine \u00f6sterreichweite Initiative der Sozialversicherungen.\",\"potentialAction\":[{\"@type\":\"SearchAction\",\"target\":{\"@type\":\"EntryPoint\",\"urlTemplate\":\"https:\/\/rauchfrei.at\/?s={search_term_string}\"},\"query-input\":{\"@type\":\"PropertyValueSpecification\",\"valueRequired\":true,\"valueName\":\"search_term_string\"}}],\"inLanguage\":\"en-US\"},{\"@type\":\"Person\",\"@id\":\"https:\/\/rauchfrei.at\/#\/schema\/person\/504bbf90c5482004fc09aef6de7f9277\",\"name\":\"Rauchfrei Team\",\"image\":{\"@type\":\"ImageObject\",\"inLanguage\":\"en-US\",\"@id\":\"https:\/\/rauchfrei.at\/#\/schema\/person\/image\/\",\"url\":\"https:\/\/secure.gravatar.com\/avatar\/2115b79a00800516fa1523bb5a329611f90e73e89be559131fc7e82b4fdc95ff?s=96&d=mm&r=g\",\"contentUrl\":\"https:\/\/secure.gravatar.com\/avatar\/2115b79a00800516fa1523bb5a329611f90e73e89be559131fc7e82b4fdc95ff?s=96&d=mm&r=g\",\"caption\":\"Rauchfrei Team\"},\"url\":\"https:\/\/rauchfrei.at\/en\/author\/rauchfrei-team\/\"}]}<\/script>\n<!-- \/ Yoast SEO plugin. -->","yoast_head_json":{"title":"Faktensammlung Nichtraucherschutz im Betrieb - Rauchfrei Telefon","robots":{"index":"index","follow":"follow","max-snippet":"max-snippet:-1","max-image-preview":"max-image-preview:large","max-video-preview":"max-video-preview:-1"},"canonical":"https:\/\/rauchfrei.at\/faktensammlung-nichtraucherschutz-im-betrieb\/","og_locale":"en_US","og_type":"article","og_title":"Faktensammlung Nichtraucherschutz im Betrieb - Rauchfrei Telefon","og_description":"Die gesetzliche Lage rund um einen rauchfreien Arbeitsplatz ist eindeutig geregelt, dennoch ist das Thema in der Praxis nicht ganz so einfach zu handhaben. Ein umfangreiches Handbuch informiert und gibt hilfreiche Anregungen.","og_url":"https:\/\/rauchfrei.at\/faktensammlung-nichtraucherschutz-im-betrieb\/","og_site_name":"Rauchfrei Telefon","article_published_time":"2020-10-05T06:00:43+00:00","og_image":[{"url":"https:\/\/rauchfrei.at\/wp-content\/uploads\/Nichtraucherschutz-im-Betrieb-225x339.jpg","type":"","width":"","height":""}],"author":"Rauchfrei Team","twitter_card":"summary_large_image","twitter_misc":{"Written by":"Rauchfrei Team","Est. reading time":"2 minutes"},"schema":{"@context":"https:\/\/schema.org","@graph":[{"@type":"WebPage","@id":"https:\/\/rauchfrei.at\/faktensammlung-nichtraucherschutz-im-betrieb\/","url":"https:\/\/rauchfrei.at\/faktensammlung-nichtraucherschutz-im-betrieb\/","name":"Faktensammlung Nichtraucherschutz im Betrieb - Rauchfrei Telefon","isPartOf":{"@id":"https:\/\/rauchfrei.at\/#website"},"primaryImageOfPage":{"@id":"https:\/\/rauchfrei.at\/faktensammlung-nichtraucherschutz-im-betrieb\/#primaryimage"},"image":{"@id":"https:\/\/rauchfrei.at\/faktensammlung-nichtraucherschutz-im-betrieb\/#primaryimage"},"thumbnailUrl":"https:\/\/rauchfrei.at\/wp-content\/uploads\/Nichtraucherschutz-im-Betrieb-225x339.jpg","datePublished":"2020-10-05T06:00:43+00:00","author":{"@id":"https:\/\/rauchfrei.at\/#\/schema\/person\/504bbf90c5482004fc09aef6de7f9277"},"inLanguage":"en-US","potentialAction":[{"@type":"ReadAction","target":["https:\/\/rauchfrei.at\/faktensammlung-nichtraucherschutz-im-betrieb\/"]}]},{"@type":"ImageObject","inLanguage":"en-US","@id":"https:\/\/rauchfrei.at\/faktensammlung-nichtraucherschutz-im-betrieb\/#primaryimage","url":"https:\/\/rauchfrei.at\/wp-content\/uploads\/Nichtraucherschutz-im-Betrieb-225x339.jpg","contentUrl":"https:\/\/rauchfrei.at\/wp-content\/uploads\/Nichtraucherschutz-im-Betrieb-225x339.jpg"},{"@type":"WebSite","@id":"https:\/\/rauchfrei.at\/#website","url":"https:\/\/rauchfrei.at\/","name":"Rauchfrei Telefon","description":"Eine \u00f6sterreichweite Initiative der Sozialversicherungen.","potentialAction":[{"@type":"SearchAction","target":{"@type":"EntryPoint","urlTemplate":"https:\/\/rauchfrei.at\/?s={search_term_string}"},"query-input":{"@type":"PropertyValueSpecification","valueRequired":true,"valueName":"search_term_string"}}],"inLanguage":"en-US"},{"@type":"Person","@id":"https:\/\/rauchfrei.at\/#\/schema\/person\/504bbf90c5482004fc09aef6de7f9277","name":"Rauchfrei Team","image":{"@type":"ImageObject","inLanguage":"en-US","@id":"https:\/\/rauchfrei.at\/#\/schema\/person\/image\/","url":"https:\/\/secure.gravatar.com\/avatar\/2115b79a00800516fa1523bb5a329611f90e73e89be559131fc7e82b4fdc95ff?s=96&d=mm&r=g","contentUrl":"https:\/\/secure.gravatar.com\/avatar\/2115b79a00800516fa1523bb5a329611f90e73e89be559131fc7e82b4fdc95ff?s=96&d=mm&r=g","caption":"Rauchfrei Team"},"url":"https:\/\/rauchfrei.at\/en\/author\/rauchfrei-team\/"}]}},"_links":{"self":[{"href":"https:\/\/rauchfrei.at\/en\/wp-json\/wp\/v2\/posts\/19525","targetHints":{"allow":["GET"]}}],"collection":[{"href":"https:\/\/rauchfrei.at\/en\/wp-json\/wp\/v2\/posts"}],"about":[{"href":"https:\/\/rauchfrei.at\/en\/wp-json\/wp\/v2\/types\/post"}],"author":[{"embeddable":true,"href":"https:\/\/rauchfrei.at\/en\/wp-json\/wp\/v2\/users\/25"}],"replies":[{"embeddable":true,"href":"https:\/\/rauchfrei.at\/en\/wp-json\/wp\/v2\/comments?post=19525"}],"version-history":[{"count":5,"href":"https:\/\/rauchfrei.at\/en\/wp-json\/wp\/v2\/posts\/19525\/revisions"}],"predecessor-version":[{"id":19558,"href":"https:\/\/rauchfrei.at\/en\/wp-json\/wp\/v2\/posts\/19525\/revisions\/19558"}],"wp:attachment":[{"href":"https:\/\/rauchfrei.at\/en\/wp-json\/wp\/v2\/media?parent=19525"}],"wp:term":[{"taxonomy":"category","embeddable":true,"href":"https:\/\/rauchfrei.at\/en\/wp-json\/wp\/v2\/categories?post=19525"},{"taxonomy":"post_tag","embeddable":true,"href":"https:\/\/rauchfrei.at\/en\/wp-json\/wp\/v2\/tags?post=19525"}],"curies":[{"name":"wp","href":"https:\/\/api.w.org\/{rel}","templated":true}]}}