
{"id":19552,"date":"2020-09-28T08:00:39","date_gmt":"2020-09-28T06:00:39","guid":{"rendered":"https:\/\/rauchfrei.at\/?p=19552"},"modified":"2020-09-29T08:50:40","modified_gmt":"2020-09-29T06:50:40","slug":"staerken-sie-ihre-abwehrkraefte-werden-sie-rauchfrei","status":"publish","type":"post","link":"https:\/\/rauchfrei.at\/en\/staerken-sie-ihre-abwehrkraefte-werden-sie-rauchfrei\/","title":{"rendered":"St\u00e4rken Sie Ihre Abwehrkr\u00e4fte \u2013 werden Sie rauchfrei!"},"content":{"rendered":"<p>[et_pb_section fb_built=&#8221;1&#8243; module_class=&#8221;header&#8221; _builder_version=&#8221;3.22&#8243;][et_pb_row _builder_version=&#8221;3.25&#8243;][et_pb_column type=&#8221;4_4&#8243; _builder_version=&#8221;3.25&#8243; custom_padding=&#8221;|||&#8221; custom_padding__hover=&#8221;|||&#8221;][et_pb_dp_dmb_module_10001 subheadline=&#8221;Welche sportlichen Aktivit\u00e4ten k\u00f6nnen Sie machen, um rauchfrei zu werden und zu bleiben?&#8221; _builder_version=&#8221;3.15&#8243;][\/et_pb_dp_dmb_module_10001][\/et_pb_column][\/et_pb_row][\/et_pb_section][et_pb_section fb_built=&#8221;1&#8243; _builder_version=&#8221;3.22&#8243;][et_pb_row column_structure=&#8221;2_3,1_3&#8243; _builder_version=&#8221;3.25&#8243; background_size=&#8221;initial&#8221; background_position=&#8221;top_left&#8221; background_repeat=&#8221;repeat&#8221;][et_pb_column type=&#8221;2_3&#8243; _builder_version=&#8221;3.25&#8243; custom_padding=&#8221;|||&#8221; custom_padding__hover=&#8221;|||&#8221;][et_pb_text _builder_version=&#8221;4.4.3&#8243; hover_enabled=&#8221;0&#8243;]<\/p>\n<p>Rauchfrei sein bedeutet, das Immunsystem zu sch\u00fctzen und zu st\u00e4rken. Rauchen hingegen schw\u00e4cht das Immunsystem. Es beg\u00fcnstigt Infektionen auf mehreren Wegen. Der Tabakrauch beeinflusst das Wachstum bestimmter Bakterien und gef\u00e4hrliche Arten k\u00f6nnen sich besser vermehren. Au\u00dferdem reduziert der Rauch die Anzahl der Rezeptoren, die von den Zellen des Immunsystems ben\u00f6tigt werden, um diese Bakterien zu erkennen und abzut\u00f6ten.<\/p>\n<p>Die Schadstoffe des Tabakrauchs setzen den Selbstreinigungsmechanismus in den Atemwegen au\u00dfer Kraft. Dadurch erleichtern sie es Viren und Bakterien, sich anzusiedeln. Gef\u00e4hrlich f\u00fcr das Immunsystem sind vor allem Nikotin und Teer. Sie schw\u00e4chen die k\u00f6rpereigene Reaktion, Krankheitserreger abzut\u00f6ten und unterdr\u00fccken die Immunabwehr. Raucher\/innen haben auch weniger Immunglobuline (= Antik\u00f6rper, Abwehrstoffe) im Blut als Nichtraucher\/innen. Die Abwehrkr\u00e4fte sind also eingeschr\u00e4nkt und die Anf\u00e4lligkeit f\u00fcr Infektionen ist h\u00f6her.<\/p>\n<p>Raucher\/innen sind generell anf\u00e4lliger f\u00fcr Erkrankungen (v.a. Parodontitis, Mittelohr- und Hirnhautentz\u00fcndung sowie Geschlechtskrankheiten, Magenerkrankungen und Infektionen der Atemwege) und haben h\u00e4ufig einen schwerwiegenden Krankheitsverlauf. Das gilt auch f\u00fcr Grippe und COVID-19.<\/p>\n<p>Nicht nur Menschen mit Vorerkrankungen (z.B. COPD, Asthma, Diabetes, Herz-Kreislauf-Erkrankungen und Krebs) wird ein Rauchstopp deshalb dringend empfohlen. Bekannt ist, dass ein Rauchstopp viele k\u00f6rperliche Vorteile mit sich bringt: der Kohlenmonoxid-Spiegel im Blut sinkt, es steht wieder mehr Sauerstoff zur Verf\u00fcgung, die Atemwege beginnen sich zu regenerieren und die Lungenfunktion verbessert sich. Nur wenige wissen jedoch, dass dies auch eine Auswirkung auf die Infektanf\u00e4lligkeit hat: So verbessert sich laut American Cancer Society die Immunabwehr schon wenige Monate nach dem Rauchstopp nachweislich.<\/p>\n<p>Die aktive St\u00e4rkung des Immunsystems ist gerade in diesem Herbst eine gute M\u00f6glichkeit, f\u00fcr die eigene Gesundheit zu sorgen. Der Rauchstopp hilft verl\u00e4sslich.\u00a0 Mit Unterst\u00fctzung gelingt es leichter, rufen Sie uns an, wir begleiten Sie gerne in die Rauchfreiheit!<\/p>\n<p>Quellen und Links:<br \/><a href=\"https:\/\/www.dkfz.de\/de\/tabakkontrolle\/download\/Publikationen\/FzR\/FzR_Bakterielle_Infektionen_I.pdf\">DKFZ Factsheet <\/a><a href=\"https:\/\/www.dkfz.de\/de\/tabakkontrolle\/download\/Publikationen\/FzR\/FzR_Bakterielle_Infektionen_I.pdf\">Bakterielle_Infektionen I_I<\/a><a href=\"https:\/\/www.dkfz.de\/de\/tabakkontrolle\/download\/Publikationen\/FzR\/FzR_Bakterielle_Infektionen_I.pdf\">pdf<\/a><a href=\"https:\/\/www.sn.at\/panorama\/oesterreich\/raucher-haben-ein-erhoehtes-coronarisiko-86229703\" target=\"_blank\" rel=\"noopener noreferrer\"><br \/><\/a><a href=\"https:\/\/www.dkfz.de\/de\/tabakkontrolle\/download\/Publikationen\/FzR\/FzR_Bakterielle_Infektionen_II.pdf\">DKFZ Factsheet_Bakterielle_Infektionen_II.pdf<\/a><br \/><a href=\"https:\/\/www.lungenaerzte-im-netz.de\/news-archiv\/meldung\/article\/rauchen-erhoeht-corona-erkrankungsrisiko\/\" target=\"_blank\" rel=\"noopener noreferrer\">Lungen\u00e4rzte im Netz R<\/a><a href=\"https:\/\/www.lungenaerzte-im-netz.de\/news-archiv\/meldung\/article\/rauchen-erhoeht-corona-erkrankungsrisiko\/\" target=\"_blank\" rel=\"noopener noreferrer\">auchen-erhoeht-Corona-Erkrankungsrisiko\/<\/a><br \/><a href=\"https:\/\/www.sn.at\/panorama\/oesterreich\/raucher-haben-ein-erhoehtes-coronarisiko-86229703\" target=\"_blank\" rel=\"noopener noreferrer\">Salzburger Nachrichten <\/a><a href=\"https:\/\/www.sn.at\/panorama\/oesterreich\/raucher-haben-ein-erhoehtes-coronarisiko-86229703\" target=\"_blank\" rel=\"noopener noreferrer\">Raucher-haben-ein-erhoehtes-Coronarisiko<\/a><br \/>Sopori M (2002) Effects of cigarette smoke on the immune system. Nat Rev Immunol, 2, 372-377<\/p>\n<p>[\/et_pb_text][\/et_pb_column][et_pb_column type=&#8221;1_3&#8243; _builder_version=&#8221;3.25&#8243; custom_padding=&#8221;|||&#8221; custom_padding__hover=&#8221;|||&#8221;][et_pb_sidebar area=&#8221;sidebar-1&#8243; _builder_version=&#8221;3.15&#8243;][\/et_pb_sidebar][\/et_pb_column][\/et_pb_row][\/et_pb_section]<\/p>\n","protected":false},"excerpt":{"rendered":"<p>Unsere Gesundheit ist uns wichtig und gerade in diesen Zeiten sind wir auf ein starkes Immunsystem angewiesen. Rauchen passt nicht dazu, denn es wirkt sich negativ auf die Immunabwehr aus. Warum Raucher\/innen ein erh\u00f6htes Risiko f\u00fcr Infektionen haben und der Rauchstopp dem Immunsystem hilft, erfahren Sie hier.<\/p>\n","protected":false},"author":25,"featured_media":0,"comment_status":"open","ping_status":"open","sticky":false,"template":"","format":"standard","meta":{"_et_pb_use_builder":"on","_et_pb_old_content":"","_et_gb_content_width":"","footnotes":""},"categories":[235,237,236],"tags":[],"class_list":["post-19552","post","type-post","status-publish","format-standard","hentry","category-gesundheit-und-rauchstopp","category-literatur-und-hintergrundwissen","category-nicht-kategorisiert"],"yoast_head":"<!-- This site is optimized with the Yoast SEO plugin v26.2 - https:\/\/yoast.com\/wordpress\/plugins\/seo\/ -->\n<title>St\u00e4rken Sie Ihre Abwehrkr\u00e4fte \u2013 werden Sie rauchfrei! - Rauchfrei Telefon<\/title>\n<meta name=\"robots\" content=\"index, follow, max-snippet:-1, max-image-preview:large, max-video-preview:-1\" \/>\n<link rel=\"canonical\" href=\"https:\/\/rauchfrei.at\/staerken-sie-ihre-abwehrkraefte-werden-sie-rauchfrei\/\" \/>\n<meta property=\"og:locale\" content=\"en_US\" \/>\n<meta property=\"og:type\" content=\"article\" \/>\n<meta property=\"og:title\" content=\"St\u00e4rken Sie Ihre Abwehrkr\u00e4fte \u2013 werden Sie rauchfrei! - Rauchfrei Telefon\" \/>\n<meta property=\"og:description\" content=\"Unsere Gesundheit ist uns wichtig und gerade in diesen Zeiten sind wir auf ein starkes Immunsystem angewiesen. Rauchen passt nicht dazu, denn es wirkt sich negativ auf die Immunabwehr aus. Warum Raucher\/innen ein erh\u00f6htes Risiko f\u00fcr Infektionen haben und der Rauchstopp dem Immunsystem hilft, erfahren Sie hier.\" \/>\n<meta property=\"og:url\" content=\"https:\/\/rauchfrei.at\/staerken-sie-ihre-abwehrkraefte-werden-sie-rauchfrei\/\" \/>\n<meta property=\"og:site_name\" content=\"Rauchfrei Telefon\" \/>\n<meta property=\"article:published_time\" content=\"2020-09-28T06:00:39+00:00\" \/>\n<meta property=\"article:modified_time\" content=\"2020-09-29T06:50:40+00:00\" \/>\n<meta name=\"author\" content=\"Rauchfrei Team\" \/>\n<meta name=\"twitter:card\" content=\"summary_large_image\" \/>\n<meta name=\"twitter:label1\" content=\"Written by\" \/>\n\t<meta name=\"twitter:data1\" content=\"Rauchfrei Team\" \/>\n\t<meta name=\"twitter:label2\" content=\"Est. reading time\" \/>\n\t<meta name=\"twitter:data2\" content=\"2 minutes\" \/>\n<script type=\"application\/ld+json\" class=\"yoast-schema-graph\">{\"@context\":\"https:\/\/schema.org\",\"@graph\":[{\"@type\":\"WebPage\",\"@id\":\"https:\/\/rauchfrei.at\/staerken-sie-ihre-abwehrkraefte-werden-sie-rauchfrei\/\",\"url\":\"https:\/\/rauchfrei.at\/staerken-sie-ihre-abwehrkraefte-werden-sie-rauchfrei\/\",\"name\":\"St\u00e4rken Sie Ihre Abwehrkr\u00e4fte \u2013 werden Sie rauchfrei! - Rauchfrei Telefon\",\"isPartOf\":{\"@id\":\"https:\/\/rauchfrei.at\/#website\"},\"datePublished\":\"2020-09-28T06:00:39+00:00\",\"dateModified\":\"2020-09-29T06:50:40+00:00\",\"author\":{\"@id\":\"https:\/\/rauchfrei.at\/#\/schema\/person\/504bbf90c5482004fc09aef6de7f9277\"},\"inLanguage\":\"en-US\",\"potentialAction\":[{\"@type\":\"ReadAction\",\"target\":[\"https:\/\/rauchfrei.at\/staerken-sie-ihre-abwehrkraefte-werden-sie-rauchfrei\/\"]}]},{\"@type\":\"WebSite\",\"@id\":\"https:\/\/rauchfrei.at\/#website\",\"url\":\"https:\/\/rauchfrei.at\/\",\"name\":\"Rauchfrei Telefon\",\"description\":\"Eine \u00f6sterreichweite Initiative der Sozialversicherungen.\",\"potentialAction\":[{\"@type\":\"SearchAction\",\"target\":{\"@type\":\"EntryPoint\",\"urlTemplate\":\"https:\/\/rauchfrei.at\/?s={search_term_string}\"},\"query-input\":{\"@type\":\"PropertyValueSpecification\",\"valueRequired\":true,\"valueName\":\"search_term_string\"}}],\"inLanguage\":\"en-US\"},{\"@type\":\"Person\",\"@id\":\"https:\/\/rauchfrei.at\/#\/schema\/person\/504bbf90c5482004fc09aef6de7f9277\",\"name\":\"Rauchfrei Team\",\"image\":{\"@type\":\"ImageObject\",\"inLanguage\":\"en-US\",\"@id\":\"https:\/\/rauchfrei.at\/#\/schema\/person\/image\/\",\"url\":\"https:\/\/secure.gravatar.com\/avatar\/2115b79a00800516fa1523bb5a329611f90e73e89be559131fc7e82b4fdc95ff?s=96&d=mm&r=g\",\"contentUrl\":\"https:\/\/secure.gravatar.com\/avatar\/2115b79a00800516fa1523bb5a329611f90e73e89be559131fc7e82b4fdc95ff?s=96&d=mm&r=g\",\"caption\":\"Rauchfrei Team\"},\"url\":\"https:\/\/rauchfrei.at\/en\/author\/rauchfrei-team\/\"}]}<\/script>\n<!-- \/ Yoast SEO plugin. -->","yoast_head_json":{"title":"St\u00e4rken Sie Ihre Abwehrkr\u00e4fte \u2013 werden Sie rauchfrei! - Rauchfrei Telefon","robots":{"index":"index","follow":"follow","max-snippet":"max-snippet:-1","max-image-preview":"max-image-preview:large","max-video-preview":"max-video-preview:-1"},"canonical":"https:\/\/rauchfrei.at\/staerken-sie-ihre-abwehrkraefte-werden-sie-rauchfrei\/","og_locale":"en_US","og_type":"article","og_title":"St\u00e4rken Sie Ihre Abwehrkr\u00e4fte \u2013 werden Sie rauchfrei! - Rauchfrei Telefon","og_description":"Unsere Gesundheit ist uns wichtig und gerade in diesen Zeiten sind wir auf ein starkes Immunsystem angewiesen. Rauchen passt nicht dazu, denn es wirkt sich negativ auf die Immunabwehr aus. Warum Raucher\/innen ein erh\u00f6htes Risiko f\u00fcr Infektionen haben und der Rauchstopp dem Immunsystem hilft, erfahren Sie hier.","og_url":"https:\/\/rauchfrei.at\/staerken-sie-ihre-abwehrkraefte-werden-sie-rauchfrei\/","og_site_name":"Rauchfrei Telefon","article_published_time":"2020-09-28T06:00:39+00:00","article_modified_time":"2020-09-29T06:50:40+00:00","author":"Rauchfrei Team","twitter_card":"summary_large_image","twitter_misc":{"Written by":"Rauchfrei Team","Est. reading time":"2 minutes"},"schema":{"@context":"https:\/\/schema.org","@graph":[{"@type":"WebPage","@id":"https:\/\/rauchfrei.at\/staerken-sie-ihre-abwehrkraefte-werden-sie-rauchfrei\/","url":"https:\/\/rauchfrei.at\/staerken-sie-ihre-abwehrkraefte-werden-sie-rauchfrei\/","name":"St\u00e4rken Sie Ihre Abwehrkr\u00e4fte \u2013 werden Sie rauchfrei! - Rauchfrei Telefon","isPartOf":{"@id":"https:\/\/rauchfrei.at\/#website"},"datePublished":"2020-09-28T06:00:39+00:00","dateModified":"2020-09-29T06:50:40+00:00","author":{"@id":"https:\/\/rauchfrei.at\/#\/schema\/person\/504bbf90c5482004fc09aef6de7f9277"},"inLanguage":"en-US","potentialAction":[{"@type":"ReadAction","target":["https:\/\/rauchfrei.at\/staerken-sie-ihre-abwehrkraefte-werden-sie-rauchfrei\/"]}]},{"@type":"WebSite","@id":"https:\/\/rauchfrei.at\/#website","url":"https:\/\/rauchfrei.at\/","name":"Rauchfrei Telefon","description":"Eine \u00f6sterreichweite Initiative der Sozialversicherungen.","potentialAction":[{"@type":"SearchAction","target":{"@type":"EntryPoint","urlTemplate":"https:\/\/rauchfrei.at\/?s={search_term_string}"},"query-input":{"@type":"PropertyValueSpecification","valueRequired":true,"valueName":"search_term_string"}}],"inLanguage":"en-US"},{"@type":"Person","@id":"https:\/\/rauchfrei.at\/#\/schema\/person\/504bbf90c5482004fc09aef6de7f9277","name":"Rauchfrei Team","image":{"@type":"ImageObject","inLanguage":"en-US","@id":"https:\/\/rauchfrei.at\/#\/schema\/person\/image\/","url":"https:\/\/secure.gravatar.com\/avatar\/2115b79a00800516fa1523bb5a329611f90e73e89be559131fc7e82b4fdc95ff?s=96&d=mm&r=g","contentUrl":"https:\/\/secure.gravatar.com\/avatar\/2115b79a00800516fa1523bb5a329611f90e73e89be559131fc7e82b4fdc95ff?s=96&d=mm&r=g","caption":"Rauchfrei Team"},"url":"https:\/\/rauchfrei.at\/en\/author\/rauchfrei-team\/"}]}},"_links":{"self":[{"href":"https:\/\/rauchfrei.at\/en\/wp-json\/wp\/v2\/posts\/19552","targetHints":{"allow":["GET"]}}],"collection":[{"href":"https:\/\/rauchfrei.at\/en\/wp-json\/wp\/v2\/posts"}],"about":[{"href":"https:\/\/rauchfrei.at\/en\/wp-json\/wp\/v2\/types\/post"}],"author":[{"embeddable":true,"href":"https:\/\/rauchfrei.at\/en\/wp-json\/wp\/v2\/users\/25"}],"replies":[{"embeddable":true,"href":"https:\/\/rauchfrei.at\/en\/wp-json\/wp\/v2\/comments?post=19552"}],"version-history":[{"count":5,"href":"https:\/\/rauchfrei.at\/en\/wp-json\/wp\/v2\/posts\/19552\/revisions"}],"predecessor-version":[{"id":19568,"href":"https:\/\/rauchfrei.at\/en\/wp-json\/wp\/v2\/posts\/19552\/revisions\/19568"}],"wp:attachment":[{"href":"https:\/\/rauchfrei.at\/en\/wp-json\/wp\/v2\/media?parent=19552"}],"wp:term":[{"taxonomy":"category","embeddable":true,"href":"https:\/\/rauchfrei.at\/en\/wp-json\/wp\/v2\/categories?post=19552"},{"taxonomy":"post_tag","embeddable":true,"href":"https:\/\/rauchfrei.at\/en\/wp-json\/wp\/v2\/tags?post=19552"}],"curies":[{"name":"wp","href":"https:\/\/api.w.org\/{rel}","templated":true}]}}