
{"id":19592,"date":"2020-10-12T08:00:07","date_gmt":"2020-10-12T06:00:07","guid":{"rendered":"https:\/\/rauchfrei.at\/?p=19592"},"modified":"2020-10-09T18:00:12","modified_gmt":"2020-10-09T16:00:12","slug":"rueckfall-in-der-corona-zeit","status":"publish","type":"post","link":"https:\/\/rauchfrei.at\/en\/rueckfall-in-der-corona-zeit\/","title":{"rendered":"R\u00fcckfall in der Corona-Zeit?"},"content":{"rendered":"<p>[et_pb_section fb_built=&#8221;1&#8243; module_class=&#8221;header&#8221; _builder_version=&#8221;3.22&#8243;][et_pb_row _builder_version=&#8221;3.25&#8243;][et_pb_column type=&#8221;4_4&#8243; _builder_version=&#8221;3.25&#8243; custom_padding=&#8221;|||&#8221; custom_padding__hover=&#8221;|||&#8221;][et_pb_dp_dmb_module_10001 subheadline=&#8221;Alles auf Neustart!&#8221; _builder_version=&#8221;4.4.3&#8243;][\/et_pb_dp_dmb_module_10001][\/et_pb_column][\/et_pb_row][\/et_pb_section][et_pb_section fb_built=&#8221;1&#8243; _builder_version=&#8221;3.22&#8243;][et_pb_row column_structure=&#8221;2_3,1_3&#8243; _builder_version=&#8221;3.25&#8243; background_size=&#8221;initial&#8221; background_position=&#8221;top_left&#8221; background_repeat=&#8221;repeat&#8221;][et_pb_column type=&#8221;2_3&#8243; _builder_version=&#8221;3.25&#8243; custom_padding=&#8221;|||&#8221; custom_padding__hover=&#8221;|||&#8221;][et_pb_text _builder_version=&#8221;4.4.3&#8243;]<\/p>\n<p>Jede Person hat die Situation nach dem Lockdown im M\u00e4rz anders erlebt. W\u00e4hrend manche dies als Chance f\u00fcr einen Rauchstopp gesehen haben, haben auf der anderen Seite die Isolation, die zus\u00e4tzlichen Stressfaktoren und die generelle Verunsicherung viele vermehrt zur Zigarette greifen lassen. Einige haben sich hilfesuchend ans Rauchfrei Telefon gewendet, andere haben die Beratung aufgrund der schwierigen Situation unterbrochen und sich erst Monate sp\u00e4ter wieder gemeldet.<\/p>\n<p>Besondere Herausforderungen waren die Angst, an Corona zu erkranken, die Sorge um gef\u00e4hrdete Angeh\u00f6rige, Einsamkeit, fehlende R\u00fcckzugsm\u00f6glichkeit durch beengte Verh\u00e4ltnisse, existenzielle Sorgen (Angst vor Arbeitsplatzverlust, Schlie\u00dfung des Unternehmens, keine Auftr\u00e4ge), neue Anforderungen, Verunsicherung durch Ma\u00dfnahmen und auch Langeweile. F\u00fcr manche war Rauchen als einzig m\u00f6gliche Stressbew\u00e4ltigung immer noch pr\u00e4sent. Hinzu kam, dass viele alternative Verhaltensweisen und Aktivit\u00e4ten zum Ausgleich (z.B. Fitnesscenter, Sportkurse, Schwimmbad, Sauna, Kino, Theater etc.) nicht m\u00f6glich waren.<\/p>\n<p>Dennoch besteht bei vielen Raucherinnen und Rauchern gerade jetzt der Wunsch, etwas Gutes f\u00fcr die eigene Gesundheit zu tun. Studien zeigen auch, dass sich das Risiko einer COVID-19-Erkrankung und schwerer Verl\u00e4ufe etwa vier Wochen nach dem Rauchstopp vermindert. Ein Rauchstopp tr\u00e4gt also zur Erhaltung der Gesundheit und \u2013 wie bereits im vergangenen Blog berichtet wurde \u2013 zur St\u00e4rkung des Immunsystems bei. Was jetzt zus\u00e4tzlich f\u00fcr einen Rauchstopp spricht: Es besteht immer noch weniger soziale Gelegenheit zum Rauchen (z.B. durch Homeoffice-Regelungen, fehlende Besprechungen, kaum Veranstaltungen oder Feiern).<\/p>\n<p>Einen Erfahrungsbericht aus dieser Zeit lesen Sie <a href=\"https:\/\/www.diepresse.com\/5870837\/ein-reiseautor-ohne-reisen-gerat-auf-die-schiefe-bahn\" target=\"_blank\" rel=\"noopener noreferrer\">hier!<\/a><\/p>\n<p>Aufgrund der aktuellen Situation sind telefonische, digitale und mobile Angebote besonders hilfreich. Nutzen Sie deshalb unsere Beratung und lassen Sie sich unterst\u00fctzen \u2013 egal ob per Telefon, mittels Rauchfrei App oder durch die Informationen auf unserer Webseite.<\/p>\n<p>Bleiben Sie dran! Irgendwann ist auch diese Situation geschafft, und der Rauchstopp noch viel eher!<\/p>\n<p><strong>Studie:<\/strong> (1) Eisenberg SL &amp; Eisenberg MJ (2020) <u>Smoking cessation during the COVID-19 epidemic<\/u>. Nicotine Tob Res, ntaa075, DOI: 10.1093\/ntr\/ntaa075<\/p>\n<p>[\/et_pb_text][\/et_pb_column][et_pb_column type=&#8221;1_3&#8243; _builder_version=&#8221;3.25&#8243; custom_padding=&#8221;|||&#8221; custom_padding__hover=&#8221;|||&#8221;][et_pb_dp_dmb_module_10093 farbe=&#8221;blitzgelb&#8221; headline=&#8221;Trauen Sie sich den Rauchstopp zu!&#8221; image=&#8221;https:\/\/rauchfrei.at\/wp-content\/uploads\/Quitting-Yellow.png&#8221; image_position=&#8221;center&#8221; link_text=&#8221;mehr&#8221; link_url=&#8221;https:\/\/rauchfrei.at\/aufhoeren\/schritte-zum-rauchstopp\/trauen-sie-sich-den-rauchstopp-zu\/&#8221; image_size=&#8221;90&#8243; admin_label=&#8221;Trauen Sie sich den Rauchstopp zu&#8221; _builder_version=&#8221;3.19.15&#8243; global_module=&#8221;13173&#8243; saved_tabs=&#8221;all&#8221;]<\/p>\n<p>Sie m\u00f6chten etwas \u00e4ndern? Worauf warten Sie noch?<\/p>\n<p>[\/et_pb_dp_dmb_module_10093][\/et_pb_column][\/et_pb_row][\/et_pb_section]<\/p>\n","protected":false},"excerpt":{"rendered":"<p>Was haben Sie im Lockdown gemacht? Haben Sie auch vermehrt zur Zigarette gegriffen? Dann geht es Ihnen so wie vielen (Ex-)Raucher\/innen, die diese Situation vor besondere Herausforderungen gestellt hat. Das hei\u00dft aber nicht, dass Ihr Ziel dadurch in weite Ferne gerutscht ist. Wir unterst\u00fctzen Sie dabei, gerade jetzt rauchfrei zu werden und zu bleiben.<\/p>\n","protected":false},"author":25,"featured_media":0,"comment_status":"open","ping_status":"open","sticky":false,"template":"","format":"standard","meta":{"_et_pb_use_builder":"on","_et_pb_old_content":"","_et_gb_content_width":"","footnotes":""},"categories":[235,237,236],"tags":[],"class_list":["post-19592","post","type-post","status-publish","format-standard","hentry","category-gesundheit-und-rauchstopp","category-literatur-und-hintergrundwissen","category-nicht-kategorisiert"],"yoast_head":"<!-- This site is optimized with the Yoast SEO plugin v26.2 - https:\/\/yoast.com\/wordpress\/plugins\/seo\/ -->\n<title>R\u00fcckfall in der Corona-Zeit? - Rauchfrei Telefon<\/title>\n<meta name=\"robots\" content=\"index, follow, max-snippet:-1, max-image-preview:large, max-video-preview:-1\" \/>\n<link rel=\"canonical\" href=\"https:\/\/rauchfrei.at\/rueckfall-in-der-corona-zeit\/\" \/>\n<meta property=\"og:locale\" content=\"en_US\" \/>\n<meta property=\"og:type\" content=\"article\" \/>\n<meta property=\"og:title\" content=\"R\u00fcckfall in der Corona-Zeit? - Rauchfrei Telefon\" \/>\n<meta property=\"og:description\" content=\"Was haben Sie im Lockdown gemacht? Haben Sie auch vermehrt zur Zigarette gegriffen? Dann geht es Ihnen so wie vielen (Ex-)Raucher\/innen, die diese Situation vor besondere Herausforderungen gestellt hat. Das hei\u00dft aber nicht, dass Ihr Ziel dadurch in weite Ferne gerutscht ist. Wir unterst\u00fctzen Sie dabei, gerade jetzt rauchfrei zu werden und zu bleiben.\" \/>\n<meta property=\"og:url\" content=\"https:\/\/rauchfrei.at\/rueckfall-in-der-corona-zeit\/\" \/>\n<meta property=\"og:site_name\" content=\"Rauchfrei Telefon\" \/>\n<meta property=\"article:published_time\" content=\"2020-10-12T06:00:07+00:00\" \/>\n<meta name=\"author\" content=\"Rauchfrei Team\" \/>\n<meta name=\"twitter:card\" content=\"summary_large_image\" \/>\n<meta name=\"twitter:label1\" content=\"Written by\" \/>\n\t<meta name=\"twitter:data1\" content=\"Rauchfrei Team\" \/>\n\t<meta name=\"twitter:label2\" content=\"Est. reading time\" \/>\n\t<meta name=\"twitter:data2\" content=\"3 minutes\" \/>\n<script type=\"application\/ld+json\" class=\"yoast-schema-graph\">{\"@context\":\"https:\/\/schema.org\",\"@graph\":[{\"@type\":\"WebPage\",\"@id\":\"https:\/\/rauchfrei.at\/rueckfall-in-der-corona-zeit\/\",\"url\":\"https:\/\/rauchfrei.at\/rueckfall-in-der-corona-zeit\/\",\"name\":\"R\u00fcckfall in der Corona-Zeit? - Rauchfrei Telefon\",\"isPartOf\":{\"@id\":\"https:\/\/rauchfrei.at\/#website\"},\"datePublished\":\"2020-10-12T06:00:07+00:00\",\"author\":{\"@id\":\"https:\/\/rauchfrei.at\/#\/schema\/person\/504bbf90c5482004fc09aef6de7f9277\"},\"inLanguage\":\"en-US\",\"potentialAction\":[{\"@type\":\"ReadAction\",\"target\":[\"https:\/\/rauchfrei.at\/rueckfall-in-der-corona-zeit\/\"]}]},{\"@type\":\"WebSite\",\"@id\":\"https:\/\/rauchfrei.at\/#website\",\"url\":\"https:\/\/rauchfrei.at\/\",\"name\":\"Rauchfrei Telefon\",\"description\":\"Eine \u00f6sterreichweite Initiative der Sozialversicherungen.\",\"potentialAction\":[{\"@type\":\"SearchAction\",\"target\":{\"@type\":\"EntryPoint\",\"urlTemplate\":\"https:\/\/rauchfrei.at\/?s={search_term_string}\"},\"query-input\":{\"@type\":\"PropertyValueSpecification\",\"valueRequired\":true,\"valueName\":\"search_term_string\"}}],\"inLanguage\":\"en-US\"},{\"@type\":\"Person\",\"@id\":\"https:\/\/rauchfrei.at\/#\/schema\/person\/504bbf90c5482004fc09aef6de7f9277\",\"name\":\"Rauchfrei Team\",\"image\":{\"@type\":\"ImageObject\",\"inLanguage\":\"en-US\",\"@id\":\"https:\/\/rauchfrei.at\/#\/schema\/person\/image\/\",\"url\":\"https:\/\/secure.gravatar.com\/avatar\/2115b79a00800516fa1523bb5a329611f90e73e89be559131fc7e82b4fdc95ff?s=96&d=mm&r=g\",\"contentUrl\":\"https:\/\/secure.gravatar.com\/avatar\/2115b79a00800516fa1523bb5a329611f90e73e89be559131fc7e82b4fdc95ff?s=96&d=mm&r=g\",\"caption\":\"Rauchfrei Team\"},\"url\":\"https:\/\/rauchfrei.at\/en\/author\/rauchfrei-team\/\"}]}<\/script>\n<!-- \/ Yoast SEO plugin. -->","yoast_head_json":{"title":"R\u00fcckfall in der Corona-Zeit? - Rauchfrei Telefon","robots":{"index":"index","follow":"follow","max-snippet":"max-snippet:-1","max-image-preview":"max-image-preview:large","max-video-preview":"max-video-preview:-1"},"canonical":"https:\/\/rauchfrei.at\/rueckfall-in-der-corona-zeit\/","og_locale":"en_US","og_type":"article","og_title":"R\u00fcckfall in der Corona-Zeit? - Rauchfrei Telefon","og_description":"Was haben Sie im Lockdown gemacht? Haben Sie auch vermehrt zur Zigarette gegriffen? Dann geht es Ihnen so wie vielen (Ex-)Raucher\/innen, die diese Situation vor besondere Herausforderungen gestellt hat. Das hei\u00dft aber nicht, dass Ihr Ziel dadurch in weite Ferne gerutscht ist. Wir unterst\u00fctzen Sie dabei, gerade jetzt rauchfrei zu werden und zu bleiben.","og_url":"https:\/\/rauchfrei.at\/rueckfall-in-der-corona-zeit\/","og_site_name":"Rauchfrei Telefon","article_published_time":"2020-10-12T06:00:07+00:00","author":"Rauchfrei Team","twitter_card":"summary_large_image","twitter_misc":{"Written by":"Rauchfrei Team","Est. reading time":"3 minutes"},"schema":{"@context":"https:\/\/schema.org","@graph":[{"@type":"WebPage","@id":"https:\/\/rauchfrei.at\/rueckfall-in-der-corona-zeit\/","url":"https:\/\/rauchfrei.at\/rueckfall-in-der-corona-zeit\/","name":"R\u00fcckfall in der Corona-Zeit? - Rauchfrei Telefon","isPartOf":{"@id":"https:\/\/rauchfrei.at\/#website"},"datePublished":"2020-10-12T06:00:07+00:00","author":{"@id":"https:\/\/rauchfrei.at\/#\/schema\/person\/504bbf90c5482004fc09aef6de7f9277"},"inLanguage":"en-US","potentialAction":[{"@type":"ReadAction","target":["https:\/\/rauchfrei.at\/rueckfall-in-der-corona-zeit\/"]}]},{"@type":"WebSite","@id":"https:\/\/rauchfrei.at\/#website","url":"https:\/\/rauchfrei.at\/","name":"Rauchfrei Telefon","description":"Eine \u00f6sterreichweite Initiative der Sozialversicherungen.","potentialAction":[{"@type":"SearchAction","target":{"@type":"EntryPoint","urlTemplate":"https:\/\/rauchfrei.at\/?s={search_term_string}"},"query-input":{"@type":"PropertyValueSpecification","valueRequired":true,"valueName":"search_term_string"}}],"inLanguage":"en-US"},{"@type":"Person","@id":"https:\/\/rauchfrei.at\/#\/schema\/person\/504bbf90c5482004fc09aef6de7f9277","name":"Rauchfrei Team","image":{"@type":"ImageObject","inLanguage":"en-US","@id":"https:\/\/rauchfrei.at\/#\/schema\/person\/image\/","url":"https:\/\/secure.gravatar.com\/avatar\/2115b79a00800516fa1523bb5a329611f90e73e89be559131fc7e82b4fdc95ff?s=96&d=mm&r=g","contentUrl":"https:\/\/secure.gravatar.com\/avatar\/2115b79a00800516fa1523bb5a329611f90e73e89be559131fc7e82b4fdc95ff?s=96&d=mm&r=g","caption":"Rauchfrei Team"},"url":"https:\/\/rauchfrei.at\/en\/author\/rauchfrei-team\/"}]}},"_links":{"self":[{"href":"https:\/\/rauchfrei.at\/en\/wp-json\/wp\/v2\/posts\/19592","targetHints":{"allow":["GET"]}}],"collection":[{"href":"https:\/\/rauchfrei.at\/en\/wp-json\/wp\/v2\/posts"}],"about":[{"href":"https:\/\/rauchfrei.at\/en\/wp-json\/wp\/v2\/types\/post"}],"author":[{"embeddable":true,"href":"https:\/\/rauchfrei.at\/en\/wp-json\/wp\/v2\/users\/25"}],"replies":[{"embeddable":true,"href":"https:\/\/rauchfrei.at\/en\/wp-json\/wp\/v2\/comments?post=19592"}],"version-history":[{"count":5,"href":"https:\/\/rauchfrei.at\/en\/wp-json\/wp\/v2\/posts\/19592\/revisions"}],"predecessor-version":[{"id":19601,"href":"https:\/\/rauchfrei.at\/en\/wp-json\/wp\/v2\/posts\/19592\/revisions\/19601"}],"wp:attachment":[{"href":"https:\/\/rauchfrei.at\/en\/wp-json\/wp\/v2\/media?parent=19592"}],"wp:term":[{"taxonomy":"category","embeddable":true,"href":"https:\/\/rauchfrei.at\/en\/wp-json\/wp\/v2\/categories?post=19592"},{"taxonomy":"post_tag","embeddable":true,"href":"https:\/\/rauchfrei.at\/en\/wp-json\/wp\/v2\/tags?post=19592"}],"curies":[{"name":"wp","href":"https:\/\/api.w.org\/{rel}","templated":true}]}}