
{"id":19612,"date":"2020-10-19T08:00:31","date_gmt":"2020-10-19T06:00:31","guid":{"rendered":"https:\/\/rauchfrei.at\/?p=19612"},"modified":"2022-05-25T09:08:02","modified_gmt":"2022-05-25T07:08:02","slug":"der-rauchstopp-den-knochen-zuliebe","status":"publish","type":"post","link":"https:\/\/rauchfrei.at\/en\/der-rauchstopp-den-knochen-zuliebe\/","title":{"rendered":"Der Rauchstopp den Knochen zuliebe"},"content":{"rendered":"<p>[et_pb_section fb_built=&#8221;1&#8243; module_class=&#8221;header&#8221; _builder_version=&#8221;4.16&#8243; global_colors_info=&#8221;{}&#8221;][et_pb_row _builder_version=&#8221;4.16&#8243; global_colors_info=&#8221;{}&#8221;][et_pb_column type=&#8221;4_4&#8243; _builder_version=&#8221;4.16&#8243; custom_padding=&#8221;|||&#8221; global_colors_info=&#8221;{}&#8221; custom_padding__hover=&#8221;|||&#8221;][et_pb_dp_dmb_module_10001 subheadline=&#8221;Rauchen f\u00f6rdert Osteoporose&#8221; _builder_version=&#8221;4.16&#8243; global_colors_info=&#8221;{}&#8221;][\/et_pb_dp_dmb_module_10001][\/et_pb_column][\/et_pb_row][\/et_pb_section][et_pb_section fb_built=&#8221;1&#8243; _builder_version=&#8221;4.16&#8243; custom_padding=&#8221;30px|||&#8221; global_colors_info=&#8221;{}&#8221;][et_pb_row column_structure=&#8221;2_3,1_3&#8243; _builder_version=&#8221;4.16&#8243; global_colors_info=&#8221;{}&#8221;][et_pb_column type=&#8221;2_3&#8243; module_class=&#8221;blog-content&#8221; _builder_version=&#8221;4.16&#8243; custom_padding=&#8221;|||&#8221; global_colors_info=&#8221;{}&#8221; custom_padding__hover=&#8221;|||&#8221;][et_pb_text _builder_version=&#8221;4.17.1&#8243; hover_enabled=&#8221;0&#8243; global_colors_info=&#8221;{}&#8221; sticky_enabled=&#8221;0&#8243;]<\/p>\n<p>Die Osteoporose ist eine Erkrankung der Knochen, bei der sich die Knochendichte verringert und die Knochenstabilit\u00e4t leidet. Folge sind h\u00e4ufigere Knochenbr\u00fcche.<\/p>\n<p>Es gibt verschiedene Risikofaktoren die eine Osteoporose beg\u00fcnstigen. Dazu geh\u00f6ren allgemeine Faktoren, die nicht beeinflussbar sind, etwa das Lebensalter. Andere Risikofaktoren sind jedoch beeinflussbar: Bewegungsmangel, Ern\u00e4hrungsgewohnheiten und Rauchen.<\/p>\n<p>Rauchen ist aus folgenden Gr\u00fcnden ein Risikofaktor:<\/p>\n<ul>\n<li>Rauchen f\u00fchrt zur Abnahme der Knochendichte und einem erh\u00f6hten Knochenschwund, sowie einem gr\u00f6\u00dferen Risiko von Knochenbr\u00fcchen. Hier spielen Ver\u00e4nderungen auf hormoneller und zellul\u00e4rer Ebene eine Rolle.<\/li>\n<li>Rauchen beeintr\u00e4chtigt die Knochenstruktur bei Frauen in der Menopause auch unabh\u00e4ngig von der hormonellen Situation.<\/li>\n<li>Auch rauchende M\u00e4nner sind st\u00e4rker von Knochenschwund betroffen als M\u00e4nner die nicht rauchen.<\/li>\n<li>Wer raucht, zeigt oft auch weitere gesundheitsgef\u00e4hrdende Lebensgewohnheiten oder Erkrankungen, die die Knochenstruktur zus\u00e4tzlich negativ beeinflussen.<\/li>\n<li>Ein Rauchstopp f\u00fchrt zur Reduktion des Knochenabbaus und des Frakturrisikos.<\/li>\n<\/ul>\n<p>Der Rauchstopp wirkt sich positiv auf unser Knochenskelett aus, dies zeigt sich auch bei der Knochendichtemessung. Die Ergebnisse von Raucher\/innen, die aufgeh\u00f6rt haben sind vergleichbar mit jenen der Nichtraucher\/innen. Bei Ex-Raucherinnen und Ex-Rauchern nimmt somit auch das Risiko der Knochenbr\u00fcche ab.<\/p>\n<p>Links:<\/p>\n<p><a href=\"https:\/\/www.osd-ev.org\/osteoporose-therapie\/osteoporose-ernaehrung\/alkohol-koffein-und-nikotin\/\">https:\/\/www.osd-ev.org\/osteoporose-therapie\/osteoporose-ernaehrung\/alkohol-koffein-und-nikotin\/<\/a><br \/><a href=\"https:\/\/www.lungenaerzte-im-netz.de\/news-archiv\/meldung\/article\/maennliche-raucher-und-exraucher-erkranken-haeufiger-an-osteoporose-als-weibliche\/\">https:\/\/www.lungenaerzte-im-netz.de\/news-archiv\/meldung\/article\/maennliche-raucher-und-exraucher-erkranken-haeufiger-an-osteoporose-als-weibliche\/<\/a><br \/><a href=\"https:\/\/www.netdoktor.de\/krankheiten\/osteoporose\/\">https:\/\/www.netdoktor.de\/news\/rauchen-gefaehrdet-die-knochen<\/a><br \/><a href=\"https:\/\/www.apotheken-umschau.de\/Osteoporose#Risikofaktoren-der-Osteoporose\">https:\/\/www.apotheken-umschau.de\/Osteoporose#Risikofaktoren-der-Osteoporose<\/a><\/p>\n<p>[\/et_pb_text][et_pb_post_nav in_same_term=&#8221;off&#8221; _builder_version=&#8221;4.16&#8243; global_colors_info=&#8221;{}&#8221;][\/et_pb_post_nav][\/et_pb_column][et_pb_column type=&#8221;1_3&#8243; module_class=&#8221;cat-and-tag&#8221; _builder_version=&#8221;4.16&#8243; custom_padding=&#8221;|||&#8221; global_colors_info=&#8221;{}&#8221; custom_padding__hover=&#8221;|||&#8221;][et_pb_sidebar area=&#8221;et_pb_widget_area_1&#8243; _builder_version=&#8221;4.16&#8243; global_colors_info=&#8221;{}&#8221;][\/et_pb_sidebar][et_pb_dp_dmb_module_10093 farbe=&#8221;blitzgelb&#8221; headline=&#8221;Trauen Sie sich den Rauchstopp zu!&#8221; image=&#8221;https:\/\/rauchfrei.at\/wp-content\/uploads\/Quitting-Yellow.png&#8221; image_position=&#8221;center&#8221; link_text=&#8221;mehr&#8221; link_url=&#8221;https:\/\/rauchfrei.at\/aufhoeren\/schritte-zum-rauchstopp\/trauen-sie-sich-den-rauchstopp-zu\/&#8221; admin_label=&#8221;Trauen Sie sich den Rauchstopp zu&#8221; _builder_version=&#8221;3.19.15&#8243; global_module=&#8221;13173&#8243; saved_tabs=&#8221;all&#8221; global_colors_info=&#8221;{}&#8221;]<\/p>\n<p>Sie m\u00f6chten etwas \u00e4ndern? Worauf warten Sie noch?<\/p>\n<p>[\/et_pb_dp_dmb_module_10093][\/et_pb_column][\/et_pb_row][\/et_pb_section]<\/p>\n","protected":false},"excerpt":{"rendered":"<p>Der 20. Oktober 2020 ist der Welt-Osteoporose-Tag. Er wurde 1996 ins Leben gerufen. Auch Rauchen f\u00f6rdert diese leidvolle Knochenerkrankung. Der Rauchstopp f\u00fchrt zur Reduktion des Knochenabbaus und reduziert das Osteoporose Risiko.<\/p>\n","protected":false},"author":25,"featured_media":0,"comment_status":"open","ping_status":"open","sticky":false,"template":"","format":"standard","meta":{"_et_pb_use_builder":"on","_et_pb_old_content":"<p>4112<\/p>","_et_gb_content_width":"","footnotes":""},"categories":[235,237,236],"tags":[],"class_list":["post-19612","post","type-post","status-publish","format-standard","hentry","category-gesundheit-und-rauchstopp","category-literatur-und-hintergrundwissen","category-nicht-kategorisiert"],"yoast_head":"<!-- This site is optimized with the Yoast SEO plugin v26.2 - https:\/\/yoast.com\/wordpress\/plugins\/seo\/ -->\n<title>Der Rauchstopp den Knochen zuliebe - Rauchfrei Telefon<\/title>\n<meta name=\"robots\" content=\"index, follow, max-snippet:-1, max-image-preview:large, max-video-preview:-1\" \/>\n<link rel=\"canonical\" href=\"https:\/\/rauchfrei.at\/der-rauchstopp-den-knochen-zuliebe\/\" \/>\n<meta property=\"og:locale\" content=\"en_US\" \/>\n<meta property=\"og:type\" content=\"article\" \/>\n<meta property=\"og:title\" content=\"Der Rauchstopp den Knochen zuliebe - Rauchfrei Telefon\" \/>\n<meta property=\"og:description\" content=\"Der 20. Oktober 2020 ist der Welt-Osteoporose-Tag. Er wurde 1996 ins Leben gerufen. Auch Rauchen f\u00f6rdert diese leidvolle Knochenerkrankung. Der Rauchstopp f\u00fchrt zur Reduktion des Knochenabbaus und reduziert das Osteoporose Risiko.\" \/>\n<meta property=\"og:url\" content=\"https:\/\/rauchfrei.at\/der-rauchstopp-den-knochen-zuliebe\/\" \/>\n<meta property=\"og:site_name\" content=\"Rauchfrei Telefon\" \/>\n<meta property=\"article:published_time\" content=\"2020-10-19T06:00:31+00:00\" \/>\n<meta property=\"article:modified_time\" content=\"2022-05-25T07:08:02+00:00\" \/>\n<meta name=\"author\" content=\"Rauchfrei Team\" \/>\n<meta name=\"twitter:card\" content=\"summary_large_image\" \/>\n<meta name=\"twitter:label1\" content=\"Written by\" \/>\n\t<meta name=\"twitter:data1\" content=\"Rauchfrei Team\" \/>\n\t<meta name=\"twitter:label2\" content=\"Est. reading time\" \/>\n\t<meta name=\"twitter:data2\" content=\"2 minutes\" \/>\n<script type=\"application\/ld+json\" class=\"yoast-schema-graph\">{\"@context\":\"https:\/\/schema.org\",\"@graph\":[{\"@type\":\"WebPage\",\"@id\":\"https:\/\/rauchfrei.at\/der-rauchstopp-den-knochen-zuliebe\/\",\"url\":\"https:\/\/rauchfrei.at\/der-rauchstopp-den-knochen-zuliebe\/\",\"name\":\"Der Rauchstopp den Knochen zuliebe - Rauchfrei Telefon\",\"isPartOf\":{\"@id\":\"https:\/\/rauchfrei.at\/#website\"},\"datePublished\":\"2020-10-19T06:00:31+00:00\",\"dateModified\":\"2022-05-25T07:08:02+00:00\",\"author\":{\"@id\":\"https:\/\/rauchfrei.at\/#\/schema\/person\/504bbf90c5482004fc09aef6de7f9277\"},\"inLanguage\":\"en-US\",\"potentialAction\":[{\"@type\":\"ReadAction\",\"target\":[\"https:\/\/rauchfrei.at\/der-rauchstopp-den-knochen-zuliebe\/\"]}]},{\"@type\":\"WebSite\",\"@id\":\"https:\/\/rauchfrei.at\/#website\",\"url\":\"https:\/\/rauchfrei.at\/\",\"name\":\"Rauchfrei Telefon\",\"description\":\"Eine \u00f6sterreichweite Initiative der Sozialversicherungen.\",\"potentialAction\":[{\"@type\":\"SearchAction\",\"target\":{\"@type\":\"EntryPoint\",\"urlTemplate\":\"https:\/\/rauchfrei.at\/?s={search_term_string}\"},\"query-input\":{\"@type\":\"PropertyValueSpecification\",\"valueRequired\":true,\"valueName\":\"search_term_string\"}}],\"inLanguage\":\"en-US\"},{\"@type\":\"Person\",\"@id\":\"https:\/\/rauchfrei.at\/#\/schema\/person\/504bbf90c5482004fc09aef6de7f9277\",\"name\":\"Rauchfrei Team\",\"image\":{\"@type\":\"ImageObject\",\"inLanguage\":\"en-US\",\"@id\":\"https:\/\/rauchfrei.at\/#\/schema\/person\/image\/\",\"url\":\"https:\/\/secure.gravatar.com\/avatar\/2115b79a00800516fa1523bb5a329611f90e73e89be559131fc7e82b4fdc95ff?s=96&d=mm&r=g\",\"contentUrl\":\"https:\/\/secure.gravatar.com\/avatar\/2115b79a00800516fa1523bb5a329611f90e73e89be559131fc7e82b4fdc95ff?s=96&d=mm&r=g\",\"caption\":\"Rauchfrei Team\"},\"url\":\"https:\/\/rauchfrei.at\/en\/author\/rauchfrei-team\/\"}]}<\/script>\n<!-- \/ Yoast SEO plugin. -->","yoast_head_json":{"title":"Der Rauchstopp den Knochen zuliebe - Rauchfrei Telefon","robots":{"index":"index","follow":"follow","max-snippet":"max-snippet:-1","max-image-preview":"max-image-preview:large","max-video-preview":"max-video-preview:-1"},"canonical":"https:\/\/rauchfrei.at\/der-rauchstopp-den-knochen-zuliebe\/","og_locale":"en_US","og_type":"article","og_title":"Der Rauchstopp den Knochen zuliebe - Rauchfrei Telefon","og_description":"Der 20. Oktober 2020 ist der Welt-Osteoporose-Tag. Er wurde 1996 ins Leben gerufen. Auch Rauchen f\u00f6rdert diese leidvolle Knochenerkrankung. Der Rauchstopp f\u00fchrt zur Reduktion des Knochenabbaus und reduziert das Osteoporose Risiko.","og_url":"https:\/\/rauchfrei.at\/der-rauchstopp-den-knochen-zuliebe\/","og_site_name":"Rauchfrei Telefon","article_published_time":"2020-10-19T06:00:31+00:00","article_modified_time":"2022-05-25T07:08:02+00:00","author":"Rauchfrei Team","twitter_card":"summary_large_image","twitter_misc":{"Written by":"Rauchfrei Team","Est. reading time":"2 minutes"},"schema":{"@context":"https:\/\/schema.org","@graph":[{"@type":"WebPage","@id":"https:\/\/rauchfrei.at\/der-rauchstopp-den-knochen-zuliebe\/","url":"https:\/\/rauchfrei.at\/der-rauchstopp-den-knochen-zuliebe\/","name":"Der Rauchstopp den Knochen zuliebe - Rauchfrei Telefon","isPartOf":{"@id":"https:\/\/rauchfrei.at\/#website"},"datePublished":"2020-10-19T06:00:31+00:00","dateModified":"2022-05-25T07:08:02+00:00","author":{"@id":"https:\/\/rauchfrei.at\/#\/schema\/person\/504bbf90c5482004fc09aef6de7f9277"},"inLanguage":"en-US","potentialAction":[{"@type":"ReadAction","target":["https:\/\/rauchfrei.at\/der-rauchstopp-den-knochen-zuliebe\/"]}]},{"@type":"WebSite","@id":"https:\/\/rauchfrei.at\/#website","url":"https:\/\/rauchfrei.at\/","name":"Rauchfrei Telefon","description":"Eine \u00f6sterreichweite Initiative der Sozialversicherungen.","potentialAction":[{"@type":"SearchAction","target":{"@type":"EntryPoint","urlTemplate":"https:\/\/rauchfrei.at\/?s={search_term_string}"},"query-input":{"@type":"PropertyValueSpecification","valueRequired":true,"valueName":"search_term_string"}}],"inLanguage":"en-US"},{"@type":"Person","@id":"https:\/\/rauchfrei.at\/#\/schema\/person\/504bbf90c5482004fc09aef6de7f9277","name":"Rauchfrei Team","image":{"@type":"ImageObject","inLanguage":"en-US","@id":"https:\/\/rauchfrei.at\/#\/schema\/person\/image\/","url":"https:\/\/secure.gravatar.com\/avatar\/2115b79a00800516fa1523bb5a329611f90e73e89be559131fc7e82b4fdc95ff?s=96&d=mm&r=g","contentUrl":"https:\/\/secure.gravatar.com\/avatar\/2115b79a00800516fa1523bb5a329611f90e73e89be559131fc7e82b4fdc95ff?s=96&d=mm&r=g","caption":"Rauchfrei Team"},"url":"https:\/\/rauchfrei.at\/en\/author\/rauchfrei-team\/"}]}},"_links":{"self":[{"href":"https:\/\/rauchfrei.at\/en\/wp-json\/wp\/v2\/posts\/19612","targetHints":{"allow":["GET"]}}],"collection":[{"href":"https:\/\/rauchfrei.at\/en\/wp-json\/wp\/v2\/posts"}],"about":[{"href":"https:\/\/rauchfrei.at\/en\/wp-json\/wp\/v2\/types\/post"}],"author":[{"embeddable":true,"href":"https:\/\/rauchfrei.at\/en\/wp-json\/wp\/v2\/users\/25"}],"replies":[{"embeddable":true,"href":"https:\/\/rauchfrei.at\/en\/wp-json\/wp\/v2\/comments?post=19612"}],"version-history":[{"count":6,"href":"https:\/\/rauchfrei.at\/en\/wp-json\/wp\/v2\/posts\/19612\/revisions"}],"predecessor-version":[{"id":23971,"href":"https:\/\/rauchfrei.at\/en\/wp-json\/wp\/v2\/posts\/19612\/revisions\/23971"}],"wp:attachment":[{"href":"https:\/\/rauchfrei.at\/en\/wp-json\/wp\/v2\/media?parent=19612"}],"wp:term":[{"taxonomy":"category","embeddable":true,"href":"https:\/\/rauchfrei.at\/en\/wp-json\/wp\/v2\/categories?post=19612"},{"taxonomy":"post_tag","embeddable":true,"href":"https:\/\/rauchfrei.at\/en\/wp-json\/wp\/v2\/tags?post=19612"}],"curies":[{"name":"wp","href":"https:\/\/api.w.org\/{rel}","templated":true}]}}