
{"id":19795,"date":"2020-11-09T08:00:08","date_gmt":"2020-11-09T06:00:08","guid":{"rendered":"https:\/\/rauchfrei.at\/?p=19795"},"modified":"2020-11-03T19:18:01","modified_gmt":"2020-11-03T17:18:01","slug":"rauch-und-zucker-ein-schlechtes-team","status":"publish","type":"post","link":"https:\/\/rauchfrei.at\/en\/rauch-und-zucker-ein-schlechtes-team\/","title":{"rendered":"Rauch und Zucker \u2013 ein schlechtes Team!"},"content":{"rendered":"<p>[et_pb_section fb_built=&#8221;1&#8243; module_class=&#8221;header&#8221; _builder_version=&#8221;3.22&#8243;][et_pb_row _builder_version=&#8221;3.25&#8243;][et_pb_column type=&#8221;4_4&#8243; _builder_version=&#8221;3.25&#8243; custom_padding=&#8221;|||&#8221; custom_padding__hover=&#8221;|||&#8221;][et_pb_dp_dmb_module_10001 subheadline=&#8221;Wie Rauchen Diabetes beeinflusst&#8221; _builder_version=&#8221;4.4.3&#8243; z_index_tablet=&#8221;500&#8243;][\/et_pb_dp_dmb_module_10001][\/et_pb_column][\/et_pb_row][\/et_pb_section][et_pb_section fb_built=&#8221;1&#8243; _builder_version=&#8221;3.22&#8243;][et_pb_row column_structure=&#8221;2_3,1_3&#8243; _builder_version=&#8221;3.25&#8243; background_size=&#8221;initial&#8221; background_position=&#8221;top_left&#8221; background_repeat=&#8221;repeat&#8221;][et_pb_column type=&#8221;2_3&#8243; _builder_version=&#8221;3.25&#8243; custom_padding=&#8221;|||&#8221; custom_padding__hover=&#8221;|||&#8221;][et_pb_text _builder_version=&#8221;4.4.3&#8243; z_index_tablet=&#8221;500&#8243;]<\/p>\n<div><span style=\"font-family: Times New Roman,serif; font-size: medium;\"><span style=\"color: black; font-family: Arial,sans-serif;\">Tabakrauch, egal ob aktiv oder passiv inhaliert, erh\u00f6ht das Risiko an Diabetes Typ 2 zu erkranken um das Doppelte. Bei de<\/span><span style=\"color: black; font-family: Arial,sans-serif;\">m<\/span><span style=\"color: black; font-family: Arial,sans-serif;\"> im Volksmund als <\/span><span style=\"color: black; font-family: Arial,sans-serif;\">\u201e<\/span><span style=\"color: black; font-family: Arial,sans-serif;\">Zuckerkrankheit<\/span><span style=\"color: black; font-family: Arial,sans-serif;\">\u201c<\/span><span style=\"color: black; font-family: Arial,sans-serif;\"> bezeichneten Diabetes reagieren <\/span><span style=\"color: black; font-family: Arial,sans-serif;\">die<\/span><span style=\"color: black; font-family: Arial,sans-serif;\"> K\u00f6rperzellen schlechter auf das Hormon Insulin, das den Blutzuckerspiegel reguliert. Diabetiker\/innen haben deshalb oft einen dauerhaft erh\u00f6hten Blutzuckerspiegel.<\/span><\/span><\/div>\n<div>\u00a0<\/div>\n<div><span style=\"font-family: Times New Roman,serif; font-size: medium;\"><span style=\"color: black; font-family: Arial,sans-serif;\">Immer h\u00e4ufiger tritt <\/span><span style=\"color: black; font-family: Arial,sans-serif;\">erh\u00f6hter Blutzucker<\/span><span style=\"color: black; font-family: Arial,sans-serif;\"> auch schon in j\u00fcngeren Jahren auf, oft gemeinsam mit \u00dcbergewicht, Bluthochdruck und Fettstoffwelchselst\u00f6rungen, hier spricht man auch vom \u201emetabolischen Syndrom\u201c. Kinder, Jugendliche und jungen Erwachsene<\/span><span style=\"color: black; font-family: Arial,sans-serif;\">,<\/span><span style=\"color: black; font-family: Arial,sans-serif;\"> die dem Passivrauch ausgesetzt sind, entwickeln h\u00e4ufiger ein metabolisches Syndrom<\/span><span style=\"color: black; font-family: Arial,sans-serif;\">. Das <\/span><span style=\"color: black; font-family: Arial,sans-serif;\">wiederum f\u00f6rdert die Entstehung einer Diabeteserkrankung.<\/span><\/span><\/div>\n<div>\u00a0<\/div>\n<div><span style=\"font-family: Times New Roman,serif; font-size: medium;\"><span style=\"color: black; font-family: Arial,sans-serif;\">Aber nicht nur die Entstehung von Diabetes steht im negativen Zusammenhang mit Rauchen<\/span><span style=\"color: black; font-family: Arial,sans-serif;\">. A<\/span><span style=\"color: black; font-family: Arial,sans-serif;\">uch bei einer bereits bestehenden Diabeteserkrankung, egal ob Typ 1 oder 2, kann Rauchen den Verlauf dieser Stoffwechselerkrankung negativ beeinflussen. Aufgrund <\/span><span style=\"color: black; font-family: Arial,sans-serif;\">des\u00a0<\/span><span style=\"color: black; font-family: Arial,sans-serif;\">erh\u00f6hten Blutzuckerspiegels <\/span><span style=\"color: black; font-family: Arial,sans-serif;\">besteht<\/span> <span style=\"color: black; font-family: Arial,sans-serif;\">bei Patientinnen und Patienten mit Diabetes\u00a0<\/span><span style=\"color: black; font-family: Arial,sans-serif;\">ein h\u00f6heres Risiko f\u00fcr Gef\u00e4\u00dferkrankungen<\/span><span style=\"color: black; font-family: Arial,sans-serif;\">. <\/span><span style=\"color: black; font-family: Arial,sans-serif;\">Rauchen verst\u00e4rkt das noch. Zu den Folgeerkrankungen z\u00e4hlen Augensch\u00e4den, Nierenerkrankungen, Durchblutungsst\u00f6rungen, Herzinfarkte oder Schlaganf\u00e4lle.<\/span><\/span><\/div>\n<div>\u00a0<\/div>\n<div><span style=\"font-family: Times New Roman,serif; font-size: medium;\"><span style=\"color: black; font-family: Arial,sans-serif;\">Um Diabetes vorzubeugen<\/span><span style=\"color: black; font-family: Arial,sans-serif;\"> bzw. den Krankheitsverlauf zu verbessern<\/span><span style=\"color: black; font-family: Arial,sans-serif;\"> sind eine gesunde Ern\u00e4hrung, Bewegung und auch der Rauchstopp wichtig! Gerne unterst\u00fctzen wir Sie auf Ihrem Weg in ein rauchfreies Leben!<\/span><\/span><\/div>\n<div>\u00a0<\/div>\n<div>\u00a0<\/div>\n<div><span style=\"font-family: Times New Roman,serif; font-size: medium;\"><span style=\"color: black; font-family: Arial,sans-serif;\"><u>Weitere Informationen zum Thema Diabetes: <\/u><\/span><\/span><\/div>\n<div><span style=\"font-family: Times New Roman,serif; font-size: medium;\"><span style=\"color: black; font-family: Arial,sans-serif;\">Buch des Dachverbandes der \u00f6sterreichischen Sozialversicherungstr\u00e4ger:<\/span><\/span><\/div>\n<div><span style=\"font-family: Times New Roman,serif; font-size: medium;\"><span style=\"color: black; font-family: Arial,sans-serif;\">\u201e<a href=\"https:\/\/www.sozialversicherung.at\/cdscontent\/?contentid=10007.844508&amp;portal=svportal\" target=\"_blank\" rel=\"noopener noreferrer\">Zeitbombe Zuckerkrankheit<\/a>\u201c <br \/>(Informationen zur Vorbeugung und Behandlung sowie zum Leben mit Diabetes im Alltag)<\/span><\/span><\/div>\n<div>\u00a0<\/div>\n<div>Infoblatt &#8220;<a href=\"https:\/\/rauchfrei.at\/wp-content\/uploads\/RFT_Infoblatt_Diabetes-Patienten.pdf\" target=\"_blank\" rel=\"noopener noreferrer\">Rauchen und Passivrauch kann zu Diabetes f\u00fchren<\/a>&#8220;<\/div>\n<div>Infoblatt &#8220;<a href=\"https:\/\/rauchfrei.at\/wp-content\/uploads\/RFT_Infoblatt_F\u00fcr-Professionisten-Diabetes.pdf\" target=\"_blank\" rel=\"noopener noreferrer\">Die Ansprache in Bezug auf Diabetes<\/a>&#8220;<\/div>\n<div><\/div>\n<div><span style=\"font-family: Times New Roman,serif; font-size: medium;\"><span style=\"color: black; font-family: Arial,sans-serif;\"><u>Links:<\/u><\/span><\/span><\/div>\n<div><a href=\"https:\/\/www.diabetes-online.de\/a\/rauchen-und-diabetes-1675933\" target=\"_blank\" rel=\"noopener noreferrer\"><span style=\"color: #000000; font-family: Arial, sans-serif; font-size: medium;\"><span style=\"caret-color: #000000;\">www.diabetes-online.de<\/span><\/span><\/a><\/div>\n<div><a href=\"https:\/\/www.medmix.at\/diabetes-und-rauchen\/\" target=\"_blank\" rel=\"noopener noreferrer\">www.medmix.at<\/a><\/div>\n<p>[\/et_pb_text][\/et_pb_column][et_pb_column type=&#8221;1_3&#8243; _builder_version=&#8221;3.25&#8243; custom_padding=&#8221;|||&#8221; custom_padding__hover=&#8221;|||&#8221;][et_pb_dp_dmb_module_10093 farbe=&#8221;blitzgelb&#8221; headline=&#8221;Trauen Sie sich den Rauchstopp zu!&#8221; image=&#8221;https:\/\/rauchfrei.at\/wp-content\/uploads\/Quitting-Yellow.png&#8221; image_position=&#8221;center&#8221; link_text=&#8221;mehr&#8221; link_url=&#8221;https:\/\/rauchfrei.at\/aufhoeren\/schritte-zum-rauchstopp\/trauen-sie-sich-den-rauchstopp-zu\/&#8221; image_size=&#8221;90&#8243; admin_label=&#8221;Trauen Sie sich den Rauchstopp zu&#8221; _builder_version=&#8221;3.19.15&#8243; global_module=&#8221;13173&#8243; saved_tabs=&#8221;all&#8221;]<\/p>\n<p>Sie m\u00f6chten etwas \u00e4ndern? Worauf warten Sie noch?<\/p>\n<p>[\/et_pb_dp_dmb_module_10093][\/et_pb_column][\/et_pb_row][\/et_pb_section]<\/p>\n","protected":false},"excerpt":{"rendered":"<p>Raucher\/innen haben ein h\u00f6heres Risiko haben an Diabetes zu erkranken. Am 14.11. ist wieder Weltdiabetestag. Wir nehmen diesen Tag zum Anlass, diesen Zusammenhang zu erl\u00e4utern.<\/p>\n","protected":false},"author":25,"featured_media":0,"comment_status":"open","ping_status":"open","sticky":false,"template":"","format":"standard","meta":{"_et_pb_use_builder":"on","_et_pb_old_content":"","_et_gb_content_width":"","footnotes":""},"categories":[235,237,236],"tags":[],"class_list":["post-19795","post","type-post","status-publish","format-standard","hentry","category-gesundheit-und-rauchstopp","category-literatur-und-hintergrundwissen","category-nicht-kategorisiert"],"yoast_head":"<!-- This site is optimized with the Yoast SEO plugin v26.2 - https:\/\/yoast.com\/wordpress\/plugins\/seo\/ -->\n<title>Rauch und Zucker \u2013 ein schlechtes Team! - Rauchfrei Telefon<\/title>\n<meta name=\"robots\" content=\"index, follow, max-snippet:-1, max-image-preview:large, max-video-preview:-1\" \/>\n<link rel=\"canonical\" href=\"https:\/\/rauchfrei.at\/rauch-und-zucker-ein-schlechtes-team\/\" \/>\n<meta property=\"og:locale\" content=\"en_US\" \/>\n<meta property=\"og:type\" content=\"article\" \/>\n<meta property=\"og:title\" content=\"Rauch und Zucker \u2013 ein schlechtes Team! - Rauchfrei Telefon\" \/>\n<meta property=\"og:description\" content=\"Raucher\/innen haben ein h\u00f6heres Risiko haben an Diabetes zu erkranken. Am 14.11. ist wieder Weltdiabetestag. Wir nehmen diesen Tag zum Anlass, diesen Zusammenhang zu erl\u00e4utern.\" \/>\n<meta property=\"og:url\" content=\"https:\/\/rauchfrei.at\/rauch-und-zucker-ein-schlechtes-team\/\" \/>\n<meta property=\"og:site_name\" content=\"Rauchfrei Telefon\" \/>\n<meta property=\"article:published_time\" content=\"2020-11-09T06:00:08+00:00\" \/>\n<meta name=\"author\" content=\"Rauchfrei Team\" \/>\n<meta name=\"twitter:card\" content=\"summary_large_image\" \/>\n<meta name=\"twitter:label1\" content=\"Written by\" \/>\n\t<meta name=\"twitter:data1\" content=\"Rauchfrei Team\" \/>\n\t<meta name=\"twitter:label2\" content=\"Est. reading time\" \/>\n\t<meta name=\"twitter:data2\" content=\"2 minutes\" \/>\n<script type=\"application\/ld+json\" class=\"yoast-schema-graph\">{\"@context\":\"https:\/\/schema.org\",\"@graph\":[{\"@type\":\"WebPage\",\"@id\":\"https:\/\/rauchfrei.at\/rauch-und-zucker-ein-schlechtes-team\/\",\"url\":\"https:\/\/rauchfrei.at\/rauch-und-zucker-ein-schlechtes-team\/\",\"name\":\"Rauch und Zucker \u2013 ein schlechtes Team! - Rauchfrei Telefon\",\"isPartOf\":{\"@id\":\"https:\/\/rauchfrei.at\/#website\"},\"datePublished\":\"2020-11-09T06:00:08+00:00\",\"author\":{\"@id\":\"https:\/\/rauchfrei.at\/#\/schema\/person\/504bbf90c5482004fc09aef6de7f9277\"},\"inLanguage\":\"en-US\",\"potentialAction\":[{\"@type\":\"ReadAction\",\"target\":[\"https:\/\/rauchfrei.at\/rauch-und-zucker-ein-schlechtes-team\/\"]}]},{\"@type\":\"WebSite\",\"@id\":\"https:\/\/rauchfrei.at\/#website\",\"url\":\"https:\/\/rauchfrei.at\/\",\"name\":\"Rauchfrei Telefon\",\"description\":\"Eine \u00f6sterreichweite Initiative der Sozialversicherungen.\",\"potentialAction\":[{\"@type\":\"SearchAction\",\"target\":{\"@type\":\"EntryPoint\",\"urlTemplate\":\"https:\/\/rauchfrei.at\/?s={search_term_string}\"},\"query-input\":{\"@type\":\"PropertyValueSpecification\",\"valueRequired\":true,\"valueName\":\"search_term_string\"}}],\"inLanguage\":\"en-US\"},{\"@type\":\"Person\",\"@id\":\"https:\/\/rauchfrei.at\/#\/schema\/person\/504bbf90c5482004fc09aef6de7f9277\",\"name\":\"Rauchfrei Team\",\"image\":{\"@type\":\"ImageObject\",\"inLanguage\":\"en-US\",\"@id\":\"https:\/\/rauchfrei.at\/#\/schema\/person\/image\/\",\"url\":\"https:\/\/secure.gravatar.com\/avatar\/2115b79a00800516fa1523bb5a329611f90e73e89be559131fc7e82b4fdc95ff?s=96&d=mm&r=g\",\"contentUrl\":\"https:\/\/secure.gravatar.com\/avatar\/2115b79a00800516fa1523bb5a329611f90e73e89be559131fc7e82b4fdc95ff?s=96&d=mm&r=g\",\"caption\":\"Rauchfrei Team\"},\"url\":\"https:\/\/rauchfrei.at\/en\/author\/rauchfrei-team\/\"}]}<\/script>\n<!-- \/ Yoast SEO plugin. -->","yoast_head_json":{"title":"Rauch und Zucker \u2013 ein schlechtes Team! - Rauchfrei Telefon","robots":{"index":"index","follow":"follow","max-snippet":"max-snippet:-1","max-image-preview":"max-image-preview:large","max-video-preview":"max-video-preview:-1"},"canonical":"https:\/\/rauchfrei.at\/rauch-und-zucker-ein-schlechtes-team\/","og_locale":"en_US","og_type":"article","og_title":"Rauch und Zucker \u2013 ein schlechtes Team! - Rauchfrei Telefon","og_description":"Raucher\/innen haben ein h\u00f6heres Risiko haben an Diabetes zu erkranken. Am 14.11. ist wieder Weltdiabetestag. Wir nehmen diesen Tag zum Anlass, diesen Zusammenhang zu erl\u00e4utern.","og_url":"https:\/\/rauchfrei.at\/rauch-und-zucker-ein-schlechtes-team\/","og_site_name":"Rauchfrei Telefon","article_published_time":"2020-11-09T06:00:08+00:00","author":"Rauchfrei Team","twitter_card":"summary_large_image","twitter_misc":{"Written by":"Rauchfrei Team","Est. reading time":"2 minutes"},"schema":{"@context":"https:\/\/schema.org","@graph":[{"@type":"WebPage","@id":"https:\/\/rauchfrei.at\/rauch-und-zucker-ein-schlechtes-team\/","url":"https:\/\/rauchfrei.at\/rauch-und-zucker-ein-schlechtes-team\/","name":"Rauch und Zucker \u2013 ein schlechtes Team! - Rauchfrei Telefon","isPartOf":{"@id":"https:\/\/rauchfrei.at\/#website"},"datePublished":"2020-11-09T06:00:08+00:00","author":{"@id":"https:\/\/rauchfrei.at\/#\/schema\/person\/504bbf90c5482004fc09aef6de7f9277"},"inLanguage":"en-US","potentialAction":[{"@type":"ReadAction","target":["https:\/\/rauchfrei.at\/rauch-und-zucker-ein-schlechtes-team\/"]}]},{"@type":"WebSite","@id":"https:\/\/rauchfrei.at\/#website","url":"https:\/\/rauchfrei.at\/","name":"Rauchfrei Telefon","description":"Eine \u00f6sterreichweite Initiative der Sozialversicherungen.","potentialAction":[{"@type":"SearchAction","target":{"@type":"EntryPoint","urlTemplate":"https:\/\/rauchfrei.at\/?s={search_term_string}"},"query-input":{"@type":"PropertyValueSpecification","valueRequired":true,"valueName":"search_term_string"}}],"inLanguage":"en-US"},{"@type":"Person","@id":"https:\/\/rauchfrei.at\/#\/schema\/person\/504bbf90c5482004fc09aef6de7f9277","name":"Rauchfrei Team","image":{"@type":"ImageObject","inLanguage":"en-US","@id":"https:\/\/rauchfrei.at\/#\/schema\/person\/image\/","url":"https:\/\/secure.gravatar.com\/avatar\/2115b79a00800516fa1523bb5a329611f90e73e89be559131fc7e82b4fdc95ff?s=96&d=mm&r=g","contentUrl":"https:\/\/secure.gravatar.com\/avatar\/2115b79a00800516fa1523bb5a329611f90e73e89be559131fc7e82b4fdc95ff?s=96&d=mm&r=g","caption":"Rauchfrei Team"},"url":"https:\/\/rauchfrei.at\/en\/author\/rauchfrei-team\/"}]}},"_links":{"self":[{"href":"https:\/\/rauchfrei.at\/en\/wp-json\/wp\/v2\/posts\/19795","targetHints":{"allow":["GET"]}}],"collection":[{"href":"https:\/\/rauchfrei.at\/en\/wp-json\/wp\/v2\/posts"}],"about":[{"href":"https:\/\/rauchfrei.at\/en\/wp-json\/wp\/v2\/types\/post"}],"author":[{"embeddable":true,"href":"https:\/\/rauchfrei.at\/en\/wp-json\/wp\/v2\/users\/25"}],"replies":[{"embeddable":true,"href":"https:\/\/rauchfrei.at\/en\/wp-json\/wp\/v2\/comments?post=19795"}],"version-history":[{"count":5,"href":"https:\/\/rauchfrei.at\/en\/wp-json\/wp\/v2\/posts\/19795\/revisions"}],"predecessor-version":[{"id":19813,"href":"https:\/\/rauchfrei.at\/en\/wp-json\/wp\/v2\/posts\/19795\/revisions\/19813"}],"wp:attachment":[{"href":"https:\/\/rauchfrei.at\/en\/wp-json\/wp\/v2\/media?parent=19795"}],"wp:term":[{"taxonomy":"category","embeddable":true,"href":"https:\/\/rauchfrei.at\/en\/wp-json\/wp\/v2\/categories?post=19795"},{"taxonomy":"post_tag","embeddable":true,"href":"https:\/\/rauchfrei.at\/en\/wp-json\/wp\/v2\/tags?post=19795"}],"curies":[{"name":"wp","href":"https:\/\/api.w.org\/{rel}","templated":true}]}}