
{"id":19829,"date":"2020-11-17T15:21:59","date_gmt":"2020-11-17T13:21:59","guid":{"rendered":"https:\/\/rauchfrei.at\/?p=19829"},"modified":"2020-11-17T17:34:56","modified_gmt":"2020-11-17T15:34:56","slug":"weltkindertag-der-tag-der-kinderrechte","status":"publish","type":"post","link":"https:\/\/rauchfrei.at\/en\/weltkindertag-der-tag-der-kinderrechte\/","title":{"rendered":"WELTKINDERTAG &#8211; Der Tag der Kinderrechte"},"content":{"rendered":"<p>[et_pb_section fb_built=&#8221;1&#8243; module_class=&#8221;header&#8221; _builder_version=&#8221;3.22&#8243;][et_pb_row _builder_version=&#8221;3.25&#8243;][et_pb_column type=&#8221;4_4&#8243; _builder_version=&#8221;3.25&#8243; custom_padding=&#8221;|||&#8221; custom_padding__hover=&#8221;|||&#8221;][et_pb_dp_dmb_module_10001 subheadline=&#8221;Tabak sollte nichts mit Kindern zu tun haben&#8221; _builder_version=&#8221;4.4.3&#8243;][\/et_pb_dp_dmb_module_10001][\/et_pb_column][\/et_pb_row][\/et_pb_section][et_pb_section fb_built=&#8221;1&#8243; _builder_version=&#8221;3.22&#8243; custom_padding=&#8221;30px|||&#8221;][et_pb_row column_structure=&#8221;2_3,1_3&#8243; _builder_version=&#8221;3.25&#8243;][et_pb_column type=&#8221;2_3&#8243; module_class=&#8221;blog-content&#8221; _builder_version=&#8221;3.25&#8243; custom_padding=&#8221;|||&#8221; custom_padding__hover=&#8221;|||&#8221;][et_pb_text _builder_version=&#8221;4.4.3&#8243;]<\/p>\n<p>Die Vereinten Nationen feiern am 20. November den \u201eInternationalen Tag der Kinderrechte\u201c. Hier soll besonders auf Themen wie Kinderschutz, Kinderpolitik und vor allem die Rechte des Kindes hingewiesen werden. Weltweit arbeiten 1,3 Millionen Kinder unter ausbeuterischen Bedingungen im Tabakanbau. Sie m\u00fcssen mit gef\u00e4hrlichen Werkzeugen arbeiten, giftige Pestizide verspr\u00fchen und sind dem giftigen Nikotin der Tabakpflanzen ausgesetzt. \u00a0Durch die Arbeit k\u00f6nnen sie oft die Schule nicht besuchen.<\/p>\n<p>Das Thema Tabak betrifft Kinder jedoch nicht nur in Zusammenhang mit Menschenrechtsverletzungen in der Tabakindustrie (in L\u00e4ndern wie Bangladesch). Kinder k\u00f6nnen auf allen Pl\u00e4tzen dieser Erde, wo geraucht wird, dem Passivrauch ausgesetzt sein. Kinder leiden h\u00e4ufig unter dem Rauchverhalten der Eltern, Gro\u00dfeltern oder Bezugspersonen. Sie finden den Rauch eklig und machen sich h\u00e4ufig Sorgen um die Gesundheit der Erwachsenen.<\/p>\n<p>In Deutschland haben sich Sch\u00fclerinnen und Sch\u00fcler damit besch\u00e4ftigt, wie und wo Kinderrechte bei Produktion und Konsum von Tabak verletzt werden (\u201eUnfairtobacco\u201c ist ein Projekt der Berliner Landesarbeitsgemeinschaft Umwelt und Entwicklung und zeigt, wie die Tabakindustrie Menschen schadet und die Umwelt zerst\u00f6rt). Sie haben sich mit dem Thema Kinderarbeit im Tabakanbau, die Gesundheitsgefahren von Rauchen und Passivrauchen, Rechte auf Gesundheit, Bildung und auf Schutz vor Ausbeutung auseinandergesetzt. In einem Video haben die Sch\u00fclerinnen und Sch\u00fcler ihre Perspektiven geteilt und gefordert: &#8220;Wir wollen, dass Tabak nicht mehr verkauft wird\u201c. Das <a href=\"\/\/www.youtube.com\/watch?v=pD49GvgZmC8&amp;feature=emb_logo&amp;ab_channel=Unfairtobacco\" target=\"_blank\" rel=\"noopener noreferrer\">Video<\/a> wurde an das UN-Kinderrechtskomitee geschickt.<\/p>\n<p>[\/et_pb_text][et_pb_video src=&#8221;https:\/\/www.youtube.com\/watch?v=pD49GvgZmC8&#038;feature=emb_logo&#038;ab_channel=Unfairtobacco&#8221; _builder_version=&#8221;4.4.3&#8243; hover_enabled=&#8221;0&#8243; db_limit_youtube_related_videos_to_same_channel=&#8221;on&#8221;][\/et_pb_video][et_pb_text _builder_version=&#8221;4.4.3&#8243;]<\/p>\n<p>Jedes Kind wei\u00df, dass Rauchen sch\u00e4dlich ist. Umso besorgniserregender ist die Entwicklung, dass die Werbung f\u00fcr s\u00e4mtliche E Produkte wie E-Zigaretten, E-Shisha etc. auf Kinder abzielt. Diese Produkte sollen vermeintlich nicht so sch\u00e4dlich sein wie Tabakzigaretten und locken mit Geschm\u00e4ckern wie Erdbeere, Gummib\u00e4rchen etc. Bez\u00fcglich dieser Produkte bedarf es viel Aufkl\u00e4rungsarbeit. Eine Brosch\u00fcre zum Thema finden sie hier: Folder E-Zigaretten. (Link)<\/p>\n<p>Kinder machen sich oft Sorgen um das Rauchverhalten und die Gesundheit der Eltern. \u201eIch will nicht mehr, dass meine Mama raucht, was kann ich tun?\u201c\u00a0 Es ist jedoch die Verantwortung der Eltern, sich um die eigene Gesundheit und die Gesundheit der Kinder zu k\u00fcmmern. Das Rauchfrei Telefon ist nicht nur f\u00fcr Erwachsene, sondern auch f\u00fcr Kinder und Jugendliche Ansprechpartner.<\/p>\n<p>Quelle: Unfairtobacco (28.5.2020)<\/p>\n<blockquote class=\"wp-embedded-content\" data-secret=\"8unq8MOsXs\"><p><a href=\"https:\/\/unfairtobacco.org\/appell-von-schuelerinnen-an-un-komitee-keinen-tabak-mehr\/\">Appell von Sch\u00fcler*innen an UN-Komitee: Keinen Tabak mehr!<\/a><\/p><\/blockquote>\n<p><iframe loading=\"lazy\" class=\"wp-embedded-content\" sandbox=\"allow-scripts\" security=\"restricted\" style=\"position: absolute; clip: rect(1px, 1px, 1px, 1px);\" title=\"&#8222;Appell von Sch\u00fcler*innen an UN-Komitee: Keinen Tabak mehr!&#8220; &#8212; unfairtobacco\" src=\"https:\/\/unfairtobacco.org\/appell-von-schuelerinnen-an-un-komitee-keinen-tabak-mehr\/embed\/#?secret=8unq8MOsXs\" data-secret=\"8unq8MOsXs\" width=\"600\" height=\"338\" frameborder=\"0\" marginwidth=\"0\" marginheight=\"0\" scrolling=\"no\"><\/iframe><\/p>\n<p>&nbsp;<\/p>\n<p>[\/et_pb_text][et_pb_post_nav in_same_term=&#8221;off&#8221; admin_label=&#8221;Beitragsnavigation&#8221; _builder_version=&#8221;3.0.99&#8243;][\/et_pb_post_nav][\/et_pb_column][et_pb_column type=&#8221;1_3&#8243; module_class=&#8221;cat-and-tag&#8221; _builder_version=&#8221;3.25&#8243; custom_padding=&#8221;|||&#8221; custom_padding__hover=&#8221;|||&#8221;][et_pb_dp_dmb_module_10093 farbe=&#8221;blitzblau&#8221; headline=&#8221;Alternativen zum Rauchen&#8221; image=&#8221;https:\/\/rauchfrei.at\/wp-content\/uploads\/Relax-in-hammok.png&#8221; image_position=&#8221;center&#8221; link_text=&#8221;mehr&#8221; link_url=&#8221;https:\/\/rauchfrei.at\/alternativen\/&#8221; image_size=&#8221;90&#8243; admin_label=&#8221;Alternativen zum Rauchen&#8221; _builder_version=&#8221;3.21.1&#8243; z_index_tablet=&#8221;500&#8243; global_module=&#8221;13174&#8243; saved_tabs=&#8221;all&#8221;]<\/p>\n<p>Es gibt viele M\u00f6glichkeiten, um nicht zur Zigarette zu greifen!<\/p>\n<p>[\/et_pb_dp_dmb_module_10093][et_pb_dp_dmb_module_10093 farbe=&#8221;blitzblau&#8221; headline=&#8221;Passivrauch&#8221; image=&#8221;https:\/\/rauchfrei.at\/wp-content\/uploads\/passivrauch-rauchfrei-fuer-alle.png&#8221; image_position=&#8221;center&#8221; link_text=&#8221;mehr&#8221; link_url=&#8221;https:\/\/rauchfrei.at\/fakten\/passivrauch\/&#8221; image_size=&#8221;70&#8243; admin_label=&#8221;Passivrauch&#8221; _builder_version=&#8221;3.19.15&#8243; global_module=&#8221;13172&#8243; saved_tabs=&#8221;all&#8221;]<\/p>\n<p>Rauch ist giftig, niemand sollte ihn einatmen!<\/p>\n<p>[\/et_pb_dp_dmb_module_10093][et_pb_dp_dmb_module_10093 farbe=&#8221;blitzgelb&#8221; headline=&#8221;Buchen Sie einen Anruf!&#8221; image=&#8221;https:\/\/rauchfrei.at\/wp-content\/uploads\/rauchfrei-rueckruf-gelb.png&#8221; image_position=&#8221;center&#8221; link_text=&#8221;Anruf buchen!&#8221; link_url=&#8221;https:\/\/rauchfrei.at\/beratung\/anruf-gewuenscht\/&#8221; image_size=&#8221;80&#8243; admin_label=&#8221;Anruf buchen&#8221; _builder_version=&#8221;3.21.1&#8243; max_width=&#8221;100%&#8221; global_module=&#8221;13148&#8243; saved_tabs=&#8221;all&#8221;]<\/p>\n<p>Wir rufen Sie gerne an.<\/p>\n<p>[\/et_pb_dp_dmb_module_10093][\/et_pb_column][\/et_pb_row][\/et_pb_section]<\/p>\n","protected":false},"excerpt":{"rendered":"<p>Die Bedingungen im Tabakabbau, die direkte Gesundheitsgefahr durch Passivrauch und auch die Werbung der Tabakindustrie &#8211; stehen alle in einem zu engen Zusammenhang mit Kindern und Jugendlichen.<\/p>\n","protected":false},"author":25,"featured_media":0,"comment_status":"open","ping_status":"open","sticky":false,"template":"","format":"standard","meta":{"_et_pb_use_builder":"on","_et_pb_old_content":"","_et_gb_content_width":"","footnotes":""},"categories":[237,236],"tags":[],"class_list":["post-19829","post","type-post","status-publish","format-standard","hentry","category-literatur-und-hintergrundwissen","category-nicht-kategorisiert"],"yoast_head":"<!-- This site is optimized with the Yoast SEO plugin v26.2 - https:\/\/yoast.com\/wordpress\/plugins\/seo\/ -->\n<title>WELTKINDERTAG - Der Tag der Kinderrechte - Rauchfrei Telefon<\/title>\n<meta name=\"robots\" content=\"index, follow, max-snippet:-1, max-image-preview:large, max-video-preview:-1\" \/>\n<link rel=\"canonical\" href=\"https:\/\/rauchfrei.at\/weltkindertag-der-tag-der-kinderrechte\/\" \/>\n<meta property=\"og:locale\" content=\"en_US\" \/>\n<meta property=\"og:type\" content=\"article\" \/>\n<meta property=\"og:title\" content=\"WELTKINDERTAG - Der Tag der Kinderrechte - Rauchfrei Telefon\" \/>\n<meta property=\"og:description\" content=\"Die Bedingungen im Tabakabbau, die direkte Gesundheitsgefahr durch Passivrauch und auch die Werbung der Tabakindustrie - stehen alle in einem zu engen Zusammenhang mit Kindern und Jugendlichen.\" \/>\n<meta property=\"og:url\" content=\"https:\/\/rauchfrei.at\/weltkindertag-der-tag-der-kinderrechte\/\" \/>\n<meta property=\"og:site_name\" content=\"Rauchfrei Telefon\" \/>\n<meta property=\"article:published_time\" content=\"2020-11-17T13:21:59+00:00\" \/>\n<meta property=\"article:modified_time\" content=\"2020-11-17T15:34:56+00:00\" \/>\n<meta name=\"author\" content=\"Rauchfrei Team\" \/>\n<meta name=\"twitter:card\" content=\"summary_large_image\" \/>\n<meta name=\"twitter:label1\" content=\"Written by\" \/>\n\t<meta name=\"twitter:data1\" content=\"Rauchfrei Team\" \/>\n\t<meta name=\"twitter:label2\" content=\"Est. reading time\" \/>\n\t<meta name=\"twitter:data2\" content=\"4 minutes\" \/>\n<script type=\"application\/ld+json\" class=\"yoast-schema-graph\">{\"@context\":\"https:\/\/schema.org\",\"@graph\":[{\"@type\":\"WebPage\",\"@id\":\"https:\/\/rauchfrei.at\/weltkindertag-der-tag-der-kinderrechte\/\",\"url\":\"https:\/\/rauchfrei.at\/weltkindertag-der-tag-der-kinderrechte\/\",\"name\":\"WELTKINDERTAG - Der Tag der Kinderrechte - Rauchfrei Telefon\",\"isPartOf\":{\"@id\":\"https:\/\/rauchfrei.at\/#website\"},\"datePublished\":\"2020-11-17T13:21:59+00:00\",\"dateModified\":\"2020-11-17T15:34:56+00:00\",\"author\":{\"@id\":\"https:\/\/rauchfrei.at\/#\/schema\/person\/504bbf90c5482004fc09aef6de7f9277\"},\"inLanguage\":\"en-US\",\"potentialAction\":[{\"@type\":\"ReadAction\",\"target\":[\"https:\/\/rauchfrei.at\/weltkindertag-der-tag-der-kinderrechte\/\"]}]},{\"@type\":\"WebSite\",\"@id\":\"https:\/\/rauchfrei.at\/#website\",\"url\":\"https:\/\/rauchfrei.at\/\",\"name\":\"Rauchfrei Telefon\",\"description\":\"Eine \u00f6sterreichweite Initiative der Sozialversicherungen.\",\"potentialAction\":[{\"@type\":\"SearchAction\",\"target\":{\"@type\":\"EntryPoint\",\"urlTemplate\":\"https:\/\/rauchfrei.at\/?s={search_term_string}\"},\"query-input\":{\"@type\":\"PropertyValueSpecification\",\"valueRequired\":true,\"valueName\":\"search_term_string\"}}],\"inLanguage\":\"en-US\"},{\"@type\":\"Person\",\"@id\":\"https:\/\/rauchfrei.at\/#\/schema\/person\/504bbf90c5482004fc09aef6de7f9277\",\"name\":\"Rauchfrei Team\",\"image\":{\"@type\":\"ImageObject\",\"inLanguage\":\"en-US\",\"@id\":\"https:\/\/rauchfrei.at\/#\/schema\/person\/image\/\",\"url\":\"https:\/\/secure.gravatar.com\/avatar\/2115b79a00800516fa1523bb5a329611f90e73e89be559131fc7e82b4fdc95ff?s=96&d=mm&r=g\",\"contentUrl\":\"https:\/\/secure.gravatar.com\/avatar\/2115b79a00800516fa1523bb5a329611f90e73e89be559131fc7e82b4fdc95ff?s=96&d=mm&r=g\",\"caption\":\"Rauchfrei Team\"},\"url\":\"https:\/\/rauchfrei.at\/en\/author\/rauchfrei-team\/\"}]}<\/script>\n<!-- \/ Yoast SEO plugin. -->","yoast_head_json":{"title":"WELTKINDERTAG - Der Tag der Kinderrechte - Rauchfrei Telefon","robots":{"index":"index","follow":"follow","max-snippet":"max-snippet:-1","max-image-preview":"max-image-preview:large","max-video-preview":"max-video-preview:-1"},"canonical":"https:\/\/rauchfrei.at\/weltkindertag-der-tag-der-kinderrechte\/","og_locale":"en_US","og_type":"article","og_title":"WELTKINDERTAG - Der Tag der Kinderrechte - Rauchfrei Telefon","og_description":"Die Bedingungen im Tabakabbau, die direkte Gesundheitsgefahr durch Passivrauch und auch die Werbung der Tabakindustrie - stehen alle in einem zu engen Zusammenhang mit Kindern und Jugendlichen.","og_url":"https:\/\/rauchfrei.at\/weltkindertag-der-tag-der-kinderrechte\/","og_site_name":"Rauchfrei Telefon","article_published_time":"2020-11-17T13:21:59+00:00","article_modified_time":"2020-11-17T15:34:56+00:00","author":"Rauchfrei Team","twitter_card":"summary_large_image","twitter_misc":{"Written by":"Rauchfrei Team","Est. reading time":"4 minutes"},"schema":{"@context":"https:\/\/schema.org","@graph":[{"@type":"WebPage","@id":"https:\/\/rauchfrei.at\/weltkindertag-der-tag-der-kinderrechte\/","url":"https:\/\/rauchfrei.at\/weltkindertag-der-tag-der-kinderrechte\/","name":"WELTKINDERTAG - Der Tag der Kinderrechte - Rauchfrei Telefon","isPartOf":{"@id":"https:\/\/rauchfrei.at\/#website"},"datePublished":"2020-11-17T13:21:59+00:00","dateModified":"2020-11-17T15:34:56+00:00","author":{"@id":"https:\/\/rauchfrei.at\/#\/schema\/person\/504bbf90c5482004fc09aef6de7f9277"},"inLanguage":"en-US","potentialAction":[{"@type":"ReadAction","target":["https:\/\/rauchfrei.at\/weltkindertag-der-tag-der-kinderrechte\/"]}]},{"@type":"WebSite","@id":"https:\/\/rauchfrei.at\/#website","url":"https:\/\/rauchfrei.at\/","name":"Rauchfrei Telefon","description":"Eine \u00f6sterreichweite Initiative der Sozialversicherungen.","potentialAction":[{"@type":"SearchAction","target":{"@type":"EntryPoint","urlTemplate":"https:\/\/rauchfrei.at\/?s={search_term_string}"},"query-input":{"@type":"PropertyValueSpecification","valueRequired":true,"valueName":"search_term_string"}}],"inLanguage":"en-US"},{"@type":"Person","@id":"https:\/\/rauchfrei.at\/#\/schema\/person\/504bbf90c5482004fc09aef6de7f9277","name":"Rauchfrei Team","image":{"@type":"ImageObject","inLanguage":"en-US","@id":"https:\/\/rauchfrei.at\/#\/schema\/person\/image\/","url":"https:\/\/secure.gravatar.com\/avatar\/2115b79a00800516fa1523bb5a329611f90e73e89be559131fc7e82b4fdc95ff?s=96&d=mm&r=g","contentUrl":"https:\/\/secure.gravatar.com\/avatar\/2115b79a00800516fa1523bb5a329611f90e73e89be559131fc7e82b4fdc95ff?s=96&d=mm&r=g","caption":"Rauchfrei Team"},"url":"https:\/\/rauchfrei.at\/en\/author\/rauchfrei-team\/"}]}},"_links":{"self":[{"href":"https:\/\/rauchfrei.at\/en\/wp-json\/wp\/v2\/posts\/19829","targetHints":{"allow":["GET"]}}],"collection":[{"href":"https:\/\/rauchfrei.at\/en\/wp-json\/wp\/v2\/posts"}],"about":[{"href":"https:\/\/rauchfrei.at\/en\/wp-json\/wp\/v2\/types\/post"}],"author":[{"embeddable":true,"href":"https:\/\/rauchfrei.at\/en\/wp-json\/wp\/v2\/users\/25"}],"replies":[{"embeddable":true,"href":"https:\/\/rauchfrei.at\/en\/wp-json\/wp\/v2\/comments?post=19829"}],"version-history":[{"count":5,"href":"https:\/\/rauchfrei.at\/en\/wp-json\/wp\/v2\/posts\/19829\/revisions"}],"predecessor-version":[{"id":19843,"href":"https:\/\/rauchfrei.at\/en\/wp-json\/wp\/v2\/posts\/19829\/revisions\/19843"}],"wp:attachment":[{"href":"https:\/\/rauchfrei.at\/en\/wp-json\/wp\/v2\/media?parent=19829"}],"wp:term":[{"taxonomy":"category","embeddable":true,"href":"https:\/\/rauchfrei.at\/en\/wp-json\/wp\/v2\/categories?post=19829"},{"taxonomy":"post_tag","embeddable":true,"href":"https:\/\/rauchfrei.at\/en\/wp-json\/wp\/v2\/tags?post=19829"}],"curies":[{"name":"wp","href":"https:\/\/api.w.org\/{rel}","templated":true}]}}