
{"id":19918,"date":"2020-12-07T08:00:56","date_gmt":"2020-12-07T06:00:56","guid":{"rendered":"https:\/\/rauchfrei.at\/?p=19918"},"modified":"2020-12-04T18:37:30","modified_gmt":"2020-12-04T16:37:30","slug":"baba-november-servus-dezember","status":"publish","type":"post","link":"https:\/\/rauchfrei.at\/en\/baba-november-servus-dezember\/","title":{"rendered":"Baba November, servus Dezember!"},"content":{"rendered":"<p>[et_pb_section fb_built=&#8221;1&#8243; module_class=&#8221;header&#8221; _builder_version=&#8221;3.22&#8243;][et_pb_row _builder_version=&#8221;3.25&#8243;][et_pb_column type=&#8221;4_4&#8243; _builder_version=&#8221;3.25&#8243; custom_padding=&#8221;|||&#8221; custom_padding__hover=&#8221;|||&#8221;][et_pb_dp_dmb_module_10001 subheadline=&#8221;Ein R\u00fcckblick auf den NOVEMBER RAUCHFREI&#8221; _builder_version=&#8221;4.4.3&#8243;][\/et_pb_dp_dmb_module_10001][\/et_pb_column][\/et_pb_row][\/et_pb_section][et_pb_section fb_built=&#8221;1&#8243; _builder_version=&#8221;3.22&#8243;][et_pb_row column_structure=&#8221;2_3,1_3&#8243; _builder_version=&#8221;3.25&#8243; background_size=&#8221;initial&#8221; background_position=&#8221;top_left&#8221; background_repeat=&#8221;repeat&#8221;][et_pb_column type=&#8221;2_3&#8243; _builder_version=&#8221;3.25&#8243; custom_padding=&#8221;|||&#8221; custom_padding__hover=&#8221;|||&#8221;][et_pb_text _builder_version=&#8221;4.4.3&#8243;]<\/p>\n<p>Bereits Ende Oktober haben sich viele intensiv mit der Aktion auseinandergesetzt und sind so auf das Rauchfrei Telefon aufmerksam geworden. Im Aktionszeitraum haben knapp 16 000 neue User unsere Website besucht. Die Seite \u201eNovember rauchfrei\u201c wurde 991 Mal aufgerufen. Die App haben w\u00e4hrend der Aktion etwa 4800 Personen genutzt \u2013 etwa ein Drittel davon zum ersten Mal.<\/p>\n<p>Viele Anrufer\/innen haben sich im letzten Monat vom Rauchfrei Telefon beraten lassen und die Aktion als Anlass genommen, einen Rauchstopp in Angriff zu nehmen. Auch wenn der November f\u00fcr die Vorbereitung auf die erste rauchfreie Zeit genutzt wurde &#8211; der erste wichtige Schritt wurde so gesetzt.<\/p>\n<p>Eine Dame hatte die Bef\u00fcrchtung, dass die kostenlose Beratung nur im November m\u00f6glich sei und sie den Rauchstopp jetzt unbedingt schaffen m\u00fcsse. Die Erleichterung war gro\u00df, dass das Unterst\u00fctzungsangebot auch \u00fcber die Aktion hinaus weiterbesteht und mittlerweile ist sie rauchfrei.<\/p>\n<p>Es muss also nicht der 1. J\u00e4nner oder der Weltnichtrauchertag am 31. Mai sein. Mittlerweile gewinnt auch der November als rauchfreier Monat immer mehr an Bedeutung. Fest steht: Jeder Zeitpunkt, an dem die Motivation zur Ver\u00e4nderung da ist, ist ein guter Zeitpunkt, um sich f\u00fcr die Rauchfreiheit zu entscheiden.<\/p>\n<p>Nach einem erfolgreichen November machen viele auch im Dezember weiter. Vielleicht wollen auch Sie sich anschlie\u00dfen?<\/p>\n<p><strong>Eine besondere Erfolgsgeschichte<\/strong> d\u00fcrfen wir auch im Dezember berichten:<\/p>\n<p>Einer unserer treuesten Anrufer feierte am 1. Dezember sein f\u00fcnfj\u00e4hriges Rauchfrei-Jubli\u00e4um!<\/p>\n<p>Wir gratulieren Wolfgang herzlich zu diesem Erfolg und freuen uns sehr mit ihm!<\/p>\n<p>Wir w\u00fcnschen Ihnen einen gem\u00fctlichen, rauchfreien Advent!<\/p>\n<p>[\/et_pb_text][\/et_pb_column][et_pb_column type=&#8221;1_3&#8243; _builder_version=&#8221;3.25&#8243; custom_padding=&#8221;|||&#8221; custom_padding__hover=&#8221;|||&#8221;][et_pb_dp_dmb_module_10093 farbe=&#8221;blitzgelb&#8221; headline=&#8221;Trauen Sie sich den Rauchstopp zu!&#8221; image=&#8221;https:\/\/rauchfrei.at\/wp-content\/uploads\/Quitting-Yellow.png&#8221; image_position=&#8221;center&#8221; link_text=&#8221;mehr&#8221; link_url=&#8221;https:\/\/rauchfrei.at\/aufhoeren\/schritte-zum-rauchstopp\/trauen-sie-sich-den-rauchstopp-zu\/&#8221; image_size=&#8221;90&#8243; admin_label=&#8221;Trauen Sie sich den Rauchstopp zu&#8221; _builder_version=&#8221;3.19.15&#8243; global_module=&#8221;13173&#8243; saved_tabs=&#8221;all&#8221;]<\/p>\n<p>Sie m\u00f6chten etwas \u00e4ndern? Worauf warten Sie noch?<\/p>\n<p>[\/et_pb_dp_dmb_module_10093][\/et_pb_column][\/et_pb_row][\/et_pb_section]<\/p>\n","protected":false},"excerpt":{"rendered":"<p>Auch wenn schon die zweite Kerze am Adventkranz brennt, wirkt die Aktion NOVEMBER RAUCHFREI noch deutlich nach. Viele haben sich beteiligt und den ersten Schritt in Richtung Rauchfreiheit gesetzt. Die Freude \u00fcber die erste rauchfreie Zeit ist auch im Dezember ungebrochen. Lesen Sie hier die motivierende Erfolgsgeschichte\u2026<\/p>\n","protected":false},"author":25,"featured_media":0,"comment_status":"open","ping_status":"open","sticky":false,"template":"","format":"standard","meta":{"_et_pb_use_builder":"on","_et_pb_old_content":"","_et_gb_content_width":"","footnotes":""},"categories":[232,236],"tags":[],"class_list":["post-19918","post","type-post","status-publish","format-standard","hentry","category-nachrichten-vom-rauchfrei-telefon","category-nicht-kategorisiert"],"yoast_head":"<!-- This site is optimized with the Yoast SEO plugin v26.2 - https:\/\/yoast.com\/wordpress\/plugins\/seo\/ -->\n<title>Baba November, servus Dezember! - Rauchfrei Telefon<\/title>\n<meta name=\"robots\" content=\"index, follow, max-snippet:-1, max-image-preview:large, max-video-preview:-1\" \/>\n<link rel=\"canonical\" href=\"https:\/\/rauchfrei.at\/baba-november-servus-dezember\/\" \/>\n<meta property=\"og:locale\" content=\"en_US\" \/>\n<meta property=\"og:type\" content=\"article\" \/>\n<meta property=\"og:title\" content=\"Baba November, servus Dezember! - Rauchfrei Telefon\" \/>\n<meta property=\"og:description\" content=\"Auch wenn schon die zweite Kerze am Adventkranz brennt, wirkt die Aktion NOVEMBER RAUCHFREI noch deutlich nach. Viele haben sich beteiligt und den ersten Schritt in Richtung Rauchfreiheit gesetzt. Die Freude \u00fcber die erste rauchfreie Zeit ist auch im Dezember ungebrochen. Lesen Sie hier die motivierende Erfolgsgeschichte\u2026\" \/>\n<meta property=\"og:url\" content=\"https:\/\/rauchfrei.at\/baba-november-servus-dezember\/\" \/>\n<meta property=\"og:site_name\" content=\"Rauchfrei Telefon\" \/>\n<meta property=\"article:published_time\" content=\"2020-12-07T06:00:56+00:00\" \/>\n<meta name=\"author\" content=\"Rauchfrei Team\" \/>\n<meta name=\"twitter:card\" content=\"summary_large_image\" \/>\n<meta name=\"twitter:label1\" content=\"Written by\" \/>\n\t<meta name=\"twitter:data1\" content=\"Rauchfrei Team\" \/>\n\t<meta name=\"twitter:label2\" content=\"Est. reading time\" \/>\n\t<meta name=\"twitter:data2\" content=\"2 minutes\" \/>\n<script type=\"application\/ld+json\" class=\"yoast-schema-graph\">{\"@context\":\"https:\/\/schema.org\",\"@graph\":[{\"@type\":\"WebPage\",\"@id\":\"https:\/\/rauchfrei.at\/baba-november-servus-dezember\/\",\"url\":\"https:\/\/rauchfrei.at\/baba-november-servus-dezember\/\",\"name\":\"Baba November, servus Dezember! - Rauchfrei Telefon\",\"isPartOf\":{\"@id\":\"https:\/\/rauchfrei.at\/#website\"},\"datePublished\":\"2020-12-07T06:00:56+00:00\",\"author\":{\"@id\":\"https:\/\/rauchfrei.at\/#\/schema\/person\/504bbf90c5482004fc09aef6de7f9277\"},\"inLanguage\":\"en-US\",\"potentialAction\":[{\"@type\":\"ReadAction\",\"target\":[\"https:\/\/rauchfrei.at\/baba-november-servus-dezember\/\"]}]},{\"@type\":\"WebSite\",\"@id\":\"https:\/\/rauchfrei.at\/#website\",\"url\":\"https:\/\/rauchfrei.at\/\",\"name\":\"Rauchfrei Telefon\",\"description\":\"Eine \u00f6sterreichweite Initiative der Sozialversicherungen.\",\"potentialAction\":[{\"@type\":\"SearchAction\",\"target\":{\"@type\":\"EntryPoint\",\"urlTemplate\":\"https:\/\/rauchfrei.at\/?s={search_term_string}\"},\"query-input\":{\"@type\":\"PropertyValueSpecification\",\"valueRequired\":true,\"valueName\":\"search_term_string\"}}],\"inLanguage\":\"en-US\"},{\"@type\":\"Person\",\"@id\":\"https:\/\/rauchfrei.at\/#\/schema\/person\/504bbf90c5482004fc09aef6de7f9277\",\"name\":\"Rauchfrei Team\",\"image\":{\"@type\":\"ImageObject\",\"inLanguage\":\"en-US\",\"@id\":\"https:\/\/rauchfrei.at\/#\/schema\/person\/image\/\",\"url\":\"https:\/\/secure.gravatar.com\/avatar\/2115b79a00800516fa1523bb5a329611f90e73e89be559131fc7e82b4fdc95ff?s=96&d=mm&r=g\",\"contentUrl\":\"https:\/\/secure.gravatar.com\/avatar\/2115b79a00800516fa1523bb5a329611f90e73e89be559131fc7e82b4fdc95ff?s=96&d=mm&r=g\",\"caption\":\"Rauchfrei Team\"},\"url\":\"https:\/\/rauchfrei.at\/en\/author\/rauchfrei-team\/\"}]}<\/script>\n<!-- \/ Yoast SEO plugin. -->","yoast_head_json":{"title":"Baba November, servus Dezember! - Rauchfrei Telefon","robots":{"index":"index","follow":"follow","max-snippet":"max-snippet:-1","max-image-preview":"max-image-preview:large","max-video-preview":"max-video-preview:-1"},"canonical":"https:\/\/rauchfrei.at\/baba-november-servus-dezember\/","og_locale":"en_US","og_type":"article","og_title":"Baba November, servus Dezember! - Rauchfrei Telefon","og_description":"Auch wenn schon die zweite Kerze am Adventkranz brennt, wirkt die Aktion NOVEMBER RAUCHFREI noch deutlich nach. Viele haben sich beteiligt und den ersten Schritt in Richtung Rauchfreiheit gesetzt. Die Freude \u00fcber die erste rauchfreie Zeit ist auch im Dezember ungebrochen. Lesen Sie hier die motivierende Erfolgsgeschichte\u2026","og_url":"https:\/\/rauchfrei.at\/baba-november-servus-dezember\/","og_site_name":"Rauchfrei Telefon","article_published_time":"2020-12-07T06:00:56+00:00","author":"Rauchfrei Team","twitter_card":"summary_large_image","twitter_misc":{"Written by":"Rauchfrei Team","Est. reading time":"2 minutes"},"schema":{"@context":"https:\/\/schema.org","@graph":[{"@type":"WebPage","@id":"https:\/\/rauchfrei.at\/baba-november-servus-dezember\/","url":"https:\/\/rauchfrei.at\/baba-november-servus-dezember\/","name":"Baba November, servus Dezember! - Rauchfrei Telefon","isPartOf":{"@id":"https:\/\/rauchfrei.at\/#website"},"datePublished":"2020-12-07T06:00:56+00:00","author":{"@id":"https:\/\/rauchfrei.at\/#\/schema\/person\/504bbf90c5482004fc09aef6de7f9277"},"inLanguage":"en-US","potentialAction":[{"@type":"ReadAction","target":["https:\/\/rauchfrei.at\/baba-november-servus-dezember\/"]}]},{"@type":"WebSite","@id":"https:\/\/rauchfrei.at\/#website","url":"https:\/\/rauchfrei.at\/","name":"Rauchfrei Telefon","description":"Eine \u00f6sterreichweite Initiative der Sozialversicherungen.","potentialAction":[{"@type":"SearchAction","target":{"@type":"EntryPoint","urlTemplate":"https:\/\/rauchfrei.at\/?s={search_term_string}"},"query-input":{"@type":"PropertyValueSpecification","valueRequired":true,"valueName":"search_term_string"}}],"inLanguage":"en-US"},{"@type":"Person","@id":"https:\/\/rauchfrei.at\/#\/schema\/person\/504bbf90c5482004fc09aef6de7f9277","name":"Rauchfrei Team","image":{"@type":"ImageObject","inLanguage":"en-US","@id":"https:\/\/rauchfrei.at\/#\/schema\/person\/image\/","url":"https:\/\/secure.gravatar.com\/avatar\/2115b79a00800516fa1523bb5a329611f90e73e89be559131fc7e82b4fdc95ff?s=96&d=mm&r=g","contentUrl":"https:\/\/secure.gravatar.com\/avatar\/2115b79a00800516fa1523bb5a329611f90e73e89be559131fc7e82b4fdc95ff?s=96&d=mm&r=g","caption":"Rauchfrei Team"},"url":"https:\/\/rauchfrei.at\/en\/author\/rauchfrei-team\/"}]}},"_links":{"self":[{"href":"https:\/\/rauchfrei.at\/en\/wp-json\/wp\/v2\/posts\/19918","targetHints":{"allow":["GET"]}}],"collection":[{"href":"https:\/\/rauchfrei.at\/en\/wp-json\/wp\/v2\/posts"}],"about":[{"href":"https:\/\/rauchfrei.at\/en\/wp-json\/wp\/v2\/types\/post"}],"author":[{"embeddable":true,"href":"https:\/\/rauchfrei.at\/en\/wp-json\/wp\/v2\/users\/25"}],"replies":[{"embeddable":true,"href":"https:\/\/rauchfrei.at\/en\/wp-json\/wp\/v2\/comments?post=19918"}],"version-history":[{"count":5,"href":"https:\/\/rauchfrei.at\/en\/wp-json\/wp\/v2\/posts\/19918\/revisions"}],"predecessor-version":[{"id":19938,"href":"https:\/\/rauchfrei.at\/en\/wp-json\/wp\/v2\/posts\/19918\/revisions\/19938"}],"wp:attachment":[{"href":"https:\/\/rauchfrei.at\/en\/wp-json\/wp\/v2\/media?parent=19918"}],"wp:term":[{"taxonomy":"category","embeddable":true,"href":"https:\/\/rauchfrei.at\/en\/wp-json\/wp\/v2\/categories?post=19918"},{"taxonomy":"post_tag","embeddable":true,"href":"https:\/\/rauchfrei.at\/en\/wp-json\/wp\/v2\/tags?post=19918"}],"curies":[{"name":"wp","href":"https:\/\/api.w.org\/{rel}","templated":true}]}}