
{"id":19940,"date":"2020-12-21T08:00:26","date_gmt":"2020-12-21T06:00:26","guid":{"rendered":"https:\/\/rauchfrei.at\/?p=19940"},"modified":"2020-12-16T11:06:23","modified_gmt":"2020-12-16T09:06:23","slug":"der-rauchstopp-ein-geschenk-fuer-mund-und-zaehne","status":"publish","type":"post","link":"https:\/\/rauchfrei.at\/en\/der-rauchstopp-ein-geschenk-fuer-mund-und-zaehne\/","title":{"rendered":"Der Rauchstopp &#8211; ein Geschenk f\u00fcr Mund und Z\u00e4hne"},"content":{"rendered":"<p>[et_pb_section fb_built=&#8221;1&#8243; module_class=&#8221;header&#8221; _builder_version=&#8221;3.22&#8243;][et_pb_row _builder_version=&#8221;3.25&#8243;][et_pb_column type=&#8221;4_4&#8243; _builder_version=&#8221;3.25&#8243; custom_padding=&#8221;|||&#8221; custom_padding__hover=&#8221;|||&#8221;][et_pb_dp_dmb_module_10001 subheadline=&#8221;Rauchfrei die Mund- und Zahngesundheit verbessern&#8221; _builder_version=&#8221;4.4.3&#8243;][\/et_pb_dp_dmb_module_10001][\/et_pb_column][\/et_pb_row][\/et_pb_section][et_pb_section fb_built=&#8221;1&#8243; _builder_version=&#8221;3.22&#8243;][et_pb_row column_structure=&#8221;2_3,1_3&#8243; _builder_version=&#8221;3.25&#8243; background_size=&#8221;initial&#8221; background_position=&#8221;top_left&#8221; background_repeat=&#8221;repeat&#8221;][et_pb_column type=&#8221;2_3&#8243; _builder_version=&#8221;3.25&#8243; custom_padding=&#8221;|||&#8221; custom_padding__hover=&#8221;|||&#8221;][et_pb_text _builder_version=&#8221;4.7.6&#8243; hover_enabled=&#8221;0&#8243; sticky_enabled=&#8221;0&#8243;]<\/p>\n<p>Denken wir im Zusammenhang mit dem Rauchen an unsere Mund- und Zahngesundheit, so fallen uns vielleicht \u201egelbe Z\u00e4hne\u201c oder Mundgeruch ein, die durch das Rauchen verursacht werden k\u00f6nnen. Rauchen selbst, wird immer noch vorwiegend mit Lungenkrebs oder Herz-Kreislauf-Erkrankungen in Verbindung gebracht. Rauchen f\u00fchrt aber nicht nur zu Verf\u00e4rbungen an unseren Z\u00e4hnen.<\/p>\n<p>Durch das Rauchen werden etwa der Geruchs- und Geschmacksinn beeinflusst, die Wundheilung bei Zahnbehandlungen verlangsamt oder auch die Kariesaktivit\u00e4t erh\u00f6ht. Das sind die harmloseren Auswirkungen des Rauchens auf unsere Mund- und Zahngesundheit.<\/p>\n<p>An unserer Mundschleimhaut kann es durch das Einatmen des Rauches zu lebensbedrohlichen Ver\u00e4nderungen, wie etwa Mundh\u00f6hlenkrebs kommen.<\/p>\n<p>Der Mundh\u00f6hlenkrebs betraf lange vor allem M\u00e4nner im mittleren\/h\u00f6heren Alter, mittlerweile gibt es ein geh\u00e4uftes Auftreten auch bei j\u00fcngeren M\u00e4nnern und Frauen. Hier besteht eine eindeutige Dosis-Wirkung-Beziehung. Raucher\/Raucherinnen entwickeln 2-4 mal so h\u00e4ufig Mundh\u00f6hlenkrebs.<\/p>\n<p>Rauchen ist also auch der wichtigste vermeidbare\u00a0Risikofaktor f\u00fcr Mundh\u00f6hlenkrebs<\/p>\n<p>Raucher\/innen, die mehr als 10 Zigaretten pro Tag rauchen, haben ein viermal h\u00f6heres Risiko f\u00fcr die Entwicklung einer Parodontitis als schwache Raucher\/innen. Ursache daf\u00fcr sind einerseits Bakterien, andererseits die schw\u00e4chere Abwehrreaktion des mit Plaque befallenen Gewebes. Beides wird negativ durch den Zigarettenrauch verst\u00e4rkt. Auch Z<strong>ahnfleischentz\u00fcndungen und Parodontitis k\u00f6nnen durch einen Rauchstopp effektiv vorgebeugt werden. Nach dem Rauchstopp erholt sich das Zahngewebe.<\/strong><\/p>\n<p>Der Rauchstopp ist also ein Geschenk f\u00fcr Ihre Mund- und Zahngesundheit \u2013 w\u00e4re das eine Idee f\u00fcr Weihnachten?<\/p>\n<p>Mehr dazu:<br \/><a href=\"http:\/\/www.dkfz.de\/de\/tabakkontrolle\/download\/Publikationen\/RoteReihe\/Mundgesundheit_Band_13.pdf\">&#8211; Rote Reihe Tabakpr\u00e4vention und Tabakkontrolle Band 13, Deutsches Krebsforschungszentrum, Heidelberg 2010<br \/>Rauchen und Mundgesundheit. Erkrankungen des Zahn-, Mund- und Kieferbereiches und Interventionsstrategien f\u00fcr Zahn\u00e4rzte<\/a><br \/>&#8211; <a href=\"https:\/\/www.zwp-online.info\/fachgebiete\/prophylaxe\/therapie\/die-leukoplakie-der-mundschleimhaut\" target=\"_blank\" rel=\"noopener\">www.zwp-online.info<\/a><br \/>&#8211; Rauchen &#8211; Interventionen in der zahnmedizinischen Praxis (Kampagne &#8220;Rauchen schadet &#8211; Let it be&#8221; 2003)<\/p>\n<p>&nbsp;<\/p>\n<p>[\/et_pb_text][\/et_pb_column][et_pb_column type=&#8221;1_3&#8243; _builder_version=&#8221;3.25&#8243; custom_padding=&#8221;|||&#8221; custom_padding__hover=&#8221;|||&#8221;][et_pb_dp_dmb_module_10093 farbe=&#8221;blitzgelb&#8221; headline=&#8221;Trauen Sie sich den Rauchstopp zu!&#8221; image=&#8221;https:\/\/rauchfrei.at\/wp-content\/uploads\/Quitting-Yellow.png&#8221; image_position=&#8221;center&#8221; link_text=&#8221;mehr&#8221; link_url=&#8221;https:\/\/rauchfrei.at\/aufhoeren\/schritte-zum-rauchstopp\/trauen-sie-sich-den-rauchstopp-zu\/&#8221; image_size=&#8221;90&#8243; admin_label=&#8221;Trauen Sie sich den Rauchstopp zu&#8221; _builder_version=&#8221;3.19.15&#8243; global_module=&#8221;13173&#8243; saved_tabs=&#8221;all&#8221;]<\/p>\n<p>Sie m\u00f6chten etwas \u00e4ndern? Worauf warten Sie noch?<\/p>\n<p>[\/et_pb_dp_dmb_module_10093][\/et_pb_column][\/et_pb_row][\/et_pb_section]<\/p>\n","protected":false},"excerpt":{"rendered":"<p>Der Rauchstopp verbessert nicht nur den Mundgeruch, auch Erkrankungen der Mundh\u00f6hle und der Z\u00e4hne werden vorgebeugt und verbessert.<\/p>\n","protected":false},"author":25,"featured_media":0,"comment_status":"open","ping_status":"open","sticky":false,"template":"","format":"standard","meta":{"_et_pb_use_builder":"on","_et_pb_old_content":"","_et_gb_content_width":"","footnotes":""},"categories":[235,237],"tags":[],"class_list":["post-19940","post","type-post","status-publish","format-standard","hentry","category-gesundheit-und-rauchstopp","category-literatur-und-hintergrundwissen"],"yoast_head":"<!-- This site is optimized with the Yoast SEO plugin v26.2 - https:\/\/yoast.com\/wordpress\/plugins\/seo\/ -->\n<title>Der Rauchstopp - ein Geschenk f\u00fcr Mund und Z\u00e4hne - Rauchfrei Telefon<\/title>\n<meta name=\"robots\" content=\"index, follow, max-snippet:-1, max-image-preview:large, max-video-preview:-1\" \/>\n<link rel=\"canonical\" href=\"https:\/\/rauchfrei.at\/der-rauchstopp-ein-geschenk-fuer-mund-und-zaehne\/\" \/>\n<meta property=\"og:locale\" content=\"en_US\" \/>\n<meta property=\"og:type\" content=\"article\" \/>\n<meta property=\"og:title\" content=\"Der Rauchstopp - ein Geschenk f\u00fcr Mund und Z\u00e4hne - Rauchfrei Telefon\" \/>\n<meta property=\"og:description\" content=\"Der Rauchstopp verbessert nicht nur den Mundgeruch, auch Erkrankungen der Mundh\u00f6hle und der Z\u00e4hne werden vorgebeugt und verbessert.\" \/>\n<meta property=\"og:url\" content=\"https:\/\/rauchfrei.at\/der-rauchstopp-ein-geschenk-fuer-mund-und-zaehne\/\" \/>\n<meta property=\"og:site_name\" content=\"Rauchfrei Telefon\" \/>\n<meta property=\"article:published_time\" content=\"2020-12-21T06:00:26+00:00\" \/>\n<meta name=\"author\" content=\"Rauchfrei Team\" \/>\n<meta name=\"twitter:card\" content=\"summary_large_image\" \/>\n<meta name=\"twitter:label1\" content=\"Written by\" \/>\n\t<meta name=\"twitter:data1\" content=\"Rauchfrei Team\" \/>\n\t<meta name=\"twitter:label2\" content=\"Est. reading time\" \/>\n\t<meta name=\"twitter:data2\" content=\"2 minutes\" \/>\n<script type=\"application\/ld+json\" class=\"yoast-schema-graph\">{\"@context\":\"https:\/\/schema.org\",\"@graph\":[{\"@type\":\"WebPage\",\"@id\":\"https:\/\/rauchfrei.at\/der-rauchstopp-ein-geschenk-fuer-mund-und-zaehne\/\",\"url\":\"https:\/\/rauchfrei.at\/der-rauchstopp-ein-geschenk-fuer-mund-und-zaehne\/\",\"name\":\"Der Rauchstopp - ein Geschenk f\u00fcr Mund und Z\u00e4hne - Rauchfrei Telefon\",\"isPartOf\":{\"@id\":\"https:\/\/rauchfrei.at\/#website\"},\"datePublished\":\"2020-12-21T06:00:26+00:00\",\"author\":{\"@id\":\"https:\/\/rauchfrei.at\/#\/schema\/person\/504bbf90c5482004fc09aef6de7f9277\"},\"inLanguage\":\"en-US\",\"potentialAction\":[{\"@type\":\"ReadAction\",\"target\":[\"https:\/\/rauchfrei.at\/der-rauchstopp-ein-geschenk-fuer-mund-und-zaehne\/\"]}]},{\"@type\":\"WebSite\",\"@id\":\"https:\/\/rauchfrei.at\/#website\",\"url\":\"https:\/\/rauchfrei.at\/\",\"name\":\"Rauchfrei Telefon\",\"description\":\"Eine \u00f6sterreichweite Initiative der Sozialversicherungen.\",\"potentialAction\":[{\"@type\":\"SearchAction\",\"target\":{\"@type\":\"EntryPoint\",\"urlTemplate\":\"https:\/\/rauchfrei.at\/?s={search_term_string}\"},\"query-input\":{\"@type\":\"PropertyValueSpecification\",\"valueRequired\":true,\"valueName\":\"search_term_string\"}}],\"inLanguage\":\"en-US\"},{\"@type\":\"Person\",\"@id\":\"https:\/\/rauchfrei.at\/#\/schema\/person\/504bbf90c5482004fc09aef6de7f9277\",\"name\":\"Rauchfrei Team\",\"image\":{\"@type\":\"ImageObject\",\"inLanguage\":\"en-US\",\"@id\":\"https:\/\/rauchfrei.at\/#\/schema\/person\/image\/\",\"url\":\"https:\/\/secure.gravatar.com\/avatar\/2115b79a00800516fa1523bb5a329611f90e73e89be559131fc7e82b4fdc95ff?s=96&d=mm&r=g\",\"contentUrl\":\"https:\/\/secure.gravatar.com\/avatar\/2115b79a00800516fa1523bb5a329611f90e73e89be559131fc7e82b4fdc95ff?s=96&d=mm&r=g\",\"caption\":\"Rauchfrei Team\"},\"url\":\"https:\/\/rauchfrei.at\/en\/author\/rauchfrei-team\/\"}]}<\/script>\n<!-- \/ Yoast SEO plugin. -->","yoast_head_json":{"title":"Der Rauchstopp - ein Geschenk f\u00fcr Mund und Z\u00e4hne - Rauchfrei Telefon","robots":{"index":"index","follow":"follow","max-snippet":"max-snippet:-1","max-image-preview":"max-image-preview:large","max-video-preview":"max-video-preview:-1"},"canonical":"https:\/\/rauchfrei.at\/der-rauchstopp-ein-geschenk-fuer-mund-und-zaehne\/","og_locale":"en_US","og_type":"article","og_title":"Der Rauchstopp - ein Geschenk f\u00fcr Mund und Z\u00e4hne - Rauchfrei Telefon","og_description":"Der Rauchstopp verbessert nicht nur den Mundgeruch, auch Erkrankungen der Mundh\u00f6hle und der Z\u00e4hne werden vorgebeugt und verbessert.","og_url":"https:\/\/rauchfrei.at\/der-rauchstopp-ein-geschenk-fuer-mund-und-zaehne\/","og_site_name":"Rauchfrei Telefon","article_published_time":"2020-12-21T06:00:26+00:00","author":"Rauchfrei Team","twitter_card":"summary_large_image","twitter_misc":{"Written by":"Rauchfrei Team","Est. reading time":"2 minutes"},"schema":{"@context":"https:\/\/schema.org","@graph":[{"@type":"WebPage","@id":"https:\/\/rauchfrei.at\/der-rauchstopp-ein-geschenk-fuer-mund-und-zaehne\/","url":"https:\/\/rauchfrei.at\/der-rauchstopp-ein-geschenk-fuer-mund-und-zaehne\/","name":"Der Rauchstopp - ein Geschenk f\u00fcr Mund und Z\u00e4hne - Rauchfrei Telefon","isPartOf":{"@id":"https:\/\/rauchfrei.at\/#website"},"datePublished":"2020-12-21T06:00:26+00:00","author":{"@id":"https:\/\/rauchfrei.at\/#\/schema\/person\/504bbf90c5482004fc09aef6de7f9277"},"inLanguage":"en-US","potentialAction":[{"@type":"ReadAction","target":["https:\/\/rauchfrei.at\/der-rauchstopp-ein-geschenk-fuer-mund-und-zaehne\/"]}]},{"@type":"WebSite","@id":"https:\/\/rauchfrei.at\/#website","url":"https:\/\/rauchfrei.at\/","name":"Rauchfrei Telefon","description":"Eine \u00f6sterreichweite Initiative der Sozialversicherungen.","potentialAction":[{"@type":"SearchAction","target":{"@type":"EntryPoint","urlTemplate":"https:\/\/rauchfrei.at\/?s={search_term_string}"},"query-input":{"@type":"PropertyValueSpecification","valueRequired":true,"valueName":"search_term_string"}}],"inLanguage":"en-US"},{"@type":"Person","@id":"https:\/\/rauchfrei.at\/#\/schema\/person\/504bbf90c5482004fc09aef6de7f9277","name":"Rauchfrei Team","image":{"@type":"ImageObject","inLanguage":"en-US","@id":"https:\/\/rauchfrei.at\/#\/schema\/person\/image\/","url":"https:\/\/secure.gravatar.com\/avatar\/2115b79a00800516fa1523bb5a329611f90e73e89be559131fc7e82b4fdc95ff?s=96&d=mm&r=g","contentUrl":"https:\/\/secure.gravatar.com\/avatar\/2115b79a00800516fa1523bb5a329611f90e73e89be559131fc7e82b4fdc95ff?s=96&d=mm&r=g","caption":"Rauchfrei Team"},"url":"https:\/\/rauchfrei.at\/en\/author\/rauchfrei-team\/"}]}},"_links":{"self":[{"href":"https:\/\/rauchfrei.at\/en\/wp-json\/wp\/v2\/posts\/19940","targetHints":{"allow":["GET"]}}],"collection":[{"href":"https:\/\/rauchfrei.at\/en\/wp-json\/wp\/v2\/posts"}],"about":[{"href":"https:\/\/rauchfrei.at\/en\/wp-json\/wp\/v2\/types\/post"}],"author":[{"embeddable":true,"href":"https:\/\/rauchfrei.at\/en\/wp-json\/wp\/v2\/users\/25"}],"replies":[{"embeddable":true,"href":"https:\/\/rauchfrei.at\/en\/wp-json\/wp\/v2\/comments?post=19940"}],"version-history":[{"count":5,"href":"https:\/\/rauchfrei.at\/en\/wp-json\/wp\/v2\/posts\/19940\/revisions"}],"predecessor-version":[{"id":19953,"href":"https:\/\/rauchfrei.at\/en\/wp-json\/wp\/v2\/posts\/19940\/revisions\/19953"}],"wp:attachment":[{"href":"https:\/\/rauchfrei.at\/en\/wp-json\/wp\/v2\/media?parent=19940"}],"wp:term":[{"taxonomy":"category","embeddable":true,"href":"https:\/\/rauchfrei.at\/en\/wp-json\/wp\/v2\/categories?post=19940"},{"taxonomy":"post_tag","embeddable":true,"href":"https:\/\/rauchfrei.at\/en\/wp-json\/wp\/v2\/tags?post=19940"}],"curies":[{"name":"wp","href":"https:\/\/api.w.org\/{rel}","templated":true}]}}