
{"id":19964,"date":"2020-12-24T08:00:11","date_gmt":"2020-12-24T06:00:11","guid":{"rendered":"https:\/\/rauchfrei.at\/?p=19964"},"modified":"2020-12-23T13:21:14","modified_gmt":"2020-12-23T11:21:14","slug":"weihnachtsgruesse-vom-rauchfrei-telefon","status":"publish","type":"post","link":"https:\/\/rauchfrei.at\/en\/weihnachtsgruesse-vom-rauchfrei-telefon\/","title":{"rendered":"Weihnachtsgr\u00fc\u00dfe vom Rauchfrei Telefon"},"content":{"rendered":"<p>[et_pb_section fb_built=&#8221;1&#8243; module_class=&#8221;header&#8221; _builder_version=&#8221;3.22&#8243;][et_pb_row _builder_version=&#8221;3.25&#8243;][et_pb_column type=&#8221;4_4&#8243; _builder_version=&#8221;3.25&#8243; custom_padding=&#8221;|||&#8221; custom_padding__hover=&#8221;|||&#8221;][et_pb_dp_dmb_module_10001 subheadline=&#8221;Eine sch\u00f6ne Weihnachtszeit und alles Gute f\u00fcr das Jahr 2021!&#8221; _builder_version=&#8221;4.7.6&#8243; z_index_tablet=&#8221;500&#8243;][\/et_pb_dp_dmb_module_10001][\/et_pb_column][\/et_pb_row][\/et_pb_section][et_pb_section fb_built=&#8221;1&#8243; _builder_version=&#8221;3.22&#8243;][et_pb_row column_structure=&#8221;2_3,1_3&#8243; _builder_version=&#8221;3.25&#8243; background_size=&#8221;initial&#8221; background_position=&#8221;top_left&#8221; background_repeat=&#8221;repeat&#8221;][et_pb_column type=&#8221;2_3&#8243; _builder_version=&#8221;3.25&#8243; custom_padding=&#8221;|||&#8221; custom_padding__hover=&#8221;|||&#8221;][et_pb_text _builder_version=&#8221;4.7.6&#8243; hover_enabled=&#8221;0&#8243; z_index_tablet=&#8221;500&#8243; sticky_enabled=&#8221;0&#8243;]<\/p>\n<p>**<\/p>\n<p><strong>Das<\/strong><\/p>\n<p><strong>Team vom<br \/><\/strong><\/p>\n<p><strong>Rauchfrei Telefon<\/strong><\/p>\n<p><strong>w\u00fcnscht erholsame<br \/><\/strong><\/p>\n<p><strong>und sch\u00f6ne Weihnachten<\/strong><\/p>\n<p><strong>und einen gutenStart ins Jahr 2021!<\/strong><\/p>\n<p><strong>\u2014\u2014<\/strong><\/p>\n<p><strong>\u2014\u2014<\/strong><\/p>\n<p>[\/et_pb_text][et_pb_image src=&#8221;https:\/\/rauchfrei.at\/wp-content\/uploads\/shutterstock_529247785_2000px.jpg&#8221; title_text=&#8221;shutterstock_529247785_2000px&#8221; align_tablet=&#8221;center&#8221; align_phone=&#8221;&#8221; align_last_edited=&#8221;on|desktop&#8221; admin_label=&#8221;(C) Shutterstock&#8221; _builder_version=&#8221;4.7.6&#8243; always_center_on_mobile=&#8221;on&#8221;][\/et_pb_image][et_pb_text _builder_version=&#8221;4.7.6&#8243; z_index_tablet=&#8221;500&#8243;]<\/p>\n<p>(C) shutterstock<\/p>\n<p>[\/et_pb_text][\/et_pb_column][et_pb_column type=&#8221;1_3&#8243; _builder_version=&#8221;3.25&#8243; custom_padding=&#8221;|||&#8221; custom_padding__hover=&#8221;|||&#8221;][et_pb_sidebar area=&#8221;sidebar-1&#8243; _builder_version=&#8221;3.0.99&#8243;][\/et_pb_sidebar][\/et_pb_column][\/et_pb_row][\/et_pb_section]<\/p>\n","protected":false},"excerpt":{"rendered":"<p>** Das Team vom Rauchfrei Telefon w\u00fcnscht erholsame und sch\u00f6ne Weihnachten und einen gutenStart ins Jahr 2021! \u2014\u2014 \u2014\u2014 (C) shutterstock<\/p>\n","protected":false},"author":25,"featured_media":0,"comment_status":"open","ping_status":"open","sticky":false,"template":"","format":"standard","meta":{"_et_pb_use_builder":"on","_et_pb_old_content":"","_et_gb_content_width":"","footnotes":""},"categories":[236],"tags":[],"class_list":["post-19964","post","type-post","status-publish","format-standard","hentry","category-nicht-kategorisiert"],"yoast_head":"<!-- This site is optimized with the Yoast SEO plugin v26.2 - https:\/\/yoast.com\/wordpress\/plugins\/seo\/ -->\n<title>Weihnachtsgr\u00fc\u00dfe vom Rauchfrei Telefon - Rauchfrei Telefon<\/title>\n<meta name=\"robots\" content=\"index, follow, max-snippet:-1, max-image-preview:large, max-video-preview:-1\" \/>\n<link rel=\"canonical\" href=\"https:\/\/rauchfrei.at\/weihnachtsgruesse-vom-rauchfrei-telefon\/\" \/>\n<meta property=\"og:locale\" content=\"en_US\" \/>\n<meta property=\"og:type\" content=\"article\" \/>\n<meta property=\"og:title\" content=\"Weihnachtsgr\u00fc\u00dfe vom Rauchfrei Telefon - Rauchfrei Telefon\" \/>\n<meta property=\"og:description\" content=\"** Das Team vom Rauchfrei Telefon w\u00fcnscht erholsame und sch\u00f6ne Weihnachten und einen gutenStart ins Jahr 2021! \u2014\u2014 \u2014\u2014 (C) shutterstock\" \/>\n<meta property=\"og:url\" content=\"https:\/\/rauchfrei.at\/weihnachtsgruesse-vom-rauchfrei-telefon\/\" \/>\n<meta property=\"og:site_name\" content=\"Rauchfrei Telefon\" \/>\n<meta property=\"article:published_time\" content=\"2020-12-24T06:00:11+00:00\" \/>\n<meta name=\"author\" content=\"Rauchfrei Team\" \/>\n<meta name=\"twitter:card\" content=\"summary_large_image\" \/>\n<meta name=\"twitter:label1\" content=\"Written by\" \/>\n\t<meta name=\"twitter:data1\" content=\"Rauchfrei Team\" \/>\n\t<meta name=\"twitter:label2\" content=\"Est. reading time\" \/>\n\t<meta name=\"twitter:data2\" content=\"1 minute\" \/>\n<script type=\"application\/ld+json\" class=\"yoast-schema-graph\">{\"@context\":\"https:\/\/schema.org\",\"@graph\":[{\"@type\":\"WebPage\",\"@id\":\"https:\/\/rauchfrei.at\/weihnachtsgruesse-vom-rauchfrei-telefon\/\",\"url\":\"https:\/\/rauchfrei.at\/weihnachtsgruesse-vom-rauchfrei-telefon\/\",\"name\":\"Weihnachtsgr\u00fc\u00dfe vom Rauchfrei Telefon - Rauchfrei Telefon\",\"isPartOf\":{\"@id\":\"https:\/\/rauchfrei.at\/#website\"},\"datePublished\":\"2020-12-24T06:00:11+00:00\",\"author\":{\"@id\":\"https:\/\/rauchfrei.at\/#\/schema\/person\/504bbf90c5482004fc09aef6de7f9277\"},\"inLanguage\":\"en-US\",\"potentialAction\":[{\"@type\":\"ReadAction\",\"target\":[\"https:\/\/rauchfrei.at\/weihnachtsgruesse-vom-rauchfrei-telefon\/\"]}]},{\"@type\":\"WebSite\",\"@id\":\"https:\/\/rauchfrei.at\/#website\",\"url\":\"https:\/\/rauchfrei.at\/\",\"name\":\"Rauchfrei Telefon\",\"description\":\"Eine \u00f6sterreichweite Initiative der Sozialversicherungen.\",\"potentialAction\":[{\"@type\":\"SearchAction\",\"target\":{\"@type\":\"EntryPoint\",\"urlTemplate\":\"https:\/\/rauchfrei.at\/?s={search_term_string}\"},\"query-input\":{\"@type\":\"PropertyValueSpecification\",\"valueRequired\":true,\"valueName\":\"search_term_string\"}}],\"inLanguage\":\"en-US\"},{\"@type\":\"Person\",\"@id\":\"https:\/\/rauchfrei.at\/#\/schema\/person\/504bbf90c5482004fc09aef6de7f9277\",\"name\":\"Rauchfrei Team\",\"image\":{\"@type\":\"ImageObject\",\"inLanguage\":\"en-US\",\"@id\":\"https:\/\/rauchfrei.at\/#\/schema\/person\/image\/\",\"url\":\"https:\/\/secure.gravatar.com\/avatar\/2115b79a00800516fa1523bb5a329611f90e73e89be559131fc7e82b4fdc95ff?s=96&d=mm&r=g\",\"contentUrl\":\"https:\/\/secure.gravatar.com\/avatar\/2115b79a00800516fa1523bb5a329611f90e73e89be559131fc7e82b4fdc95ff?s=96&d=mm&r=g\",\"caption\":\"Rauchfrei Team\"},\"url\":\"https:\/\/rauchfrei.at\/en\/author\/rauchfrei-team\/\"}]}<\/script>\n<!-- \/ Yoast SEO plugin. -->","yoast_head_json":{"title":"Weihnachtsgr\u00fc\u00dfe vom Rauchfrei Telefon - Rauchfrei Telefon","robots":{"index":"index","follow":"follow","max-snippet":"max-snippet:-1","max-image-preview":"max-image-preview:large","max-video-preview":"max-video-preview:-1"},"canonical":"https:\/\/rauchfrei.at\/weihnachtsgruesse-vom-rauchfrei-telefon\/","og_locale":"en_US","og_type":"article","og_title":"Weihnachtsgr\u00fc\u00dfe vom Rauchfrei Telefon - Rauchfrei Telefon","og_description":"** Das Team vom Rauchfrei Telefon w\u00fcnscht erholsame und sch\u00f6ne Weihnachten und einen gutenStart ins Jahr 2021! \u2014\u2014 \u2014\u2014 (C) shutterstock","og_url":"https:\/\/rauchfrei.at\/weihnachtsgruesse-vom-rauchfrei-telefon\/","og_site_name":"Rauchfrei Telefon","article_published_time":"2020-12-24T06:00:11+00:00","author":"Rauchfrei Team","twitter_card":"summary_large_image","twitter_misc":{"Written by":"Rauchfrei Team","Est. reading time":"1 minute"},"schema":{"@context":"https:\/\/schema.org","@graph":[{"@type":"WebPage","@id":"https:\/\/rauchfrei.at\/weihnachtsgruesse-vom-rauchfrei-telefon\/","url":"https:\/\/rauchfrei.at\/weihnachtsgruesse-vom-rauchfrei-telefon\/","name":"Weihnachtsgr\u00fc\u00dfe vom Rauchfrei Telefon - Rauchfrei Telefon","isPartOf":{"@id":"https:\/\/rauchfrei.at\/#website"},"datePublished":"2020-12-24T06:00:11+00:00","author":{"@id":"https:\/\/rauchfrei.at\/#\/schema\/person\/504bbf90c5482004fc09aef6de7f9277"},"inLanguage":"en-US","potentialAction":[{"@type":"ReadAction","target":["https:\/\/rauchfrei.at\/weihnachtsgruesse-vom-rauchfrei-telefon\/"]}]},{"@type":"WebSite","@id":"https:\/\/rauchfrei.at\/#website","url":"https:\/\/rauchfrei.at\/","name":"Rauchfrei Telefon","description":"Eine \u00f6sterreichweite Initiative der Sozialversicherungen.","potentialAction":[{"@type":"SearchAction","target":{"@type":"EntryPoint","urlTemplate":"https:\/\/rauchfrei.at\/?s={search_term_string}"},"query-input":{"@type":"PropertyValueSpecification","valueRequired":true,"valueName":"search_term_string"}}],"inLanguage":"en-US"},{"@type":"Person","@id":"https:\/\/rauchfrei.at\/#\/schema\/person\/504bbf90c5482004fc09aef6de7f9277","name":"Rauchfrei Team","image":{"@type":"ImageObject","inLanguage":"en-US","@id":"https:\/\/rauchfrei.at\/#\/schema\/person\/image\/","url":"https:\/\/secure.gravatar.com\/avatar\/2115b79a00800516fa1523bb5a329611f90e73e89be559131fc7e82b4fdc95ff?s=96&d=mm&r=g","contentUrl":"https:\/\/secure.gravatar.com\/avatar\/2115b79a00800516fa1523bb5a329611f90e73e89be559131fc7e82b4fdc95ff?s=96&d=mm&r=g","caption":"Rauchfrei Team"},"url":"https:\/\/rauchfrei.at\/en\/author\/rauchfrei-team\/"}]}},"_links":{"self":[{"href":"https:\/\/rauchfrei.at\/en\/wp-json\/wp\/v2\/posts\/19964","targetHints":{"allow":["GET"]}}],"collection":[{"href":"https:\/\/rauchfrei.at\/en\/wp-json\/wp\/v2\/posts"}],"about":[{"href":"https:\/\/rauchfrei.at\/en\/wp-json\/wp\/v2\/types\/post"}],"author":[{"embeddable":true,"href":"https:\/\/rauchfrei.at\/en\/wp-json\/wp\/v2\/users\/25"}],"replies":[{"embeddable":true,"href":"https:\/\/rauchfrei.at\/en\/wp-json\/wp\/v2\/comments?post=19964"}],"version-history":[{"count":5,"href":"https:\/\/rauchfrei.at\/en\/wp-json\/wp\/v2\/posts\/19964\/revisions"}],"predecessor-version":[{"id":19980,"href":"https:\/\/rauchfrei.at\/en\/wp-json\/wp\/v2\/posts\/19964\/revisions\/19980"}],"wp:attachment":[{"href":"https:\/\/rauchfrei.at\/en\/wp-json\/wp\/v2\/media?parent=19964"}],"wp:term":[{"taxonomy":"category","embeddable":true,"href":"https:\/\/rauchfrei.at\/en\/wp-json\/wp\/v2\/categories?post=19964"},{"taxonomy":"post_tag","embeddable":true,"href":"https:\/\/rauchfrei.at\/en\/wp-json\/wp\/v2\/tags?post=19964"}],"curies":[{"name":"wp","href":"https:\/\/api.w.org\/{rel}","templated":true}]}}