
{"id":19987,"date":"2020-12-30T08:00:47","date_gmt":"2020-12-30T06:00:47","guid":{"rendered":"https:\/\/rauchfrei.at\/?p=19987"},"modified":"2021-01-07T09:48:49","modified_gmt":"2021-01-07T07:48:49","slug":"ein-guter-zeitpunkt-fuer-den-rauchstopp","status":"publish","type":"post","link":"https:\/\/rauchfrei.at\/en\/ein-guter-zeitpunkt-fuer-den-rauchstopp\/","title":{"rendered":"Ein guter Zeitpunkt f\u00fcr den Rauchstopp?!"},"content":{"rendered":"<p>[et_pb_section fb_built=&#8221;1&#8243; module_class=&#8221;header&#8221; _builder_version=&#8221;3.22&#8243;][et_pb_row _builder_version=&#8221;3.25&#8243;][et_pb_column type=&#8221;4_4&#8243; _builder_version=&#8221;3.25&#8243; custom_padding=&#8221;|||&#8221; custom_padding__hover=&#8221;|||&#8221;][et_pb_dp_dmb_module_10001 _builder_version=&#8221;3.21.1&#8243; z_index_tablet=&#8221;500&#8243;][\/et_pb_dp_dmb_module_10001][\/et_pb_column][\/et_pb_row][\/et_pb_section][et_pb_section fb_built=&#8221;1&#8243; _builder_version=&#8221;3.22&#8243; custom_padding=&#8221;30px|||&#8221;][et_pb_row column_structure=&#8221;2_3,1_3&#8243; _builder_version=&#8221;3.25&#8243;][et_pb_column type=&#8221;2_3&#8243; module_class=&#8221;blog-content&#8221; _builder_version=&#8221;3.25&#8243; custom_padding=&#8221;|||&#8221; custom_padding__hover=&#8221;|||&#8221;][et_pb_text _builder_version=&#8221;4.7.6&#8243;]<\/p>\n<p>Ins neue Jahr rauchfrei starten, das ist jedes Jahr der Wunsch vieler Raucherinnen und Raucher. Einmal noch zu Silvester beim Feiern zu rauchen und dann den Suchtkreislauf endg\u00fcltig f\u00fcr sich zu beenden, ist f\u00fcr viele ein dringlicher Neujahrsvorsatz. Die meisten hoffen auch, dass dies ihr idealer Zeitpunkt f\u00fcr den Rauchstopp sein wird.<\/p>\n<p>In unseren Beratungen am Rauchfrei Telefon sind wir vor den Weihnachtsfeiertagen und um Silvester herum, immer wieder einmal mit diesen Themen und Vors\u00e4tzen konfrontiert.<\/p>\n<p>Ob der Rauchstopp zum Neujahresbeginn oder an einem anderen fixen Tag f\u00fcr einen selbst g\u00fcnstig sein wird, h\u00e4ngt von einigen Vorbereitungsschritten ab, die schon im Vorfeld zum Rauchstopp wichtig erscheinen:<\/p>\n<ul>\n<li>freiwilliger Wunsch zum Rauchstopp (eigene Motivation f\u00fcr die Rauchfreiheit ist wichtig)<\/li>\n<li>ein fixes Datum im Kalender (Schlusspunkt Methode mittels Rauchstopptag, macht aus dem Wunsch einen konkreten Plan)<\/li>\n<li>das eigene Rauchverhalten einige Tage im Vorfeld dokumentieren (im Rauchprotokoll sichtbar machen)<\/li>\n<li>sich Alternativen zur Zigarette \u00fcberlegen f\u00fcr die erste rauchfreie Zeit (eigene Alternativenhitliste erstellen, \u201eK\u00f6rbchen oder Werkzeugkoffer mit Alternativen\u201c richten)<\/li>\n<li>gegebenenfalls das Umfeld \u00fcber das Vorhaben informieren (als Unterst\u00fctzung\/Eigenschutz)<\/li>\n<li>nach Bedarf professionelle Hilfe zur Tabakentw\u00f6hnung als Unterst\u00fctzung einholen (u.a. das Rauchfrei Telefon)<\/li>\n<li>sich \u00fcber Nikotinersatz oder medikament\u00f6se Unterst\u00fctzung (rezeptpflichtig) informieren, bei starker k\u00f6rperlicher Nikotinabh\u00e4ngigkeit (Apotheke, Arzt)<\/li>\n<li>die 3 A-Technik (Abwarten, Ablenken, Abhauen) als Erste Hilfe Plan bei Rauchverlangen im Kopf behalten<\/li>\n<li>keine Zigarettenreste und andere Rauchutensilien mehr auf Vorrat aufbewahren, am Abend vor dem Rauchstopptag alle Rauchuntensilien entfernen (erleichtert das Dranbleiben)<\/li>\n<li>sich Belohnungen f\u00fcr rauchfreie Etappen \u00fcberlegen (motivationsf\u00f6rdernd)<\/li>\n<li>als zus\u00e4tzliche motivationsf\u00f6rdernde Unterst\u00fctzung kann auch eine App per Handy hilfreich sein (wwww.rauchfreiapp.at)<\/li>\n<\/ul>\n<p>&nbsp;<\/p>\n<p>Gutes Gelingen in einen neuen rauchfreien Alltag! Bei Fragen und Wunsch nach Unterst\u00fctzung k\u00f6nnen Sie uns werktags am Rauchfrei Telefon unter 0800 810 013 von Montag bis Freitag zwischen 10\u00a0 und 18h erreichen!<\/p>\n<p>[\/et_pb_text][et_pb_post_nav in_same_term=&#8221;off&#8221; _builder_version=&#8221;3.0.99&#8243;][\/et_pb_post_nav][\/et_pb_column][et_pb_column type=&#8221;1_3&#8243; module_class=&#8221;cat-and-tag&#8221; _builder_version=&#8221;3.25&#8243; custom_padding=&#8221;|||&#8221; custom_padding__hover=&#8221;|||&#8221;][et_pb_sidebar area=&#8221;et_pb_widget_area_1&#8243; _builder_version=&#8221;3.0.99&#8243;][\/et_pb_sidebar][et_pb_dp_dmb_module_10093 farbe=&#8221;blitzgelb&#8221; headline=&#8221;Trauen Sie sich den Rauchstopp zu!&#8221; image=&#8221;https:\/\/rauchfrei.at\/wp-content\/uploads\/Quitting-Yellow.png&#8221; image_position=&#8221;center&#8221; link_text=&#8221;mehr&#8221; link_url=&#8221;https:\/\/rauchfrei.at\/aufhoeren\/schritte-zum-rauchstopp\/trauen-sie-sich-den-rauchstopp-zu\/&#8221; image_size=&#8221;90&#8243; admin_label=&#8221;Trauen Sie sich den Rauchstopp zu&#8221; _builder_version=&#8221;3.19.15&#8243; global_module=&#8221;13173&#8243; saved_tabs=&#8221;all&#8221;]<\/p>\n<p>Sie m\u00f6chten etwas \u00e4ndern? Worauf warten Sie noch?<\/p>\n<p>[\/et_pb_dp_dmb_module_10093][\/et_pb_column][\/et_pb_row][\/et_pb_section]<\/p>\n","protected":false},"excerpt":{"rendered":"<p>Jedes Jahr wollen viele Raucherinnen und Raucher zum Neujahr den Rauchstopp wagen. Ist ein Neujahrsvorsatz schon genug als Vorbereitung zum Rauchstopp? Gibt es so etwas wie einen idealen Zeitpunkt, um mit dem Rauchen aufzuh\u00f6ren? Auch in unseren Beratungen am Rauchfrei Telefon sind wir immer wieder zu Jahresende mit diesen Fragen konfrontiert.<\/p>\n","protected":false},"author":25,"featured_media":0,"comment_status":"open","ping_status":"open","sticky":false,"template":"","format":"standard","meta":{"_et_pb_use_builder":"on","_et_pb_old_content":"","_et_gb_content_width":"","footnotes":""},"categories":[235,236,233],"tags":[],"class_list":["post-19987","post","type-post","status-publish","format-standard","hentry","category-gesundheit-und-rauchstopp","category-nicht-kategorisiert","category-unterstuetzung-beim-rauchstopp"],"yoast_head":"<!-- This site is optimized with the Yoast SEO plugin v26.2 - https:\/\/yoast.com\/wordpress\/plugins\/seo\/ -->\n<title>Ein guter Zeitpunkt f\u00fcr den Rauchstopp?! - Rauchfrei Telefon<\/title>\n<meta name=\"robots\" content=\"index, follow, max-snippet:-1, max-image-preview:large, max-video-preview:-1\" \/>\n<link rel=\"canonical\" href=\"https:\/\/rauchfrei.at\/ein-guter-zeitpunkt-fuer-den-rauchstopp\/\" \/>\n<meta property=\"og:locale\" content=\"en_US\" \/>\n<meta property=\"og:type\" content=\"article\" \/>\n<meta property=\"og:title\" content=\"Ein guter Zeitpunkt f\u00fcr den Rauchstopp?! - Rauchfrei Telefon\" \/>\n<meta property=\"og:description\" content=\"Jedes Jahr wollen viele Raucherinnen und Raucher zum Neujahr den Rauchstopp wagen. Ist ein Neujahrsvorsatz schon genug als Vorbereitung zum Rauchstopp? Gibt es so etwas wie einen idealen Zeitpunkt, um mit dem Rauchen aufzuh\u00f6ren? Auch in unseren Beratungen am Rauchfrei Telefon sind wir immer wieder zu Jahresende mit diesen Fragen konfrontiert.\" \/>\n<meta property=\"og:url\" content=\"https:\/\/rauchfrei.at\/ein-guter-zeitpunkt-fuer-den-rauchstopp\/\" \/>\n<meta property=\"og:site_name\" content=\"Rauchfrei Telefon\" \/>\n<meta property=\"article:published_time\" content=\"2020-12-30T06:00:47+00:00\" \/>\n<meta property=\"article:modified_time\" content=\"2021-01-07T07:48:49+00:00\" \/>\n<meta name=\"author\" content=\"Rauchfrei Team\" \/>\n<meta name=\"twitter:card\" content=\"summary_large_image\" \/>\n<meta name=\"twitter:label1\" content=\"Written by\" \/>\n\t<meta name=\"twitter:data1\" content=\"Rauchfrei Team\" \/>\n\t<meta name=\"twitter:label2\" content=\"Est. reading time\" \/>\n\t<meta name=\"twitter:data2\" content=\"3 minutes\" \/>\n<script type=\"application\/ld+json\" class=\"yoast-schema-graph\">{\"@context\":\"https:\/\/schema.org\",\"@graph\":[{\"@type\":\"WebPage\",\"@id\":\"https:\/\/rauchfrei.at\/ein-guter-zeitpunkt-fuer-den-rauchstopp\/\",\"url\":\"https:\/\/rauchfrei.at\/ein-guter-zeitpunkt-fuer-den-rauchstopp\/\",\"name\":\"Ein guter Zeitpunkt f\u00fcr den Rauchstopp?! - Rauchfrei Telefon\",\"isPartOf\":{\"@id\":\"https:\/\/rauchfrei.at\/#website\"},\"datePublished\":\"2020-12-30T06:00:47+00:00\",\"dateModified\":\"2021-01-07T07:48:49+00:00\",\"author\":{\"@id\":\"https:\/\/rauchfrei.at\/#\/schema\/person\/504bbf90c5482004fc09aef6de7f9277\"},\"inLanguage\":\"en-US\",\"potentialAction\":[{\"@type\":\"ReadAction\",\"target\":[\"https:\/\/rauchfrei.at\/ein-guter-zeitpunkt-fuer-den-rauchstopp\/\"]}]},{\"@type\":\"WebSite\",\"@id\":\"https:\/\/rauchfrei.at\/#website\",\"url\":\"https:\/\/rauchfrei.at\/\",\"name\":\"Rauchfrei Telefon\",\"description\":\"Eine \u00f6sterreichweite Initiative der Sozialversicherungen.\",\"potentialAction\":[{\"@type\":\"SearchAction\",\"target\":{\"@type\":\"EntryPoint\",\"urlTemplate\":\"https:\/\/rauchfrei.at\/?s={search_term_string}\"},\"query-input\":{\"@type\":\"PropertyValueSpecification\",\"valueRequired\":true,\"valueName\":\"search_term_string\"}}],\"inLanguage\":\"en-US\"},{\"@type\":\"Person\",\"@id\":\"https:\/\/rauchfrei.at\/#\/schema\/person\/504bbf90c5482004fc09aef6de7f9277\",\"name\":\"Rauchfrei Team\",\"image\":{\"@type\":\"ImageObject\",\"inLanguage\":\"en-US\",\"@id\":\"https:\/\/rauchfrei.at\/#\/schema\/person\/image\/\",\"url\":\"https:\/\/secure.gravatar.com\/avatar\/2115b79a00800516fa1523bb5a329611f90e73e89be559131fc7e82b4fdc95ff?s=96&d=mm&r=g\",\"contentUrl\":\"https:\/\/secure.gravatar.com\/avatar\/2115b79a00800516fa1523bb5a329611f90e73e89be559131fc7e82b4fdc95ff?s=96&d=mm&r=g\",\"caption\":\"Rauchfrei Team\"},\"url\":\"https:\/\/rauchfrei.at\/en\/author\/rauchfrei-team\/\"}]}<\/script>\n<!-- \/ Yoast SEO plugin. -->","yoast_head_json":{"title":"Ein guter Zeitpunkt f\u00fcr den Rauchstopp?! - Rauchfrei Telefon","robots":{"index":"index","follow":"follow","max-snippet":"max-snippet:-1","max-image-preview":"max-image-preview:large","max-video-preview":"max-video-preview:-1"},"canonical":"https:\/\/rauchfrei.at\/ein-guter-zeitpunkt-fuer-den-rauchstopp\/","og_locale":"en_US","og_type":"article","og_title":"Ein guter Zeitpunkt f\u00fcr den Rauchstopp?! - Rauchfrei Telefon","og_description":"Jedes Jahr wollen viele Raucherinnen und Raucher zum Neujahr den Rauchstopp wagen. Ist ein Neujahrsvorsatz schon genug als Vorbereitung zum Rauchstopp? Gibt es so etwas wie einen idealen Zeitpunkt, um mit dem Rauchen aufzuh\u00f6ren? Auch in unseren Beratungen am Rauchfrei Telefon sind wir immer wieder zu Jahresende mit diesen Fragen konfrontiert.","og_url":"https:\/\/rauchfrei.at\/ein-guter-zeitpunkt-fuer-den-rauchstopp\/","og_site_name":"Rauchfrei Telefon","article_published_time":"2020-12-30T06:00:47+00:00","article_modified_time":"2021-01-07T07:48:49+00:00","author":"Rauchfrei Team","twitter_card":"summary_large_image","twitter_misc":{"Written by":"Rauchfrei Team","Est. reading time":"3 minutes"},"schema":{"@context":"https:\/\/schema.org","@graph":[{"@type":"WebPage","@id":"https:\/\/rauchfrei.at\/ein-guter-zeitpunkt-fuer-den-rauchstopp\/","url":"https:\/\/rauchfrei.at\/ein-guter-zeitpunkt-fuer-den-rauchstopp\/","name":"Ein guter Zeitpunkt f\u00fcr den Rauchstopp?! - Rauchfrei Telefon","isPartOf":{"@id":"https:\/\/rauchfrei.at\/#website"},"datePublished":"2020-12-30T06:00:47+00:00","dateModified":"2021-01-07T07:48:49+00:00","author":{"@id":"https:\/\/rauchfrei.at\/#\/schema\/person\/504bbf90c5482004fc09aef6de7f9277"},"inLanguage":"en-US","potentialAction":[{"@type":"ReadAction","target":["https:\/\/rauchfrei.at\/ein-guter-zeitpunkt-fuer-den-rauchstopp\/"]}]},{"@type":"WebSite","@id":"https:\/\/rauchfrei.at\/#website","url":"https:\/\/rauchfrei.at\/","name":"Rauchfrei Telefon","description":"Eine \u00f6sterreichweite Initiative der Sozialversicherungen.","potentialAction":[{"@type":"SearchAction","target":{"@type":"EntryPoint","urlTemplate":"https:\/\/rauchfrei.at\/?s={search_term_string}"},"query-input":{"@type":"PropertyValueSpecification","valueRequired":true,"valueName":"search_term_string"}}],"inLanguage":"en-US"},{"@type":"Person","@id":"https:\/\/rauchfrei.at\/#\/schema\/person\/504bbf90c5482004fc09aef6de7f9277","name":"Rauchfrei Team","image":{"@type":"ImageObject","inLanguage":"en-US","@id":"https:\/\/rauchfrei.at\/#\/schema\/person\/image\/","url":"https:\/\/secure.gravatar.com\/avatar\/2115b79a00800516fa1523bb5a329611f90e73e89be559131fc7e82b4fdc95ff?s=96&d=mm&r=g","contentUrl":"https:\/\/secure.gravatar.com\/avatar\/2115b79a00800516fa1523bb5a329611f90e73e89be559131fc7e82b4fdc95ff?s=96&d=mm&r=g","caption":"Rauchfrei Team"},"url":"https:\/\/rauchfrei.at\/en\/author\/rauchfrei-team\/"}]}},"_links":{"self":[{"href":"https:\/\/rauchfrei.at\/en\/wp-json\/wp\/v2\/posts\/19987","targetHints":{"allow":["GET"]}}],"collection":[{"href":"https:\/\/rauchfrei.at\/en\/wp-json\/wp\/v2\/posts"}],"about":[{"href":"https:\/\/rauchfrei.at\/en\/wp-json\/wp\/v2\/types\/post"}],"author":[{"embeddable":true,"href":"https:\/\/rauchfrei.at\/en\/wp-json\/wp\/v2\/users\/25"}],"replies":[{"embeddable":true,"href":"https:\/\/rauchfrei.at\/en\/wp-json\/wp\/v2\/comments?post=19987"}],"version-history":[{"count":5,"href":"https:\/\/rauchfrei.at\/en\/wp-json\/wp\/v2\/posts\/19987\/revisions"}],"predecessor-version":[{"id":19999,"href":"https:\/\/rauchfrei.at\/en\/wp-json\/wp\/v2\/posts\/19987\/revisions\/19999"}],"wp:attachment":[{"href":"https:\/\/rauchfrei.at\/en\/wp-json\/wp\/v2\/media?parent=19987"}],"wp:term":[{"taxonomy":"category","embeddable":true,"href":"https:\/\/rauchfrei.at\/en\/wp-json\/wp\/v2\/categories?post=19987"},{"taxonomy":"post_tag","embeddable":true,"href":"https:\/\/rauchfrei.at\/en\/wp-json\/wp\/v2\/tags?post=19987"}],"curies":[{"name":"wp","href":"https:\/\/api.w.org\/{rel}","templated":true}]}}