
{"id":20034,"date":"2021-01-18T08:00:10","date_gmt":"2021-01-18T06:00:10","guid":{"rendered":"https:\/\/rauchfrei.at\/?p=20034"},"modified":"2021-01-14T14:21:59","modified_gmt":"2021-01-14T12:21:59","slug":"befuerchtungen-beim-rauchstopp","status":"publish","type":"post","link":"https:\/\/rauchfrei.at\/en\/befuerchtungen-beim-rauchstopp\/","title":{"rendered":"Bef\u00fcrchtungen beim Rauchstopp"},"content":{"rendered":"<p>[et_pb_section fb_built=&#8221;1&#8243; module_class=&#8221;header&#8221; _builder_version=&#8221;3.22&#8243;][et_pb_row _builder_version=&#8221;3.25&#8243;][et_pb_column type=&#8221;4_4&#8243; _builder_version=&#8221;3.25&#8243; custom_padding=&#8221;|||&#8221; custom_padding__hover=&#8221;|||&#8221;][et_pb_dp_dmb_module_10001 subheadline=&#8221;Ich m\u00f6chte ja aufh\u00f6ren, aber \u2026&#8221; _builder_version=&#8221;4.7.6&#8243; z_index_tablet=&#8221;500&#8243;][\/et_pb_dp_dmb_module_10001][\/et_pb_column][\/et_pb_row][\/et_pb_section][et_pb_section fb_built=&#8221;1&#8243; _builder_version=&#8221;3.22&#8243; custom_padding=&#8221;30px|||&#8221;][et_pb_row column_structure=&#8221;2_3,1_3&#8243; _builder_version=&#8221;3.25&#8243;][et_pb_column type=&#8221;2_3&#8243; module_class=&#8221;blog-content&#8221; _builder_version=&#8221;3.25&#8243; custom_padding=&#8221;|||&#8221; custom_padding__hover=&#8221;|||&#8221;][et_pb_text _builder_version=&#8221;4.7.6&#8243; hover_enabled=&#8221;0&#8243; sticky_enabled=&#8221;0&#8243;]<\/p>\n<p>Sorge vor Entzugserscheinungen, einer Gewichtszunahme oder \u00c4ngste, es (wieder) nicht zu schaffen, k\u00f6nnen Hindernisse sein, einen ersten oder neuerlichen Rauchstopp in Angriff zu nehmen.<\/p>\n<p><u><strong>Beim Rauchstopp versagen:<\/strong><br \/><\/u>Haben Sie Angst nach einem oder mehreren gescheiterten Rauchstopps es wieder nicht zu schaffen? F\u00fchlen Sie sich von Ihren Angeh\u00f6rigen oder der Gesellschaft unter Druck gesetzt? Schlussendlich sind es Ihre pers\u00f6nliche Entscheidung und Verhalten, die zum Rauchstopp f\u00fchren. Oft reicht der Wille allein dazu nicht aus, man ben\u00f6tigt auch eine gute Strategie und passende Fertigkeiten. Dazu geh\u00f6rt auch, sich der eigenen \u00c4ngste und Bef\u00fcrchtungen bewusst zu werden.<\/p>\n<p><u><strong>Entzugserscheinungen:<\/strong><br \/><\/u>Das Wissen \u00fcber die Tatsache, dass nur die H\u00e4lfte aller Personen die das Rauchen aufgeben an Entzugserscheinungen leiden, kann eine erste Entlastung bewirken. Zudem gibt es rezeptfrei erh\u00e4ltliche Nikotinersatzprodukte, die eine hilfreiche St\u00fctze beim Rauchstopp sein k\u00f6nnen &#8211; vorausgesetzt, die Dosis wird individuell richtig eingestellt. Wie Sie das passende Nikotinersatzprodukt finden und in welcher Dosierung Sie es verwenden, dazu beraten wir Sie gerne am Rauchfrei Telefon.<\/p>\n<p><u><strong>Gewichtszunahme:<\/strong><br \/><\/u>Im Allgemeinen ist die Gewichtszunahme nach dem Rauchstopp m\u00e4\u00dfig (im Durchschnitt 3 bis 4 Kilos). Um einer Gewichtszunahme vorzubeugen, gibt es zahlreiche und einfache wirkungsvolle Techniken. Gerne informieren wir sie dar\u00fcber in einem Beratungsgespr\u00e4ch.<\/p>\n<p><u><strong>Keine Pausen:<\/strong><br \/><\/u>Eine h\u00e4ufige Angst ist es, die \u201eAuszeiten\u201c durch die Zigarettenpause zu verlieren. Auch f\u00fcr Nichtraucher\/innen ist es wichtig, sich Pausen zuzugestehen. Wie k\u00f6nnten Sie Ihre Pausen nach dem Rauchstopp verbringen? Wir unterst\u00fctzen Sie gerne individuell dabei, zu \u00fcberlegen, wie Sie Ihre Pausen angenehm, erholsam und gesund gestalten k\u00f6nnen.<\/p>\n<p>Welche Gedanken oder Bef\u00fcrchtungen halten Sie vom Rauchstopp ab? Wir BeraterInnen am Rauchfrei Telefon besprechen mit Ihnen gerne Gedanken oder Bef\u00fcrchtungen, informieren \u00fcber Sie \u00fcber Fakten und Techniken und entwickeln mit Ihnen individuelle Strategien, diese Hindernisse zu \u00fcberwinden. Mit Unterst\u00fctzung geht\u2019s leichter!<\/p>\n<p>&nbsp;<\/p>\n<p>&nbsp;<\/p>\n<p>&nbsp;<\/p>\n<p>[\/et_pb_text][et_pb_post_nav in_same_term=&#8221;off&#8221; _builder_version=&#8221;3.0.99&#8243;][\/et_pb_post_nav][\/et_pb_column][et_pb_column type=&#8221;1_3&#8243; module_class=&#8221;cat-and-tag&#8221; _builder_version=&#8221;3.25&#8243; custom_padding=&#8221;|||&#8221; custom_padding__hover=&#8221;|||&#8221;][et_pb_sidebar area=&#8221;et_pb_widget_area_1&#8243; _builder_version=&#8221;3.0.99&#8243;][\/et_pb_sidebar][et_pb_dp_dmb_module_10093 farbe=&#8221;blitzgelb&#8221; headline=&#8221;Trauen Sie sich den Rauchstopp zu!&#8221; image=&#8221;https:\/\/rauchfrei.at\/wp-content\/uploads\/Quitting-Yellow.png&#8221; image_position=&#8221;center&#8221; link_text=&#8221;mehr&#8221; link_url=&#8221;https:\/\/rauchfrei.at\/aufhoeren\/schritte-zum-rauchstopp\/trauen-sie-sich-den-rauchstopp-zu\/&#8221; image_size=&#8221;90&#8243; admin_label=&#8221;Trauen Sie sich den Rauchstopp zu&#8221; _builder_version=&#8221;3.19.15&#8243; global_module=&#8221;13173&#8243; saved_tabs=&#8221;all&#8221;]<\/p>\n<p>Sie m\u00f6chten etwas \u00e4ndern? Worauf warten Sie noch?<\/p>\n<p>[\/et_pb_dp_dmb_module_10093][\/et_pb_column][\/et_pb_row][\/et_pb_section]<\/p>\n","protected":false},"excerpt":{"rendered":"<p>Haben Sie schon lange den Wunsch, rauchfrei zu werden? Und halten Sie Bef\u00fcrchtungen ab wie: \u201eIch f\u00fcrchte mich vor Entzugserscheinungen\u201c, \u201eIch will nicht zunehmen\u201c, \u201eWenn ich nicht rauche, f\u00fchle ich mich reizbar und gestresst\u201c oder \u201eIch schaffe es sowieso nicht\u201c?<\/p>\n","protected":false},"author":25,"featured_media":0,"comment_status":"open","ping_status":"open","sticky":false,"template":"","format":"standard","meta":{"_et_pb_use_builder":"on","_et_pb_old_content":"","_et_gb_content_width":"","footnotes":""},"categories":[236],"tags":[],"class_list":["post-20034","post","type-post","status-publish","format-standard","hentry","category-nicht-kategorisiert"],"yoast_head":"<!-- This site is optimized with the Yoast SEO plugin v26.2 - https:\/\/yoast.com\/wordpress\/plugins\/seo\/ -->\n<title>Bef\u00fcrchtungen beim Rauchstopp - Rauchfrei Telefon<\/title>\n<meta name=\"robots\" content=\"index, follow, max-snippet:-1, max-image-preview:large, max-video-preview:-1\" \/>\n<link rel=\"canonical\" href=\"https:\/\/rauchfrei.at\/befuerchtungen-beim-rauchstopp\/\" \/>\n<meta property=\"og:locale\" content=\"en_US\" \/>\n<meta property=\"og:type\" content=\"article\" \/>\n<meta property=\"og:title\" content=\"Bef\u00fcrchtungen beim Rauchstopp - Rauchfrei Telefon\" \/>\n<meta property=\"og:description\" content=\"Haben Sie schon lange den Wunsch, rauchfrei zu werden? Und halten Sie Bef\u00fcrchtungen ab wie: \u201eIch f\u00fcrchte mich vor Entzugserscheinungen\u201c, \u201eIch will nicht zunehmen\u201c, \u201eWenn ich nicht rauche, f\u00fchle ich mich reizbar und gestresst\u201c oder \u201eIch schaffe es sowieso nicht\u201c?\" \/>\n<meta property=\"og:url\" content=\"https:\/\/rauchfrei.at\/befuerchtungen-beim-rauchstopp\/\" \/>\n<meta property=\"og:site_name\" content=\"Rauchfrei Telefon\" \/>\n<meta property=\"article:published_time\" content=\"2021-01-18T06:00:10+00:00\" \/>\n<meta name=\"author\" content=\"Rauchfrei Team\" \/>\n<meta name=\"twitter:card\" content=\"summary_large_image\" \/>\n<meta name=\"twitter:label1\" content=\"Written by\" \/>\n\t<meta name=\"twitter:data1\" content=\"Rauchfrei Team\" \/>\n\t<meta name=\"twitter:label2\" content=\"Est. reading time\" \/>\n\t<meta name=\"twitter:data2\" content=\"3 minutes\" \/>\n<script type=\"application\/ld+json\" class=\"yoast-schema-graph\">{\"@context\":\"https:\/\/schema.org\",\"@graph\":[{\"@type\":\"WebPage\",\"@id\":\"https:\/\/rauchfrei.at\/befuerchtungen-beim-rauchstopp\/\",\"url\":\"https:\/\/rauchfrei.at\/befuerchtungen-beim-rauchstopp\/\",\"name\":\"Bef\u00fcrchtungen beim Rauchstopp - Rauchfrei Telefon\",\"isPartOf\":{\"@id\":\"https:\/\/rauchfrei.at\/#website\"},\"datePublished\":\"2021-01-18T06:00:10+00:00\",\"author\":{\"@id\":\"https:\/\/rauchfrei.at\/#\/schema\/person\/504bbf90c5482004fc09aef6de7f9277\"},\"inLanguage\":\"en-US\",\"potentialAction\":[{\"@type\":\"ReadAction\",\"target\":[\"https:\/\/rauchfrei.at\/befuerchtungen-beim-rauchstopp\/\"]}]},{\"@type\":\"WebSite\",\"@id\":\"https:\/\/rauchfrei.at\/#website\",\"url\":\"https:\/\/rauchfrei.at\/\",\"name\":\"Rauchfrei Telefon\",\"description\":\"Eine \u00f6sterreichweite Initiative der Sozialversicherungen.\",\"potentialAction\":[{\"@type\":\"SearchAction\",\"target\":{\"@type\":\"EntryPoint\",\"urlTemplate\":\"https:\/\/rauchfrei.at\/?s={search_term_string}\"},\"query-input\":{\"@type\":\"PropertyValueSpecification\",\"valueRequired\":true,\"valueName\":\"search_term_string\"}}],\"inLanguage\":\"en-US\"},{\"@type\":\"Person\",\"@id\":\"https:\/\/rauchfrei.at\/#\/schema\/person\/504bbf90c5482004fc09aef6de7f9277\",\"name\":\"Rauchfrei Team\",\"image\":{\"@type\":\"ImageObject\",\"inLanguage\":\"en-US\",\"@id\":\"https:\/\/rauchfrei.at\/#\/schema\/person\/image\/\",\"url\":\"https:\/\/secure.gravatar.com\/avatar\/2115b79a00800516fa1523bb5a329611f90e73e89be559131fc7e82b4fdc95ff?s=96&d=mm&r=g\",\"contentUrl\":\"https:\/\/secure.gravatar.com\/avatar\/2115b79a00800516fa1523bb5a329611f90e73e89be559131fc7e82b4fdc95ff?s=96&d=mm&r=g\",\"caption\":\"Rauchfrei Team\"},\"url\":\"https:\/\/rauchfrei.at\/en\/author\/rauchfrei-team\/\"}]}<\/script>\n<!-- \/ Yoast SEO plugin. -->","yoast_head_json":{"title":"Bef\u00fcrchtungen beim Rauchstopp - Rauchfrei Telefon","robots":{"index":"index","follow":"follow","max-snippet":"max-snippet:-1","max-image-preview":"max-image-preview:large","max-video-preview":"max-video-preview:-1"},"canonical":"https:\/\/rauchfrei.at\/befuerchtungen-beim-rauchstopp\/","og_locale":"en_US","og_type":"article","og_title":"Bef\u00fcrchtungen beim Rauchstopp - Rauchfrei Telefon","og_description":"Haben Sie schon lange den Wunsch, rauchfrei zu werden? Und halten Sie Bef\u00fcrchtungen ab wie: \u201eIch f\u00fcrchte mich vor Entzugserscheinungen\u201c, \u201eIch will nicht zunehmen\u201c, \u201eWenn ich nicht rauche, f\u00fchle ich mich reizbar und gestresst\u201c oder \u201eIch schaffe es sowieso nicht\u201c?","og_url":"https:\/\/rauchfrei.at\/befuerchtungen-beim-rauchstopp\/","og_site_name":"Rauchfrei Telefon","article_published_time":"2021-01-18T06:00:10+00:00","author":"Rauchfrei Team","twitter_card":"summary_large_image","twitter_misc":{"Written by":"Rauchfrei Team","Est. reading time":"3 minutes"},"schema":{"@context":"https:\/\/schema.org","@graph":[{"@type":"WebPage","@id":"https:\/\/rauchfrei.at\/befuerchtungen-beim-rauchstopp\/","url":"https:\/\/rauchfrei.at\/befuerchtungen-beim-rauchstopp\/","name":"Bef\u00fcrchtungen beim Rauchstopp - Rauchfrei Telefon","isPartOf":{"@id":"https:\/\/rauchfrei.at\/#website"},"datePublished":"2021-01-18T06:00:10+00:00","author":{"@id":"https:\/\/rauchfrei.at\/#\/schema\/person\/504bbf90c5482004fc09aef6de7f9277"},"inLanguage":"en-US","potentialAction":[{"@type":"ReadAction","target":["https:\/\/rauchfrei.at\/befuerchtungen-beim-rauchstopp\/"]}]},{"@type":"WebSite","@id":"https:\/\/rauchfrei.at\/#website","url":"https:\/\/rauchfrei.at\/","name":"Rauchfrei Telefon","description":"Eine \u00f6sterreichweite Initiative der Sozialversicherungen.","potentialAction":[{"@type":"SearchAction","target":{"@type":"EntryPoint","urlTemplate":"https:\/\/rauchfrei.at\/?s={search_term_string}"},"query-input":{"@type":"PropertyValueSpecification","valueRequired":true,"valueName":"search_term_string"}}],"inLanguage":"en-US"},{"@type":"Person","@id":"https:\/\/rauchfrei.at\/#\/schema\/person\/504bbf90c5482004fc09aef6de7f9277","name":"Rauchfrei Team","image":{"@type":"ImageObject","inLanguage":"en-US","@id":"https:\/\/rauchfrei.at\/#\/schema\/person\/image\/","url":"https:\/\/secure.gravatar.com\/avatar\/2115b79a00800516fa1523bb5a329611f90e73e89be559131fc7e82b4fdc95ff?s=96&d=mm&r=g","contentUrl":"https:\/\/secure.gravatar.com\/avatar\/2115b79a00800516fa1523bb5a329611f90e73e89be559131fc7e82b4fdc95ff?s=96&d=mm&r=g","caption":"Rauchfrei Team"},"url":"https:\/\/rauchfrei.at\/en\/author\/rauchfrei-team\/"}]}},"_links":{"self":[{"href":"https:\/\/rauchfrei.at\/en\/wp-json\/wp\/v2\/posts\/20034","targetHints":{"allow":["GET"]}}],"collection":[{"href":"https:\/\/rauchfrei.at\/en\/wp-json\/wp\/v2\/posts"}],"about":[{"href":"https:\/\/rauchfrei.at\/en\/wp-json\/wp\/v2\/types\/post"}],"author":[{"embeddable":true,"href":"https:\/\/rauchfrei.at\/en\/wp-json\/wp\/v2\/users\/25"}],"replies":[{"embeddable":true,"href":"https:\/\/rauchfrei.at\/en\/wp-json\/wp\/v2\/comments?post=20034"}],"version-history":[{"count":5,"href":"https:\/\/rauchfrei.at\/en\/wp-json\/wp\/v2\/posts\/20034\/revisions"}],"predecessor-version":[{"id":20050,"href":"https:\/\/rauchfrei.at\/en\/wp-json\/wp\/v2\/posts\/20034\/revisions\/20050"}],"wp:attachment":[{"href":"https:\/\/rauchfrei.at\/en\/wp-json\/wp\/v2\/media?parent=20034"}],"wp:term":[{"taxonomy":"category","embeddable":true,"href":"https:\/\/rauchfrei.at\/en\/wp-json\/wp\/v2\/categories?post=20034"},{"taxonomy":"post_tag","embeddable":true,"href":"https:\/\/rauchfrei.at\/en\/wp-json\/wp\/v2\/tags?post=20034"}],"curies":[{"name":"wp","href":"https:\/\/api.w.org\/{rel}","templated":true}]}}