
{"id":20052,"date":"2021-01-25T08:00:26","date_gmt":"2021-01-25T06:00:26","guid":{"rendered":"https:\/\/rauchfrei.at\/?p=20052"},"modified":"2021-01-21T11:37:00","modified_gmt":"2021-01-21T09:37:00","slug":"akute-dampferkrankheit","status":"publish","type":"post","link":"https:\/\/rauchfrei.at\/en\/akute-dampferkrankheit\/","title":{"rendered":"Akute Dampferkrankheit"},"content":{"rendered":"<p>[et_pb_section fb_built=&#8221;1&#8243; module_class=&#8221;header&#8221; _builder_version=&#8221;3.22&#8243;][et_pb_row _builder_version=&#8221;3.25&#8243;][et_pb_column type=&#8221;4_4&#8243; _builder_version=&#8221;3.25&#8243; custom_padding=&#8221;|||&#8221; custom_padding__hover=&#8221;|||&#8221;][et_pb_dp_dmb_module_10001 subheadline=&#8221;M\u00f6gliche Symptome nach dem Konsum von E-Zigaretten&#8221; _builder_version=&#8221;4.7.6&#8243; hover_enabled=&#8221;0&#8243; sticky_enabled=&#8221;0&#8243;][\/et_pb_dp_dmb_module_10001][\/et_pb_column][\/et_pb_row][\/et_pb_section][et_pb_section fb_built=&#8221;1&#8243; _builder_version=&#8221;3.22&#8243;][et_pb_row column_structure=&#8221;2_3,1_3&#8243; _builder_version=&#8221;3.25&#8243; background_size=&#8221;initial&#8221; background_position=&#8221;top_left&#8221; background_repeat=&#8221;repeat&#8221;][et_pb_column type=&#8221;2_3&#8243; _builder_version=&#8221;3.25&#8243; custom_padding=&#8221;|||&#8221; custom_padding__hover=&#8221;|||&#8221;][et_pb_text _builder_version=&#8221;4.7.6&#8243; hover_enabled=&#8221;0&#8243; sticky_enabled=&#8221;0&#8243;]<\/p>\n<p>Der E-Zigaretten-Konsum stellt eine Gefahr f\u00fcr Atemwege, Lunge, Kapillaren und Arterien dar. Beim Dampfen wird kein Wasserdampf eingeatmet, sondern ein toxisches Aerosol.<\/p>\n<p>Neue Studien haben gezeigt, dass nach dem Konsum von E-Zigaretten bestimmte Krankheitszeichen auftreten k\u00f6nnen. Die Summe dieser Symptome werden <strong>\u201eakute Dampferkrankheit\u201c<\/strong> genannt.<\/p>\n<p>Zu diesen Symptomen z\u00e4hlen: Bauchschmerz, Erbrechen, Diarrhoe, Kopfschmerz, M\u00fcdigkeit, Schwindel, Fieber, Brustschmerz, Husten, Kurzatmigkeit, Lungenentz\u00fcndung und akutes Atemnotsyndrom.<\/p>\n<p>In den USA wurden im Jahr 2020 dem \u201eCenter for Disease Control\u201c schon bis Anfang Oktober 1 299 Verdachtsf\u00e4lle von akuter Dampferkrankheit gemeldet, au\u00dferdem 26 Todesf\u00e4lle, die Tage bis Wochen nach dem Konsum von E-Zigaretten auftraten.<\/p>\n<p>Es zeigte sich, dass es vor allem bei jungen und gesunden E-Zigaretten-Konsumentinnen und -Konsumenten zu gesundheitlichen Problemen gekommen ist. Einigen Berichten zufolge mussteneinige k\u00fcnstlich beatmet werden und bei manchen nahm dies auch einen t\u00f6dlichen Ausgang.<\/p>\n<p>Zusammenfassend ist daher zu sagen, dass allen von E-Zigaretten abgeraten werden kann. Vor allem das kombinierte Rauchen von E-Zigaretten und normalen Zigaretten erh\u00f6ht das Gesundheitsrisiko.<\/p>\n<p>Link: Artikel von Manfred Neuberger \u201e<a href=\"https:\/\/www.meryn.at\/wp-content\/uploads\/2019\/10\/Hausarzt-Medizinisch-2019-11-Akute-Dampferkrankheit.pdf\" target=\"_blank\" rel=\"noopener\">Akute Dampferkrankheit<\/a>\u201c<\/p>\n<p>[\/et_pb_text][\/et_pb_column][et_pb_column type=&#8221;1_3&#8243; _builder_version=&#8221;3.25&#8243; custom_padding=&#8221;|||&#8221; custom_padding__hover=&#8221;|||&#8221;][et_pb_dp_dmb_module_10093 farbe=&#8221;beige&#8221; image=&#8221;https:\/\/rauchfrei.at\/wp-content\/uploads\/rauchfreiapp_screens.png&#8221; image_position=&#8221;center&#8221; link_text=&#8221;zum Download&#8221; link_url=&#8221;http:\/\/www.rauchfreiapp.at\/&#8221; image_size=&#8221;70&#8243; admin_label=&#8221;Die Rauchfrei App&#8221; _builder_version=&#8221;3.21.1&#8243; z_index_tablet=&#8221;500&#8243; saved_tabs=&#8221;all&#8221; global_module=&#8221;12606&#8243;]<\/p>\n<p>kostenlose Unterst\u00fctzung und Motivation per Smartphone<\/p>\n<p>[\/et_pb_dp_dmb_module_10093][\/et_pb_column][\/et_pb_row][\/et_pb_section]<\/p>\n","protected":false},"excerpt":{"rendered":"<p>Dass E-Zigaretten nicht gesund sind, steht fest, aber was ist die sogenannte \u201eDampferkrankheit\u201c?<\/p>\n","protected":false},"author":25,"featured_media":0,"comment_status":"open","ping_status":"open","sticky":false,"template":"","format":"standard","meta":{"_et_pb_use_builder":"on","_et_pb_old_content":"","_et_gb_content_width":"","footnotes":""},"categories":[235,237],"tags":[],"class_list":["post-20052","post","type-post","status-publish","format-standard","hentry","category-gesundheit-und-rauchstopp","category-literatur-und-hintergrundwissen"],"yoast_head":"<!-- This site is optimized with the Yoast SEO plugin v26.2 - https:\/\/yoast.com\/wordpress\/plugins\/seo\/ -->\n<title>Akute Dampferkrankheit - Rauchfrei Telefon<\/title>\n<meta name=\"robots\" content=\"index, follow, max-snippet:-1, max-image-preview:large, max-video-preview:-1\" \/>\n<link rel=\"canonical\" href=\"https:\/\/rauchfrei.at\/akute-dampferkrankheit\/\" \/>\n<meta property=\"og:locale\" content=\"en_US\" \/>\n<meta property=\"og:type\" content=\"article\" \/>\n<meta property=\"og:title\" content=\"Akute Dampferkrankheit - Rauchfrei Telefon\" \/>\n<meta property=\"og:description\" content=\"Dass E-Zigaretten nicht gesund sind, steht fest, aber was ist die sogenannte \u201eDampferkrankheit\u201c?\" \/>\n<meta property=\"og:url\" content=\"https:\/\/rauchfrei.at\/akute-dampferkrankheit\/\" \/>\n<meta property=\"og:site_name\" content=\"Rauchfrei Telefon\" \/>\n<meta property=\"article:published_time\" content=\"2021-01-25T06:00:26+00:00\" \/>\n<meta name=\"author\" content=\"Rauchfrei Team\" \/>\n<meta name=\"twitter:card\" content=\"summary_large_image\" \/>\n<meta name=\"twitter:label1\" content=\"Written by\" \/>\n\t<meta name=\"twitter:data1\" content=\"Rauchfrei Team\" \/>\n\t<meta name=\"twitter:label2\" content=\"Est. reading time\" \/>\n\t<meta name=\"twitter:data2\" content=\"2 minutes\" \/>\n<script type=\"application\/ld+json\" class=\"yoast-schema-graph\">{\"@context\":\"https:\/\/schema.org\",\"@graph\":[{\"@type\":\"WebPage\",\"@id\":\"https:\/\/rauchfrei.at\/akute-dampferkrankheit\/\",\"url\":\"https:\/\/rauchfrei.at\/akute-dampferkrankheit\/\",\"name\":\"Akute Dampferkrankheit - Rauchfrei Telefon\",\"isPartOf\":{\"@id\":\"https:\/\/rauchfrei.at\/#website\"},\"datePublished\":\"2021-01-25T06:00:26+00:00\",\"author\":{\"@id\":\"https:\/\/rauchfrei.at\/#\/schema\/person\/504bbf90c5482004fc09aef6de7f9277\"},\"inLanguage\":\"en-US\",\"potentialAction\":[{\"@type\":\"ReadAction\",\"target\":[\"https:\/\/rauchfrei.at\/akute-dampferkrankheit\/\"]}]},{\"@type\":\"WebSite\",\"@id\":\"https:\/\/rauchfrei.at\/#website\",\"url\":\"https:\/\/rauchfrei.at\/\",\"name\":\"Rauchfrei Telefon\",\"description\":\"Eine \u00f6sterreichweite Initiative der Sozialversicherungen.\",\"potentialAction\":[{\"@type\":\"SearchAction\",\"target\":{\"@type\":\"EntryPoint\",\"urlTemplate\":\"https:\/\/rauchfrei.at\/?s={search_term_string}\"},\"query-input\":{\"@type\":\"PropertyValueSpecification\",\"valueRequired\":true,\"valueName\":\"search_term_string\"}}],\"inLanguage\":\"en-US\"},{\"@type\":\"Person\",\"@id\":\"https:\/\/rauchfrei.at\/#\/schema\/person\/504bbf90c5482004fc09aef6de7f9277\",\"name\":\"Rauchfrei Team\",\"image\":{\"@type\":\"ImageObject\",\"inLanguage\":\"en-US\",\"@id\":\"https:\/\/rauchfrei.at\/#\/schema\/person\/image\/\",\"url\":\"https:\/\/secure.gravatar.com\/avatar\/2115b79a00800516fa1523bb5a329611f90e73e89be559131fc7e82b4fdc95ff?s=96&d=mm&r=g\",\"contentUrl\":\"https:\/\/secure.gravatar.com\/avatar\/2115b79a00800516fa1523bb5a329611f90e73e89be559131fc7e82b4fdc95ff?s=96&d=mm&r=g\",\"caption\":\"Rauchfrei Team\"},\"url\":\"https:\/\/rauchfrei.at\/en\/author\/rauchfrei-team\/\"}]}<\/script>\n<!-- \/ Yoast SEO plugin. -->","yoast_head_json":{"title":"Akute Dampferkrankheit - Rauchfrei Telefon","robots":{"index":"index","follow":"follow","max-snippet":"max-snippet:-1","max-image-preview":"max-image-preview:large","max-video-preview":"max-video-preview:-1"},"canonical":"https:\/\/rauchfrei.at\/akute-dampferkrankheit\/","og_locale":"en_US","og_type":"article","og_title":"Akute Dampferkrankheit - Rauchfrei Telefon","og_description":"Dass E-Zigaretten nicht gesund sind, steht fest, aber was ist die sogenannte \u201eDampferkrankheit\u201c?","og_url":"https:\/\/rauchfrei.at\/akute-dampferkrankheit\/","og_site_name":"Rauchfrei Telefon","article_published_time":"2021-01-25T06:00:26+00:00","author":"Rauchfrei Team","twitter_card":"summary_large_image","twitter_misc":{"Written by":"Rauchfrei Team","Est. reading time":"2 minutes"},"schema":{"@context":"https:\/\/schema.org","@graph":[{"@type":"WebPage","@id":"https:\/\/rauchfrei.at\/akute-dampferkrankheit\/","url":"https:\/\/rauchfrei.at\/akute-dampferkrankheit\/","name":"Akute Dampferkrankheit - Rauchfrei Telefon","isPartOf":{"@id":"https:\/\/rauchfrei.at\/#website"},"datePublished":"2021-01-25T06:00:26+00:00","author":{"@id":"https:\/\/rauchfrei.at\/#\/schema\/person\/504bbf90c5482004fc09aef6de7f9277"},"inLanguage":"en-US","potentialAction":[{"@type":"ReadAction","target":["https:\/\/rauchfrei.at\/akute-dampferkrankheit\/"]}]},{"@type":"WebSite","@id":"https:\/\/rauchfrei.at\/#website","url":"https:\/\/rauchfrei.at\/","name":"Rauchfrei Telefon","description":"Eine \u00f6sterreichweite Initiative der Sozialversicherungen.","potentialAction":[{"@type":"SearchAction","target":{"@type":"EntryPoint","urlTemplate":"https:\/\/rauchfrei.at\/?s={search_term_string}"},"query-input":{"@type":"PropertyValueSpecification","valueRequired":true,"valueName":"search_term_string"}}],"inLanguage":"en-US"},{"@type":"Person","@id":"https:\/\/rauchfrei.at\/#\/schema\/person\/504bbf90c5482004fc09aef6de7f9277","name":"Rauchfrei Team","image":{"@type":"ImageObject","inLanguage":"en-US","@id":"https:\/\/rauchfrei.at\/#\/schema\/person\/image\/","url":"https:\/\/secure.gravatar.com\/avatar\/2115b79a00800516fa1523bb5a329611f90e73e89be559131fc7e82b4fdc95ff?s=96&d=mm&r=g","contentUrl":"https:\/\/secure.gravatar.com\/avatar\/2115b79a00800516fa1523bb5a329611f90e73e89be559131fc7e82b4fdc95ff?s=96&d=mm&r=g","caption":"Rauchfrei Team"},"url":"https:\/\/rauchfrei.at\/en\/author\/rauchfrei-team\/"}]}},"_links":{"self":[{"href":"https:\/\/rauchfrei.at\/en\/wp-json\/wp\/v2\/posts\/20052","targetHints":{"allow":["GET"]}}],"collection":[{"href":"https:\/\/rauchfrei.at\/en\/wp-json\/wp\/v2\/posts"}],"about":[{"href":"https:\/\/rauchfrei.at\/en\/wp-json\/wp\/v2\/types\/post"}],"author":[{"embeddable":true,"href":"https:\/\/rauchfrei.at\/en\/wp-json\/wp\/v2\/users\/25"}],"replies":[{"embeddable":true,"href":"https:\/\/rauchfrei.at\/en\/wp-json\/wp\/v2\/comments?post=20052"}],"version-history":[{"count":5,"href":"https:\/\/rauchfrei.at\/en\/wp-json\/wp\/v2\/posts\/20052\/revisions"}],"predecessor-version":[{"id":20059,"href":"https:\/\/rauchfrei.at\/en\/wp-json\/wp\/v2\/posts\/20052\/revisions\/20059"}],"wp:attachment":[{"href":"https:\/\/rauchfrei.at\/en\/wp-json\/wp\/v2\/media?parent=20052"}],"wp:term":[{"taxonomy":"category","embeddable":true,"href":"https:\/\/rauchfrei.at\/en\/wp-json\/wp\/v2\/categories?post=20052"},{"taxonomy":"post_tag","embeddable":true,"href":"https:\/\/rauchfrei.at\/en\/wp-json\/wp\/v2\/tags?post=20052"}],"curies":[{"name":"wp","href":"https:\/\/api.w.org\/{rel}","templated":true}]}}