
{"id":20069,"date":"2021-02-08T08:00:35","date_gmt":"2021-02-08T06:00:35","guid":{"rendered":"https:\/\/rauchfrei.at\/?p=20069"},"modified":"2023-02-16T15:01:00","modified_gmt":"2023-02-16T13:01:00","slug":"rauchen-faktencheck-zu-den-globalen-belastungen","status":"publish","type":"post","link":"https:\/\/rauchfrei.at\/en\/rauchen-faktencheck-zu-den-globalen-belastungen\/","title":{"rendered":"Rauchen- Faktencheck zu den globalen Belastungen"},"content":{"rendered":"<p>[et_pb_section fb_built=&#8221;1&#8243; module_class=&#8221;header&#8221; _builder_version=&#8221;4.16&#8243; global_colors_info=&#8221;{}&#8221;][et_pb_row _builder_version=&#8221;4.16&#8243; global_colors_info=&#8221;{}&#8221;][et_pb_column type=&#8221;4_4&#8243; _builder_version=&#8221;4.16&#8243; custom_padding=&#8221;|||&#8221; global_colors_info=&#8221;{}&#8221; custom_padding__hover=&#8221;|||&#8221;][et_pb_dp_dmb_module_10001 subheadline=&#8221;Wie gro\u00df sind die hinterlassenen Sch\u00e4den?&#8221; _builder_version=&#8221;4.16&#8243; global_colors_info=&#8221;{}&#8221;][\/et_pb_dp_dmb_module_10001][\/et_pb_column][\/et_pb_row][\/et_pb_section][et_pb_section fb_built=&#8221;1&#8243; _builder_version=&#8221;4.16&#8243; global_colors_info=&#8221;{}&#8221;][et_pb_row column_structure=&#8221;2_3,1_3&#8243; _builder_version=&#8221;4.16&#8243; background_size=&#8221;initial&#8221; background_position=&#8221;top_left&#8221; background_repeat=&#8221;repeat&#8221; global_colors_info=&#8221;{}&#8221;][et_pb_column type=&#8221;2_3&#8243; _builder_version=&#8221;4.16&#8243; custom_padding=&#8221;|||&#8221; global_colors_info=&#8221;{}&#8221; custom_padding__hover=&#8221;|||&#8221;][et_pb_text _builder_version=&#8221;4.16&#8243; global_colors_info=&#8221;{}&#8221;]Die globalen Sch\u00e4den, die durch Anbau, Produktion, Konsum und Abfall der Tabakprodukte laufend entstehen, sind enorm und ersch\u00fctternd.<\/p>\n<p>Mit diesem Faktencheck wollen wir darauf aufmerksam machen. Gerade jetzt am Anfang eines neuen Jahres, in der jetzigen Phase einer Pandemie, werden oft viele Grundwerte \u00fcberdacht.<\/p>\n<p>Globale Auswirkungen von Tabakkonsum und \u2013anbau \u2013 die Fakten:<\/p>\n<ul>\n<li><strong>Tabakanbau: <\/strong><\/li>\n<li>Kinderarbeit verbreitet<\/li>\n<li>Knebelvertr\u00e4ge f\u00fcr Bauern<\/li>\n<li>Hautkontakt mit Pestiziden und Nikotin (\u201egr\u00fcne Tabakkrankheit\u201c)<\/li>\n<li>Urwaldrodungen, Chemikalien in Boden und Grundwasser<\/li>\n<\/ul>\n<ul>\n<li><strong>Produktherstellung:\u00a0 <\/strong>pro Jahr weltweit<\/li>\n<li>2 Millionen Tonnen fester M\u00fcll<\/li>\n<li>300.000 Tonnen nikotinhaltiger Abfall<\/li>\n<li>200.000 Tonnen Chemieabfall<\/li>\n<\/ul>\n<ul>\n<li><strong>Tabakkonsum \u2013 Folgen <\/strong>(pro Jahr):<\/li>\n<li>6 Millionen Menschen sterben an den Folgen (Rauchen, Passivrauchen)<\/li>\n<li>9 Millionen B\u00e4ume gef\u00e4llt<\/li>\n<li>drei Billionen Streichh\u00f6lzer<\/li>\n<li>Herstellung von Feuerzeugen: Plastik- und Metallm\u00fcll von leeren Feuerzeugen<\/li>\n<\/ul>\n<ul>\n<li><strong>Abfall:<\/strong><\/li>\n<li>weltweit sind Zigaretten die am h\u00e4ufigsten weggeworfenen Abfallprodukte<\/li>\n<li>an Str\u00e4nden und K\u00fcsten: Zigaretten h\u00e4ufigster Abfall<\/li>\n<li>Zigarettenstummel: streng genommen Sonderm\u00fcll, nicht biologisch abbaubar, giftige, krebserregende Substanzen<\/li>\n<li>gelangen in Boden und Gew\u00e4sser, auch Tiere bedroht davon<\/li>\n<li>Verpackung: ca. 6 Billionen Zigaretten j\u00e4hrlich verursachen 1,8 Millionen Tonnen Abfall<\/li>\n<\/ul>\n<p>Auch Umweltschutz kann ein guter Grund sein, um rauchfrei zu werden!<\/p>\n<p>Unterst\u00fctzung beim Rauchstopp unter 0800 810 013 von Mo-Fr zwischen 10:00 und 18:00 Uhr!<\/p>\n<p>Links:<br \/>\n<a href=\"https:\/\/www.dkfz.de\/de\/tabakkontrolle\/Umweltbelastung_durch_Rauchen.html\">www.dkfz.de<\/a><\/p>\n<p><a href=\"https:\/\/unfairtobacco.org\/gift-fuer-gewaesser-nikotin-und-pestizide\/\">www.unfairtobacco.org<\/a><br \/>\n[\/et_pb_text][\/et_pb_column][et_pb_column type=&#8221;1_3&#8243; _builder_version=&#8221;4.16&#8243; custom_padding=&#8221;|||&#8221; global_colors_info=&#8221;{}&#8221; custom_padding__hover=&#8221;|||&#8221;][et_pb_sidebar area=&#8221;sidebar-1&#8243; _builder_version=&#8221;4.16&#8243; global_colors_info=&#8221;{}&#8221;][\/et_pb_sidebar][\/et_pb_column][\/et_pb_row][\/et_pb_section]<\/p>\n","protected":false},"excerpt":{"rendered":"<p>Dass Rauchen sch\u00e4dlich ist, ist vielen Menschen bewusst, egal ob sie selbst rauchen oder nicht.<\/p>\n<p>Die globalen Auswirkungen auf Gesellschaft und Umwelt durch Anbau, Herstellung, Konsum und Entsorgung von Tabakerzeugnissen sind weitreichend. \u00a0Anbei ein Faktencheck.<\/p>\n","protected":false},"author":25,"featured_media":0,"comment_status":"open","ping_status":"open","sticky":false,"template":"","format":"standard","meta":{"_et_pb_use_builder":"on","_et_pb_old_content":"","_et_gb_content_width":"","footnotes":""},"categories":[236],"tags":[],"class_list":["post-20069","post","type-post","status-publish","format-standard","hentry","category-nicht-kategorisiert"],"yoast_head":"<!-- This site is optimized with the Yoast SEO plugin v26.2 - https:\/\/yoast.com\/wordpress\/plugins\/seo\/ -->\n<title>Rauchen- Faktencheck zu den globalen Belastungen - Rauchfrei Telefon<\/title>\n<meta name=\"robots\" content=\"index, follow, max-snippet:-1, max-image-preview:large, max-video-preview:-1\" \/>\n<link rel=\"canonical\" href=\"https:\/\/rauchfrei.at\/rauchen-faktencheck-zu-den-globalen-belastungen\/\" \/>\n<meta property=\"og:locale\" content=\"en_US\" \/>\n<meta property=\"og:type\" content=\"article\" \/>\n<meta property=\"og:title\" content=\"Rauchen- Faktencheck zu den globalen Belastungen - Rauchfrei Telefon\" \/>\n<meta property=\"og:description\" content=\"Dass Rauchen sch\u00e4dlich ist, ist vielen Menschen bewusst, egal ob sie selbst rauchen oder nicht.  Die globalen Auswirkungen auf Gesellschaft und Umwelt durch Anbau, Herstellung, Konsum und Entsorgung von Tabakerzeugnissen sind weitreichend. \u00a0Anbei ein Faktencheck.\" \/>\n<meta property=\"og:url\" content=\"https:\/\/rauchfrei.at\/rauchen-faktencheck-zu-den-globalen-belastungen\/\" \/>\n<meta property=\"og:site_name\" content=\"Rauchfrei Telefon\" \/>\n<meta property=\"article:published_time\" content=\"2021-02-08T06:00:35+00:00\" \/>\n<meta property=\"article:modified_time\" content=\"2023-02-16T13:01:00+00:00\" \/>\n<meta name=\"author\" content=\"Rauchfrei Team\" \/>\n<meta name=\"twitter:card\" content=\"summary_large_image\" \/>\n<meta name=\"twitter:label1\" content=\"Written by\" \/>\n\t<meta name=\"twitter:data1\" content=\"Rauchfrei Team\" \/>\n\t<meta name=\"twitter:label2\" content=\"Est. reading time\" \/>\n\t<meta name=\"twitter:data2\" content=\"2 minutes\" \/>\n<script type=\"application\/ld+json\" class=\"yoast-schema-graph\">{\"@context\":\"https:\/\/schema.org\",\"@graph\":[{\"@type\":\"WebPage\",\"@id\":\"https:\/\/rauchfrei.at\/rauchen-faktencheck-zu-den-globalen-belastungen\/\",\"url\":\"https:\/\/rauchfrei.at\/rauchen-faktencheck-zu-den-globalen-belastungen\/\",\"name\":\"Rauchen- Faktencheck zu den globalen Belastungen - Rauchfrei Telefon\",\"isPartOf\":{\"@id\":\"https:\/\/rauchfrei.at\/#website\"},\"datePublished\":\"2021-02-08T06:00:35+00:00\",\"dateModified\":\"2023-02-16T13:01:00+00:00\",\"author\":{\"@id\":\"https:\/\/rauchfrei.at\/#\/schema\/person\/504bbf90c5482004fc09aef6de7f9277\"},\"inLanguage\":\"en-US\",\"potentialAction\":[{\"@type\":\"ReadAction\",\"target\":[\"https:\/\/rauchfrei.at\/rauchen-faktencheck-zu-den-globalen-belastungen\/\"]}]},{\"@type\":\"WebSite\",\"@id\":\"https:\/\/rauchfrei.at\/#website\",\"url\":\"https:\/\/rauchfrei.at\/\",\"name\":\"Rauchfrei Telefon\",\"description\":\"Eine \u00f6sterreichweite Initiative der Sozialversicherungen.\",\"potentialAction\":[{\"@type\":\"SearchAction\",\"target\":{\"@type\":\"EntryPoint\",\"urlTemplate\":\"https:\/\/rauchfrei.at\/?s={search_term_string}\"},\"query-input\":{\"@type\":\"PropertyValueSpecification\",\"valueRequired\":true,\"valueName\":\"search_term_string\"}}],\"inLanguage\":\"en-US\"},{\"@type\":\"Person\",\"@id\":\"https:\/\/rauchfrei.at\/#\/schema\/person\/504bbf90c5482004fc09aef6de7f9277\",\"name\":\"Rauchfrei Team\",\"image\":{\"@type\":\"ImageObject\",\"inLanguage\":\"en-US\",\"@id\":\"https:\/\/rauchfrei.at\/#\/schema\/person\/image\/\",\"url\":\"https:\/\/secure.gravatar.com\/avatar\/2115b79a00800516fa1523bb5a329611f90e73e89be559131fc7e82b4fdc95ff?s=96&d=mm&r=g\",\"contentUrl\":\"https:\/\/secure.gravatar.com\/avatar\/2115b79a00800516fa1523bb5a329611f90e73e89be559131fc7e82b4fdc95ff?s=96&d=mm&r=g\",\"caption\":\"Rauchfrei Team\"},\"url\":\"https:\/\/rauchfrei.at\/en\/author\/rauchfrei-team\/\"}]}<\/script>\n<!-- \/ Yoast SEO plugin. -->","yoast_head_json":{"title":"Rauchen- Faktencheck zu den globalen Belastungen - Rauchfrei Telefon","robots":{"index":"index","follow":"follow","max-snippet":"max-snippet:-1","max-image-preview":"max-image-preview:large","max-video-preview":"max-video-preview:-1"},"canonical":"https:\/\/rauchfrei.at\/rauchen-faktencheck-zu-den-globalen-belastungen\/","og_locale":"en_US","og_type":"article","og_title":"Rauchen- Faktencheck zu den globalen Belastungen - Rauchfrei Telefon","og_description":"Dass Rauchen sch\u00e4dlich ist, ist vielen Menschen bewusst, egal ob sie selbst rauchen oder nicht.  Die globalen Auswirkungen auf Gesellschaft und Umwelt durch Anbau, Herstellung, Konsum und Entsorgung von Tabakerzeugnissen sind weitreichend. \u00a0Anbei ein Faktencheck.","og_url":"https:\/\/rauchfrei.at\/rauchen-faktencheck-zu-den-globalen-belastungen\/","og_site_name":"Rauchfrei Telefon","article_published_time":"2021-02-08T06:00:35+00:00","article_modified_time":"2023-02-16T13:01:00+00:00","author":"Rauchfrei Team","twitter_card":"summary_large_image","twitter_misc":{"Written by":"Rauchfrei Team","Est. reading time":"2 minutes"},"schema":{"@context":"https:\/\/schema.org","@graph":[{"@type":"WebPage","@id":"https:\/\/rauchfrei.at\/rauchen-faktencheck-zu-den-globalen-belastungen\/","url":"https:\/\/rauchfrei.at\/rauchen-faktencheck-zu-den-globalen-belastungen\/","name":"Rauchen- Faktencheck zu den globalen Belastungen - Rauchfrei Telefon","isPartOf":{"@id":"https:\/\/rauchfrei.at\/#website"},"datePublished":"2021-02-08T06:00:35+00:00","dateModified":"2023-02-16T13:01:00+00:00","author":{"@id":"https:\/\/rauchfrei.at\/#\/schema\/person\/504bbf90c5482004fc09aef6de7f9277"},"inLanguage":"en-US","potentialAction":[{"@type":"ReadAction","target":["https:\/\/rauchfrei.at\/rauchen-faktencheck-zu-den-globalen-belastungen\/"]}]},{"@type":"WebSite","@id":"https:\/\/rauchfrei.at\/#website","url":"https:\/\/rauchfrei.at\/","name":"Rauchfrei Telefon","description":"Eine \u00f6sterreichweite Initiative der Sozialversicherungen.","potentialAction":[{"@type":"SearchAction","target":{"@type":"EntryPoint","urlTemplate":"https:\/\/rauchfrei.at\/?s={search_term_string}"},"query-input":{"@type":"PropertyValueSpecification","valueRequired":true,"valueName":"search_term_string"}}],"inLanguage":"en-US"},{"@type":"Person","@id":"https:\/\/rauchfrei.at\/#\/schema\/person\/504bbf90c5482004fc09aef6de7f9277","name":"Rauchfrei Team","image":{"@type":"ImageObject","inLanguage":"en-US","@id":"https:\/\/rauchfrei.at\/#\/schema\/person\/image\/","url":"https:\/\/secure.gravatar.com\/avatar\/2115b79a00800516fa1523bb5a329611f90e73e89be559131fc7e82b4fdc95ff?s=96&d=mm&r=g","contentUrl":"https:\/\/secure.gravatar.com\/avatar\/2115b79a00800516fa1523bb5a329611f90e73e89be559131fc7e82b4fdc95ff?s=96&d=mm&r=g","caption":"Rauchfrei Team"},"url":"https:\/\/rauchfrei.at\/en\/author\/rauchfrei-team\/"}]}},"_links":{"self":[{"href":"https:\/\/rauchfrei.at\/en\/wp-json\/wp\/v2\/posts\/20069","targetHints":{"allow":["GET"]}}],"collection":[{"href":"https:\/\/rauchfrei.at\/en\/wp-json\/wp\/v2\/posts"}],"about":[{"href":"https:\/\/rauchfrei.at\/en\/wp-json\/wp\/v2\/types\/post"}],"author":[{"embeddable":true,"href":"https:\/\/rauchfrei.at\/en\/wp-json\/wp\/v2\/users\/25"}],"replies":[{"embeddable":true,"href":"https:\/\/rauchfrei.at\/en\/wp-json\/wp\/v2\/comments?post=20069"}],"version-history":[{"count":6,"href":"https:\/\/rauchfrei.at\/en\/wp-json\/wp\/v2\/posts\/20069\/revisions"}],"predecessor-version":[{"id":26357,"href":"https:\/\/rauchfrei.at\/en\/wp-json\/wp\/v2\/posts\/20069\/revisions\/26357"}],"wp:attachment":[{"href":"https:\/\/rauchfrei.at\/en\/wp-json\/wp\/v2\/media?parent=20069"}],"wp:term":[{"taxonomy":"category","embeddable":true,"href":"https:\/\/rauchfrei.at\/en\/wp-json\/wp\/v2\/categories?post=20069"},{"taxonomy":"post_tag","embeddable":true,"href":"https:\/\/rauchfrei.at\/en\/wp-json\/wp\/v2\/tags?post=20069"}],"curies":[{"name":"wp","href":"https:\/\/api.w.org\/{rel}","templated":true}]}}