
{"id":20383,"date":"2021-04-05T08:00:00","date_gmt":"2021-04-05T06:00:00","guid":{"rendered":"https:\/\/rauchfrei.at\/?p=20383"},"modified":"2021-04-06T08:53:54","modified_gmt":"2021-04-06T06:53:54","slug":"automatisch-gespeicherter-entwurf-4","status":"publish","type":"post","link":"https:\/\/rauchfrei.at\/en\/automatisch-gespeicherter-entwurf-4\/","title":{"rendered":"Mehr Gerechtigkeit zum Weltgesundheitstag"},"content":{"rendered":"\n[et_pb_section fb_built=&#8221;1&#8243; module_class=&#8221;header&#8221; _builder_version=&#8221;3.22&#8243;][et_pb_row _builder_version=&#8221;3.25&#8243;][et_pb_column type=&#8221;4_4&#8243; _builder_version=&#8221;3.25&#8243; custom_padding=&#8221;|||&#8221; custom_padding__hover=&#8221;|||&#8221;][et_pb_dp_dmb_module_10001 subheadline=&#8221;Tabak: ungesund und unfair&#8221; _builder_version=&#8221;4.9.0&#8243; hover_enabled=&#8221;0&#8243; sticky_enabled=&#8221;0&#8243;][\/et_pb_dp_dmb_module_10001][\/et_pb_column][\/et_pb_row][\/et_pb_section][et_pb_section fb_built=&#8221;1&#8243; _builder_version=&#8221;3.22&#8243;][et_pb_row column_structure=&#8221;2_3,1_3&#8243; _builder_version=&#8221;3.25&#8243; background_size=&#8221;initial&#8221; background_position=&#8221;top_left&#8221; background_repeat=&#8221;repeat&#8221;][et_pb_column type=&#8221;2_3&#8243; _builder_version=&#8221;3.25&#8243; custom_padding=&#8221;|||&#8221; custom_padding__hover=&#8221;|||&#8221;][et_pb_text _builder_version=&#8221;4.9.0&#8243;]<p>&nbsp;<\/p>\n<p>Der diesj\u00e4hrige Weltgesundheitstag zeigt auf, das auch das Gut Gesundheit weltweit nicht fair verteilt ist und versucht dagegen vorzugehen. Auch beim globalen Zigarettenkonsum herrscht ein gro\u00dfes soziales Ungleichgewicht.<\/p>\n<p>&nbsp;<\/p>\n<p>Am 7. April j\u00e4hrt sich auch dieses Jahr der Weltgesundheitstag. Heuer soll das Streben nach einer faireren und ges\u00fcnderen Welt im Mittelpunkt stehen. Anlass ist mitunter, dass die derzeitige Covid-19-Pandemie aufzeigt, dass manche Menschen eher dazu in der Lage sind ein ges\u00fcnderes Leben f\u00fchren zu k\u00f6nnen, wie andere. Geringes Einkommen, geringere Bildungschancen, Ungerechtigkeiten zwischen den Geschlechtern, genauso wie wenig sichere Lebensumst\u00e4nde, fehlender Zugang zu sauberen Wasser und Nahrung f\u00fchren direkt und indirekt zu einem schlechteren Zugang von Gesundheit.<\/p>\n<p>Das ist unfair und sollte ge\u00e4ndert werden.<\/p>\n<p>&nbsp;<\/p>\n<p>Auch der Tabakkonsum hat globale gesundheitliche Auswirkungen. Betrachtet man die weltweite Population an Raucherinnen und Rauchern, so sieht man, dass 80 Prozent dieser rund einen Milliarde rauchender Menschen aus sogenannten Niedrig- und Mittelseinkommensl\u00e4ndern stammen.<\/p>\n<p>Folglich sterben auch mehr Menschen aus diesen L\u00e4ndern an den Folgen des Rauchens und des Passivrauchens und sind mit weiteren negativen Folgen des Tabakkonsums konfrontiert.<\/p>\n<p>&nbsp;<\/p>\n<p>Die Verbreitung des <strong>Tabakkonsums<\/strong> in \u00e4rmeren Bev\u00f6lkerungsschichten f\u00fchrt zu einer st\u00e4rkeren Verbreitung von Armut, die Ausgaben f\u00fcr die abh\u00e4ngig machenden Produkte fehlen f\u00fcr Bildung, Nahrung und medizinische Versorgung. Beispielsweise kommt es in Indonesien vor, dass gleich viel Geld f\u00fcr Tabak ausgegeben wird wie f\u00fcr Fisch, Fleisch und Eier zusammen.<\/p>\n<p>&nbsp;<\/p>\n<p>Aber auch der <strong>Tabakanbau<\/strong> tr\u00e4gt zur Verst\u00e4rkung von Armut und damit einhergehen mit geringerer Gesundheit durch Hunger und Mangelern\u00e4hrung bei. Au\u00dferdem ist der arbeitsintensive und gesundheitsgef\u00e4hrdende Anbau von Tabak gepr\u00e4gt von wirtschaftlicher Ausbeutung und Menschenrechtsverletzungen gepr\u00e4gt. Etwa wenig bekannt ist die sogenannte \u201egr\u00fcne Tabakkrankheit\u201c die gepr\u00e4gt ist durch \u00dcbelkeit, Schwindel, Kopfschmerzen und Muskelschw\u00e4che und bei der Tabakernte hervorgerufen wird, da das Nervengift Nikotin t\u00e4glich in einer Dosis von etwa rund 50 Zigaretten \u00fcber die Haut aufgenommen wird. Beim Tabakanbau werden viele Chemikalien eingesetzt und die n\u00f6tige Schutzkleidung fehlt.<\/p>\n<p>&nbsp;<\/p>\n<p>Ganz im Zeichen des Weltgesundheitstages bleibt zu hoffen, dass viele Wege gefunden werden, um das Ungleichgewicht im Bezug auf Gesundheit zu verringern. Tabakentw\u00f6hnangebote sind hier auf jeden Fall auch ein wichtiger Faktor. Auch Ihr Rauchstopp tr\u00e4gt positiv dazu bei, dieseMissst\u00e4nde zu verringern.<\/p>[\/et_pb_text][\/et_pb_column][et_pb_column type=&#8221;1_3&#8243; _builder_version=&#8221;3.25&#8243; custom_padding=&#8221;|||&#8221; custom_padding__hover=&#8221;|||&#8221;][et_pb_dp_dmb_module_10093 farbe=&#8221;blitzblau&#8221; headline=&#8221;Alternativen zum Rauchen&#8221; image=&#8221;https:\/\/rauchfrei.at\/wp-content\/uploads\/Relax-in-hammok.png&#8221; image_position=&#8221;center&#8221; link_text=&#8221;mehr&#8221; link_url=&#8221;https:\/\/rauchfrei.at\/alternativen\/&#8221; admin_label=&#8221;Alternativen zum Rauchen&#8221; _builder_version=&#8221;4.9.0&#8243; z_index_tablet=&#8221;500&#8243; global_module=&#8221;13174&#8243; saved_tabs=&#8221;all&#8221;]<p>Es gibt viele M\u00f6glichkeiten, um nicht zur Zigarette zu greifen!<\/p>\n[\/et_pb_dp_dmb_module_10093][et_pb_dp_dmb_module_10093 farbe=&#8221;blitzblau&#8221; headline=&#8221;Passivrauch&#8221; image=&#8221;https:\/\/rauchfrei.at\/wp-content\/uploads\/passivrauch-rauchfrei-fuer-alle.png&#8221; image_position=&#8221;center&#8221; link_text=&#8221;mehr&#8221; link_url=&#8221;https:\/\/rauchfrei.at\/fakten\/passivrauch\/&#8221; image_size=&#8221;70&#8243; admin_label=&#8221;Passivrauch&#8221; _builder_version=&#8221;3.19.15&#8243; global_module=&#8221;13172&#8243; saved_tabs=&#8221;all&#8221;]<p>Rauch ist giftig, niemand sollte ihn einatmen!<\/p>\n[\/et_pb_dp_dmb_module_10093][\/et_pb_column][\/et_pb_row][\/et_pb_section]\n","protected":false},"excerpt":{"rendered":"<p>Der diesj\u00e4hrige Weltgesundheitstag zeigt auf, das auch das Gut Gesundheit weltweit nicht fair verteilt ist und versucht dagegen vorzugehen. Auch beim globalen Zigarettenkonsum herrscht ein gro\u00dfes soziales Ungleichgewicht.<\/p>\n","protected":false},"author":25,"featured_media":0,"comment_status":"open","ping_status":"open","sticky":false,"template":"","format":"standard","meta":{"_et_pb_use_builder":"on","_et_pb_old_content":"","_et_gb_content_width":"2880","footnotes":""},"categories":[237],"tags":[],"class_list":["post-20383","post","type-post","status-publish","format-standard","hentry","category-literatur-und-hintergrundwissen"],"yoast_head":"<!-- This site is optimized with the Yoast SEO plugin v26.2 - https:\/\/yoast.com\/wordpress\/plugins\/seo\/ -->\n<title>Mehr Gerechtigkeit zum Weltgesundheitstag - Rauchfrei Telefon<\/title>\n<meta name=\"robots\" content=\"index, follow, max-snippet:-1, max-image-preview:large, max-video-preview:-1\" \/>\n<link rel=\"canonical\" href=\"https:\/\/rauchfrei.at\/automatisch-gespeicherter-entwurf-4\/\" \/>\n<meta property=\"og:locale\" content=\"en_US\" \/>\n<meta property=\"og:type\" content=\"article\" \/>\n<meta property=\"og:title\" content=\"Mehr Gerechtigkeit zum Weltgesundheitstag - Rauchfrei Telefon\" \/>\n<meta property=\"og:description\" content=\"Der diesj\u00e4hrige Weltgesundheitstag zeigt auf, das auch das Gut Gesundheit weltweit nicht fair verteilt ist und versucht dagegen vorzugehen. Auch beim globalen Zigarettenkonsum herrscht ein gro\u00dfes soziales Ungleichgewicht.\" \/>\n<meta property=\"og:url\" content=\"https:\/\/rauchfrei.at\/automatisch-gespeicherter-entwurf-4\/\" \/>\n<meta property=\"og:site_name\" content=\"Rauchfrei Telefon\" \/>\n<meta property=\"article:published_time\" content=\"2021-04-05T06:00:00+00:00\" \/>\n<meta property=\"article:modified_time\" content=\"2021-04-06T06:53:54+00:00\" \/>\n<meta name=\"author\" content=\"Rauchfrei Team\" \/>\n<meta name=\"twitter:card\" content=\"summary_large_image\" \/>\n<meta name=\"twitter:label1\" content=\"Written by\" \/>\n\t<meta name=\"twitter:data1\" content=\"Rauchfrei Team\" \/>\n\t<meta name=\"twitter:label2\" content=\"Est. reading time\" \/>\n\t<meta name=\"twitter:data2\" content=\"2 minutes\" \/>\n<script type=\"application\/ld+json\" class=\"yoast-schema-graph\">{\"@context\":\"https:\/\/schema.org\",\"@graph\":[{\"@type\":\"WebPage\",\"@id\":\"https:\/\/rauchfrei.at\/automatisch-gespeicherter-entwurf-4\/\",\"url\":\"https:\/\/rauchfrei.at\/automatisch-gespeicherter-entwurf-4\/\",\"name\":\"Mehr Gerechtigkeit zum Weltgesundheitstag - Rauchfrei Telefon\",\"isPartOf\":{\"@id\":\"https:\/\/rauchfrei.at\/#website\"},\"datePublished\":\"2021-04-05T06:00:00+00:00\",\"dateModified\":\"2021-04-06T06:53:54+00:00\",\"author\":{\"@id\":\"https:\/\/rauchfrei.at\/#\/schema\/person\/504bbf90c5482004fc09aef6de7f9277\"},\"inLanguage\":\"en-US\",\"potentialAction\":[{\"@type\":\"ReadAction\",\"target\":[\"https:\/\/rauchfrei.at\/automatisch-gespeicherter-entwurf-4\/\"]}]},{\"@type\":\"WebSite\",\"@id\":\"https:\/\/rauchfrei.at\/#website\",\"url\":\"https:\/\/rauchfrei.at\/\",\"name\":\"Rauchfrei Telefon\",\"description\":\"Eine \u00f6sterreichweite Initiative der Sozialversicherungen.\",\"potentialAction\":[{\"@type\":\"SearchAction\",\"target\":{\"@type\":\"EntryPoint\",\"urlTemplate\":\"https:\/\/rauchfrei.at\/?s={search_term_string}\"},\"query-input\":{\"@type\":\"PropertyValueSpecification\",\"valueRequired\":true,\"valueName\":\"search_term_string\"}}],\"inLanguage\":\"en-US\"},{\"@type\":\"Person\",\"@id\":\"https:\/\/rauchfrei.at\/#\/schema\/person\/504bbf90c5482004fc09aef6de7f9277\",\"name\":\"Rauchfrei Team\",\"image\":{\"@type\":\"ImageObject\",\"inLanguage\":\"en-US\",\"@id\":\"https:\/\/rauchfrei.at\/#\/schema\/person\/image\/\",\"url\":\"https:\/\/secure.gravatar.com\/avatar\/2115b79a00800516fa1523bb5a329611f90e73e89be559131fc7e82b4fdc95ff?s=96&d=mm&r=g\",\"contentUrl\":\"https:\/\/secure.gravatar.com\/avatar\/2115b79a00800516fa1523bb5a329611f90e73e89be559131fc7e82b4fdc95ff?s=96&d=mm&r=g\",\"caption\":\"Rauchfrei Team\"},\"url\":\"https:\/\/rauchfrei.at\/en\/author\/rauchfrei-team\/\"}]}<\/script>\n<!-- \/ Yoast SEO plugin. -->","yoast_head_json":{"title":"Mehr Gerechtigkeit zum Weltgesundheitstag - Rauchfrei Telefon","robots":{"index":"index","follow":"follow","max-snippet":"max-snippet:-1","max-image-preview":"max-image-preview:large","max-video-preview":"max-video-preview:-1"},"canonical":"https:\/\/rauchfrei.at\/automatisch-gespeicherter-entwurf-4\/","og_locale":"en_US","og_type":"article","og_title":"Mehr Gerechtigkeit zum Weltgesundheitstag - Rauchfrei Telefon","og_description":"Der diesj\u00e4hrige Weltgesundheitstag zeigt auf, das auch das Gut Gesundheit weltweit nicht fair verteilt ist und versucht dagegen vorzugehen. Auch beim globalen Zigarettenkonsum herrscht ein gro\u00dfes soziales Ungleichgewicht.","og_url":"https:\/\/rauchfrei.at\/automatisch-gespeicherter-entwurf-4\/","og_site_name":"Rauchfrei Telefon","article_published_time":"2021-04-05T06:00:00+00:00","article_modified_time":"2021-04-06T06:53:54+00:00","author":"Rauchfrei Team","twitter_card":"summary_large_image","twitter_misc":{"Written by":"Rauchfrei Team","Est. reading time":"2 minutes"},"schema":{"@context":"https:\/\/schema.org","@graph":[{"@type":"WebPage","@id":"https:\/\/rauchfrei.at\/automatisch-gespeicherter-entwurf-4\/","url":"https:\/\/rauchfrei.at\/automatisch-gespeicherter-entwurf-4\/","name":"Mehr Gerechtigkeit zum Weltgesundheitstag - Rauchfrei Telefon","isPartOf":{"@id":"https:\/\/rauchfrei.at\/#website"},"datePublished":"2021-04-05T06:00:00+00:00","dateModified":"2021-04-06T06:53:54+00:00","author":{"@id":"https:\/\/rauchfrei.at\/#\/schema\/person\/504bbf90c5482004fc09aef6de7f9277"},"inLanguage":"en-US","potentialAction":[{"@type":"ReadAction","target":["https:\/\/rauchfrei.at\/automatisch-gespeicherter-entwurf-4\/"]}]},{"@type":"WebSite","@id":"https:\/\/rauchfrei.at\/#website","url":"https:\/\/rauchfrei.at\/","name":"Rauchfrei Telefon","description":"Eine \u00f6sterreichweite Initiative der Sozialversicherungen.","potentialAction":[{"@type":"SearchAction","target":{"@type":"EntryPoint","urlTemplate":"https:\/\/rauchfrei.at\/?s={search_term_string}"},"query-input":{"@type":"PropertyValueSpecification","valueRequired":true,"valueName":"search_term_string"}}],"inLanguage":"en-US"},{"@type":"Person","@id":"https:\/\/rauchfrei.at\/#\/schema\/person\/504bbf90c5482004fc09aef6de7f9277","name":"Rauchfrei Team","image":{"@type":"ImageObject","inLanguage":"en-US","@id":"https:\/\/rauchfrei.at\/#\/schema\/person\/image\/","url":"https:\/\/secure.gravatar.com\/avatar\/2115b79a00800516fa1523bb5a329611f90e73e89be559131fc7e82b4fdc95ff?s=96&d=mm&r=g","contentUrl":"https:\/\/secure.gravatar.com\/avatar\/2115b79a00800516fa1523bb5a329611f90e73e89be559131fc7e82b4fdc95ff?s=96&d=mm&r=g","caption":"Rauchfrei Team"},"url":"https:\/\/rauchfrei.at\/en\/author\/rauchfrei-team\/"}]}},"_links":{"self":[{"href":"https:\/\/rauchfrei.at\/en\/wp-json\/wp\/v2\/posts\/20383","targetHints":{"allow":["GET"]}}],"collection":[{"href":"https:\/\/rauchfrei.at\/en\/wp-json\/wp\/v2\/posts"}],"about":[{"href":"https:\/\/rauchfrei.at\/en\/wp-json\/wp\/v2\/types\/post"}],"author":[{"embeddable":true,"href":"https:\/\/rauchfrei.at\/en\/wp-json\/wp\/v2\/users\/25"}],"replies":[{"embeddable":true,"href":"https:\/\/rauchfrei.at\/en\/wp-json\/wp\/v2\/comments?post=20383"}],"version-history":[{"count":9,"href":"https:\/\/rauchfrei.at\/en\/wp-json\/wp\/v2\/posts\/20383\/revisions"}],"predecessor-version":[{"id":20397,"href":"https:\/\/rauchfrei.at\/en\/wp-json\/wp\/v2\/posts\/20383\/revisions\/20397"}],"wp:attachment":[{"href":"https:\/\/rauchfrei.at\/en\/wp-json\/wp\/v2\/media?parent=20383"}],"wp:term":[{"taxonomy":"category","embeddable":true,"href":"https:\/\/rauchfrei.at\/en\/wp-json\/wp\/v2\/categories?post=20383"},{"taxonomy":"post_tag","embeddable":true,"href":"https:\/\/rauchfrei.at\/en\/wp-json\/wp\/v2\/tags?post=20383"}],"curies":[{"name":"wp","href":"https:\/\/api.w.org\/{rel}","templated":true}]}}