
{"id":20649,"date":"2021-05-11T09:02:26","date_gmt":"2021-05-11T07:02:26","guid":{"rendered":"https:\/\/rauchfrei.at\/?p=20649"},"modified":"2021-05-20T17:33:15","modified_gmt":"2021-05-20T15:33:15","slug":"automatisch-gespeicherter-entwurf-8","status":"publish","type":"post","link":"https:\/\/rauchfrei.at\/en\/automatisch-gespeicherter-entwurf-8\/","title":{"rendered":"Alkohol und Tabak \u2013 eine schlechte Kombination?"},"content":{"rendered":"\n\n\n\n\n\n[et_pb_section fb_built=&#8221;1&#8243; module_class=&#8221;header&#8221; _builder_version=&#8221;3.22&#8243;][et_pb_row _builder_version=&#8221;3.25&#8243;][et_pb_column type=&#8221;4_4&#8243; _builder_version=&#8221;3.25&#8243; custom_padding=&#8221;|||&#8221; custom_padding__hover=&#8221;|||&#8221;][et_pb_dp_dmb_module_10001 subheadline=&#8221;Der Monat Mai bringt Ver\u00e4nderung&#8221; _builder_version=&#8221;4.9.4&#8243; hover_enabled=&#8221;0&#8243; sticky_enabled=&#8221;0&#8243;][\/et_pb_dp_dmb_module_10001][\/et_pb_column][\/et_pb_row][\/et_pb_section][et_pb_section fb_built=&#8221;1&#8243; _builder_version=&#8221;3.22&#8243; custom_padding=&#8221;30px|||&#8221;][et_pb_row _builder_version=&#8221;3.25&#8243; column_structure=&#8221;2_3,1_3&#8243;][et_pb_column type=&#8221;2_3&#8243; module_class=&#8221;blog-content&#8221; _builder_version=&#8221;3.25&#8243; custom_padding=&#8221;|||&#8221; custom_padding__hover=&#8221;|||&#8221;][et_pb_text _builder_version=&#8221;4.9.4&#8243; hover_enabled=&#8221;0&#8243; sticky_enabled=&#8221;0&#8243;]<p>Das Glas Wein zum Essen und die Zigarette nach dem Essen geh\u00f6rt f\u00fcr viele zum Alltag.<\/p>\n<p>Aber geh\u00f6rt das zwangsl\u00e4ufig zusammen?<\/p>\n<p><strong>Mythos Verdauung:<\/strong><\/p>\n<p>Nikotin hat zwar eine Auswirkung auf die Verdauung, aber regelm\u00e4\u00dfige Bewegung und ausreichende Fl\u00fcssigkeitszufuhr regen die Verdauung besser an. Verdauungsschn\u00e4pse verd\u00fcnnen nicht das fette Essen, sondern die S\u00e4ure im Magen. Dadurch braucht die Verdauung wesentlich l\u00e4nger!<\/p>\n<p><strong>Mythos Rauchen steigert Alkoholkonsum:<br \/><\/strong><\/p>\n<p>Der h\u00e4ufigste Mischkonsum ist Alkohol mit Tabak. Wer kennt das Ph\u00e4nomen nicht? Die Zigarette steigert bei vielen Raucherinnen und Rauchern das Verlangen, Alkohol zu trinken.<\/p>\n<blockquote>\n<p>Wer Alkohol trinkt, raucht oft automatisch mehr.<br \/>Stimmt das und woran liegt das?<\/p>\n<\/blockquote>\n<p>Dazu gibt es mehrere Theorien:<\/p>\n<p>1) Alkohol enthemmt<br \/>Alkohol hat Auswirkungen auf unsere Nervenzellen und f\u00fchrt bei einigen Menschen ab einem gewissen Pegel zum Kontrollverlust. Gute Vors\u00e4tze sind dann schnell vergessen.<\/p>\n<p>2) Neurotransmitter Dopamin<br \/>Nikotin und Alkohol verst\u00e4rken wechselseitig die Dopamin-Aussch\u00fcttung und haben so gro\u00dfen Einfluss auf unser \u201eBelohnungssystem\u201c. Wir f\u00fchlen uns also gut und greifen immer wieder zu beidem.<\/p>\n<p>3) Zusammenspiel Ethanol und Nikotin<br \/>Alkohol macht oft m\u00fcde. Nikotin kann dem entgegenwirken und aktiviert wieder.<\/p>\n<p><a href=\"https:\/\/www.tandfonline.com\/doi\/full\/10.1080\/00952990.2016.1197232\"><\/a><\/p>\n<p>Egal, woran es liegt, fest steht jedenfalls: Diese Kombination birgt ein hohes gesundheitliches Risiko, denn nahezu jedes Organ wird dadurch gesch\u00e4digt. Au\u00dferdem haben Raucherinnen und Raucher laut Studien ein erh\u00f6htes Risiko f\u00fcr Alkoholmissbrauch und Alkoholabh\u00e4ngigkeit.<\/p>\n<p>Wenn auch Sie im Mai etwas ver\u00e4ndern wollen, finden Sie hier Anregungen<\/p>[\/et_pb_text][et_pb_toggle _builder_version=&#8221;4.9.4&#8243; _module_preset=&#8221;default&#8221; title=&#8221;Webinar&#8221; hover_enabled=&#8221;0&#8243; sticky_enabled=&#8221;0&#8243;]<p>&nbsp;<\/p>\n<p><strong>Gewohnheit oder Sucht \u2013 Wo ist die Grenze?<\/strong><\/p>\n<p>Am 12. Mai 2021 von 19:00 &#8211; 20:00 Uhr<\/p>\n<p>Anmeldung unter:<\/p>\n<p><a href=\"https:\/\/www.minimed.at\/veranstaltungen\/termin\/gewohnheit-oder-sucht-wo-ist-die-grenze-2021-05-12\/\">https:\/\/www.minimed.at\/veranstaltungen\/termin\/gewohnheit-oder-sucht-wo-ist-die-grenze-2021-05-12\/<\/a><\/p>\n<p>&nbsp;<\/p>[\/et_pb_toggle][et_pb_toggle _builder_version=&#8221;4.9.4&#8243; _module_preset=&#8221;default&#8221; hover_enabled=&#8221;0&#8243; sticky_enabled=&#8221;0&#8243; title=&#8221;Alkcoach&#8221;]<p>Unter <a href=\"http:\/\/www.alkcoach.at\">www.alkcoach.at<\/a> finden Sie ein digitales Selbsthilfeprogramm, es unterst\u00fctzt kostenlos und anonym dabei, weniger oder keinen Alkohol zu trinken.<\/p>[\/et_pb_toggle][et_pb_toggle _builder_version=&#8221;4.9.4&#8243; _module_preset=&#8221;default&#8221; title=&#8221;\u00d6sterreichische Dialogwoche Alkohol&#8221; hover_enabled=&#8221;0&#8243; sticky_enabled=&#8221;0&#8243;]<p>Unter dem Motto \u201eWie viel ist zu viel?\u201c finden von <strong>17.5. bis 23.5.2021 <\/strong>Online-Veranstaltungen statt.<\/p>\n<p>Auf <a href=\"http:\/\/www.dialogwoche-alkohol.at\">www.dialogwoche-alkohol.at<\/a> stehen Selbsteinsch\u00e4tzungstests, ein Quiz und vieles mehr bereit.<\/p>[\/et_pb_toggle][et_pb_text _builder_version=&#8221;4.9.4&#8243; _module_preset=&#8221;default&#8221; hover_enabled=&#8221;0&#8243; sticky_enabled=&#8221;0&#8243;]<p><span style=\"text-decoration: underline;\"><strong>Links:<\/strong><\/span><\/p>\n<p><a href=\"http:\/\/www.alkcoach.at\">www.alkcoach.at<\/a><\/p>\n<p><a href=\"http:\/\/www.dialogwoche-alkohol.at\">www.dialogwoche-alkohol.at<\/a><\/p>\n<p><a href=\"https:\/\/www.minimed.at\/veranstaltungen\/termin\/gewohnheit-oder-sucht-wo-ist-die-grenze-2021-05-12\/\">https:\/\/www.minimed.at<\/a><\/p>\n<p><span style=\"text-decoration: underline;\"><strong>Studien dazu:<\/strong><\/span><\/p>\n<p><a href=\"https:\/\/link.springer.com\/chapter\/10.1007%2F164_2017_89\">Klenowski and Tapper: Molecular, Neuronal, and Behavioral Effects of Ethanol and Nicotine Interactions (2018)<\/a><\/p>\n<p><a href=\"https:\/\/www.tandfonline.com\/doi\/full\/10.1080\/00952990.2016.1197232\">Tarren und Bartlett: Alcohol and nicotine interactions: preclinical models of dependence (2017)<\/a><\/p>[\/et_pb_text][\/et_pb_column][et_pb_column type=&#8221;1_3&#8243; module_class=&#8221;cat-and-tag&#8221; _builder_version=&#8221;3.25&#8243; custom_padding=&#8221;|||&#8221; custom_padding__hover=&#8221;|||&#8221;][et_pb_sidebar area=&#8221;et_pb_widget_area_1&#8243; _builder_version=&#8221;3.0.99&#8243;][\/et_pb_sidebar][et_pb_dp_dmb_module_10093 farbe=&#8221;blitzgelb&#8221; headline=&#8221;Trauen Sie sich den Rauchstopp zu!&#8221; image=&#8221;https:\/\/rauchfrei.at\/wp-content\/uploads\/Quitting-Yellow.png&#8221; image_position=&#8221;center&#8221; link_text=&#8221;mehr&#8221; link_url=&#8221;https:\/\/rauchfrei.at\/aufhoeren\/schritte-zum-rauchstopp\/trauen-sie-sich-den-rauchstopp-zu\/&#8221; admin_label=&#8221;Trauen Sie sich den Rauchstopp zu&#8221; _builder_version=&#8221;3.19.15&#8243; saved_tabs=&#8221;all&#8221; global_module=&#8221;13173&#8243;]<p>Sie m\u00f6chten etwas \u00e4ndern? Worauf warten Sie noch?<\/p>\n[\/et_pb_dp_dmb_module_10093][\/et_pb_column][\/et_pb_row][\/et_pb_section]\n\n\n\n\n\n","protected":false},"excerpt":{"rendered":"<p>Zigarette nach dem Essen oder Verdauungsschnaps? Beides hilft der Verdauung nicht. Anl\u00e4sslich der Dialogwoche Alkohol und des Weltnichtrauchertags im Mai wollen wir auf Mythen und Fakten aufmerksam machen und Sie anregen, den eigenen Umgang mit Alkohol und Zigaretten zu \u00fcberdenken.<\/p>\n","protected":false},"author":25,"featured_media":0,"comment_status":"open","ping_status":"open","sticky":false,"template":"","format":"standard","meta":{"_et_pb_use_builder":"on","_et_pb_old_content":"","_et_gb_content_width":"2880","footnotes":""},"categories":[235,236],"tags":[],"class_list":["post-20649","post","type-post","status-publish","format-standard","hentry","category-gesundheit-und-rauchstopp","category-nicht-kategorisiert"],"yoast_head":"<!-- This site is optimized with the Yoast SEO plugin v26.2 - https:\/\/yoast.com\/wordpress\/plugins\/seo\/ -->\n<title>Alkohol und Tabak \u2013 eine schlechte Kombination? - Rauchfrei Telefon<\/title>\n<meta name=\"robots\" content=\"index, follow, max-snippet:-1, max-image-preview:large, max-video-preview:-1\" \/>\n<link rel=\"canonical\" href=\"https:\/\/rauchfrei.at\/automatisch-gespeicherter-entwurf-8\/\" \/>\n<meta property=\"og:locale\" content=\"en_US\" \/>\n<meta property=\"og:type\" content=\"article\" \/>\n<meta property=\"og:title\" content=\"Alkohol und Tabak \u2013 eine schlechte Kombination? - Rauchfrei Telefon\" \/>\n<meta property=\"og:description\" content=\"Zigarette nach dem Essen oder Verdauungsschnaps? Beides hilft der Verdauung nicht. Anl\u00e4sslich der Dialogwoche Alkohol und des Weltnichtrauchertags im Mai wollen wir auf Mythen und Fakten aufmerksam machen und Sie anregen, den eigenen Umgang mit Alkohol und Zigaretten zu \u00fcberdenken.\" \/>\n<meta property=\"og:url\" content=\"https:\/\/rauchfrei.at\/automatisch-gespeicherter-entwurf-8\/\" \/>\n<meta property=\"og:site_name\" content=\"Rauchfrei Telefon\" \/>\n<meta property=\"article:published_time\" content=\"2021-05-11T07:02:26+00:00\" \/>\n<meta property=\"article:modified_time\" content=\"2021-05-20T15:33:15+00:00\" \/>\n<meta name=\"author\" content=\"Rauchfrei Team\" \/>\n<meta name=\"twitter:card\" content=\"summary_large_image\" \/>\n<meta name=\"twitter:label1\" content=\"Written by\" \/>\n\t<meta name=\"twitter:data1\" content=\"Rauchfrei Team\" \/>\n\t<meta name=\"twitter:label2\" content=\"Est. reading time\" \/>\n\t<meta name=\"twitter:data2\" content=\"2 minutes\" \/>\n<script type=\"application\/ld+json\" class=\"yoast-schema-graph\">{\"@context\":\"https:\/\/schema.org\",\"@graph\":[{\"@type\":\"WebPage\",\"@id\":\"https:\/\/rauchfrei.at\/automatisch-gespeicherter-entwurf-8\/\",\"url\":\"https:\/\/rauchfrei.at\/automatisch-gespeicherter-entwurf-8\/\",\"name\":\"Alkohol und Tabak \u2013 eine schlechte Kombination? - Rauchfrei Telefon\",\"isPartOf\":{\"@id\":\"https:\/\/rauchfrei.at\/#website\"},\"datePublished\":\"2021-05-11T07:02:26+00:00\",\"dateModified\":\"2021-05-20T15:33:15+00:00\",\"author\":{\"@id\":\"https:\/\/rauchfrei.at\/#\/schema\/person\/504bbf90c5482004fc09aef6de7f9277\"},\"inLanguage\":\"en-US\",\"potentialAction\":[{\"@type\":\"ReadAction\",\"target\":[\"https:\/\/rauchfrei.at\/automatisch-gespeicherter-entwurf-8\/\"]}]},{\"@type\":\"WebSite\",\"@id\":\"https:\/\/rauchfrei.at\/#website\",\"url\":\"https:\/\/rauchfrei.at\/\",\"name\":\"Rauchfrei Telefon\",\"description\":\"Eine \u00f6sterreichweite Initiative der Sozialversicherungen.\",\"potentialAction\":[{\"@type\":\"SearchAction\",\"target\":{\"@type\":\"EntryPoint\",\"urlTemplate\":\"https:\/\/rauchfrei.at\/?s={search_term_string}\"},\"query-input\":{\"@type\":\"PropertyValueSpecification\",\"valueRequired\":true,\"valueName\":\"search_term_string\"}}],\"inLanguage\":\"en-US\"},{\"@type\":\"Person\",\"@id\":\"https:\/\/rauchfrei.at\/#\/schema\/person\/504bbf90c5482004fc09aef6de7f9277\",\"name\":\"Rauchfrei Team\",\"image\":{\"@type\":\"ImageObject\",\"inLanguage\":\"en-US\",\"@id\":\"https:\/\/rauchfrei.at\/#\/schema\/person\/image\/\",\"url\":\"https:\/\/secure.gravatar.com\/avatar\/2115b79a00800516fa1523bb5a329611f90e73e89be559131fc7e82b4fdc95ff?s=96&d=mm&r=g\",\"contentUrl\":\"https:\/\/secure.gravatar.com\/avatar\/2115b79a00800516fa1523bb5a329611f90e73e89be559131fc7e82b4fdc95ff?s=96&d=mm&r=g\",\"caption\":\"Rauchfrei Team\"},\"url\":\"https:\/\/rauchfrei.at\/en\/author\/rauchfrei-team\/\"}]}<\/script>\n<!-- \/ Yoast SEO plugin. -->","yoast_head_json":{"title":"Alkohol und Tabak \u2013 eine schlechte Kombination? - Rauchfrei Telefon","robots":{"index":"index","follow":"follow","max-snippet":"max-snippet:-1","max-image-preview":"max-image-preview:large","max-video-preview":"max-video-preview:-1"},"canonical":"https:\/\/rauchfrei.at\/automatisch-gespeicherter-entwurf-8\/","og_locale":"en_US","og_type":"article","og_title":"Alkohol und Tabak \u2013 eine schlechte Kombination? - Rauchfrei Telefon","og_description":"Zigarette nach dem Essen oder Verdauungsschnaps? Beides hilft der Verdauung nicht. Anl\u00e4sslich der Dialogwoche Alkohol und des Weltnichtrauchertags im Mai wollen wir auf Mythen und Fakten aufmerksam machen und Sie anregen, den eigenen Umgang mit Alkohol und Zigaretten zu \u00fcberdenken.","og_url":"https:\/\/rauchfrei.at\/automatisch-gespeicherter-entwurf-8\/","og_site_name":"Rauchfrei Telefon","article_published_time":"2021-05-11T07:02:26+00:00","article_modified_time":"2021-05-20T15:33:15+00:00","author":"Rauchfrei Team","twitter_card":"summary_large_image","twitter_misc":{"Written by":"Rauchfrei Team","Est. reading time":"2 minutes"},"schema":{"@context":"https:\/\/schema.org","@graph":[{"@type":"WebPage","@id":"https:\/\/rauchfrei.at\/automatisch-gespeicherter-entwurf-8\/","url":"https:\/\/rauchfrei.at\/automatisch-gespeicherter-entwurf-8\/","name":"Alkohol und Tabak \u2013 eine schlechte Kombination? - Rauchfrei Telefon","isPartOf":{"@id":"https:\/\/rauchfrei.at\/#website"},"datePublished":"2021-05-11T07:02:26+00:00","dateModified":"2021-05-20T15:33:15+00:00","author":{"@id":"https:\/\/rauchfrei.at\/#\/schema\/person\/504bbf90c5482004fc09aef6de7f9277"},"inLanguage":"en-US","potentialAction":[{"@type":"ReadAction","target":["https:\/\/rauchfrei.at\/automatisch-gespeicherter-entwurf-8\/"]}]},{"@type":"WebSite","@id":"https:\/\/rauchfrei.at\/#website","url":"https:\/\/rauchfrei.at\/","name":"Rauchfrei Telefon","description":"Eine \u00f6sterreichweite Initiative der Sozialversicherungen.","potentialAction":[{"@type":"SearchAction","target":{"@type":"EntryPoint","urlTemplate":"https:\/\/rauchfrei.at\/?s={search_term_string}"},"query-input":{"@type":"PropertyValueSpecification","valueRequired":true,"valueName":"search_term_string"}}],"inLanguage":"en-US"},{"@type":"Person","@id":"https:\/\/rauchfrei.at\/#\/schema\/person\/504bbf90c5482004fc09aef6de7f9277","name":"Rauchfrei Team","image":{"@type":"ImageObject","inLanguage":"en-US","@id":"https:\/\/rauchfrei.at\/#\/schema\/person\/image\/","url":"https:\/\/secure.gravatar.com\/avatar\/2115b79a00800516fa1523bb5a329611f90e73e89be559131fc7e82b4fdc95ff?s=96&d=mm&r=g","contentUrl":"https:\/\/secure.gravatar.com\/avatar\/2115b79a00800516fa1523bb5a329611f90e73e89be559131fc7e82b4fdc95ff?s=96&d=mm&r=g","caption":"Rauchfrei Team"},"url":"https:\/\/rauchfrei.at\/en\/author\/rauchfrei-team\/"}]}},"_links":{"self":[{"href":"https:\/\/rauchfrei.at\/en\/wp-json\/wp\/v2\/posts\/20649","targetHints":{"allow":["GET"]}}],"collection":[{"href":"https:\/\/rauchfrei.at\/en\/wp-json\/wp\/v2\/posts"}],"about":[{"href":"https:\/\/rauchfrei.at\/en\/wp-json\/wp\/v2\/types\/post"}],"author":[{"embeddable":true,"href":"https:\/\/rauchfrei.at\/en\/wp-json\/wp\/v2\/users\/25"}],"replies":[{"embeddable":true,"href":"https:\/\/rauchfrei.at\/en\/wp-json\/wp\/v2\/comments?post=20649"}],"version-history":[{"count":5,"href":"https:\/\/rauchfrei.at\/en\/wp-json\/wp\/v2\/posts\/20649\/revisions"}],"predecessor-version":[{"id":20798,"href":"https:\/\/rauchfrei.at\/en\/wp-json\/wp\/v2\/posts\/20649\/revisions\/20798"}],"wp:attachment":[{"href":"https:\/\/rauchfrei.at\/en\/wp-json\/wp\/v2\/media?parent=20649"}],"wp:term":[{"taxonomy":"category","embeddable":true,"href":"https:\/\/rauchfrei.at\/en\/wp-json\/wp\/v2\/categories?post=20649"},{"taxonomy":"post_tag","embeddable":true,"href":"https:\/\/rauchfrei.at\/en\/wp-json\/wp\/v2\/tags?post=20649"}],"curies":[{"name":"wp","href":"https:\/\/api.w.org\/{rel}","templated":true}]}}