
{"id":20674,"date":"2021-05-18T08:00:00","date_gmt":"2021-05-18T06:00:00","guid":{"rendered":"https:\/\/rauchfrei.at\/?p=20674"},"modified":"2021-05-17T10:55:37","modified_gmt":"2021-05-17T08:55:37","slug":"20674-2","status":"publish","type":"post","link":"https:\/\/rauchfrei.at\/en\/20674-2\/","title":{"rendered":"Jahresbericht 2020 &#8211;  Das Rauchfrei Telefon im Ausnahmejahr 2020"},"content":{"rendered":"\n[et_pb_section fb_built=&#8221;1&#8243; module_class=&#8221;header&#8221; _builder_version=&#8221;3.22&#8243;][et_pb_row _builder_version=&#8221;3.25&#8243;][et_pb_column type=&#8221;4_4&#8243; _builder_version=&#8221;3.25&#8243; custom_padding=&#8221;|||&#8221; custom_padding__hover=&#8221;|||&#8221;][et_pb_dp_dmb_module_10001 subheadline=&#8221;Auswirkungen der Pandemie auf die Beratung&#8221; _builder_version=&#8221;4.9.4&#8243;][\/et_pb_dp_dmb_module_10001][\/et_pb_column][\/et_pb_row][\/et_pb_section][et_pb_section fb_built=&#8221;1&#8243; _builder_version=&#8221;3.22&#8243;][et_pb_row column_structure=&#8221;2_3,1_3&#8243; _builder_version=&#8221;3.25&#8243; background_size=&#8221;initial&#8221; background_position=&#8221;top_left&#8221; background_repeat=&#8221;repeat&#8221;][et_pb_column type=&#8221;2_3&#8243; _builder_version=&#8221;3.25&#8243; custom_padding=&#8221;|||&#8221; custom_padding__hover=&#8221;|||&#8221;][et_pb_text _builder_version=&#8221;4.9.4&#8243;]<p>Die Homepage<strong> www.rauchfrei.at<\/strong> auf der Sie sich gerade befinden, wurde im Jahr 2020 im Durchschnitt 800 mal pro Tag aufgerufen. Eine Woche nach dem ersten Lockdown in \u00d6sterreich verzeichneten wir die h\u00f6chste Zugriffsrate auf unsere Homepage, 1.330 Personen haben am 24. M\u00e4rz 2020 www.rauchfrei.at aufgerufen. Der zweitst\u00e4rkste Tag (1.180) war der 31. Mai, der Weltnichtrauchertag.<\/p>\n<p>Unser Beratungsangebot stand 2020 uneingeschr\u00e4nkt zur Verf\u00fcgung. Die Inhalte der Beratung wurden durch die Corona-Pandemie und die dadurch verursachten Lebensbedingungen durch Lockdowns, Homeoffice, Homeschooling und die allgemeinen Unsicherheiten beeinflusst.<\/p>\n<p>Wir gingen mit vermehrten Blogbeitr\u00e4gen und h\u00e4ufigeren Facebook-Beitr\u00e4gen auf die aktuelle Lage ein, um situationsbedingte Hilfe und Unterst\u00fctzung zur Verf\u00fcgung zu stellen und den Stellenwert des Rauchstopps gerade in Bezug auf die Covid-Erkrankung zu verdeutlichen.<br \/>Die Auseinandersetzung mit dem Rauchstopp war f\u00fcr manche durch die besonderen Umst\u00e4nde erschwert, andere konnten die Abstinenz leichter erreichen, da der \u201eneue Alltag\u201c leichter rauchfrei zu gestalten war. Auch ganz neue Themen wie etwa Entzugserscheinungen bei Jugendlichen im Lockdown traten geh\u00e4uft auf.<\/p>\n<p><span style=\"color: #33cccc;\"><em>\u201eEin Anrufer (52 Jahre) l\u00e4sst sich beraten und nutzt die Gelegenheit der Pandemie<\/em><\/span><br \/><span style=\"color: #33cccc;\"><em>um aufzuh\u00f6ren, da er im Homeoffice Pausen anders und alleine gestalten kann.<\/em><\/span><br \/><span style=\"color: #33cccc;\"><em>Auch auf das Feierabendbier kann er nicht gehen, da die Lokale zu sind. Er strebt<\/em><\/span><br \/><span style=\"color: #33cccc;\"><em>generell einen ges\u00fcnderen Lebensstil an und bemerkt dann als er rauchfrei ist,<\/em><\/span><br \/><span style=\"color: #33cccc;\"><em>dass das \u201eSchnaufen beim Stiegensteigen\u201c gar nicht aufgrund der Maske, sondern<\/em><\/span><br \/><span style=\"color: #33cccc;\"><em>durch das Rauchen bedingt war. Er ist froh \u00fcber die k\u00f6rperlichen Verbesserungen<\/em><\/span><br \/><span style=\"color: #33cccc;\"><em>durch die Rauchfreiheit.\u201c<\/em><\/span><\/p>\n<p>Mehr Erfahrungsberichte und die Zahlen rund um die Arbeit des Rauchfrei Telefons im Jahr 2020 lesen Sie im aktuellen<a href=\"https:\/\/rauchfrei.at\/2020_jahresbericht_rauchfrei_telefon_web\/\"> Jahresbericht<\/a>:<\/p>\n<p><a href=\"https:\/\/rauchfrei.at\/2020_jahresbericht_rauchfrei_telefon_web\/\" title=\"Jahresbericht Rauchfrei Telefon 2020\"><img loading=\"lazy\" decoding=\"async\" src=\"https:\/\/rauchfrei.at\/wp-content\/uploads\/jahresbericht-2020-225x160.png\" alt=\"\" class=\"wp-image-20684 alignnone size-medium\" width=\"225\" height=\"160\" \/><\/a> (C)Rauchfrei Telefon<\/p>\n<p>&nbsp;<\/p>\n<p>&nbsp;<\/p>[\/et_pb_text][\/et_pb_column][et_pb_column type=&#8221;1_3&#8243; _builder_version=&#8221;3.25&#8243; custom_padding=&#8221;|||&#8221; custom_padding__hover=&#8221;|||&#8221;][et_pb_dp_dmb_module_10093 farbe=&#8221;beige&#8221; headline=&#8221;Das Rauchfrei Ticket &#8211; Informationen f\u00fcr Profis&#8221; image=&#8221;https:\/\/rauchfrei.at\/wp-content\/uploads\/eins-2.jpg&#8221; link_text=&#8221;mehr&#8221; link_url=&#8221;https:\/\/rauchfrei.at\/fuer-gesundheitsberufe\/das-rauchfrei-ticket\/&#8221; admin_label=&#8221;Das Rauchfrei Ticket&#8221; _builder_version=&#8221;3.21&#8243; global_module=&#8221;15118&#8243; saved_tabs=&#8221;all&#8221;][\/et_pb_dp_dmb_module_10093][et_pb_dp_dmb_module_10093 farbe=&#8221;beige&#8221; image=&#8221;https:\/\/rauchfrei.at\/wp-content\/uploads\/rauchfreiapp_screens.png&#8221; image_position=&#8221;center&#8221; link_text=&#8221;zum Download&#8221; link_url=&#8221;http:\/\/www.rauchfreiapp.at\/&#8221; image_size=&#8221;70&#8243; admin_label=&#8221;Die Rauchfrei App&#8221; _builder_version=&#8221;3.21.1&#8243; z_index_tablet=&#8221;500&#8243; global_module=&#8221;12606&#8243; saved_tabs=&#8221;all&#8221;]<p>kostenlose Unterst\u00fctzung und Motivation per Smartphone<\/p>\n[\/et_pb_dp_dmb_module_10093][\/et_pb_column][\/et_pb_row][\/et_pb_section]\n","protected":false},"excerpt":{"rendered":"<p>Auch die Arbeit des Rauchfrei Telefons hat sich durch die au\u00dferordentlichen Gegebenheiten im Jahr 2020 ver\u00e4ndert. Auswirkungen gab es sowohl inhaltlich als auch im Hinblick auf die Nutzungszahlen. Mehr zu den Zahlen und Hintergrundinformationen lesen Sie im aktuellen Jahresbericht.<\/p>\n","protected":false},"author":25,"featured_media":0,"comment_status":"open","ping_status":"open","sticky":false,"template":"","format":"standard","meta":{"_et_pb_use_builder":"on","_et_pb_old_content":"","_et_gb_content_width":"2880","footnotes":""},"categories":[232],"tags":[],"class_list":["post-20674","post","type-post","status-publish","format-standard","hentry","category-nachrichten-vom-rauchfrei-telefon"],"yoast_head":"<!-- This site is optimized with the Yoast SEO plugin v26.2 - https:\/\/yoast.com\/wordpress\/plugins\/seo\/ -->\n<title>Jahresbericht 2020 - Das Rauchfrei Telefon im Ausnahmejahr 2020 - Rauchfrei Telefon<\/title>\n<meta name=\"robots\" content=\"index, follow, max-snippet:-1, max-image-preview:large, max-video-preview:-1\" \/>\n<link rel=\"canonical\" href=\"https:\/\/rauchfrei.at\/20674-2\/\" \/>\n<meta property=\"og:locale\" content=\"en_US\" \/>\n<meta property=\"og:type\" content=\"article\" \/>\n<meta property=\"og:title\" content=\"Jahresbericht 2020 - Das Rauchfrei Telefon im Ausnahmejahr 2020 - Rauchfrei Telefon\" \/>\n<meta property=\"og:description\" content=\"Auch die Arbeit des Rauchfrei Telefons hat sich durch die au\u00dferordentlichen Gegebenheiten im Jahr 2020 ver\u00e4ndert. Auswirkungen gab es sowohl inhaltlich als auch im Hinblick auf die Nutzungszahlen. Mehr zu den Zahlen und Hintergrundinformationen lesen Sie im aktuellen Jahresbericht.\" \/>\n<meta property=\"og:url\" content=\"https:\/\/rauchfrei.at\/20674-2\/\" \/>\n<meta property=\"og:site_name\" content=\"Rauchfrei Telefon\" \/>\n<meta property=\"article:published_time\" content=\"2021-05-18T06:00:00+00:00\" \/>\n<meta property=\"og:image\" content=\"https:\/\/rauchfrei.at\/wp-content\/uploads\/jahresbericht-2020-225x160.png\" \/>\n<meta name=\"author\" content=\"Rauchfrei Team\" \/>\n<meta name=\"twitter:card\" content=\"summary_large_image\" \/>\n<meta name=\"twitter:label1\" content=\"Written by\" \/>\n\t<meta name=\"twitter:data1\" content=\"Rauchfrei Team\" \/>\n\t<meta name=\"twitter:label2\" content=\"Est. reading time\" \/>\n\t<meta name=\"twitter:data2\" content=\"2 minutes\" \/>\n<script type=\"application\/ld+json\" class=\"yoast-schema-graph\">{\"@context\":\"https:\/\/schema.org\",\"@graph\":[{\"@type\":\"WebPage\",\"@id\":\"https:\/\/rauchfrei.at\/20674-2\/\",\"url\":\"https:\/\/rauchfrei.at\/20674-2\/\",\"name\":\"Jahresbericht 2020 - Das Rauchfrei Telefon im Ausnahmejahr 2020 - Rauchfrei Telefon\",\"isPartOf\":{\"@id\":\"https:\/\/rauchfrei.at\/#website\"},\"primaryImageOfPage\":{\"@id\":\"https:\/\/rauchfrei.at\/20674-2\/#primaryimage\"},\"image\":{\"@id\":\"https:\/\/rauchfrei.at\/20674-2\/#primaryimage\"},\"thumbnailUrl\":\"https:\/\/rauchfrei.at\/wp-content\/uploads\/jahresbericht-2020-225x160.png\",\"datePublished\":\"2021-05-18T06:00:00+00:00\",\"author\":{\"@id\":\"https:\/\/rauchfrei.at\/#\/schema\/person\/504bbf90c5482004fc09aef6de7f9277\"},\"inLanguage\":\"en-US\",\"potentialAction\":[{\"@type\":\"ReadAction\",\"target\":[\"https:\/\/rauchfrei.at\/20674-2\/\"]}]},{\"@type\":\"ImageObject\",\"inLanguage\":\"en-US\",\"@id\":\"https:\/\/rauchfrei.at\/20674-2\/#primaryimage\",\"url\":\"https:\/\/rauchfrei.at\/wp-content\/uploads\/jahresbericht-2020-225x160.png\",\"contentUrl\":\"https:\/\/rauchfrei.at\/wp-content\/uploads\/jahresbericht-2020-225x160.png\"},{\"@type\":\"WebSite\",\"@id\":\"https:\/\/rauchfrei.at\/#website\",\"url\":\"https:\/\/rauchfrei.at\/\",\"name\":\"Rauchfrei Telefon\",\"description\":\"Eine \u00f6sterreichweite Initiative der Sozialversicherungen.\",\"potentialAction\":[{\"@type\":\"SearchAction\",\"target\":{\"@type\":\"EntryPoint\",\"urlTemplate\":\"https:\/\/rauchfrei.at\/?s={search_term_string}\"},\"query-input\":{\"@type\":\"PropertyValueSpecification\",\"valueRequired\":true,\"valueName\":\"search_term_string\"}}],\"inLanguage\":\"en-US\"},{\"@type\":\"Person\",\"@id\":\"https:\/\/rauchfrei.at\/#\/schema\/person\/504bbf90c5482004fc09aef6de7f9277\",\"name\":\"Rauchfrei Team\",\"image\":{\"@type\":\"ImageObject\",\"inLanguage\":\"en-US\",\"@id\":\"https:\/\/rauchfrei.at\/#\/schema\/person\/image\/\",\"url\":\"https:\/\/secure.gravatar.com\/avatar\/2115b79a00800516fa1523bb5a329611f90e73e89be559131fc7e82b4fdc95ff?s=96&d=mm&r=g\",\"contentUrl\":\"https:\/\/secure.gravatar.com\/avatar\/2115b79a00800516fa1523bb5a329611f90e73e89be559131fc7e82b4fdc95ff?s=96&d=mm&r=g\",\"caption\":\"Rauchfrei Team\"},\"url\":\"https:\/\/rauchfrei.at\/en\/author\/rauchfrei-team\/\"}]}<\/script>\n<!-- \/ Yoast SEO plugin. -->","yoast_head_json":{"title":"Jahresbericht 2020 - Das Rauchfrei Telefon im Ausnahmejahr 2020 - Rauchfrei Telefon","robots":{"index":"index","follow":"follow","max-snippet":"max-snippet:-1","max-image-preview":"max-image-preview:large","max-video-preview":"max-video-preview:-1"},"canonical":"https:\/\/rauchfrei.at\/20674-2\/","og_locale":"en_US","og_type":"article","og_title":"Jahresbericht 2020 - Das Rauchfrei Telefon im Ausnahmejahr 2020 - Rauchfrei Telefon","og_description":"Auch die Arbeit des Rauchfrei Telefons hat sich durch die au\u00dferordentlichen Gegebenheiten im Jahr 2020 ver\u00e4ndert. Auswirkungen gab es sowohl inhaltlich als auch im Hinblick auf die Nutzungszahlen. Mehr zu den Zahlen und Hintergrundinformationen lesen Sie im aktuellen Jahresbericht.","og_url":"https:\/\/rauchfrei.at\/20674-2\/","og_site_name":"Rauchfrei Telefon","article_published_time":"2021-05-18T06:00:00+00:00","og_image":[{"url":"https:\/\/rauchfrei.at\/wp-content\/uploads\/jahresbericht-2020-225x160.png","type":"","width":"","height":""}],"author":"Rauchfrei Team","twitter_card":"summary_large_image","twitter_misc":{"Written by":"Rauchfrei Team","Est. reading time":"2 minutes"},"schema":{"@context":"https:\/\/schema.org","@graph":[{"@type":"WebPage","@id":"https:\/\/rauchfrei.at\/20674-2\/","url":"https:\/\/rauchfrei.at\/20674-2\/","name":"Jahresbericht 2020 - Das Rauchfrei Telefon im Ausnahmejahr 2020 - Rauchfrei Telefon","isPartOf":{"@id":"https:\/\/rauchfrei.at\/#website"},"primaryImageOfPage":{"@id":"https:\/\/rauchfrei.at\/20674-2\/#primaryimage"},"image":{"@id":"https:\/\/rauchfrei.at\/20674-2\/#primaryimage"},"thumbnailUrl":"https:\/\/rauchfrei.at\/wp-content\/uploads\/jahresbericht-2020-225x160.png","datePublished":"2021-05-18T06:00:00+00:00","author":{"@id":"https:\/\/rauchfrei.at\/#\/schema\/person\/504bbf90c5482004fc09aef6de7f9277"},"inLanguage":"en-US","potentialAction":[{"@type":"ReadAction","target":["https:\/\/rauchfrei.at\/20674-2\/"]}]},{"@type":"ImageObject","inLanguage":"en-US","@id":"https:\/\/rauchfrei.at\/20674-2\/#primaryimage","url":"https:\/\/rauchfrei.at\/wp-content\/uploads\/jahresbericht-2020-225x160.png","contentUrl":"https:\/\/rauchfrei.at\/wp-content\/uploads\/jahresbericht-2020-225x160.png"},{"@type":"WebSite","@id":"https:\/\/rauchfrei.at\/#website","url":"https:\/\/rauchfrei.at\/","name":"Rauchfrei Telefon","description":"Eine \u00f6sterreichweite Initiative der Sozialversicherungen.","potentialAction":[{"@type":"SearchAction","target":{"@type":"EntryPoint","urlTemplate":"https:\/\/rauchfrei.at\/?s={search_term_string}"},"query-input":{"@type":"PropertyValueSpecification","valueRequired":true,"valueName":"search_term_string"}}],"inLanguage":"en-US"},{"@type":"Person","@id":"https:\/\/rauchfrei.at\/#\/schema\/person\/504bbf90c5482004fc09aef6de7f9277","name":"Rauchfrei Team","image":{"@type":"ImageObject","inLanguage":"en-US","@id":"https:\/\/rauchfrei.at\/#\/schema\/person\/image\/","url":"https:\/\/secure.gravatar.com\/avatar\/2115b79a00800516fa1523bb5a329611f90e73e89be559131fc7e82b4fdc95ff?s=96&d=mm&r=g","contentUrl":"https:\/\/secure.gravatar.com\/avatar\/2115b79a00800516fa1523bb5a329611f90e73e89be559131fc7e82b4fdc95ff?s=96&d=mm&r=g","caption":"Rauchfrei Team"},"url":"https:\/\/rauchfrei.at\/en\/author\/rauchfrei-team\/"}]}},"_links":{"self":[{"href":"https:\/\/rauchfrei.at\/en\/wp-json\/wp\/v2\/posts\/20674","targetHints":{"allow":["GET"]}}],"collection":[{"href":"https:\/\/rauchfrei.at\/en\/wp-json\/wp\/v2\/posts"}],"about":[{"href":"https:\/\/rauchfrei.at\/en\/wp-json\/wp\/v2\/types\/post"}],"author":[{"embeddable":true,"href":"https:\/\/rauchfrei.at\/en\/wp-json\/wp\/v2\/users\/25"}],"replies":[{"embeddable":true,"href":"https:\/\/rauchfrei.at\/en\/wp-json\/wp\/v2\/comments?post=20674"}],"version-history":[{"count":13,"href":"https:\/\/rauchfrei.at\/en\/wp-json\/wp\/v2\/posts\/20674\/revisions"}],"predecessor-version":[{"id":20716,"href":"https:\/\/rauchfrei.at\/en\/wp-json\/wp\/v2\/posts\/20674\/revisions\/20716"}],"wp:attachment":[{"href":"https:\/\/rauchfrei.at\/en\/wp-json\/wp\/v2\/media?parent=20674"}],"wp:term":[{"taxonomy":"category","embeddable":true,"href":"https:\/\/rauchfrei.at\/en\/wp-json\/wp\/v2\/categories?post=20674"},{"taxonomy":"post_tag","embeddable":true,"href":"https:\/\/rauchfrei.at\/en\/wp-json\/wp\/v2\/tags?post=20674"}],"curies":[{"name":"wp","href":"https:\/\/api.w.org\/{rel}","templated":true}]}}