
{"id":20746,"date":"2021-05-24T08:00:00","date_gmt":"2021-05-24T06:00:00","guid":{"rendered":"https:\/\/rauchfrei.at\/?p=20746"},"modified":"2022-05-25T09:09:00","modified_gmt":"2022-05-25T07:09:00","slug":"automatisch-gespeicherter-entwurf-7","status":"publish","type":"post","link":"https:\/\/rauchfrei.at\/en\/automatisch-gespeicherter-entwurf-7\/","title":{"rendered":"Den Arbeitsplatz rauchfrei gestalten"},"content":{"rendered":"<p>[et_pb_section fb_built=&#8221;1&#8243; module_class=&#8221;header&#8221; _builder_version=&#8221;4.16&#8243; global_colors_info=&#8221;{}&#8221;][et_pb_row _builder_version=&#8221;4.16&#8243; global_colors_info=&#8221;{}&#8221;][et_pb_column type=&#8221;4_4&#8243; _builder_version=&#8221;4.16&#8243; custom_padding=&#8221;|||&#8221; global_colors_info=&#8221;{}&#8221; custom_padding__hover=&#8221;|||&#8221;][et_pb_dp_dmb_module_10001 subheadline=&#8221;Erste Schritte zu einem gesundheitsf\u00f6rderlichen Arbeitsumfeld&#8221; _builder_version=&#8221;4.16&#8243; global_colors_info=&#8221;{}&#8221;][\/et_pb_dp_dmb_module_10001][\/et_pb_column][\/et_pb_row][\/et_pb_section][et_pb_section fb_built=&#8221;1&#8243; _builder_version=&#8221;4.16&#8243; global_colors_info=&#8221;{}&#8221;][et_pb_row column_structure=&#8221;2_3,1_3&#8243; _builder_version=&#8221;4.16&#8243; background_size=&#8221;initial&#8221; background_position=&#8221;top_left&#8221; background_repeat=&#8221;repeat&#8221; global_colors_info=&#8221;{}&#8221;][et_pb_column type=&#8221;2_3&#8243; _builder_version=&#8221;4.16&#8243; custom_padding=&#8221;|||&#8221; global_colors_info=&#8221;{}&#8221; custom_padding__hover=&#8221;|||&#8221;][et_pb_text _builder_version=&#8221;4.17.1&#8243; hover_enabled=&#8221;0&#8243; global_colors_info=&#8221;{}&#8221; sticky_enabled=&#8221;0&#8243;]<\/p>\n<p><strong>Rechtliche Rahmenbedingungen beachten<\/strong><br \/>Seit 1. Mai 2018 gilt, dass in Arbeitsst\u00e4tten in Geb\u00e4uden das Rauchen f\u00fcr alle Personen verboten ist, sofern eine Nichtraucherin oder ein Nichtraucher in der Arbeitsst\u00e4tte besch\u00e4ftigt wird. Wenn es eine ausreichende Zahl an R\u00e4umen gibt, so k\u00f6nnen eigene R\u00e4ume zum Rauchen eingerichtet werden. Wichtig ist auch, dass das Rauchverbot auch f\u00fcr Ex-Zigaretten und Wasserpfeifen gilt.<\/p>\n<p><strong>Was spricht f\u00fcr ein rauchfreies Arbeitsumfeld?<\/strong><br \/>Rauchverbote auf allen Arbeitspl\u00e4tzen und \u00f6ffentlichen R\u00e4umen gelten international als die wirksamste Strategie zum Schutz der Arbeitnehmerinnen und Arbeitnehmer sowie der Kundinnen und Kunden. Dabei ist zu beachten, dass durch Passivrauch die gleichen Erkrankungen verursacht werden wie durch aktives Rauchen. Beispielsweise erkranken Personen, die 10-15 Jahre in einem stark verrauchten Raum arbeiten m\u00fcssen, doppelt so h\u00e4ufig an Lungenkrebs wie Personen, deren Arbeitsplatz rauchfrei ist.<\/p>\n<p><strong>Aus gesundheitlicher Perspektive ist es sinnvoll, auf Raucherr\u00e4ume im Inneren zu verzichten!<\/strong><br \/>Auch wenn R\u00e4ume zum Rauchen unter bestimmten Voraussetzungen eingerichtet werden k\u00f6nnen, ist es sinnvoll, das Rauchen im Innenbereich zu verbieten. Man wei\u00df, dass normale T\u00fcren nicht ausreichend vor Tabakrauch sch\u00fctzen k\u00f6nnen. Zudem f\u00fchrt bei vielen Raucherinnen und Rauchern eine strikte Verlagerung des Rauchens in den \u201eungem\u00fctlichen\u201c Au\u00dfenbereich zu einer Reduktion der Zigarettenmenge und wird als einer der ersten Schritte am Weg in die Rauchfreiheit empfohlen.<\/p>\n<p><strong>Rauchfreiheit betrifft den gesamten Betrieb<\/strong><br \/>Da jeder Betrieb andere Voraussetzungen hat, sollten eigene Regelungen des Nichtraucherschutzes gefunden werden, die passend und durchf\u00fchrbar sind. Dabei ist es wichtig, alle Betriebspartnerinnen und Betriebspartner in den Prozess miteinzubeziehen. Der Einbezug m\u00f6glichst vieler Beteiligter erh\u00f6ht auch die Akzeptanz von festgelegten Ma\u00dfnahmen. Neben der Festlegung von Rauchbeschr\u00e4nkungen und damit einhergehenden Strategien empfiehlt die WHO auch die Gesundheitsf\u00f6rderung f\u00fcr das rauchende Personal, wie zum Beispiel das regelm\u00e4\u00dfige Angebot von Raucherentw\u00f6hnungskursen oder Informationstagen zum Thema Rauchen.<\/p>\n<p><strong>Weiterf\u00fchrende Informationen:<\/strong><\/p>\n<p><a href=\"https:\/\/rauchfrei.at\/fakten\/gesetzliches\/rauchen-am-arbeitsplatz\/\">Gesetzliche Rahmenbedingungen<\/a><\/p>\n<p><a href=\"https:\/\/www.netzwerk-bgf.at\/cdscontent\/load?contentid=10008.733752&amp;version=1583835438\">Faktensammlung Nichtraucherschutz im Betrieb<\/a><\/p>\n<p><a href=\"https:\/\/www.gesundheitskasse.at\/cdscontent\/?contentid=10007.867665&amp;portal=oegkportal\" target=\"_blank\" rel=\"noopener\">\u00d6GK &#8211; Rauchfrei im Betrieb<\/a><\/p>\n<p>[\/et_pb_text][\/et_pb_column][et_pb_column type=&#8221;1_3&#8243; _builder_version=&#8221;4.16&#8243; custom_padding=&#8221;|||&#8221; global_colors_info=&#8221;{}&#8221; custom_padding__hover=&#8221;|||&#8221;][et_pb_text admin_label=&#8221;Angebote in \u00d6sterreich&#8221; _builder_version=&#8221;3.27.4&#8243; custom_margin=&#8221;||60px&#8221; custom_padding=&#8221;||&#8221; link_option_url=&#8221;https:\/\/rauchfrei.at\/aufhoeren\/weitere-beratungsangebote-in-oe\/ambulante-beratung\/&#8221; global_module=&#8221;13404&#8243; saved_tabs=&#8221;all&#8221; global_colors_info=&#8221;{}&#8221;]<\/p>\n<p><a style=\"color: #212121;\" href=\"https:\/\/rauchfrei.at\/aufhoeren\/weitere-beratungsangebote-in-oe\/ambulante-beratung\/\"><\/p>\n<h2>Angebote in \u00d6sterreich<\/h2>\n<p><img loading=\"lazy\" decoding=\"async\" class=\"wp-image-13438 alignnone size-large\" src=\"https:\/\/rauchfrei.at\/wp-content\/uploads\/oesterreichkarte-2-480x248.png\" alt=\"\" width=\"480\" height=\"248\" srcset=\"https:\/\/rauchfrei.at\/wp-content\/uploads\/oesterreichkarte-2-480x248.png 480w, https:\/\/rauchfrei.at\/wp-content\/uploads\/oesterreichkarte-2-225x116.png 225w, https:\/\/rauchfrei.at\/wp-content\/uploads\/oesterreichkarte-2-768x397.png 768w, https:\/\/rauchfrei.at\/wp-content\/uploads\/oesterreichkarte-2-1080x558.png 1080w, https:\/\/rauchfrei.at\/wp-content\/uploads\/oesterreichkarte-2.png 1736w\" sizes=\"(max-width: 480px) 100vw, 480px\" \/><\/p>\n<p>Finden Sie das passende Angebot von ambulanter Einzelberatung bis hin zur station\u00e4ren Gruppenberatung<\/p>\n<p><\/a><\/p>\n<p><a class=\"mehr\" href=\"https:\/\/rauchfrei.at\/aufhoeren\/weitere-beratungsangebote-in-oe\/ambulante-beratung\/\">mehr<\/a><\/p>\n<p>[\/et_pb_text][et_pb_dp_dmb_module_10080 link_text=&#8221;mehr&#8221; link_url=&#8221;https:\/\/rauchfrei.at\/fakten\/gesetzliches\/&#8221; admin_label=&#8221;\u00a7 Gesetzliches zum Thema Nichtraucher\u00adschutz und Rauchen&#8221; _builder_version=&#8221;3.19.15&#8243; max_width=&#8221;100%&#8221; global_module=&#8221;13120&#8243; global_colors_info=&#8221;{}&#8221;]<\/p>\n<p><strong>Gesetzliches<\/strong> rund ums Thema \u00a7<\/p>\n<p>[\/et_pb_dp_dmb_module_10080][\/et_pb_column][\/et_pb_row][\/et_pb_section]<\/p>\n","protected":false},"excerpt":{"rendered":"<p>Ein rauchfreies Arbeitsumfeld ist leider nach wie vor nicht selbstverst\u00e4ndlich. Was sollten Arbeitgeberinnen und Arbeitgeber ber\u00fccksichtigen?<\/p>\n","protected":false},"author":25,"featured_media":0,"comment_status":"open","ping_status":"open","sticky":false,"template":"","format":"standard","meta":{"_et_pb_use_builder":"on","_et_pb_old_content":"","_et_gb_content_width":"2880","footnotes":""},"categories":[236],"tags":[],"class_list":["post-20746","post","type-post","status-publish","format-standard","hentry","category-nicht-kategorisiert"],"yoast_head":"<!-- This site is optimized with the Yoast SEO plugin v26.2 - https:\/\/yoast.com\/wordpress\/plugins\/seo\/ -->\n<title>Den Arbeitsplatz rauchfrei gestalten - Rauchfrei Telefon<\/title>\n<meta name=\"robots\" content=\"index, follow, max-snippet:-1, max-image-preview:large, max-video-preview:-1\" \/>\n<link rel=\"canonical\" href=\"https:\/\/rauchfrei.at\/automatisch-gespeicherter-entwurf-7\/\" \/>\n<meta property=\"og:locale\" content=\"en_US\" \/>\n<meta property=\"og:type\" content=\"article\" \/>\n<meta property=\"og:title\" content=\"Den Arbeitsplatz rauchfrei gestalten - Rauchfrei Telefon\" \/>\n<meta property=\"og:description\" content=\"Ein rauchfreies Arbeitsumfeld ist leider nach wie vor nicht selbstverst\u00e4ndlich. Was sollten Arbeitgeberinnen und Arbeitgeber ber\u00fccksichtigen?\" \/>\n<meta property=\"og:url\" content=\"https:\/\/rauchfrei.at\/automatisch-gespeicherter-entwurf-7\/\" \/>\n<meta property=\"og:site_name\" content=\"Rauchfrei Telefon\" \/>\n<meta property=\"article:published_time\" content=\"2021-05-24T06:00:00+00:00\" \/>\n<meta property=\"article:modified_time\" content=\"2022-05-25T07:09:00+00:00\" \/>\n<meta property=\"og:image\" content=\"https:\/\/rauchfrei.at\/wp-content\/uploads\/oesterreichkarte-2-480x248.png\" \/>\n<meta name=\"author\" content=\"Rauchfrei Team\" \/>\n<meta name=\"twitter:card\" content=\"summary_large_image\" \/>\n<meta name=\"twitter:label1\" content=\"Written by\" \/>\n\t<meta name=\"twitter:data1\" content=\"Rauchfrei Team\" \/>\n\t<meta name=\"twitter:label2\" content=\"Est. reading time\" \/>\n\t<meta name=\"twitter:data2\" content=\"2 minutes\" \/>\n<script type=\"application\/ld+json\" class=\"yoast-schema-graph\">{\"@context\":\"https:\/\/schema.org\",\"@graph\":[{\"@type\":\"WebPage\",\"@id\":\"https:\/\/rauchfrei.at\/automatisch-gespeicherter-entwurf-7\/\",\"url\":\"https:\/\/rauchfrei.at\/automatisch-gespeicherter-entwurf-7\/\",\"name\":\"Den Arbeitsplatz rauchfrei gestalten - Rauchfrei Telefon\",\"isPartOf\":{\"@id\":\"https:\/\/rauchfrei.at\/#website\"},\"primaryImageOfPage\":{\"@id\":\"https:\/\/rauchfrei.at\/automatisch-gespeicherter-entwurf-7\/#primaryimage\"},\"image\":{\"@id\":\"https:\/\/rauchfrei.at\/automatisch-gespeicherter-entwurf-7\/#primaryimage\"},\"thumbnailUrl\":\"https:\/\/rauchfrei.at\/wp-content\/uploads\/oesterreichkarte-2-480x248.png\",\"datePublished\":\"2021-05-24T06:00:00+00:00\",\"dateModified\":\"2022-05-25T07:09:00+00:00\",\"author\":{\"@id\":\"https:\/\/rauchfrei.at\/#\/schema\/person\/504bbf90c5482004fc09aef6de7f9277\"},\"inLanguage\":\"en-US\",\"potentialAction\":[{\"@type\":\"ReadAction\",\"target\":[\"https:\/\/rauchfrei.at\/automatisch-gespeicherter-entwurf-7\/\"]}]},{\"@type\":\"ImageObject\",\"inLanguage\":\"en-US\",\"@id\":\"https:\/\/rauchfrei.at\/automatisch-gespeicherter-entwurf-7\/#primaryimage\",\"url\":\"https:\/\/rauchfrei.at\/wp-content\/uploads\/oesterreichkarte-2-480x248.png\",\"contentUrl\":\"https:\/\/rauchfrei.at\/wp-content\/uploads\/oesterreichkarte-2-480x248.png\"},{\"@type\":\"WebSite\",\"@id\":\"https:\/\/rauchfrei.at\/#website\",\"url\":\"https:\/\/rauchfrei.at\/\",\"name\":\"Rauchfrei Telefon\",\"description\":\"Eine \u00f6sterreichweite Initiative der Sozialversicherungen.\",\"potentialAction\":[{\"@type\":\"SearchAction\",\"target\":{\"@type\":\"EntryPoint\",\"urlTemplate\":\"https:\/\/rauchfrei.at\/?s={search_term_string}\"},\"query-input\":{\"@type\":\"PropertyValueSpecification\",\"valueRequired\":true,\"valueName\":\"search_term_string\"}}],\"inLanguage\":\"en-US\"},{\"@type\":\"Person\",\"@id\":\"https:\/\/rauchfrei.at\/#\/schema\/person\/504bbf90c5482004fc09aef6de7f9277\",\"name\":\"Rauchfrei Team\",\"image\":{\"@type\":\"ImageObject\",\"inLanguage\":\"en-US\",\"@id\":\"https:\/\/rauchfrei.at\/#\/schema\/person\/image\/\",\"url\":\"https:\/\/secure.gravatar.com\/avatar\/2115b79a00800516fa1523bb5a329611f90e73e89be559131fc7e82b4fdc95ff?s=96&d=mm&r=g\",\"contentUrl\":\"https:\/\/secure.gravatar.com\/avatar\/2115b79a00800516fa1523bb5a329611f90e73e89be559131fc7e82b4fdc95ff?s=96&d=mm&r=g\",\"caption\":\"Rauchfrei Team\"},\"url\":\"https:\/\/rauchfrei.at\/en\/author\/rauchfrei-team\/\"}]}<\/script>\n<!-- \/ Yoast SEO plugin. -->","yoast_head_json":{"title":"Den Arbeitsplatz rauchfrei gestalten - Rauchfrei Telefon","robots":{"index":"index","follow":"follow","max-snippet":"max-snippet:-1","max-image-preview":"max-image-preview:large","max-video-preview":"max-video-preview:-1"},"canonical":"https:\/\/rauchfrei.at\/automatisch-gespeicherter-entwurf-7\/","og_locale":"en_US","og_type":"article","og_title":"Den Arbeitsplatz rauchfrei gestalten - Rauchfrei Telefon","og_description":"Ein rauchfreies Arbeitsumfeld ist leider nach wie vor nicht selbstverst\u00e4ndlich. Was sollten Arbeitgeberinnen und Arbeitgeber ber\u00fccksichtigen?","og_url":"https:\/\/rauchfrei.at\/automatisch-gespeicherter-entwurf-7\/","og_site_name":"Rauchfrei Telefon","article_published_time":"2021-05-24T06:00:00+00:00","article_modified_time":"2022-05-25T07:09:00+00:00","og_image":[{"url":"https:\/\/rauchfrei.at\/wp-content\/uploads\/oesterreichkarte-2-480x248.png","type":"","width":"","height":""}],"author":"Rauchfrei Team","twitter_card":"summary_large_image","twitter_misc":{"Written by":"Rauchfrei Team","Est. reading time":"2 minutes"},"schema":{"@context":"https:\/\/schema.org","@graph":[{"@type":"WebPage","@id":"https:\/\/rauchfrei.at\/automatisch-gespeicherter-entwurf-7\/","url":"https:\/\/rauchfrei.at\/automatisch-gespeicherter-entwurf-7\/","name":"Den Arbeitsplatz rauchfrei gestalten - Rauchfrei Telefon","isPartOf":{"@id":"https:\/\/rauchfrei.at\/#website"},"primaryImageOfPage":{"@id":"https:\/\/rauchfrei.at\/automatisch-gespeicherter-entwurf-7\/#primaryimage"},"image":{"@id":"https:\/\/rauchfrei.at\/automatisch-gespeicherter-entwurf-7\/#primaryimage"},"thumbnailUrl":"https:\/\/rauchfrei.at\/wp-content\/uploads\/oesterreichkarte-2-480x248.png","datePublished":"2021-05-24T06:00:00+00:00","dateModified":"2022-05-25T07:09:00+00:00","author":{"@id":"https:\/\/rauchfrei.at\/#\/schema\/person\/504bbf90c5482004fc09aef6de7f9277"},"inLanguage":"en-US","potentialAction":[{"@type":"ReadAction","target":["https:\/\/rauchfrei.at\/automatisch-gespeicherter-entwurf-7\/"]}]},{"@type":"ImageObject","inLanguage":"en-US","@id":"https:\/\/rauchfrei.at\/automatisch-gespeicherter-entwurf-7\/#primaryimage","url":"https:\/\/rauchfrei.at\/wp-content\/uploads\/oesterreichkarte-2-480x248.png","contentUrl":"https:\/\/rauchfrei.at\/wp-content\/uploads\/oesterreichkarte-2-480x248.png"},{"@type":"WebSite","@id":"https:\/\/rauchfrei.at\/#website","url":"https:\/\/rauchfrei.at\/","name":"Rauchfrei Telefon","description":"Eine \u00f6sterreichweite Initiative der Sozialversicherungen.","potentialAction":[{"@type":"SearchAction","target":{"@type":"EntryPoint","urlTemplate":"https:\/\/rauchfrei.at\/?s={search_term_string}"},"query-input":{"@type":"PropertyValueSpecification","valueRequired":true,"valueName":"search_term_string"}}],"inLanguage":"en-US"},{"@type":"Person","@id":"https:\/\/rauchfrei.at\/#\/schema\/person\/504bbf90c5482004fc09aef6de7f9277","name":"Rauchfrei Team","image":{"@type":"ImageObject","inLanguage":"en-US","@id":"https:\/\/rauchfrei.at\/#\/schema\/person\/image\/","url":"https:\/\/secure.gravatar.com\/avatar\/2115b79a00800516fa1523bb5a329611f90e73e89be559131fc7e82b4fdc95ff?s=96&d=mm&r=g","contentUrl":"https:\/\/secure.gravatar.com\/avatar\/2115b79a00800516fa1523bb5a329611f90e73e89be559131fc7e82b4fdc95ff?s=96&d=mm&r=g","caption":"Rauchfrei Team"},"url":"https:\/\/rauchfrei.at\/en\/author\/rauchfrei-team\/"}]}},"_links":{"self":[{"href":"https:\/\/rauchfrei.at\/en\/wp-json\/wp\/v2\/posts\/20746","targetHints":{"allow":["GET"]}}],"collection":[{"href":"https:\/\/rauchfrei.at\/en\/wp-json\/wp\/v2\/posts"}],"about":[{"href":"https:\/\/rauchfrei.at\/en\/wp-json\/wp\/v2\/types\/post"}],"author":[{"embeddable":true,"href":"https:\/\/rauchfrei.at\/en\/wp-json\/wp\/v2\/users\/25"}],"replies":[{"embeddable":true,"href":"https:\/\/rauchfrei.at\/en\/wp-json\/wp\/v2\/comments?post=20746"}],"version-history":[{"count":9,"href":"https:\/\/rauchfrei.at\/en\/wp-json\/wp\/v2\/posts\/20746\/revisions"}],"predecessor-version":[{"id":23974,"href":"https:\/\/rauchfrei.at\/en\/wp-json\/wp\/v2\/posts\/20746\/revisions\/23974"}],"wp:attachment":[{"href":"https:\/\/rauchfrei.at\/en\/wp-json\/wp\/v2\/media?parent=20746"}],"wp:term":[{"taxonomy":"category","embeddable":true,"href":"https:\/\/rauchfrei.at\/en\/wp-json\/wp\/v2\/categories?post=20746"},{"taxonomy":"post_tag","embeddable":true,"href":"https:\/\/rauchfrei.at\/en\/wp-json\/wp\/v2\/tags?post=20746"}],"curies":[{"name":"wp","href":"https:\/\/api.w.org\/{rel}","templated":true}]}}