
{"id":20761,"date":"2021-06-28T08:00:00","date_gmt":"2021-06-28T06:00:00","guid":{"rendered":"https:\/\/rauchfrei.at\/?p=20761"},"modified":"2021-06-23T09:31:16","modified_gmt":"2021-06-23T07:31:16","slug":"augen-auf-rauchstopp-fuer-gesunde-augen","status":"publish","type":"post","link":"https:\/\/rauchfrei.at\/en\/augen-auf-rauchstopp-fuer-gesunde-augen\/","title":{"rendered":"Augen auf! Rauchstopp f\u00fcr gesunde Augen"},"content":{"rendered":"\n[et_pb_section fb_built=&#8221;1&#8243; module_class=&#8221;header&#8221; _builder_version=&#8221;3.22&#8243;][et_pb_row _builder_version=&#8221;3.25&#8243;][et_pb_column type=&#8221;4_4&#8243; _builder_version=&#8221;3.25&#8243; custom_padding=&#8221;|||&#8221; custom_padding__hover=&#8221;|||&#8221;][et_pb_dp_dmb_module_10001 subheadline=&#8221;Rauchen schadet Ihren Augen&#8221; _builder_version=&#8221;4.9.4&#8243;][\/et_pb_dp_dmb_module_10001][\/et_pb_column][\/et_pb_row][\/et_pb_section][et_pb_section fb_built=&#8221;1&#8243; _builder_version=&#8221;3.22&#8243;][et_pb_row column_structure=&#8221;2_3,1_3&#8243; _builder_version=&#8221;3.25&#8243; background_size=&#8221;initial&#8221; background_position=&#8221;top_left&#8221; background_repeat=&#8221;repeat&#8221;][et_pb_column type=&#8221;2_3&#8243; _builder_version=&#8221;3.25&#8243; custom_padding=&#8221;|||&#8221; custom_padding__hover=&#8221;|||&#8221;][et_pb_text _builder_version=&#8221;4.9.4&#8243; hover_enabled=&#8221;0&#8243; sticky_enabled=&#8221;0&#8243;]<p>Rauchen wirkt sich auf alle Organe im K\u00f6rper negativ aus \u2013 relativ unbekannt ist jedoch die Auswirkung auf das Sinnesorgan Auge. Das Rauchen beeinflusst die Sehkraft und sch\u00e4digt die Augen!<\/p>\n<p>Raucherinnen und Raucher leiden nicht nur h\u00e4ufiger an trockenen Augen, als rauchfreie Personen, es gibt eine Reihe an Augenerkrankungen die durch das Rauchen negativ beeinflusst werden.<\/p>\n<p>Die sogenannte \u201e<strong>Altersbedinge Makuladegeneration<\/strong>\u201c (AMD) ist eine der h\u00e4ufigsten Augenerkrankungen in der westlichen Welt. Bei dieser Erkrankung werden die zentralen Netzhautanteile, also die Bereiche des sch\u00e4rfsten Sehens, zerst\u00f6rt. Mehrere Studien belegen, dass das Rauchen sich negativ auf diese Erkrankung auswirkt. Raucherinnen und Raucher haben nachweislich ein h\u00f6heres Risiko an einer altersbedingten Makuladegeneration zu erkranken als Personen, die nicht rauchen.<\/p>\n<p>Der sogenannte \u201e<strong>Graue Star<\/strong>\u201c (Katarakt) ist eine Erkrankung, die bei Raucherinnen und Rauchern h\u00e4ufiger und fr\u00fcher auftritt als bei rauchfreien Personen.<\/p>\n<p>Auch der \u201e<strong>Gr\u00fcne Star<\/strong>\u201c (Glaukom), der durch Augendruck gekennzeichnet ist und zur Erblindung f\u00fchren kann tritt bei Raucherinnen und Rauchern h\u00e4ufiger auf.<br \/>Die negativen Auswirkungen des Rauchens auf die Blutgef\u00e4\u00dfe sind vielen vertraut, dass dabei auch Sch\u00e4den in den Augen entstehen k\u00f6nnen, die nicht mehr r\u00fcckg\u00e4ngig gemacht werden und bis zur Erblindung f\u00fchren k\u00f6nnen, ist weniger bekannt. Dabei werden gesch\u00e4digte Gef\u00e4\u00dfanteile durch das Blut weggerissen und k\u00f6nnen die Zentralarterie des Auges verlegen, dies wird \u201e<strong>Infarkt im Auge<\/strong>\u201c bezeichnet.<br \/>Die Kombination von Alkohol und Rauchen kann zu der <strong>Tabak-Alkohol-Amblyopie<\/strong> f\u00fchren, die mit einer starken Sehbeeintr\u00e4chtigung einhergeht.<\/p>\n<p>Zusammenfassend kann man sagen, dass ein Rauchstopp der Gesundheit ihrer Augen gut tut! Wir unterst\u00fctzen Sie gerne am Weg in die Rauchfreiheit!<\/p>\n<p>Link: <a href=\"https:\/\/www.augen.at\">www.augen.at<\/a><\/p>[\/et_pb_text][\/et_pb_column][et_pb_column type=&#8221;1_3&#8243; _builder_version=&#8221;3.25&#8243; custom_padding=&#8221;|||&#8221; custom_padding__hover=&#8221;|||&#8221;][et_pb_dp_dmb_module_10093 farbe=&#8221;blitzblau&#8221; headline=&#8221;Passivrauch&#8221; image=&#8221;https:\/\/rauchfrei.at\/wp-content\/uploads\/passivrauch-rauchfrei-fuer-alle.png&#8221; image_position=&#8221;center&#8221; link_text=&#8221;mehr&#8221; link_url=&#8221;https:\/\/rauchfrei.at\/fakten\/passivrauch\/&#8221; image_size=&#8221;70&#8243; admin_label=&#8221;Passivrauch&#8221; _builder_version=&#8221;3.19.15&#8243; global_module=&#8221;13172&#8243; saved_tabs=&#8221;all&#8221;]<p>Rauch ist giftig, niemand sollte ihn einatmen!<\/p>\n[\/et_pb_dp_dmb_module_10093][et_pb_dp_dmb_module_10080 link_text=&#8221;Hier&#8221; link_url=&#8221;https:\/\/rauchfrei.at\/downloads-tests-und-tools\/&#8221; admin_label=&#8221;Testen Sie Ihre Abh\u00e4ngigkeit&#8221; _builder_version=&#8221;3.21.1&#8243; dp_tiny_mce_line_height=&#8221;1em&#8221; z_index_tablet=&#8221;500&#8243; global_module=&#8221;13157&#8243; saved_tabs=&#8221;all&#8221;]<p><strong>Testen <\/strong>Sie Ihre <strong>Abh\u00e4ngigkeit!<\/strong><\/p>\n[\/et_pb_dp_dmb_module_10080][\/et_pb_column][\/et_pb_row][\/et_pb_section]\n","protected":false},"excerpt":{"rendered":"<p>Mit dem Rauchen aufzuh\u00f6ren, ist sicherlich immer eine gute Entscheidung. Doch je fr\u00fcher Sie sich daf\u00fcr entscheiden, desto besser ist es auch f\u00fcr Ihre Augen.<\/p>\n","protected":false},"author":25,"featured_media":0,"comment_status":"open","ping_status":"open","sticky":false,"template":"","format":"standard","meta":{"_et_pb_use_builder":"on","_et_pb_old_content":"","_et_gb_content_width":"2880","footnotes":""},"categories":[237],"tags":[],"class_list":["post-20761","post","type-post","status-publish","format-standard","hentry","category-literatur-und-hintergrundwissen"],"yoast_head":"<!-- This site is optimized with the Yoast SEO plugin v26.2 - https:\/\/yoast.com\/wordpress\/plugins\/seo\/ -->\n<title>Augen auf! Rauchstopp f\u00fcr gesunde Augen - Rauchfrei Telefon<\/title>\n<meta name=\"robots\" content=\"index, follow, max-snippet:-1, max-image-preview:large, max-video-preview:-1\" \/>\n<link rel=\"canonical\" href=\"https:\/\/rauchfrei.at\/augen-auf-rauchstopp-fuer-gesunde-augen\/\" \/>\n<meta property=\"og:locale\" content=\"en_US\" \/>\n<meta property=\"og:type\" content=\"article\" \/>\n<meta property=\"og:title\" content=\"Augen auf! Rauchstopp f\u00fcr gesunde Augen - Rauchfrei Telefon\" \/>\n<meta property=\"og:description\" content=\"Mit dem Rauchen aufzuh\u00f6ren, ist sicherlich immer eine gute Entscheidung. Doch je fr\u00fcher Sie sich daf\u00fcr entscheiden, desto besser ist es auch f\u00fcr Ihre Augen.\" \/>\n<meta property=\"og:url\" content=\"https:\/\/rauchfrei.at\/augen-auf-rauchstopp-fuer-gesunde-augen\/\" \/>\n<meta property=\"og:site_name\" content=\"Rauchfrei Telefon\" \/>\n<meta property=\"article:published_time\" content=\"2021-06-28T06:00:00+00:00\" \/>\n<meta name=\"author\" content=\"Rauchfrei Team\" \/>\n<meta name=\"twitter:card\" content=\"summary_large_image\" \/>\n<meta name=\"twitter:label1\" content=\"Written by\" \/>\n\t<meta name=\"twitter:data1\" content=\"Rauchfrei Team\" \/>\n\t<meta name=\"twitter:label2\" content=\"Est. reading time\" \/>\n\t<meta name=\"twitter:data2\" content=\"2 minutes\" \/>\n<script type=\"application\/ld+json\" class=\"yoast-schema-graph\">{\"@context\":\"https:\/\/schema.org\",\"@graph\":[{\"@type\":\"WebPage\",\"@id\":\"https:\/\/rauchfrei.at\/augen-auf-rauchstopp-fuer-gesunde-augen\/\",\"url\":\"https:\/\/rauchfrei.at\/augen-auf-rauchstopp-fuer-gesunde-augen\/\",\"name\":\"Augen auf! Rauchstopp f\u00fcr gesunde Augen - Rauchfrei Telefon\",\"isPartOf\":{\"@id\":\"https:\/\/rauchfrei.at\/#website\"},\"datePublished\":\"2021-06-28T06:00:00+00:00\",\"author\":{\"@id\":\"https:\/\/rauchfrei.at\/#\/schema\/person\/504bbf90c5482004fc09aef6de7f9277\"},\"inLanguage\":\"en-US\",\"potentialAction\":[{\"@type\":\"ReadAction\",\"target\":[\"https:\/\/rauchfrei.at\/augen-auf-rauchstopp-fuer-gesunde-augen\/\"]}]},{\"@type\":\"WebSite\",\"@id\":\"https:\/\/rauchfrei.at\/#website\",\"url\":\"https:\/\/rauchfrei.at\/\",\"name\":\"Rauchfrei Telefon\",\"description\":\"Eine \u00f6sterreichweite Initiative der Sozialversicherungen.\",\"potentialAction\":[{\"@type\":\"SearchAction\",\"target\":{\"@type\":\"EntryPoint\",\"urlTemplate\":\"https:\/\/rauchfrei.at\/?s={search_term_string}\"},\"query-input\":{\"@type\":\"PropertyValueSpecification\",\"valueRequired\":true,\"valueName\":\"search_term_string\"}}],\"inLanguage\":\"en-US\"},{\"@type\":\"Person\",\"@id\":\"https:\/\/rauchfrei.at\/#\/schema\/person\/504bbf90c5482004fc09aef6de7f9277\",\"name\":\"Rauchfrei Team\",\"image\":{\"@type\":\"ImageObject\",\"inLanguage\":\"en-US\",\"@id\":\"https:\/\/rauchfrei.at\/#\/schema\/person\/image\/\",\"url\":\"https:\/\/secure.gravatar.com\/avatar\/2115b79a00800516fa1523bb5a329611f90e73e89be559131fc7e82b4fdc95ff?s=96&d=mm&r=g\",\"contentUrl\":\"https:\/\/secure.gravatar.com\/avatar\/2115b79a00800516fa1523bb5a329611f90e73e89be559131fc7e82b4fdc95ff?s=96&d=mm&r=g\",\"caption\":\"Rauchfrei Team\"},\"url\":\"https:\/\/rauchfrei.at\/en\/author\/rauchfrei-team\/\"}]}<\/script>\n<!-- \/ Yoast SEO plugin. -->","yoast_head_json":{"title":"Augen auf! Rauchstopp f\u00fcr gesunde Augen - Rauchfrei Telefon","robots":{"index":"index","follow":"follow","max-snippet":"max-snippet:-1","max-image-preview":"max-image-preview:large","max-video-preview":"max-video-preview:-1"},"canonical":"https:\/\/rauchfrei.at\/augen-auf-rauchstopp-fuer-gesunde-augen\/","og_locale":"en_US","og_type":"article","og_title":"Augen auf! Rauchstopp f\u00fcr gesunde Augen - Rauchfrei Telefon","og_description":"Mit dem Rauchen aufzuh\u00f6ren, ist sicherlich immer eine gute Entscheidung. Doch je fr\u00fcher Sie sich daf\u00fcr entscheiden, desto besser ist es auch f\u00fcr Ihre Augen.","og_url":"https:\/\/rauchfrei.at\/augen-auf-rauchstopp-fuer-gesunde-augen\/","og_site_name":"Rauchfrei Telefon","article_published_time":"2021-06-28T06:00:00+00:00","author":"Rauchfrei Team","twitter_card":"summary_large_image","twitter_misc":{"Written by":"Rauchfrei Team","Est. reading time":"2 minutes"},"schema":{"@context":"https:\/\/schema.org","@graph":[{"@type":"WebPage","@id":"https:\/\/rauchfrei.at\/augen-auf-rauchstopp-fuer-gesunde-augen\/","url":"https:\/\/rauchfrei.at\/augen-auf-rauchstopp-fuer-gesunde-augen\/","name":"Augen auf! Rauchstopp f\u00fcr gesunde Augen - Rauchfrei Telefon","isPartOf":{"@id":"https:\/\/rauchfrei.at\/#website"},"datePublished":"2021-06-28T06:00:00+00:00","author":{"@id":"https:\/\/rauchfrei.at\/#\/schema\/person\/504bbf90c5482004fc09aef6de7f9277"},"inLanguage":"en-US","potentialAction":[{"@type":"ReadAction","target":["https:\/\/rauchfrei.at\/augen-auf-rauchstopp-fuer-gesunde-augen\/"]}]},{"@type":"WebSite","@id":"https:\/\/rauchfrei.at\/#website","url":"https:\/\/rauchfrei.at\/","name":"Rauchfrei Telefon","description":"Eine \u00f6sterreichweite Initiative der Sozialversicherungen.","potentialAction":[{"@type":"SearchAction","target":{"@type":"EntryPoint","urlTemplate":"https:\/\/rauchfrei.at\/?s={search_term_string}"},"query-input":{"@type":"PropertyValueSpecification","valueRequired":true,"valueName":"search_term_string"}}],"inLanguage":"en-US"},{"@type":"Person","@id":"https:\/\/rauchfrei.at\/#\/schema\/person\/504bbf90c5482004fc09aef6de7f9277","name":"Rauchfrei Team","image":{"@type":"ImageObject","inLanguage":"en-US","@id":"https:\/\/rauchfrei.at\/#\/schema\/person\/image\/","url":"https:\/\/secure.gravatar.com\/avatar\/2115b79a00800516fa1523bb5a329611f90e73e89be559131fc7e82b4fdc95ff?s=96&d=mm&r=g","contentUrl":"https:\/\/secure.gravatar.com\/avatar\/2115b79a00800516fa1523bb5a329611f90e73e89be559131fc7e82b4fdc95ff?s=96&d=mm&r=g","caption":"Rauchfrei Team"},"url":"https:\/\/rauchfrei.at\/en\/author\/rauchfrei-team\/"}]}},"_links":{"self":[{"href":"https:\/\/rauchfrei.at\/en\/wp-json\/wp\/v2\/posts\/20761","targetHints":{"allow":["GET"]}}],"collection":[{"href":"https:\/\/rauchfrei.at\/en\/wp-json\/wp\/v2\/posts"}],"about":[{"href":"https:\/\/rauchfrei.at\/en\/wp-json\/wp\/v2\/types\/post"}],"author":[{"embeddable":true,"href":"https:\/\/rauchfrei.at\/en\/wp-json\/wp\/v2\/users\/25"}],"replies":[{"embeddable":true,"href":"https:\/\/rauchfrei.at\/en\/wp-json\/wp\/v2\/comments?post=20761"}],"version-history":[{"count":9,"href":"https:\/\/rauchfrei.at\/en\/wp-json\/wp\/v2\/posts\/20761\/revisions"}],"predecessor-version":[{"id":21042,"href":"https:\/\/rauchfrei.at\/en\/wp-json\/wp\/v2\/posts\/20761\/revisions\/21042"}],"wp:attachment":[{"href":"https:\/\/rauchfrei.at\/en\/wp-json\/wp\/v2\/media?parent=20761"}],"wp:term":[{"taxonomy":"category","embeddable":true,"href":"https:\/\/rauchfrei.at\/en\/wp-json\/wp\/v2\/categories?post=20761"},{"taxonomy":"post_tag","embeddable":true,"href":"https:\/\/rauchfrei.at\/en\/wp-json\/wp\/v2\/tags?post=20761"}],"curies":[{"name":"wp","href":"https:\/\/api.w.org\/{rel}","templated":true}]}}