
{"id":20833,"date":"2021-05-31T08:00:00","date_gmt":"2021-05-31T06:00:00","guid":{"rendered":"https:\/\/rauchfrei.at\/?p=20833"},"modified":"2021-05-28T13:23:38","modified_gmt":"2021-05-28T11:23:38","slug":"commit-to-quit-das-motto-der-who-fuer-den-heurigen-weltnichtrauchertag","status":"publish","type":"post","link":"https:\/\/rauchfrei.at\/en\/commit-to-quit-das-motto-der-who-fuer-den-heurigen-weltnichtrauchertag\/","title":{"rendered":"Commit to quit \u2013 Das Motto der WHO f\u00fcr den heurigen Weltnichtrauchertag"},"content":{"rendered":"\n\n[et_pb_section fb_built=&#8221;1&#8243; module_class=&#8221;header&#8221; _builder_version=&#8221;3.22&#8243;][et_pb_row _builder_version=&#8221;3.25&#8243;][et_pb_column type=&#8221;4_4&#8243; _builder_version=&#8221;3.25&#8243; custom_padding=&#8221;|||&#8221; custom_padding__hover=&#8221;|||&#8221;][et_pb_dp_dmb_module_10001 subheadline=&#8221;Entscheide dich f\u00fcr\u00b4s Aufh\u00f6ren \u2013 der heurige Weltnichtrauchertag stellt \u201edas Aufh\u00f6ren\u201c in den Mittelpunkt. Aufh\u00f6ren gelingt mit Hilfe leichter!&#8221; _builder_version=&#8221;4.9.4&#8243; hover_enabled=&#8221;0&#8243; sticky_enabled=&#8221;0&#8243;][\/et_pb_dp_dmb_module_10001][\/et_pb_column][\/et_pb_row][\/et_pb_section][et_pb_section fb_built=&#8221;1&#8243; _builder_version=&#8221;3.22&#8243;][et_pb_row column_structure=&#8221;2_3,1_3&#8243; _builder_version=&#8221;3.25&#8243; background_size=&#8221;initial&#8221; background_position=&#8221;top_left&#8221; background_repeat=&#8221;repeat&#8221;][et_pb_column type=&#8221;2_3&#8243; _builder_version=&#8221;3.25&#8243; custom_padding=&#8221;|||&#8221; custom_padding__hover=&#8221;|||&#8221;][et_pb_text _builder_version=&#8221;4.9.4&#8243; hover_enabled=&#8221;0&#8243; sticky_enabled=&#8221;0&#8243;]<p>Der Weltnichtrauchertag der WHO am 31. Mai 2021 steht heuer unter dem Motto \u201eCommit to Quit\u201c, frei \u00fcbersetzt: Entscheide dich, aufzuh\u00f6ren und bleib dabei.<\/p>\n<p>In der Beratung h\u00f6ren wir immer wieder S\u00e4tze wie \u201eDas Rauchen lass ich mir aber nicht nehmen\u201c oder \u201eEs kann mir niemand vorschreiben, aufzuh\u00f6ren!\u201c. Die eigene Entscheidung f\u00fcr den Rauchstopp ist einer der wichtigsten Schritte am Weg in die Rauchfreiheit. Diese Entscheidung ist nat\u00fcrlich eine ganz pers\u00f6nliche Angelegenheit, die niemandem vorgeschrieben werden kann oder soll. Man muss vorerst nicht 100 % davon \u00fcberzeugt sein, rauchfrei leben zu wollen, oder auch rauchfrei leben zu k\u00f6nnen. Wichtig ist es aber, sich selber f\u00fcr den Weg in Richtung Rauchfreiheit zu entscheiden, ihn einzuschlagen und dabei zu bleiben.<\/p>\n<p>&nbsp;<\/p>\n<p>Uns am Rauchfrei Telefon ist sehr wichtig, dass die Entscheidung jeder Raucherin, jeder Raucher selber trifft, und nicht nur deshalb beim Rauchen bleibt, weil er oder sie den Ausstieg nicht schafft oder sich nicht zutraut und daher gar nicht erst in Angriff nimmt.<\/p>\n<p>Wie der Weg dann verl\u00e4uft, ist so individuell wie jede Raucherin, jeder Raucher.<\/p>\n<p>&nbsp;<\/p>\n<p>Hilfreich ist es dabei zu \u00fcberlegen, was gewinne ich, wenn ich das Ziel erreiche, und wovon muss ich mich daf\u00fcr verabschieden?<\/p>\n<p>&nbsp;<\/p>\n<p>Commit to quit \u2013 oder auch Komm mit, werd fit :). Mit Beratung gelingt auch die Entscheidung zum Rauchstopp leichter. Wir freuen uns \u00fcber Ihren Anruf!<\/p>\n<p><strong>\u00a0<\/strong><\/p>\n<p><a href=\"https:\/\/www.who.int\/campaigns\/world-no-tobacco-day\/world-no-tobacco-day-2021\">https:\/\/www.who.int\/campaigns\/world-no-tobacco-day\/world-no-tobacco-day-2021<\/a><\/p>[\/et_pb_text][\/et_pb_column][et_pb_column type=&#8221;1_3&#8243; _builder_version=&#8221;3.25&#8243; custom_padding=&#8221;|||&#8221; custom_padding__hover=&#8221;|||&#8221;][et_pb_dp_dmb_module_10093 farbe=&#8221;blitzgelb&#8221; headline=&#8221;Trauen Sie sich den Rauchstopp zu!&#8221; image=&#8221;https:\/\/rauchfrei.at\/wp-content\/uploads\/Quitting-Yellow.png&#8221; image_position=&#8221;center&#8221; link_text=&#8221;mehr&#8221; link_url=&#8221;https:\/\/rauchfrei.at\/aufhoeren\/schritte-zum-rauchstopp\/trauen-sie-sich-den-rauchstopp-zu\/&#8221; admin_label=&#8221;Trauen Sie sich den Rauchstopp zu&#8221; _builder_version=&#8221;3.19.15&#8243; saved_tabs=&#8221;all&#8221; global_module=&#8221;13173&#8243;]<p>Sie m\u00f6chten etwas \u00e4ndern? Worauf warten Sie noch?<\/p>\n[\/et_pb_dp_dmb_module_10093][\/et_pb_column][\/et_pb_row][\/et_pb_section]\n\n","protected":false},"excerpt":{"rendered":"<p>Der Weltnichtrauchertag der WHO am 31. Mai 2021 steht heuer unter dem Motto \u201eCommit to Quit\u201c,  frei \u00fcbersetzt: Entscheide dich, aufzuh\u00f6ren und bleib dabei. Die eigene Entscheidung f\u00fcr den Rauchstopp ist einer der wichtigsten Schritte am Weg in die Rauchfreiheit.<\/p>\n","protected":false},"author":25,"featured_media":0,"comment_status":"open","ping_status":"open","sticky":false,"template":"","format":"standard","meta":{"_et_pb_use_builder":"on","_et_pb_old_content":"","_et_gb_content_width":"2880","footnotes":""},"categories":[235,236,233],"tags":[],"class_list":["post-20833","post","type-post","status-publish","format-standard","hentry","category-gesundheit-und-rauchstopp","category-nicht-kategorisiert","category-unterstuetzung-beim-rauchstopp"],"yoast_head":"<!-- This site is optimized with the Yoast SEO plugin v26.2 - https:\/\/yoast.com\/wordpress\/plugins\/seo\/ -->\n<title>Commit to quit \u2013 Das Motto der WHO f\u00fcr den heurigen Weltnichtrauchertag - Rauchfrei Telefon<\/title>\n<meta name=\"robots\" content=\"index, follow, max-snippet:-1, max-image-preview:large, max-video-preview:-1\" \/>\n<link rel=\"canonical\" href=\"https:\/\/rauchfrei.at\/commit-to-quit-das-motto-der-who-fuer-den-heurigen-weltnichtrauchertag\/\" \/>\n<meta property=\"og:locale\" content=\"en_US\" \/>\n<meta property=\"og:type\" content=\"article\" \/>\n<meta property=\"og:title\" content=\"Commit to quit \u2013 Das Motto der WHO f\u00fcr den heurigen Weltnichtrauchertag - Rauchfrei Telefon\" \/>\n<meta property=\"og:description\" content=\"Der Weltnichtrauchertag der WHO am 31. Mai 2021 steht heuer unter dem Motto \u201eCommit to Quit\u201c, frei \u00fcbersetzt: Entscheide dich, aufzuh\u00f6ren und bleib dabei. Die eigene Entscheidung f\u00fcr den Rauchstopp ist einer der wichtigsten Schritte am Weg in die Rauchfreiheit.\" \/>\n<meta property=\"og:url\" content=\"https:\/\/rauchfrei.at\/commit-to-quit-das-motto-der-who-fuer-den-heurigen-weltnichtrauchertag\/\" \/>\n<meta property=\"og:site_name\" content=\"Rauchfrei Telefon\" \/>\n<meta property=\"article:published_time\" content=\"2021-05-31T06:00:00+00:00\" \/>\n<meta name=\"author\" content=\"Rauchfrei Team\" \/>\n<meta name=\"twitter:card\" content=\"summary_large_image\" \/>\n<meta name=\"twitter:label1\" content=\"Written by\" \/>\n\t<meta name=\"twitter:data1\" content=\"Rauchfrei Team\" \/>\n\t<meta name=\"twitter:label2\" content=\"Est. reading time\" \/>\n\t<meta name=\"twitter:data2\" content=\"2 minutes\" \/>\n<script type=\"application\/ld+json\" class=\"yoast-schema-graph\">{\"@context\":\"https:\/\/schema.org\",\"@graph\":[{\"@type\":\"WebPage\",\"@id\":\"https:\/\/rauchfrei.at\/commit-to-quit-das-motto-der-who-fuer-den-heurigen-weltnichtrauchertag\/\",\"url\":\"https:\/\/rauchfrei.at\/commit-to-quit-das-motto-der-who-fuer-den-heurigen-weltnichtrauchertag\/\",\"name\":\"Commit to quit \u2013 Das Motto der WHO f\u00fcr den heurigen Weltnichtrauchertag - Rauchfrei Telefon\",\"isPartOf\":{\"@id\":\"https:\/\/rauchfrei.at\/#website\"},\"datePublished\":\"2021-05-31T06:00:00+00:00\",\"author\":{\"@id\":\"https:\/\/rauchfrei.at\/#\/schema\/person\/504bbf90c5482004fc09aef6de7f9277\"},\"inLanguage\":\"en-US\",\"potentialAction\":[{\"@type\":\"ReadAction\",\"target\":[\"https:\/\/rauchfrei.at\/commit-to-quit-das-motto-der-who-fuer-den-heurigen-weltnichtrauchertag\/\"]}]},{\"@type\":\"WebSite\",\"@id\":\"https:\/\/rauchfrei.at\/#website\",\"url\":\"https:\/\/rauchfrei.at\/\",\"name\":\"Rauchfrei Telefon\",\"description\":\"Eine \u00f6sterreichweite Initiative der Sozialversicherungen.\",\"potentialAction\":[{\"@type\":\"SearchAction\",\"target\":{\"@type\":\"EntryPoint\",\"urlTemplate\":\"https:\/\/rauchfrei.at\/?s={search_term_string}\"},\"query-input\":{\"@type\":\"PropertyValueSpecification\",\"valueRequired\":true,\"valueName\":\"search_term_string\"}}],\"inLanguage\":\"en-US\"},{\"@type\":\"Person\",\"@id\":\"https:\/\/rauchfrei.at\/#\/schema\/person\/504bbf90c5482004fc09aef6de7f9277\",\"name\":\"Rauchfrei Team\",\"image\":{\"@type\":\"ImageObject\",\"inLanguage\":\"en-US\",\"@id\":\"https:\/\/rauchfrei.at\/#\/schema\/person\/image\/\",\"url\":\"https:\/\/secure.gravatar.com\/avatar\/2115b79a00800516fa1523bb5a329611f90e73e89be559131fc7e82b4fdc95ff?s=96&d=mm&r=g\",\"contentUrl\":\"https:\/\/secure.gravatar.com\/avatar\/2115b79a00800516fa1523bb5a329611f90e73e89be559131fc7e82b4fdc95ff?s=96&d=mm&r=g\",\"caption\":\"Rauchfrei Team\"},\"url\":\"https:\/\/rauchfrei.at\/en\/author\/rauchfrei-team\/\"}]}<\/script>\n<!-- \/ Yoast SEO plugin. -->","yoast_head_json":{"title":"Commit to quit \u2013 Das Motto der WHO f\u00fcr den heurigen Weltnichtrauchertag - Rauchfrei Telefon","robots":{"index":"index","follow":"follow","max-snippet":"max-snippet:-1","max-image-preview":"max-image-preview:large","max-video-preview":"max-video-preview:-1"},"canonical":"https:\/\/rauchfrei.at\/commit-to-quit-das-motto-der-who-fuer-den-heurigen-weltnichtrauchertag\/","og_locale":"en_US","og_type":"article","og_title":"Commit to quit \u2013 Das Motto der WHO f\u00fcr den heurigen Weltnichtrauchertag - Rauchfrei Telefon","og_description":"Der Weltnichtrauchertag der WHO am 31. Mai 2021 steht heuer unter dem Motto \u201eCommit to Quit\u201c, frei \u00fcbersetzt: Entscheide dich, aufzuh\u00f6ren und bleib dabei. Die eigene Entscheidung f\u00fcr den Rauchstopp ist einer der wichtigsten Schritte am Weg in die Rauchfreiheit.","og_url":"https:\/\/rauchfrei.at\/commit-to-quit-das-motto-der-who-fuer-den-heurigen-weltnichtrauchertag\/","og_site_name":"Rauchfrei Telefon","article_published_time":"2021-05-31T06:00:00+00:00","author":"Rauchfrei Team","twitter_card":"summary_large_image","twitter_misc":{"Written by":"Rauchfrei Team","Est. reading time":"2 minutes"},"schema":{"@context":"https:\/\/schema.org","@graph":[{"@type":"WebPage","@id":"https:\/\/rauchfrei.at\/commit-to-quit-das-motto-der-who-fuer-den-heurigen-weltnichtrauchertag\/","url":"https:\/\/rauchfrei.at\/commit-to-quit-das-motto-der-who-fuer-den-heurigen-weltnichtrauchertag\/","name":"Commit to quit \u2013 Das Motto der WHO f\u00fcr den heurigen Weltnichtrauchertag - Rauchfrei Telefon","isPartOf":{"@id":"https:\/\/rauchfrei.at\/#website"},"datePublished":"2021-05-31T06:00:00+00:00","author":{"@id":"https:\/\/rauchfrei.at\/#\/schema\/person\/504bbf90c5482004fc09aef6de7f9277"},"inLanguage":"en-US","potentialAction":[{"@type":"ReadAction","target":["https:\/\/rauchfrei.at\/commit-to-quit-das-motto-der-who-fuer-den-heurigen-weltnichtrauchertag\/"]}]},{"@type":"WebSite","@id":"https:\/\/rauchfrei.at\/#website","url":"https:\/\/rauchfrei.at\/","name":"Rauchfrei Telefon","description":"Eine \u00f6sterreichweite Initiative der Sozialversicherungen.","potentialAction":[{"@type":"SearchAction","target":{"@type":"EntryPoint","urlTemplate":"https:\/\/rauchfrei.at\/?s={search_term_string}"},"query-input":{"@type":"PropertyValueSpecification","valueRequired":true,"valueName":"search_term_string"}}],"inLanguage":"en-US"},{"@type":"Person","@id":"https:\/\/rauchfrei.at\/#\/schema\/person\/504bbf90c5482004fc09aef6de7f9277","name":"Rauchfrei Team","image":{"@type":"ImageObject","inLanguage":"en-US","@id":"https:\/\/rauchfrei.at\/#\/schema\/person\/image\/","url":"https:\/\/secure.gravatar.com\/avatar\/2115b79a00800516fa1523bb5a329611f90e73e89be559131fc7e82b4fdc95ff?s=96&d=mm&r=g","contentUrl":"https:\/\/secure.gravatar.com\/avatar\/2115b79a00800516fa1523bb5a329611f90e73e89be559131fc7e82b4fdc95ff?s=96&d=mm&r=g","caption":"Rauchfrei Team"},"url":"https:\/\/rauchfrei.at\/en\/author\/rauchfrei-team\/"}]}},"_links":{"self":[{"href":"https:\/\/rauchfrei.at\/en\/wp-json\/wp\/v2\/posts\/20833","targetHints":{"allow":["GET"]}}],"collection":[{"href":"https:\/\/rauchfrei.at\/en\/wp-json\/wp\/v2\/posts"}],"about":[{"href":"https:\/\/rauchfrei.at\/en\/wp-json\/wp\/v2\/types\/post"}],"author":[{"embeddable":true,"href":"https:\/\/rauchfrei.at\/en\/wp-json\/wp\/v2\/users\/25"}],"replies":[{"embeddable":true,"href":"https:\/\/rauchfrei.at\/en\/wp-json\/wp\/v2\/comments?post=20833"}],"version-history":[{"count":7,"href":"https:\/\/rauchfrei.at\/en\/wp-json\/wp\/v2\/posts\/20833\/revisions"}],"predecessor-version":[{"id":20845,"href":"https:\/\/rauchfrei.at\/en\/wp-json\/wp\/v2\/posts\/20833\/revisions\/20845"}],"wp:attachment":[{"href":"https:\/\/rauchfrei.at\/en\/wp-json\/wp\/v2\/media?parent=20833"}],"wp:term":[{"taxonomy":"category","embeddable":true,"href":"https:\/\/rauchfrei.at\/en\/wp-json\/wp\/v2\/categories?post=20833"},{"taxonomy":"post_tag","embeddable":true,"href":"https:\/\/rauchfrei.at\/en\/wp-json\/wp\/v2\/tags?post=20833"}],"curies":[{"name":"wp","href":"https:\/\/api.w.org\/{rel}","templated":true}]}}