
{"id":20893,"date":"2021-06-07T08:44:33","date_gmt":"2021-06-07T06:44:33","guid":{"rendered":"https:\/\/rauchfrei.at\/?p=20893"},"modified":"2021-11-03T14:53:50","modified_gmt":"2021-11-03T12:53:50","slug":"tabakentwoehnung-bei-psychischer-erkrankung","status":"publish","type":"post","link":"https:\/\/rauchfrei.at\/en\/tabakentwoehnung-bei-psychischer-erkrankung\/","title":{"rendered":"Tabakentw\u00f6hnung bei psychischer Erkrankung"},"content":{"rendered":"<p>[et_pb_section fb_built=&#8221;1&#8243; module_class=&#8221;header&#8221; _builder_version=&#8221;3.22&#8243;][et_pb_row _builder_version=&#8221;3.25&#8243;][et_pb_column type=&#8221;4_4&#8243; _builder_version=&#8221;3.25&#8243; custom_padding=&#8221;|||&#8221; custom_padding__hover=&#8221;|||&#8221;][et_pb_dp_dmb_module_10001 subheadline=&#8221;Keine Angst vor dem Rauchstopp!&#8221; _builder_version=&#8221;4.9.4&#8243; z_index_tablet=&#8221;500&#8243;][\/et_pb_dp_dmb_module_10001][\/et_pb_column][\/et_pb_row][\/et_pb_section][et_pb_section fb_built=&#8221;1&#8243; _builder_version=&#8221;3.22&#8243; custom_padding=&#8221;30px|||&#8221;][et_pb_row column_structure=&#8221;2_3,1_3&#8243; _builder_version=&#8221;3.25&#8243;][et_pb_column type=&#8221;2_3&#8243; module_class=&#8221;blog-content&#8221; _builder_version=&#8221;3.25&#8243; custom_padding=&#8221;|||&#8221; custom_padding__hover=&#8221;|||&#8221;][et_pb_text _builder_version=&#8221;4.9.4&#8243; hover_enabled=&#8221;0&#8243; sticky_enabled=&#8221;0&#8243;]<\/p>\n<p>Rauchen und psychische Erkrankungen gehen oft Hand in Hand. Rauchen als Strategie, mit den unterschiedlichsten Herausforderungen des Lebens umzugehen, den Alltag zu bew\u00e4ltigen und zu strukturieren, ist weit verbreitet, f\u00fchrt aber zu massiven Gesundheitsproblemen, oft mit Todesfolge. Die Folgeerkrankungen von Tabak und Nikotin betreffen den ganzen K\u00f6rper. Daher ist der Rauchstopp gerade f\u00fcr Menschen, die an psychischen Erkrankungen leiden, sinnvoll und empfehlenswert. Sorgen, dass sich der psychische Zustand nach dem Rauchstopp verschlechtert, das Gef\u00fchl, den Rauchstopp nicht schaffen zu k\u00f6nnen oder das \u00dcberwiegen anderer Probleme im Alltag verleiten dazu, den Rauchstopp f\u00fcr psychiatrische Patientinnen und Patienten nicht zu empfehlen, oder manchmal sogar davon abzuraten. Dabei hat der Rauchstopp nicht nur gesundheitlich positive Effekte, auch die Psyche profitiert davon. In der AMWF S3 &#8211; Leitlinien zur Tabakentw\u00f6hnung wird empfohlen, Tabakentw\u00f6hnung allen Raucherinnen und Rauchern zu empfehlen, unabh\u00e4ngig davon ob eine psychiatrische Erkrankung vorliegt, oder nicht.<\/p>\n<p>Mit Hilfe, Begleitung und tlw. auch medikament\u00f6ser Unterst\u00fctzung k\u00f6nnen auch in einer psychisch schwierigen Lebens- oder Krankheitssituation M\u00f6glichkeiten gefunden werden, gesunde Verhaltensweisen im Alltag auszubauen und den Umgang mit Stress und Belastung ohne Zigarette zu lernen, um mehr Gesundheit und psychische Stabilit\u00e4t zu erreichen.<\/p>\n<p>Ein Veranstaltungshinweis: Im Online Gespr\u00e4ch am 8. Juni 2021 mit Priv.-Doz. Dr. Tobias R\u00fcther, Psychiater und Leiter der Spezialambulanz f\u00fcr Tabakabh\u00e4ngigkeit am LMU Klinikum M\u00fcnchen,<br \/>geht es auch um M\u00f6glichkeiten der Tabakentw\u00f6hnung mit Menschen, die an psychischen Erkrankungen leiden.<\/p>\n<p>Link zur Veranstaltung: Anmeldung und weitere Informationen<\/p>\n<p>[\/et_pb_text][et_pb_post_nav in_same_term=&#8221;off&#8221; _builder_version=&#8221;3.0.99&#8243;][\/et_pb_post_nav][\/et_pb_column][et_pb_column type=&#8221;1_3&#8243; module_class=&#8221;cat-and-tag&#8221; _builder_version=&#8221;3.25&#8243; custom_padding=&#8221;|||&#8221; custom_padding__hover=&#8221;|||&#8221;][et_pb_text admin_label=&#8221;Das Rauchfrei Ticket&#8221; _builder_version=&#8221;3.21&#8243; global_module=&#8221;15221&#8243; saved_tabs=&#8221;all&#8221;]<\/p>\n<h2>Das Rauchfrei Ticket &#8211; Informationen f\u00fcr Profis<\/h2>\n<p><img loading=\"lazy\" decoding=\"async\" class=\"size-medium alignnone\" style=\"border: 3px solid #212121;\" src=\"https:\/\/rauchfrei.at\/wp-content\/uploads\/eins-2.jpg\" alt=\"\" width=\"1215\" height=\"1179\" \/><\/p>\n<a href='https:\/\/rauchfrei.at\/fuer-gesundheitsberufe\/das-rauchfrei-ticket\/' class='small-button smallblue'>mehr<\/a>\n<p>[\/et_pb_text][\/et_pb_column][\/et_pb_row][\/et_pb_section]<\/p>\n","protected":false},"excerpt":{"rendered":"<p>Ein Gro\u00dfteil der Personen, die an einer psychischen Erkrankung leiden, rauchen, viele davon auch gro\u00dfe Mengen pro Tag. Ein Rauchstopp scheint wegen der starken Abh\u00e4ngigkeit manchmal unm\u00f6glich oder die anderen Themen oder Probleme \u00fcberwiegen. Dennoch ist es sinnvoll, den Rauchstopp in Angriff zu nehmen.<\/p>\n","protected":false},"author":25,"featured_media":0,"comment_status":"open","ping_status":"open","sticky":false,"template":"","format":"standard","meta":{"_et_pb_use_builder":"on","_et_pb_old_content":"","_et_gb_content_width":"2880","footnotes":""},"categories":[236],"tags":[],"class_list":["post-20893","post","type-post","status-publish","format-standard","hentry","category-nicht-kategorisiert"],"yoast_head":"<!-- This site is optimized with the Yoast SEO plugin v26.2 - https:\/\/yoast.com\/wordpress\/plugins\/seo\/ -->\n<title>Tabakentw\u00f6hnung bei psychischer Erkrankung - Rauchfrei Telefon<\/title>\n<meta name=\"robots\" content=\"index, follow, max-snippet:-1, max-image-preview:large, max-video-preview:-1\" \/>\n<link rel=\"canonical\" href=\"https:\/\/rauchfrei.at\/tabakentwoehnung-bei-psychischer-erkrankung\/\" \/>\n<meta property=\"og:locale\" content=\"en_US\" \/>\n<meta property=\"og:type\" content=\"article\" \/>\n<meta property=\"og:title\" content=\"Tabakentw\u00f6hnung bei psychischer Erkrankung - Rauchfrei Telefon\" \/>\n<meta property=\"og:description\" content=\"Ein Gro\u00dfteil der Personen, die an einer psychischen Erkrankung leiden, rauchen, viele davon auch gro\u00dfe Mengen pro Tag. Ein Rauchstopp scheint wegen der starken Abh\u00e4ngigkeit manchmal unm\u00f6glich oder die anderen Themen oder Probleme \u00fcberwiegen. Dennoch ist es sinnvoll, den Rauchstopp in Angriff zu nehmen.\" \/>\n<meta property=\"og:url\" content=\"https:\/\/rauchfrei.at\/tabakentwoehnung-bei-psychischer-erkrankung\/\" \/>\n<meta property=\"og:site_name\" content=\"Rauchfrei Telefon\" \/>\n<meta property=\"article:published_time\" content=\"2021-06-07T06:44:33+00:00\" \/>\n<meta property=\"article:modified_time\" content=\"2021-11-03T12:53:50+00:00\" \/>\n<meta property=\"og:image\" content=\"https:\/\/rauchfrei.at\/wp-content\/uploads\/eins-2.jpg\" \/>\n<meta name=\"author\" content=\"Rauchfrei Team\" \/>\n<meta name=\"twitter:card\" content=\"summary_large_image\" \/>\n<meta name=\"twitter:label1\" content=\"Written by\" \/>\n\t<meta name=\"twitter:data1\" content=\"Rauchfrei Team\" \/>\n\t<meta name=\"twitter:label2\" content=\"Est. reading time\" \/>\n\t<meta name=\"twitter:data2\" content=\"2 minutes\" \/>\n<script type=\"application\/ld+json\" class=\"yoast-schema-graph\">{\"@context\":\"https:\/\/schema.org\",\"@graph\":[{\"@type\":\"WebPage\",\"@id\":\"https:\/\/rauchfrei.at\/tabakentwoehnung-bei-psychischer-erkrankung\/\",\"url\":\"https:\/\/rauchfrei.at\/tabakentwoehnung-bei-psychischer-erkrankung\/\",\"name\":\"Tabakentw\u00f6hnung bei psychischer Erkrankung - Rauchfrei Telefon\",\"isPartOf\":{\"@id\":\"https:\/\/rauchfrei.at\/#website\"},\"primaryImageOfPage\":{\"@id\":\"https:\/\/rauchfrei.at\/tabakentwoehnung-bei-psychischer-erkrankung\/#primaryimage\"},\"image\":{\"@id\":\"https:\/\/rauchfrei.at\/tabakentwoehnung-bei-psychischer-erkrankung\/#primaryimage\"},\"thumbnailUrl\":\"https:\/\/rauchfrei.at\/wp-content\/uploads\/eins-2.jpg\",\"datePublished\":\"2021-06-07T06:44:33+00:00\",\"dateModified\":\"2021-11-03T12:53:50+00:00\",\"author\":{\"@id\":\"https:\/\/rauchfrei.at\/#\/schema\/person\/504bbf90c5482004fc09aef6de7f9277\"},\"inLanguage\":\"en-US\",\"potentialAction\":[{\"@type\":\"ReadAction\",\"target\":[\"https:\/\/rauchfrei.at\/tabakentwoehnung-bei-psychischer-erkrankung\/\"]}]},{\"@type\":\"ImageObject\",\"inLanguage\":\"en-US\",\"@id\":\"https:\/\/rauchfrei.at\/tabakentwoehnung-bei-psychischer-erkrankung\/#primaryimage\",\"url\":\"https:\/\/rauchfrei.at\/wp-content\/uploads\/eins-2.jpg\",\"contentUrl\":\"https:\/\/rauchfrei.at\/wp-content\/uploads\/eins-2.jpg\"},{\"@type\":\"WebSite\",\"@id\":\"https:\/\/rauchfrei.at\/#website\",\"url\":\"https:\/\/rauchfrei.at\/\",\"name\":\"Rauchfrei Telefon\",\"description\":\"Eine \u00f6sterreichweite Initiative der Sozialversicherungen.\",\"potentialAction\":[{\"@type\":\"SearchAction\",\"target\":{\"@type\":\"EntryPoint\",\"urlTemplate\":\"https:\/\/rauchfrei.at\/?s={search_term_string}\"},\"query-input\":{\"@type\":\"PropertyValueSpecification\",\"valueRequired\":true,\"valueName\":\"search_term_string\"}}],\"inLanguage\":\"en-US\"},{\"@type\":\"Person\",\"@id\":\"https:\/\/rauchfrei.at\/#\/schema\/person\/504bbf90c5482004fc09aef6de7f9277\",\"name\":\"Rauchfrei Team\",\"image\":{\"@type\":\"ImageObject\",\"inLanguage\":\"en-US\",\"@id\":\"https:\/\/rauchfrei.at\/#\/schema\/person\/image\/\",\"url\":\"https:\/\/secure.gravatar.com\/avatar\/2115b79a00800516fa1523bb5a329611f90e73e89be559131fc7e82b4fdc95ff?s=96&d=mm&r=g\",\"contentUrl\":\"https:\/\/secure.gravatar.com\/avatar\/2115b79a00800516fa1523bb5a329611f90e73e89be559131fc7e82b4fdc95ff?s=96&d=mm&r=g\",\"caption\":\"Rauchfrei Team\"},\"url\":\"https:\/\/rauchfrei.at\/en\/author\/rauchfrei-team\/\"}]}<\/script>\n<!-- \/ Yoast SEO plugin. -->","yoast_head_json":{"title":"Tabakentw\u00f6hnung bei psychischer Erkrankung - Rauchfrei Telefon","robots":{"index":"index","follow":"follow","max-snippet":"max-snippet:-1","max-image-preview":"max-image-preview:large","max-video-preview":"max-video-preview:-1"},"canonical":"https:\/\/rauchfrei.at\/tabakentwoehnung-bei-psychischer-erkrankung\/","og_locale":"en_US","og_type":"article","og_title":"Tabakentw\u00f6hnung bei psychischer Erkrankung - Rauchfrei Telefon","og_description":"Ein Gro\u00dfteil der Personen, die an einer psychischen Erkrankung leiden, rauchen, viele davon auch gro\u00dfe Mengen pro Tag. Ein Rauchstopp scheint wegen der starken Abh\u00e4ngigkeit manchmal unm\u00f6glich oder die anderen Themen oder Probleme \u00fcberwiegen. Dennoch ist es sinnvoll, den Rauchstopp in Angriff zu nehmen.","og_url":"https:\/\/rauchfrei.at\/tabakentwoehnung-bei-psychischer-erkrankung\/","og_site_name":"Rauchfrei Telefon","article_published_time":"2021-06-07T06:44:33+00:00","article_modified_time":"2021-11-03T12:53:50+00:00","og_image":[{"url":"https:\/\/rauchfrei.at\/wp-content\/uploads\/eins-2.jpg","type":"","width":"","height":""}],"author":"Rauchfrei Team","twitter_card":"summary_large_image","twitter_misc":{"Written by":"Rauchfrei Team","Est. reading time":"2 minutes"},"schema":{"@context":"https:\/\/schema.org","@graph":[{"@type":"WebPage","@id":"https:\/\/rauchfrei.at\/tabakentwoehnung-bei-psychischer-erkrankung\/","url":"https:\/\/rauchfrei.at\/tabakentwoehnung-bei-psychischer-erkrankung\/","name":"Tabakentw\u00f6hnung bei psychischer Erkrankung - Rauchfrei Telefon","isPartOf":{"@id":"https:\/\/rauchfrei.at\/#website"},"primaryImageOfPage":{"@id":"https:\/\/rauchfrei.at\/tabakentwoehnung-bei-psychischer-erkrankung\/#primaryimage"},"image":{"@id":"https:\/\/rauchfrei.at\/tabakentwoehnung-bei-psychischer-erkrankung\/#primaryimage"},"thumbnailUrl":"https:\/\/rauchfrei.at\/wp-content\/uploads\/eins-2.jpg","datePublished":"2021-06-07T06:44:33+00:00","dateModified":"2021-11-03T12:53:50+00:00","author":{"@id":"https:\/\/rauchfrei.at\/#\/schema\/person\/504bbf90c5482004fc09aef6de7f9277"},"inLanguage":"en-US","potentialAction":[{"@type":"ReadAction","target":["https:\/\/rauchfrei.at\/tabakentwoehnung-bei-psychischer-erkrankung\/"]}]},{"@type":"ImageObject","inLanguage":"en-US","@id":"https:\/\/rauchfrei.at\/tabakentwoehnung-bei-psychischer-erkrankung\/#primaryimage","url":"https:\/\/rauchfrei.at\/wp-content\/uploads\/eins-2.jpg","contentUrl":"https:\/\/rauchfrei.at\/wp-content\/uploads\/eins-2.jpg"},{"@type":"WebSite","@id":"https:\/\/rauchfrei.at\/#website","url":"https:\/\/rauchfrei.at\/","name":"Rauchfrei Telefon","description":"Eine \u00f6sterreichweite Initiative der Sozialversicherungen.","potentialAction":[{"@type":"SearchAction","target":{"@type":"EntryPoint","urlTemplate":"https:\/\/rauchfrei.at\/?s={search_term_string}"},"query-input":{"@type":"PropertyValueSpecification","valueRequired":true,"valueName":"search_term_string"}}],"inLanguage":"en-US"},{"@type":"Person","@id":"https:\/\/rauchfrei.at\/#\/schema\/person\/504bbf90c5482004fc09aef6de7f9277","name":"Rauchfrei Team","image":{"@type":"ImageObject","inLanguage":"en-US","@id":"https:\/\/rauchfrei.at\/#\/schema\/person\/image\/","url":"https:\/\/secure.gravatar.com\/avatar\/2115b79a00800516fa1523bb5a329611f90e73e89be559131fc7e82b4fdc95ff?s=96&d=mm&r=g","contentUrl":"https:\/\/secure.gravatar.com\/avatar\/2115b79a00800516fa1523bb5a329611f90e73e89be559131fc7e82b4fdc95ff?s=96&d=mm&r=g","caption":"Rauchfrei Team"},"url":"https:\/\/rauchfrei.at\/en\/author\/rauchfrei-team\/"}]}},"_links":{"self":[{"href":"https:\/\/rauchfrei.at\/en\/wp-json\/wp\/v2\/posts\/20893","targetHints":{"allow":["GET"]}}],"collection":[{"href":"https:\/\/rauchfrei.at\/en\/wp-json\/wp\/v2\/posts"}],"about":[{"href":"https:\/\/rauchfrei.at\/en\/wp-json\/wp\/v2\/types\/post"}],"author":[{"embeddable":true,"href":"https:\/\/rauchfrei.at\/en\/wp-json\/wp\/v2\/users\/25"}],"replies":[{"embeddable":true,"href":"https:\/\/rauchfrei.at\/en\/wp-json\/wp\/v2\/comments?post=20893"}],"version-history":[{"count":9,"href":"https:\/\/rauchfrei.at\/en\/wp-json\/wp\/v2\/posts\/20893\/revisions"}],"predecessor-version":[{"id":22176,"href":"https:\/\/rauchfrei.at\/en\/wp-json\/wp\/v2\/posts\/20893\/revisions\/22176"}],"wp:attachment":[{"href":"https:\/\/rauchfrei.at\/en\/wp-json\/wp\/v2\/media?parent=20893"}],"wp:term":[{"taxonomy":"category","embeddable":true,"href":"https:\/\/rauchfrei.at\/en\/wp-json\/wp\/v2\/categories?post=20893"},{"taxonomy":"post_tag","embeddable":true,"href":"https:\/\/rauchfrei.at\/en\/wp-json\/wp\/v2\/tags?post=20893"}],"curies":[{"name":"wp","href":"https:\/\/api.w.org\/{rel}","templated":true}]}}