
{"id":20996,"date":"2021-06-21T08:00:00","date_gmt":"2021-06-21T06:00:00","guid":{"rendered":"https:\/\/rauchfrei.at\/?p=20996"},"modified":"2021-06-30T09:38:32","modified_gmt":"2021-06-30T07:38:32","slug":"zum-weltdufttag-wieder-besser-riechen","status":"publish","type":"post","link":"https:\/\/rauchfrei.at\/en\/zum-weltdufttag-wieder-besser-riechen\/","title":{"rendered":"Zum Weltdufttag: Wieder besser riechen"},"content":{"rendered":"<p>[et_pb_section fb_built=&#8221;1&#8243; module_class=&#8221;header&#8221; _builder_version=&#8221;3.22&#8243;][et_pb_row _builder_version=&#8221;3.25&#8243;][et_pb_column type=&#8221;4_4&#8243; _builder_version=&#8221;3.25&#8243; custom_padding=&#8221;|||&#8221; custom_padding__hover=&#8221;|||&#8221;][et_pb_dp_dmb_module_10001 _builder_version=&#8221;3.21.1&#8243; z_index_tablet=&#8221;500&#8243;][\/et_pb_dp_dmb_module_10001][\/et_pb_column][\/et_pb_row][\/et_pb_section][et_pb_section fb_built=&#8221;1&#8243; _builder_version=&#8221;3.22&#8243; custom_padding=&#8221;30px|||&#8221;][et_pb_row column_structure=&#8221;2_3,1_3&#8243; _builder_version=&#8221;3.25&#8243;][et_pb_column type=&#8221;2_3&#8243; module_class=&#8221;blog-content&#8221; _builder_version=&#8221;3.25&#8243; custom_padding=&#8221;|||&#8221; custom_padding__hover=&#8221;|||&#8221;][et_pb_text _builder_version=&#8221;4.9.4&#8243; hover_enabled=&#8221;0&#8243; sticky_enabled=&#8221;0&#8243;]<\/p>\n<p>Der Geruchssinn z\u00e4hlt zu unseren ersten und unmittelbarsten Sinnen: Neugeborene k\u00f6nnen besser riechen als sehen! Der Geruchssinn ist auch direkt mit Emotionen verkn\u00fcpft. So k\u00f6nnen noch nach Jahrzehnten Erinnerungen durch D\u00fcfte abgerufen werden (\u201eProust-Effekt\u201c), z.B. verbinden wir bestimmte Ger\u00fcche mit Urlaub oder Weihnachten und ein Parfum kann uns an eine Person erinnern.<\/p>\n<p>Durch eine Erkrankung oder durch Rauchen kann der Geruchssinn beeintr\u00e4chtigt werden, so riechen beispielsweise Rauchende weniger gut als Nichtrauchende. Und das im doppelten Wortsinn: Auch f\u00fcr das Umfeld riecht man bei\/nach Tabakkonsum nicht gut. Ein Rauchstopp zahlt sich also aus, um nicht mehr \u201evernebelt\u201c zu sein, sondern das Leben wieder mit allen Sinnen genie\u00dfen zu k\u00f6nnen.<\/p>\n<p>Entdecken Sie Ihren Geruchssinn wieder und probieren Sie unseren Duft-Tipp f\u00fcr angenehme Momente!<\/p>\n<p><strong>\u201eAroma to go\u201c:<\/strong> Kleiner Aufwand \u2013 gro\u00dfe Wirkung<\/p>\n<p>&#8211; F\u00fcr schnelle und gesunde Entspannung zwischendurch einfach eine leere Cremedose mit Watte bef\u00fcllen und ein paar Tropfen des Lieblingsduftes (z.B. Aroma\u00f6l) hinzuf\u00fcgen.<\/p>\n<p>&#8211; Zwei bis drei\u00a0 Mal bewusst hineinriechen und dabei ruhig atmen<\/p>\n<p>&#8211; Nach jedem Benutzen wieder gut zuschrauben, so h\u00e4lt der Duft zum Mitnehmen \u00fcber mehrere Wochen.<\/p>\n<p>Bei der Anwendung bitte darauf achten wirklich \u201eachtsam\u201c zu riechen, also sich in diesem kurzen Moment vollkommen auf den Duft zu konzentrieren.<\/p>\n<p>Nach mehrmaligem Inhalieren des Duftes setzt ein wohliges Gef\u00fchl ein, dass durch regelm\u00e4\u00dfiges Training sogar verst\u00e4rkt wird.<\/p>\n<p>So gelangen Sie in wenigen Minuten zu einer kleinen Pause im Alltag und Entspanntheit \u2013 ohne zu rauchen. In diesem Sinne: wieder besser riechen!<\/p>\n<p><strong>Mehr dazu:<\/strong><\/p>\n<p>\u201e<a href=\"http:\/\/www.alltagsforschung.de\/gerueche-wecken-erinnerungen\/\">Proust-Effekt<\/a>\u201c<\/p>\n<p><a href=\"http:\/\/dertagdes.de\/jahrestag\/weltdufttag\/\">Infos zum Weltdufttages<\/a><\/p>\n<p>[\/et_pb_text][et_pb_post_nav in_same_term=&#8221;off&#8221; _builder_version=&#8221;3.0.99&#8243;][\/et_pb_post_nav][\/et_pb_column][et_pb_column type=&#8221;1_3&#8243; module_class=&#8221;cat-and-tag&#8221; _builder_version=&#8221;3.25&#8243; custom_padding=&#8221;|||&#8221; custom_padding__hover=&#8221;|||&#8221;][et_pb_dp_dmb_module_10093 farbe=&#8221;blitzblau&#8221; headline=&#8221;Alternativen zum Rauchen&#8221; image=&#8221;https:\/\/rauchfrei.at\/wp-content\/uploads\/Relax-in-hammok.png&#8221; image_position=&#8221;center&#8221; link_text=&#8221;mehr&#8221; link_url=&#8221;https:\/\/rauchfrei.at\/alternativen\/&#8221; admin_label=&#8221;Alternativen zum Rauchen&#8221; _builder_version=&#8221;4.9.0&#8243; z_index_tablet=&#8221;500&#8243; global_module=&#8221;13174&#8243; saved_tabs=&#8221;all&#8221;]<\/p>\n<p>Es gibt viele M\u00f6glichkeiten, um nicht zur Zigarette zu greifen!<\/p>\n<p>[\/et_pb_dp_dmb_module_10093][et_pb_dp_dmb_module_10093 farbe=&#8221;beige&#8221; image=&#8221;https:\/\/rauchfrei.at\/wp-content\/uploads\/rauchfreiapp_screens.png&#8221; image_position=&#8221;center&#8221; link_text=&#8221;zum Download&#8221; link_url=&#8221;http:\/\/www.rauchfreiapp.at\/&#8221; image_size=&#8221;70&#8243; admin_label=&#8221;Die Rauchfrei App&#8221; _builder_version=&#8221;3.21.1&#8243; z_index_tablet=&#8221;500&#8243; global_module=&#8221;12606&#8243; saved_tabs=&#8221;all&#8221;]<\/p>\n<p>kostenlose Unterst\u00fctzung und Motivation per Smartphone<\/p>\n<p>[\/et_pb_dp_dmb_module_10093][\/et_pb_column][\/et_pb_row][\/et_pb_section]<\/p>\n","protected":false},"excerpt":{"rendered":"<p>\u201eBlumenduft statt Zigarettenluft\u201c &#8211; anl\u00e4sslich des Weltdufttages am 27. Juni m\u00f6chten wir dazu anregen, wieder mehr zu riechen als zu rauchen.<\/p>\n","protected":false},"author":25,"featured_media":0,"comment_status":"open","ping_status":"open","sticky":false,"template":"","format":"standard","meta":{"_et_pb_use_builder":"on","_et_pb_old_content":"","_et_gb_content_width":"2880","footnotes":""},"categories":[236],"tags":[],"class_list":["post-20996","post","type-post","status-publish","format-standard","hentry","category-nicht-kategorisiert"],"yoast_head":"<!-- This site is optimized with the Yoast SEO plugin v26.2 - https:\/\/yoast.com\/wordpress\/plugins\/seo\/ -->\n<title>Zum Weltdufttag: Wieder besser riechen - Rauchfrei Telefon<\/title>\n<meta name=\"robots\" content=\"index, follow, max-snippet:-1, max-image-preview:large, max-video-preview:-1\" \/>\n<link rel=\"canonical\" href=\"https:\/\/rauchfrei.at\/zum-weltdufttag-wieder-besser-riechen\/\" \/>\n<meta property=\"og:locale\" content=\"en_US\" \/>\n<meta property=\"og:type\" content=\"article\" \/>\n<meta property=\"og:title\" content=\"Zum Weltdufttag: Wieder besser riechen - Rauchfrei Telefon\" \/>\n<meta property=\"og:description\" content=\"\u201eBlumenduft statt Zigarettenluft\u201c - anl\u00e4sslich des Weltdufttages am 27. Juni m\u00f6chten wir dazu anregen, wieder mehr zu riechen als zu rauchen.\" \/>\n<meta property=\"og:url\" content=\"https:\/\/rauchfrei.at\/zum-weltdufttag-wieder-besser-riechen\/\" \/>\n<meta property=\"og:site_name\" content=\"Rauchfrei Telefon\" \/>\n<meta property=\"article:published_time\" content=\"2021-06-21T06:00:00+00:00\" \/>\n<meta property=\"article:modified_time\" content=\"2021-06-30T07:38:32+00:00\" \/>\n<meta name=\"author\" content=\"Rauchfrei Team\" \/>\n<meta name=\"twitter:card\" content=\"summary_large_image\" \/>\n<meta name=\"twitter:label1\" content=\"Written by\" \/>\n\t<meta name=\"twitter:data1\" content=\"Rauchfrei Team\" \/>\n\t<meta name=\"twitter:label2\" content=\"Est. reading time\" \/>\n\t<meta name=\"twitter:data2\" content=\"2 minutes\" \/>\n<script type=\"application\/ld+json\" class=\"yoast-schema-graph\">{\"@context\":\"https:\/\/schema.org\",\"@graph\":[{\"@type\":\"WebPage\",\"@id\":\"https:\/\/rauchfrei.at\/zum-weltdufttag-wieder-besser-riechen\/\",\"url\":\"https:\/\/rauchfrei.at\/zum-weltdufttag-wieder-besser-riechen\/\",\"name\":\"Zum Weltdufttag: Wieder besser riechen - Rauchfrei Telefon\",\"isPartOf\":{\"@id\":\"https:\/\/rauchfrei.at\/#website\"},\"datePublished\":\"2021-06-21T06:00:00+00:00\",\"dateModified\":\"2021-06-30T07:38:32+00:00\",\"author\":{\"@id\":\"https:\/\/rauchfrei.at\/#\/schema\/person\/504bbf90c5482004fc09aef6de7f9277\"},\"inLanguage\":\"en-US\",\"potentialAction\":[{\"@type\":\"ReadAction\",\"target\":[\"https:\/\/rauchfrei.at\/zum-weltdufttag-wieder-besser-riechen\/\"]}]},{\"@type\":\"WebSite\",\"@id\":\"https:\/\/rauchfrei.at\/#website\",\"url\":\"https:\/\/rauchfrei.at\/\",\"name\":\"Rauchfrei Telefon\",\"description\":\"Eine \u00f6sterreichweite Initiative der Sozialversicherungen.\",\"potentialAction\":[{\"@type\":\"SearchAction\",\"target\":{\"@type\":\"EntryPoint\",\"urlTemplate\":\"https:\/\/rauchfrei.at\/?s={search_term_string}\"},\"query-input\":{\"@type\":\"PropertyValueSpecification\",\"valueRequired\":true,\"valueName\":\"search_term_string\"}}],\"inLanguage\":\"en-US\"},{\"@type\":\"Person\",\"@id\":\"https:\/\/rauchfrei.at\/#\/schema\/person\/504bbf90c5482004fc09aef6de7f9277\",\"name\":\"Rauchfrei Team\",\"image\":{\"@type\":\"ImageObject\",\"inLanguage\":\"en-US\",\"@id\":\"https:\/\/rauchfrei.at\/#\/schema\/person\/image\/\",\"url\":\"https:\/\/secure.gravatar.com\/avatar\/2115b79a00800516fa1523bb5a329611f90e73e89be559131fc7e82b4fdc95ff?s=96&d=mm&r=g\",\"contentUrl\":\"https:\/\/secure.gravatar.com\/avatar\/2115b79a00800516fa1523bb5a329611f90e73e89be559131fc7e82b4fdc95ff?s=96&d=mm&r=g\",\"caption\":\"Rauchfrei Team\"},\"url\":\"https:\/\/rauchfrei.at\/en\/author\/rauchfrei-team\/\"}]}<\/script>\n<!-- \/ Yoast SEO plugin. -->","yoast_head_json":{"title":"Zum Weltdufttag: Wieder besser riechen - Rauchfrei Telefon","robots":{"index":"index","follow":"follow","max-snippet":"max-snippet:-1","max-image-preview":"max-image-preview:large","max-video-preview":"max-video-preview:-1"},"canonical":"https:\/\/rauchfrei.at\/zum-weltdufttag-wieder-besser-riechen\/","og_locale":"en_US","og_type":"article","og_title":"Zum Weltdufttag: Wieder besser riechen - Rauchfrei Telefon","og_description":"\u201eBlumenduft statt Zigarettenluft\u201c - anl\u00e4sslich des Weltdufttages am 27. Juni m\u00f6chten wir dazu anregen, wieder mehr zu riechen als zu rauchen.","og_url":"https:\/\/rauchfrei.at\/zum-weltdufttag-wieder-besser-riechen\/","og_site_name":"Rauchfrei Telefon","article_published_time":"2021-06-21T06:00:00+00:00","article_modified_time":"2021-06-30T07:38:32+00:00","author":"Rauchfrei Team","twitter_card":"summary_large_image","twitter_misc":{"Written by":"Rauchfrei Team","Est. reading time":"2 minutes"},"schema":{"@context":"https:\/\/schema.org","@graph":[{"@type":"WebPage","@id":"https:\/\/rauchfrei.at\/zum-weltdufttag-wieder-besser-riechen\/","url":"https:\/\/rauchfrei.at\/zum-weltdufttag-wieder-besser-riechen\/","name":"Zum Weltdufttag: Wieder besser riechen - Rauchfrei Telefon","isPartOf":{"@id":"https:\/\/rauchfrei.at\/#website"},"datePublished":"2021-06-21T06:00:00+00:00","dateModified":"2021-06-30T07:38:32+00:00","author":{"@id":"https:\/\/rauchfrei.at\/#\/schema\/person\/504bbf90c5482004fc09aef6de7f9277"},"inLanguage":"en-US","potentialAction":[{"@type":"ReadAction","target":["https:\/\/rauchfrei.at\/zum-weltdufttag-wieder-besser-riechen\/"]}]},{"@type":"WebSite","@id":"https:\/\/rauchfrei.at\/#website","url":"https:\/\/rauchfrei.at\/","name":"Rauchfrei Telefon","description":"Eine \u00f6sterreichweite Initiative der Sozialversicherungen.","potentialAction":[{"@type":"SearchAction","target":{"@type":"EntryPoint","urlTemplate":"https:\/\/rauchfrei.at\/?s={search_term_string}"},"query-input":{"@type":"PropertyValueSpecification","valueRequired":true,"valueName":"search_term_string"}}],"inLanguage":"en-US"},{"@type":"Person","@id":"https:\/\/rauchfrei.at\/#\/schema\/person\/504bbf90c5482004fc09aef6de7f9277","name":"Rauchfrei Team","image":{"@type":"ImageObject","inLanguage":"en-US","@id":"https:\/\/rauchfrei.at\/#\/schema\/person\/image\/","url":"https:\/\/secure.gravatar.com\/avatar\/2115b79a00800516fa1523bb5a329611f90e73e89be559131fc7e82b4fdc95ff?s=96&d=mm&r=g","contentUrl":"https:\/\/secure.gravatar.com\/avatar\/2115b79a00800516fa1523bb5a329611f90e73e89be559131fc7e82b4fdc95ff?s=96&d=mm&r=g","caption":"Rauchfrei Team"},"url":"https:\/\/rauchfrei.at\/en\/author\/rauchfrei-team\/"}]}},"_links":{"self":[{"href":"https:\/\/rauchfrei.at\/en\/wp-json\/wp\/v2\/posts\/20996","targetHints":{"allow":["GET"]}}],"collection":[{"href":"https:\/\/rauchfrei.at\/en\/wp-json\/wp\/v2\/posts"}],"about":[{"href":"https:\/\/rauchfrei.at\/en\/wp-json\/wp\/v2\/types\/post"}],"author":[{"embeddable":true,"href":"https:\/\/rauchfrei.at\/en\/wp-json\/wp\/v2\/users\/25"}],"replies":[{"embeddable":true,"href":"https:\/\/rauchfrei.at\/en\/wp-json\/wp\/v2\/comments?post=20996"}],"version-history":[{"count":14,"href":"https:\/\/rauchfrei.at\/en\/wp-json\/wp\/v2\/posts\/20996\/revisions"}],"predecessor-version":[{"id":21084,"href":"https:\/\/rauchfrei.at\/en\/wp-json\/wp\/v2\/posts\/20996\/revisions\/21084"}],"wp:attachment":[{"href":"https:\/\/rauchfrei.at\/en\/wp-json\/wp\/v2\/media?parent=20996"}],"wp:term":[{"taxonomy":"category","embeddable":true,"href":"https:\/\/rauchfrei.at\/en\/wp-json\/wp\/v2\/categories?post=20996"},{"taxonomy":"post_tag","embeddable":true,"href":"https:\/\/rauchfrei.at\/en\/wp-json\/wp\/v2\/tags?post=20996"}],"curies":[{"name":"wp","href":"https:\/\/api.w.org\/{rel}","templated":true}]}}